{"id":1447,"date":"2025-06-20T07:19:58","date_gmt":"2025-06-20T05:19:58","guid":{"rendered":"https:\/\/pathwork.com.pl\/?p=1447"},"modified":"2025-06-20T07:31:09","modified_gmt":"2025-06-20T05:31:09","slug":"pathwork-tomar-2025","status":"publish","type":"post","link":"https:\/\/pathwork.com.pl\/pathwork-tomar-2025\/","title":{"rendered":"\ud83c\udf3f Pathwork Polska na Mi\u0119dzynarodowej Konferencji Pathwork 2025 w Tomar"},"content":{"rendered":"<p>[et_pb_section fb_built=&#8221;1&#8243; _builder_version=&#8221;4.7.4&#8243; custom_margin=&#8221;30px|||||&#8221; custom_padding=&#8221;0px|||||&#8221;][et_pb_row _builder_version=&#8221;3.25&#8243; background_size=&#8221;initial&#8221; background_position=&#8221;top_left&#8221; background_repeat=&#8221;repeat&#8221;][et_pb_column type=&#8221;4_4&#8243; _builder_version=&#8221;3.25&#8243; custom_padding=&#8221;|||&#8221; custom_padding__hover=&#8221;|||&#8221;][et_pb_image src=&#8221;https:\/\/pathwork.com.pl\/wp-content\/uploads\/2025\/06\/504904988_1165746688900376_1923601072730137789_n.jpg&#8221; _builder_version=&#8221;4.7.4&#8243; _module_preset=&#8221;default&#8221; title_text=&#8221;504904988_1165746688900376_1923601072730137789_n&#8221; hover_enabled=&#8221;0&#8243; sticky_enabled=&#8221;0&#8243;][\/et_pb_image][et_pb_text _builder_version=&#8221;3.27.4&#8243; background_size=&#8221;initial&#8221; background_position=&#8221;top_left&#8221; background_repeat=&#8221;repeat&#8221;]<\/p>\n<h2 id=\"-pathwork-polska-na-mi-dzynarodowej-konferencji-pathwork-2025-w-tomar\"><\/h2>\n<p>W dniach 28 maja \u2013 1 czerwca 2025 roku w Tomar, Portugalia, odby\u0142a si\u0119 Mi\u0119dzynarodowa Konferencja Pathwork 2025 pod has\u0142em \u201eThe Living Heart of Pathwork\u201d. By\u0142o to wyj\u0105tkowe wydarzenie hybrydowe, kt\u00f3re po\u0142\u0105czy\u0142o uczestnik\u00f3w z 21 kraj\u00f3w, w tym tak\u017ce z Polski. Nasza spo\u0142eczno\u015b\u0107 \u2013 reprezentowana przez 10 os\u00f3b \u2013 mia\u0142a zaszczyt aktywnie uczestniczy\u0107 w tym spotkaniu, kt\u00f3re okaza\u0142o si\u0119 g\u0142\u0119bokim do\u015bwiadczeniem transformacyjnym.<\/p>\n<h3 id=\"-kluczowe-momenty-konferencji\">\ud83c\udf1f Kluczowe momenty konferencji<\/h3>\n<p>\u2022\u2060 \u2060<em>Sesje medytacyjne i kr\u0119gi energetyczne<\/em> \u2013 codzienne praktyki wprowadzaj\u0105ce w stan obecno\u015bci i harmonii. \u2022\u2060 \u2060<em>Warsztaty \u201eGet to Know\u201d<\/em> \u2013 integracja uczestnik\u00f3w i budowanie \u015bwiadomej wsp\u00f3lnoty. \u2022\u2060 \u2060<em>Inspiruj\u0105ce wyk\u0142ady<\/em> \u2013 m.in. \u201eThe Great Transition in Human Development: From Isolation to Unity\u201d oraz panele dyskusyjne o duchowym zaanga\u017cowaniu w wsp\u00f3\u0142czesnym \u015bwiecie. \u2022\u2060 \u2060<em>Sesje spontaniczne (Open Time)<\/em> \u2013 przestrze\u0144 na nieplanowane spotkania, wymian\u0119 do\u015bwiadcze\u0144 i tw\u00f3rcze inicjatywy. \u2022\u2060 \u2060<em>Wyst\u0105pienia senior\u00f3w Pathwork<\/em> \u2013 po\u0142\u0105czone z sesjami Q\\&amp;A, oferuj\u0105ce m\u0105dro\u015b\u0107 opart\u0105 na dekadach praktyki.<\/p>\n<h3 id=\"-podzi-kowania\">\ud83d\ude4f Podzi\u0119kowania<\/h3>\n<p>Udzia\u0142 w konferencji nie by\u0142by mo\u017cliwy bez zaanga\u017cowania i wsparcia wielu os\u00f3b:<\/p>\n<p>\u2022\u2060 \u2060<em>Soledad Krasicka<\/em> \u2013 liderka regionu, kt\u00f3ra prowadzi\u0142a warsztat \u201eP\u0142yn\u0105c z energi\u0105 \u017cyciow\u0105 ku r\u00f3wnowadze mi\u0119dzy dawaniem a otrzymywaniem\u201d. \u2022\u2060 \u2060<em>Anna Adamiak<\/em> \u2013 ambasadorka konferencji, kt\u00f3ra pe\u0142ni\u0142a rol\u0119 \u0142\u0105cznika mi\u0119dzy organizatorami a uczestnikami. \u2022\u2060 \u2060<em>Zuzanna Gawron<\/em> \u2013 t\u0142umaczka, kt\u00f3ra zapewni\u0142a p\u0142ynno\u015b\u0107 komunikacyjn\u0105 podczas wydarzenia. \u2022\u2060 \u2060<em>Facylitatorzy<\/em> \u2013 prowadz\u0105cy warsztaty i sesje, kt\u00f3rzy umo\u017cliwili g\u0142\u0119bok\u0105 prac\u0119 grupow\u0105.<\/p>\n<p>To wydarzenie by\u0142o dla nas symbolicznym \u201eprzed\u201d i \u201epo\u201d \u2013 momentem, kt\u00f3ry na zawsze odmieni\u0142 nasz\u0105 wsp\u00f3lnot\u0119 i indywidualne \u015bcie\u017cki rozwoju.<\/p>\n<p>Dzi\u0119kujemy z ca\u0142ego srerca Fabianie Sacca, za nieustaj\u0105ce inspiracje !<\/p>\n<p>&nbsp;<\/p>\n<p>[\/et_pb_text][\/et_pb_column][\/et_pb_row][\/et_pb_section][et_pb_section fb_built=&#8221;1&#8243; _builder_version=&#8221;4.7.4&#8243; _module_preset=&#8221;default&#8221; min_height=&#8221;896.2px&#8221; hover_enabled=&#8221;0&#8243; sticky_enabled=&#8221;0&#8243;][et_pb_row _builder_version=&#8221;4.7.4&#8243; _module_preset=&#8221;default&#8221;][et_pb_column type=&#8221;4_4&#8243; _builder_version=&#8221;4.7.4&#8243; _module_preset=&#8221;default&#8221;][et_pb_gallery gallery_ids=&#8221;1448,1449,1457,1456,1455,1454,1453,1452,1451,1450&#8243; hover_icon=&#8221;%%28%%&#8221; _builder_version=&#8221;4.7.4&#8243; _module_preset=&#8221;default&#8221; hover_enabled=&#8221;0&#8243; fullwidth=&#8221;on&#8221; animation_style=&#8221;fade&#8221; sticky_enabled=&#8221;0&#8243;][\/et_pb_gallery][\/et_pb_column][\/et_pb_row][\/et_pb_section]<\/p>\n","protected":false},"excerpt":{"rendered":"<p>[et_pb_section fb_built=&#8221;1&#8243; _builder_version=&#8221;4.7.4&#8243; custom_margin=&#8221;30px|||||&#8221; custom_padding=&#8221;0px|||||&#8221;][et_pb_row _builder_version=&#8221;3.25&#8243; background_size=&#8221;initial&#8221; background_position=&#8221;top_left&#8221; background_repeat=&#8221;repeat&#8221;][et_pb_column type=&#8221;4_4&#8243; _builder_version=&#8221;3.25&#8243; custom_padding=&#8221;|||&#8221; custom_padding__hover=&#8221;|||&#8221;][et_pb_image src=&#8221;https:\/\/pathwork.com.pl\/wp-content\/uploads\/2025\/06\/504904988_1165746688900376_1923601072730137789_n.jpg&#8221; _builder_version=&#8221;4.7.4&#8243; _module_preset=&#8221;default&#8221; title_text=&#8221;504904988_1165746688900376_1923601072730137789_n&#8221; hover_enabled=&#8221;0&#8243; sticky_enabled=&#8221;0&#8243;][\/et_pb_image][et_pb_text _builder_version=&#8221;3.27.4&#8243; background_size=&#8221;initial&#8221; background_position=&#8221;top_left&#8221; background_repeat=&#8221;repeat&#8221;] W dniach 28 maja \u2013 1 czerwca 2025 roku w Tomar, Portugalia, odby\u0142a si\u0119 Mi\u0119dzynarodowa Konferencja Pathwork 2025 pod has\u0142em \u201eThe Living Heart of Pathwork\u201d. By\u0142o to wyj\u0105tkowe wydarzenie hybrydowe, kt\u00f3re po\u0142\u0105czy\u0142o [&hellip;]<\/p>\n","protected":false},"author":2,"featured_media":1432,"comment_status":"closed","ping_status":"closed","sticky":false,"template":"","format":"standard","meta":{"_et_pb_use_builder":"on","_et_pb_old_content":"<h2 id=\"-pathwork-polska-na-mi-dzynarodowej-konferencji-pathwork-2025-w-tomar\">\ud83c\udf3f Pathwork Polska na Mi\u0119dzynarodowej Konferencji Pathwork 2025 w Tomar<\/h2><p>W dniach 28 maja \u2013 1 czerwca 2025 roku w Tomar, Portugalia, odby\u0142a si\u0119 Mi\u0119dzynarodowa Konferencja Pathwork 2025 pod has\u0142em \u201eThe Living Heart of Pathwork\u201d. By\u0142o to wyj\u0105tkowe wydarzenie hybrydowe, kt\u00f3re po\u0142\u0105czy\u0142o uczestnik\u00f3w z 21 kraj\u00f3w, w tym tak\u017ce z Polski. Nasza spo\u0142eczno\u015b\u0107 \u2013 reprezentowana przez 10 os\u00f3b \u2013 mia\u0142a zaszczyt aktywnie uczestniczy\u0107 w tym spotkaniu, kt\u00f3re okaza\u0142o si\u0119 g\u0142\u0119bokim do\u015bwiadczeniem transformacyjnym.<\/p><h3 id=\"-kluczowe-momenty-konferencji\">\ud83c\udf1f Kluczowe momenty konferencji<\/h3><p>\u2022\u2060 \u2060<em>Sesje medytacyjne i kr\u0119gi energetyczne<\/em> \u2013 codzienne praktyki wprowadzaj\u0105ce w stan obecno\u015bci i harmonii. \u2022\u2060 \u2060<em>Warsztaty \u201eGet to Know\u201d<\/em> \u2013 integracja uczestnik\u00f3w i budowanie \u015bwiadomej wsp\u00f3lnoty. \u2022\u2060 \u2060<em>Inspiruj\u0105ce wyk\u0142ady<\/em> \u2013 m.in. \u201eThe Great Transition in Human Development: From Isolation to Unity\u201d oraz panele dyskusyjne o duchowym zaanga\u017cowaniu w wsp\u00f3\u0142czesnym \u015bwiecie. \u2022\u2060 \u2060<em>Sesje spontaniczne (Open Time)<\/em> \u2013 przestrze\u0144 na nieplanowane spotkania, wymian\u0119 do\u015bwiadcze\u0144 i tw\u00f3rcze inicjatywy. \u2022\u2060 \u2060<em>Wyst\u0105pienia senior\u00f3w Pathwork<\/em> \u2013 po\u0142\u0105czone z sesjami Q\\&A, oferuj\u0105ce m\u0105dro\u015b\u0107 opart\u0105 na dekadach praktyki.<\/p><h3 id=\"-podzi-kowania\">\ud83d\ude4f Podzi\u0119kowania<\/h3><p>Udzia\u0142 w konferencji nie by\u0142by mo\u017cliwy bez zaanga\u017cowania i wsparcia wielu os\u00f3b:<\/p><p>\u2022\u2060 \u2060<em>Soledad Krasicka<\/em> \u2013 liderka regionu, kt\u00f3ra prowadzi\u0142a warsztat \u201eP\u0142yn\u0105c z energi\u0105 \u017cyciow\u0105 ku r\u00f3wnowadze mi\u0119dzy dawaniem a otrzymywaniem\u201d. \u2022\u2060 \u2060<em>Anna Adamiak<\/em> \u2013 ambasadorka konferencji, kt\u00f3ra pe\u0142ni\u0142a rol\u0119 \u0142\u0105cznika mi\u0119dzy organizatorami a uczestnikami. \u2022\u2060 \u2060<em>Zuzanna Gawron<\/em> \u2013 t\u0142umaczka, kt\u00f3ra zapewni\u0142a p\u0142ynno\u015b\u0107 komunikacyjn\u0105 podczas wydarzenia. \u2022\u2060 \u2060<em>Facylitatorzy<\/em> \u2013 prowadz\u0105cy warsztaty i sesje, kt\u00f3rzy umo\u017cliwili g\u0142\u0119bok\u0105 prac\u0119 grupow\u0105.<\/p><p>To wydarzenie by\u0142o dla nas symbolicznym \u201eprzed\u201d i \u201epo\u201d \u2013 momentem, kt\u00f3ry na zawsze odmieni\u0142 nasz\u0105 wsp\u00f3lnot\u0119 i indywidualne \u015bcie\u017cki rozwoju.<\/p><p>Dzi\u0119kujemy z ca\u0142ego srerca Fabianie Sacca, za nieustaj\u0105ce inspiracje !<\/p><p>\u00a0<\/p>","_et_gb_content_width":"","footnotes":""},"categories":[5],"tags":[10,12,17,11,14,16,13,9,15,18],"class_list":["post-1447","post","type-post","status-publish","format-standard","has-post-thumbnail","hentry","category-aktualnosci","tag-fabiana-sacca","tag-pathwork-polska","tag-rozwoj-duchowy","tag-rozwoj-osobisty","tag-samoswiadomosc","tag-sztuka-relacji","tag-transformacja-wewnetrzna","tag-warsztat-duchowy","tag-warsztat-w-warszawie","tag-warsztaty-maj-2025"],"yoast_head":"<!-- This site is optimized with the Yoast SEO plugin v27.0 - https:\/\/yoast.com\/product\/yoast-seo-wordpress\/ -->\n<title>\ud83c\udf3f Pathwork Polska na Mi\u0119dzynarodowej Konferencji Pathwork 2025 w Tomar - Pathwork Polska<\/title>\n<meta name=\"robots\" content=\"index, follow, max-snippet:-1, max-image-preview:large, max-video-preview:-1\" \/>\n<link rel=\"canonical\" href=\"https:\/\/pathwork.com.pl\/pathwork-tomar-2025\/\" \/>\n<meta property=\"og:locale\" content=\"pl_PL\" \/>\n<meta property=\"og:type\" content=\"article\" \/>\n<meta property=\"og:title\" content=\"\ud83c\udf3f Pathwork Polska na Mi\u0119dzynarodowej Konferencji Pathwork 2025 w Tomar - Pathwork Polska\" \/>\n<meta property=\"og:description\" content=\"[et_pb_section fb_built=&#8221;1&#8243; _builder_version=&#8221;4.7.4&#8243; custom_margin=&#8221;30px|||||&#8221; custom_padding=&#8221;0px|||||&#8221;][et_pb_row _builder_version=&#8221;3.25&#8243; background_size=&#8221;initial&#8221; background_position=&#8221;top_left&#8221; background_repeat=&#8221;repeat&#8221;][et_pb_column type=&#8221;4_4&#8243; _builder_version=&#8221;3.25&#8243; custom_padding=&#8221;|||&#8221; custom_padding__hover=&#8221;|||&#8221;][et_pb_image src=&#8221;https:\/\/pathwork.com.pl\/wp-content\/uploads\/2025\/06\/504904988_1165746688900376_1923601072730137789_n.jpg&#8221; _builder_version=&#8221;4.7.4&#8243; _module_preset=&#8221;default&#8221; title_text=&#8221;504904988_1165746688900376_1923601072730137789_n&#8221; hover_enabled=&#8221;0&#8243; sticky_enabled=&#8221;0&#8243;][\/et_pb_image][et_pb_text _builder_version=&#8221;3.27.4&#8243; background_size=&#8221;initial&#8221; background_position=&#8221;top_left&#8221; background_repeat=&#8221;repeat&#8221;] W dniach 28 maja \u2013 1 czerwca 2025 roku w Tomar, Portugalia, odby\u0142a si\u0119 Mi\u0119dzynarodowa Konferencja Pathwork 2025 pod has\u0142em \u201eThe Living Heart of Pathwork\u201d. By\u0142o to wyj\u0105tkowe wydarzenie hybrydowe, kt\u00f3re po\u0142\u0105czy\u0142o [&hellip;]\" \/>\n<meta property=\"og:url\" content=\"https:\/\/pathwork.com.pl\/pathwork-tomar-2025\/\" \/>\n<meta property=\"og:site_name\" content=\"Pathwork Polska\" \/>\n<meta property=\"article:published_time\" content=\"2025-06-20T05:19:58+00:00\" \/>\n<meta property=\"article:modified_time\" content=\"2025-06-20T05:31:09+00:00\" \/>\n<meta property=\"og:image\" content=\"https:\/\/pathwork.com.pl\/wp-content\/uploads\/2025\/04\/488311140_1114257737382605_5974183496546821080_n-1.jpg\" \/>\n\t<meta property=\"og:image:width\" content=\"940\" \/>\n\t<meta property=\"og:image:height\" content=\"788\" \/>\n\t<meta property=\"og:image:type\" content=\"image\/jpeg\" \/>\n<meta name=\"author\" content=\"Anna Adamiak\" \/>\n<meta name=\"twitter:card\" content=\"summary_large_image\" \/>\n<meta name=\"twitter:label1\" content=\"Napisane przez\" \/>\n\t<meta name=\"twitter:data1\" content=\"Anna Adamiak\" \/>\n\t<meta name=\"twitter:label2\" content=\"Szacowany czas czytania\" \/>\n\t<meta name=\"twitter:data2\" content=\"4 minuty\" \/>\n<script type=\"application\/ld+json\" class=\"yoast-schema-graph\">{\"@context\":\"https:\/\/schema.org\",\"@graph\":[{\"@type\":\"Article\",\"@id\":\"https:\/\/pathwork.com.pl\/pathwork-tomar-2025\/#article\",\"isPartOf\":{\"@id\":\"https:\/\/pathwork.com.pl\/pathwork-tomar-2025\/\"},\"author\":{\"name\":\"Anna Adamiak\",\"@id\":\"https:\/\/pathwork.com.pl\/#\/schema\/person\/b1303ca48bb5c0fe89d0b8cc3b48b4f5\"},\"headline\":\"\ud83c\udf3f Pathwork Polska na Mi\u0119dzynarodowej Konferencji Pathwork 2025 w Tomar\",\"datePublished\":\"2025-06-20T05:19:58+00:00\",\"dateModified\":\"2025-06-20T05:31:09+00:00\",\"mainEntityOfPage\":{\"@id\":\"https:\/\/pathwork.com.pl\/pathwork-tomar-2025\/\"},\"wordCount\":454,\"image\":{\"@id\":\"https:\/\/pathwork.com.pl\/pathwork-tomar-2025\/#primaryimage\"},\"thumbnailUrl\":\"https:\/\/pathwork.com.pl\/wp-content\/uploads\/2025\/04\/488311140_1114257737382605_5974183496546821080_n-1.jpg\",\"keywords\":[\"Fabiana Sacca\",\"Pathwork Polska\",\"rozw\u00f3j duchowy\",\"rozw\u00f3j osobisty\",\"samo\u015bwiadomo\u015b\u0107\",\"sztuka relacji\",\"transformacja wewn\u0119trzna\",\"warsztat duchowy\",\"warsztat w Warszawie\",\"warsztaty maj 2025\"],\"articleSection\":[\"Aktualno\u015bci\"],\"inLanguage\":\"pl-PL\"},{\"@type\":\"WebPage\",\"@id\":\"https:\/\/pathwork.com.pl\/pathwork-tomar-2025\/\",\"url\":\"https:\/\/pathwork.com.pl\/pathwork-tomar-2025\/\",\"name\":\"\ud83c\udf3f Pathwork Polska na Mi\u0119dzynarodowej Konferencji Pathwork 2025 w Tomar - Pathwork Polska\",\"isPartOf\":{\"@id\":\"https:\/\/pathwork.com.pl\/#website\"},\"primaryImageOfPage\":{\"@id\":\"https:\/\/pathwork.com.pl\/pathwork-tomar-2025\/#primaryimage\"},\"image\":{\"@id\":\"https:\/\/pathwork.com.pl\/pathwork-tomar-2025\/#primaryimage\"},\"thumbnailUrl\":\"https:\/\/pathwork.com.pl\/wp-content\/uploads\/2025\/04\/488311140_1114257737382605_5974183496546821080_n-1.jpg\",\"datePublished\":\"2025-06-20T05:19:58+00:00\",\"dateModified\":\"2025-06-20T05:31:09+00:00\",\"author\":{\"@id\":\"https:\/\/pathwork.com.pl\/#\/schema\/person\/b1303ca48bb5c0fe89d0b8cc3b48b4f5\"},\"breadcrumb\":{\"@id\":\"https:\/\/pathwork.com.pl\/pathwork-tomar-2025\/#breadcrumb\"},\"inLanguage\":\"pl-PL\",\"potentialAction\":[{\"@type\":\"ReadAction\",\"target\":[\"https:\/\/pathwork.com.pl\/pathwork-tomar-2025\/\"]}]},{\"@type\":\"ImageObject\",\"inLanguage\":\"pl-PL\",\"@id\":\"https:\/\/pathwork.com.pl\/pathwork-tomar-2025\/#primaryimage\",\"url\":\"https:\/\/pathwork.com.pl\/wp-content\/uploads\/2025\/04\/488311140_1114257737382605_5974183496546821080_n-1.jpg\",\"contentUrl\":\"https:\/\/pathwork.com.pl\/wp-content\/uploads\/2025\/04\/488311140_1114257737382605_5974183496546821080_n-1.jpg\",\"width\":940,\"height\":788},{\"@type\":\"BreadcrumbList\",\"@id\":\"https:\/\/pathwork.com.pl\/pathwork-tomar-2025\/#breadcrumb\",\"itemListElement\":[{\"@type\":\"ListItem\",\"position\":1,\"name\":\"Strona g\u0142\u00f3wna\",\"item\":\"https:\/\/pathwork.com.pl\/\"},{\"@type\":\"ListItem\",\"position\":2,\"name\":\"\ud83c\udf3f Pathwork Polska na Mi\u0119dzynarodowej Konferencji Pathwork 2025 w Tomar\"}]},{\"@type\":\"WebSite\",\"@id\":\"https:\/\/pathwork.com.pl\/#website\",\"url\":\"https:\/\/pathwork.com.pl\/\",\"name\":\"Pathwork Polska\",\"description\":\"Droga rozwoju duchowego\",\"potentialAction\":[{\"@type\":\"SearchAction\",\"target\":{\"@type\":\"EntryPoint\",\"urlTemplate\":\"https:\/\/pathwork.com.pl\/?s={search_term_string}\"},\"query-input\":{\"@type\":\"PropertyValueSpecification\",\"valueRequired\":true,\"valueName\":\"search_term_string\"}}],\"inLanguage\":\"pl-PL\"},{\"@type\":\"Person\",\"@id\":\"https:\/\/pathwork.com.pl\/#\/schema\/person\/b1303ca48bb5c0fe89d0b8cc3b48b4f5\",\"name\":\"Anna Adamiak\",\"image\":{\"@type\":\"ImageObject\",\"inLanguage\":\"pl-PL\",\"@id\":\"https:\/\/pathwork.com.pl\/#\/schema\/person\/image\/\",\"url\":\"https:\/\/secure.gravatar.com\/avatar\/9739a57a365c410d396e905cd2087779ce0aee23cc7b4410b154c49d7d08c6ec?s=96&d=mm&r=g\",\"contentUrl\":\"https:\/\/secure.gravatar.com\/avatar\/9739a57a365c410d396e905cd2087779ce0aee23cc7b4410b154c49d7d08c6ec?s=96&d=mm&r=g\",\"caption\":\"Anna Adamiak\"},\"url\":\"https:\/\/pathwork.com.pl\/author\/annaadamiak\/\"}]}<\/script>\n<!-- \/ Yoast SEO plugin. -->","yoast_head_json":{"title":"\ud83c\udf3f Pathwork Polska na Mi\u0119dzynarodowej Konferencji Pathwork 2025 w Tomar - Pathwork Polska","robots":{"index":"index","follow":"follow","max-snippet":"max-snippet:-1","max-image-preview":"max-image-preview:large","max-video-preview":"max-video-preview:-1"},"canonical":"https:\/\/pathwork.com.pl\/pathwork-tomar-2025\/","og_locale":"pl_PL","og_type":"article","og_title":"\ud83c\udf3f Pathwork Polska na Mi\u0119dzynarodowej Konferencji Pathwork 2025 w Tomar - Pathwork Polska","og_description":"[et_pb_section fb_built=&#8221;1&#8243; _builder_version=&#8221;4.7.4&#8243; custom_margin=&#8221;30px|||||&#8221; custom_padding=&#8221;0px|||||&#8221;][et_pb_row _builder_version=&#8221;3.25&#8243; background_size=&#8221;initial&#8221; background_position=&#8221;top_left&#8221; background_repeat=&#8221;repeat&#8221;][et_pb_column type=&#8221;4_4&#8243; _builder_version=&#8221;3.25&#8243; custom_padding=&#8221;|||&#8221; custom_padding__hover=&#8221;|||&#8221;][et_pb_image src=&#8221;https:\/\/pathwork.com.pl\/wp-content\/uploads\/2025\/06\/504904988_1165746688900376_1923601072730137789_n.jpg&#8221; _builder_version=&#8221;4.7.4&#8243; _module_preset=&#8221;default&#8221; title_text=&#8221;504904988_1165746688900376_1923601072730137789_n&#8221; hover_enabled=&#8221;0&#8243; sticky_enabled=&#8221;0&#8243;][\/et_pb_image][et_pb_text _builder_version=&#8221;3.27.4&#8243; background_size=&#8221;initial&#8221; background_position=&#8221;top_left&#8221; background_repeat=&#8221;repeat&#8221;] W dniach 28 maja \u2013 1 czerwca 2025 roku w Tomar, Portugalia, odby\u0142a si\u0119 Mi\u0119dzynarodowa Konferencja Pathwork 2025 pod has\u0142em \u201eThe Living Heart of Pathwork\u201d. By\u0142o to wyj\u0105tkowe wydarzenie hybrydowe, kt\u00f3re po\u0142\u0105czy\u0142o [&hellip;]","og_url":"https:\/\/pathwork.com.pl\/pathwork-tomar-2025\/","og_site_name":"Pathwork Polska","article_published_time":"2025-06-20T05:19:58+00:00","article_modified_time":"2025-06-20T05:31:09+00:00","og_image":[{"width":940,"height":788,"url":"https:\/\/pathwork.com.pl\/wp-content\/uploads\/2025\/04\/488311140_1114257737382605_5974183496546821080_n-1.jpg","type":"image\/jpeg"}],"author":"Anna Adamiak","twitter_card":"summary_large_image","twitter_misc":{"Napisane przez":"Anna Adamiak","Szacowany czas czytania":"4 minuty"},"schema":{"@context":"https:\/\/schema.org","@graph":[{"@type":"Article","@id":"https:\/\/pathwork.com.pl\/pathwork-tomar-2025\/#article","isPartOf":{"@id":"https:\/\/pathwork.com.pl\/pathwork-tomar-2025\/"},"author":{"name":"Anna Adamiak","@id":"https:\/\/pathwork.com.pl\/#\/schema\/person\/b1303ca48bb5c0fe89d0b8cc3b48b4f5"},"headline":"\ud83c\udf3f Pathwork Polska na Mi\u0119dzynarodowej Konferencji Pathwork 2025 w Tomar","datePublished":"2025-06-20T05:19:58+00:00","dateModified":"2025-06-20T05:31:09+00:00","mainEntityOfPage":{"@id":"https:\/\/pathwork.com.pl\/pathwork-tomar-2025\/"},"wordCount":454,"image":{"@id":"https:\/\/pathwork.com.pl\/pathwork-tomar-2025\/#primaryimage"},"thumbnailUrl":"https:\/\/pathwork.com.pl\/wp-content\/uploads\/2025\/04\/488311140_1114257737382605_5974183496546821080_n-1.jpg","keywords":["Fabiana Sacca","Pathwork Polska","rozw\u00f3j duchowy","rozw\u00f3j osobisty","samo\u015bwiadomo\u015b\u0107","sztuka relacji","transformacja wewn\u0119trzna","warsztat duchowy","warsztat w Warszawie","warsztaty maj 2025"],"articleSection":["Aktualno\u015bci"],"inLanguage":"pl-PL"},{"@type":"WebPage","@id":"https:\/\/pathwork.com.pl\/pathwork-tomar-2025\/","url":"https:\/\/pathwork.com.pl\/pathwork-tomar-2025\/","name":"\ud83c\udf3f Pathwork Polska na Mi\u0119dzynarodowej Konferencji Pathwork 2025 w Tomar - Pathwork Polska","isPartOf":{"@id":"https:\/\/pathwork.com.pl\/#website"},"primaryImageOfPage":{"@id":"https:\/\/pathwork.com.pl\/pathwork-tomar-2025\/#primaryimage"},"image":{"@id":"https:\/\/pathwork.com.pl\/pathwork-tomar-2025\/#primaryimage"},"thumbnailUrl":"https:\/\/pathwork.com.pl\/wp-content\/uploads\/2025\/04\/488311140_1114257737382605_5974183496546821080_n-1.jpg","datePublished":"2025-06-20T05:19:58+00:00","dateModified":"2025-06-20T05:31:09+00:00","author":{"@id":"https:\/\/pathwork.com.pl\/#\/schema\/person\/b1303ca48bb5c0fe89d0b8cc3b48b4f5"},"breadcrumb":{"@id":"https:\/\/pathwork.com.pl\/pathwork-tomar-2025\/#breadcrumb"},"inLanguage":"pl-PL","potentialAction":[{"@type":"ReadAction","target":["https:\/\/pathwork.com.pl\/pathwork-tomar-2025\/"]}]},{"@type":"ImageObject","inLanguage":"pl-PL","@id":"https:\/\/pathwork.com.pl\/pathwork-tomar-2025\/#primaryimage","url":"https:\/\/pathwork.com.pl\/wp-content\/uploads\/2025\/04\/488311140_1114257737382605_5974183496546821080_n-1.jpg","contentUrl":"https:\/\/pathwork.com.pl\/wp-content\/uploads\/2025\/04\/488311140_1114257737382605_5974183496546821080_n-1.jpg","width":940,"height":788},{"@type":"BreadcrumbList","@id":"https:\/\/pathwork.com.pl\/pathwork-tomar-2025\/#breadcrumb","itemListElement":[{"@type":"ListItem","position":1,"name":"Strona g\u0142\u00f3wna","item":"https:\/\/pathwork.com.pl\/"},{"@type":"ListItem","position":2,"name":"\ud83c\udf3f Pathwork Polska na Mi\u0119dzynarodowej Konferencji Pathwork 2025 w Tomar"}]},{"@type":"WebSite","@id":"https:\/\/pathwork.com.pl\/#website","url":"https:\/\/pathwork.com.pl\/","name":"Pathwork Polska","description":"Droga rozwoju duchowego","potentialAction":[{"@type":"SearchAction","target":{"@type":"EntryPoint","urlTemplate":"https:\/\/pathwork.com.pl\/?s={search_term_string}"},"query-input":{"@type":"PropertyValueSpecification","valueRequired":true,"valueName":"search_term_string"}}],"inLanguage":"pl-PL"},{"@type":"Person","@id":"https:\/\/pathwork.com.pl\/#\/schema\/person\/b1303ca48bb5c0fe89d0b8cc3b48b4f5","name":"Anna Adamiak","image":{"@type":"ImageObject","inLanguage":"pl-PL","@id":"https:\/\/pathwork.com.pl\/#\/schema\/person\/image\/","url":"https:\/\/secure.gravatar.com\/avatar\/9739a57a365c410d396e905cd2087779ce0aee23cc7b4410b154c49d7d08c6ec?s=96&d=mm&r=g","contentUrl":"https:\/\/secure.gravatar.com\/avatar\/9739a57a365c410d396e905cd2087779ce0aee23cc7b4410b154c49d7d08c6ec?s=96&d=mm&r=g","caption":"Anna Adamiak"},"url":"https:\/\/pathwork.com.pl\/author\/annaadamiak\/"}]}},"_links":{"self":[{"href":"https:\/\/pathwork.com.pl\/wp-json\/wp\/v2\/posts\/1447","targetHints":{"allow":["GET"]}}],"collection":[{"href":"https:\/\/pathwork.com.pl\/wp-json\/wp\/v2\/posts"}],"about":[{"href":"https:\/\/pathwork.com.pl\/wp-json\/wp\/v2\/types\/post"}],"author":[{"embeddable":true,"href":"https:\/\/pathwork.com.pl\/wp-json\/wp\/v2\/users\/2"}],"replies":[{"embeddable":true,"href":"https:\/\/pathwork.com.pl\/wp-json\/wp\/v2\/comments?post=1447"}],"version-history":[{"count":9,"href":"https:\/\/pathwork.com.pl\/wp-json\/wp\/v2\/posts\/1447\/revisions"}],"predecessor-version":[{"id":1475,"href":"https:\/\/pathwork.com.pl\/wp-json\/wp\/v2\/posts\/1447\/revisions\/1475"}],"wp:featuredmedia":[{"embeddable":true,"href":"https:\/\/pathwork.com.pl\/wp-json\/wp\/v2\/media\/1432"}],"wp:attachment":[{"href":"https:\/\/pathwork.com.pl\/wp-json\/wp\/v2\/media?parent=1447"}],"wp:term":[{"taxonomy":"category","embeddable":true,"href":"https:\/\/pathwork.com.pl\/wp-json\/wp\/v2\/categories?post=1447"},{"taxonomy":"post_tag","embeddable":true,"href":"https:\/\/pathwork.com.pl\/wp-json\/wp\/v2\/tags?post=1447"}],"curies":[{"name":"wp","href":"https:\/\/api.w.org\/{rel}","templated":true}]}}