{"id":12764,"date":"2021-11-19T19:48:40","date_gmt":"2021-11-19T18:48:40","guid":{"rendered":"https:\/\/orgull.cat\/?p=12764"},"modified":"2021-11-19T19:48:43","modified_gmt":"2021-11-19T18:48:43","slug":"maricones-amb-eudald-fabres-necessitem-que-la-gent-no-encaselli-als-actors-i-actrius-lgbtq","status":"publish","type":"post","link":"https:\/\/orgull.cat\/maricones-amb-eudald-fabres-necessitem-que-la-gent-no-encaselli-als-actors-i-actrius-lgbtq","title":{"rendered":"marICONES amb Eudald Fabr\u00e9s: &#8220;Necessitem que la gent no encaselli als actors i actrius LGBTQ&#8221;"},"content":{"rendered":"\n<p>FuturaChicaPop entrevista al actor Eudald Fabr\u00e9s en un nou marICONES, el programa d&#8217;entrevistes d&#8217;Orgull Radio<\/p>\n\n\n\n<iframe src=\"https:\/\/www.ivoox.com\/player_ej_78520199_6_1.html\" width=\"100%\" height=\"200\" frameborder=\"0\" allowfullscreen=\"\" scrolling=\"no\" \/>\n","protected":false},"excerpt":{"rendered":"<p>FuturaChicaPop entrevista al actor Eudald Fabr\u00e9s en un nou marICONES, el programa d&#8217;entrevistes d&#8217;Orgull Radio<\/p>\n","protected":false},"author":2,"featured_media":12766,"comment_status":"open","ping_status":"open","sticky":false,"template":"","format":"standard","meta":{"tdm_status":"","tdm_grid_status":""},"categories":[987,997,63],"tags":[],"yoast_head":"<!-- This site is optimized with the Yoast SEO plugin v17.0 - https:\/\/yoast.com\/wordpress\/plugins\/seo\/ -->\n<meta name=\"description\" content=\"Orgull R\u00e0dio \u00e9s la nova r\u00e0dio LGTBI de Barcelona amb una programaci\u00f3 molt pr\u00f2xima al col\u00b7lectiu. Escolta els nostres programes online\" \/>\n<meta name=\"robots\" content=\"index, follow, max-snippet:-1, max-image-preview:large, max-video-preview:-1\" \/>\n<link rel=\"canonical\" href=\"https:\/\/orgull.cat\/maricones-amb-eudald-fabres-necessitem-que-la-gent-no-encaselli-als-actors-i-actrius-lgbtq\" \/>\n<meta property=\"og:locale\" content=\"ca_ES\" \/>\n<meta property=\"og:type\" content=\"article\" \/>\n<meta property=\"og:title\" content=\"Orgull R\u00e0dio - La nova radio LGTBI de Barcelona 100% natural\" \/>\n<meta property=\"og:description\" content=\"Orgull R\u00e0dio \u00e9s la nova r\u00e0dio LGTBI de Barcelona amb una programaci\u00f3 molt pr\u00f2xima al col\u00b7lectiu. Escolta els nostres programes online\" \/>\n<meta property=\"og:url\" content=\"https:\/\/orgull.cat\/maricones-amb-eudald-fabres-necessitem-que-la-gent-no-encaselli-als-actors-i-actrius-lgbtq\" \/>\n<meta property=\"og:site_name\" content=\"Orgull R\u00e0dio\" \/>\n<meta property=\"article:author\" content=\"www.facebook.com\/orgullradio\" \/>\n<meta property=\"article:published_time\" content=\"2021-11-19T18:48:40+00:00\" \/>\n<meta property=\"article:modified_time\" content=\"2021-11-19T18:48:43+00:00\" \/>\n<meta property=\"og:image\" content=\"https:\/\/orgull.cat\/wp-content\/uploads\/2021\/11\/Anuncio-para-Twitter-1.jpg\" \/>\n\t<meta property=\"og:image:width\" content=\"1600\" \/>\n\t<meta property=\"og:image:height\" content=\"900\" \/>\n<meta name=\"twitter:card\" content=\"summary_large_image\" \/>\n<meta name=\"twitter:creator\" content=\"@orgullradio\" \/>\n<meta name=\"twitter:label1\" content=\"Escrit per\" \/>\n\t<meta name=\"twitter:data1\" content=\"Redacci\u00f3\" \/>\n\t<meta name=\"twitter:label2\" content=\"Temps estimat de lectura\" \/>\n\t<meta name=\"twitter:data2\" content=\"1 minut\" \/>\n<script type=\"application\/ld+json\" class=\"yoast-schema-graph\">{\"@context\":\"https:\/\/schema.org\",\"@graph\":[{\"@type\":\"Organization\",\"@id\":\"https:\/\/orgull.cat\/#organization\",\"name\":\"Orgull\",\"url\":\"https:\/\/orgull.cat\/\",\"sameAs\":[],\"logo\":{\"@type\":\"ImageObject\",\"@id\":\"https:\/\/orgull.cat\/#logo\",\"inLanguage\":\"ca\",\"url\":\"https:\/\/orgull.cat\/wp-content\/uploads\/2019\/01\/ORGULL-RADIO-LOGO.jpg\",\"contentUrl\":\"https:\/\/orgull.cat\/wp-content\/uploads\/2019\/01\/ORGULL-RADIO-LOGO.jpg\",\"width\":1134,\"height\":1134,\"caption\":\"Orgull\"},\"image\":{\"@id\":\"https:\/\/orgull.cat\/#logo\"}},{\"@type\":\"WebSite\",\"@id\":\"https:\/\/orgull.cat\/#website\",\"url\":\"https:\/\/orgull.cat\/\",\"name\":\"Orgull R\\u00e0dio\",\"description\":\"La r\\u00e0dio LGTBI\",\"publisher\":{\"@id\":\"https:\/\/orgull.cat\/#organization\"},\"potentialAction\":[{\"@type\":\"SearchAction\",\"target\":{\"@type\":\"EntryPoint\",\"urlTemplate\":\"https:\/\/orgull.cat\/?s={search_term_string}\"},\"query-input\":\"required name=search_term_string\"}],\"inLanguage\":\"ca\"},{\"@type\":\"ImageObject\",\"@id\":\"https:\/\/orgull.cat\/maricones-amb-eudald-fabres-necessitem-que-la-gent-no-encaselli-als-actors-i-actrius-lgbtq#primaryimage\",\"inLanguage\":\"ca\",\"url\":\"https:\/\/orgull.cat\/wp-content\/uploads\/2021\/11\/Anuncio-para-Twitter-1.jpg\",\"contentUrl\":\"https:\/\/orgull.cat\/wp-content\/uploads\/2021\/11\/Anuncio-para-Twitter-1.jpg\",\"width\":1600,\"height\":900},{\"@type\":\"WebPage\",\"@id\":\"https:\/\/orgull.cat\/maricones-amb-eudald-fabres-necessitem-que-la-gent-no-encaselli-als-actors-i-actrius-lgbtq#webpage\",\"url\":\"https:\/\/orgull.cat\/maricones-amb-eudald-fabres-necessitem-que-la-gent-no-encaselli-als-actors-i-actrius-lgbtq\",\"name\":\"Orgull R\\u00e0dio - La nova radio LGTBI de Barcelona 100% natural\",\"isPartOf\":{\"@id\":\"https:\/\/orgull.cat\/#website\"},\"primaryImageOfPage\":{\"@id\":\"https:\/\/orgull.cat\/maricones-amb-eudald-fabres-necessitem-que-la-gent-no-encaselli-als-actors-i-actrius-lgbtq#primaryimage\"},\"datePublished\":\"2021-11-19T18:48:40+00:00\",\"dateModified\":\"2021-11-19T18:48:43+00:00\",\"description\":\"Orgull R\\u00e0dio \\u00e9s la nova r\\u00e0dio LGTBI de Barcelona amb una programaci\\u00f3 molt pr\\u00f2xima al col\\u00b7lectiu. Escolta els nostres programes online\",\"breadcrumb\":{\"@id\":\"https:\/\/orgull.cat\/maricones-amb-eudald-fabres-necessitem-que-la-gent-no-encaselli-als-actors-i-actrius-lgbtq#breadcrumb\"},\"inLanguage\":\"ca\",\"potentialAction\":[{\"@type\":\"ReadAction\",\"target\":[\"https:\/\/orgull.cat\/maricones-amb-eudald-fabres-necessitem-que-la-gent-no-encaselli-als-actors-i-actrius-lgbtq\"]}]},{\"@type\":\"BreadcrumbList\",\"@id\":\"https:\/\/orgull.cat\/maricones-amb-eudald-fabres-necessitem-que-la-gent-no-encaselli-als-actors-i-actrius-lgbtq#breadcrumb\",\"itemListElement\":[{\"@type\":\"ListItem\",\"position\":1,\"name\":\"Portada\",\"item\":\"https:\/\/orgull.cat\/\"},{\"@type\":\"ListItem\",\"position\":2,\"name\":\"marICONES amb Eudald Fabr\\u00e9s: &#8220;Necessitem que la gent no encaselli als actors i actrius LGBTQ&#8221;\"}]},{\"@type\":\"Article\",\"@id\":\"https:\/\/orgull.cat\/maricones-amb-eudald-fabres-necessitem-que-la-gent-no-encaselli-als-actors-i-actrius-lgbtq#article\",\"isPartOf\":{\"@id\":\"https:\/\/orgull.cat\/maricones-amb-eudald-fabres-necessitem-que-la-gent-no-encaselli-als-actors-i-actrius-lgbtq#webpage\"},\"author\":{\"@id\":\"https:\/\/orgull.cat\/#\/schema\/person\/5139c9020efdf4bea79e0a033bc2536b\"},\"headline\":\"marICONES amb Eudald Fabr\\u00e9s: &#8220;Necessitem que la gent no encaselli als actors i actrius LGBTQ&#8221;\",\"datePublished\":\"2021-11-19T18:48:40+00:00\",\"dateModified\":\"2021-11-19T18:48:43+00:00\",\"mainEntityOfPage\":{\"@id\":\"https:\/\/orgull.cat\/maricones-amb-eudald-fabres-necessitem-que-la-gent-no-encaselli-als-actors-i-actrius-lgbtq#webpage\"},\"wordCount\":32,\"commentCount\":0,\"publisher\":{\"@id\":\"https:\/\/orgull.cat\/#organization\"},\"image\":{\"@id\":\"https:\/\/orgull.cat\/maricones-amb-eudald-fabres-necessitem-que-la-gent-no-encaselli-als-actors-i-actrius-lgbtq#primaryimage\"},\"thumbnailUrl\":\"https:\/\/orgull.cat\/wp-content\/uploads\/2021\/11\/Anuncio-para-Twitter-1.jpg\",\"articleSection\":[\"audios\",\"marICONES\",\"Portada\"],\"inLanguage\":\"ca\",\"potentialAction\":[{\"@type\":\"CommentAction\",\"name\":\"Comment\",\"target\":[\"https:\/\/orgull.cat\/maricones-amb-eudald-fabres-necessitem-que-la-gent-no-encaselli-als-actors-i-actrius-lgbtq#respond\"]}]},{\"@type\":\"Person\",\"@id\":\"https:\/\/orgull.cat\/#\/schema\/person\/5139c9020efdf4bea79e0a033bc2536b\",\"name\":\"Redacci\\u00f3\",\"image\":{\"@type\":\"ImageObject\",\"@id\":\"https:\/\/orgull.cat\/#personlogo\",\"inLanguage\":\"ca\",\"url\":\"https:\/\/secure.gravatar.com\/avatar\/38e45c7217908123d7103c42df3ba44f?s=96&d=wp_user_avatar&r=g\",\"contentUrl\":\"https:\/\/secure.gravatar.com\/avatar\/38e45c7217908123d7103c42df3ba44f?s=96&d=wp_user_avatar&r=g\",\"caption\":\"Redacci\\u00f3\"},\"description\":\"Equip de redacci\\u00f3 d'Orgull R\\u00e0dio\",\"sameAs\":[\"www.facebook.com\/orgullradio\",\"www.instagram.com\/orgullradio\",\"https:\/\/twitter.com\/orgullradio\"],\"url\":\"https:\/\/orgull.cat\/author\/redaccio\"}]}<\/script>\n<!-- \/ Yoast SEO plugin. -->","yoast_head_json":{"description":"Orgull R\u00e0dio \u00e9s la nova r\u00e0dio LGTBI de Barcelona amb una programaci\u00f3 molt pr\u00f2xima al col\u00b7lectiu. Escolta els nostres programes online","robots":{"index":"index","follow":"follow","max-snippet":"max-snippet:-1","max-image-preview":"max-image-preview:large","max-video-preview":"max-video-preview:-1"},"canonical":"https:\/\/orgull.cat\/maricones-amb-eudald-fabres-necessitem-que-la-gent-no-encaselli-als-actors-i-actrius-lgbtq","og_locale":"ca_ES","og_type":"article","og_title":"Orgull R\u00e0dio - La nova radio LGTBI de Barcelona 100% natural","og_description":"Orgull R\u00e0dio \u00e9s la nova r\u00e0dio LGTBI de Barcelona amb una programaci\u00f3 molt pr\u00f2xima al col\u00b7lectiu. Escolta els nostres programes online","og_url":"https:\/\/orgull.cat\/maricones-amb-eudald-fabres-necessitem-que-la-gent-no-encaselli-als-actors-i-actrius-lgbtq","og_site_name":"Orgull R\u00e0dio","article_author":"www.facebook.com\/orgullradio","article_published_time":"2021-11-19T18:48:40+00:00","article_modified_time":"2021-11-19T18:48:43+00:00","og_image":[{"width":1600,"height":900,"url":"https:\/\/orgull.cat\/wp-content\/uploads\/2021\/11\/Anuncio-para-Twitter-1.jpg","path":"\/homepages\/32\/d755318279\/htdocs\/clickandbuilds\/Orgull\/wp-content\/uploads\/2021\/11\/Anuncio-para-Twitter-1.jpg","size":"full","id":12766,"alt":"","pixels":1440000,"type":"image\/jpeg"}],"twitter_card":"summary_large_image","twitter_creator":"@orgullradio","twitter_misc":{"Escrit per":"Redacci\u00f3","Temps estimat de lectura":"1 minut"},"schema":{"@context":"https:\/\/schema.org","@graph":[{"@type":"Organization","@id":"https:\/\/orgull.cat\/#organization","name":"Orgull","url":"https:\/\/orgull.cat\/","sameAs":[],"logo":{"@type":"ImageObject","@id":"https:\/\/orgull.cat\/#logo","inLanguage":"ca","url":"https:\/\/orgull.cat\/wp-content\/uploads\/2019\/01\/ORGULL-RADIO-LOGO.jpg","contentUrl":"https:\/\/orgull.cat\/wp-content\/uploads\/2019\/01\/ORGULL-RADIO-LOGO.jpg","width":1134,"height":1134,"caption":"Orgull"},"image":{"@id":"https:\/\/orgull.cat\/#logo"}},{"@type":"WebSite","@id":"https:\/\/orgull.cat\/#website","url":"https:\/\/orgull.cat\/","name":"Orgull R\u00e0dio","description":"La r\u00e0dio LGTBI","publisher":{"@id":"https:\/\/orgull.cat\/#organization"},"potentialAction":[{"@type":"SearchAction","target":{"@type":"EntryPoint","urlTemplate":"https:\/\/orgull.cat\/?s={search_term_string}"},"query-input":"required name=search_term_string"}],"inLanguage":"ca"},{"@type":"ImageObject","@id":"https:\/\/orgull.cat\/maricones-amb-eudald-fabres-necessitem-que-la-gent-no-encaselli-als-actors-i-actrius-lgbtq#primaryimage","inLanguage":"ca","url":"https:\/\/orgull.cat\/wp-content\/uploads\/2021\/11\/Anuncio-para-Twitter-1.jpg","contentUrl":"https:\/\/orgull.cat\/wp-content\/uploads\/2021\/11\/Anuncio-para-Twitter-1.jpg","width":1600,"height":900},{"@type":"WebPage","@id":"https:\/\/orgull.cat\/maricones-amb-eudald-fabres-necessitem-que-la-gent-no-encaselli-als-actors-i-actrius-lgbtq#webpage","url":"https:\/\/orgull.cat\/maricones-amb-eudald-fabres-necessitem-que-la-gent-no-encaselli-als-actors-i-actrius-lgbtq","name":"Orgull R\u00e0dio - La nova radio LGTBI de Barcelona 100% natural","isPartOf":{"@id":"https:\/\/orgull.cat\/#website"},"primaryImageOfPage":{"@id":"https:\/\/orgull.cat\/maricones-amb-eudald-fabres-necessitem-que-la-gent-no-encaselli-als-actors-i-actrius-lgbtq#primaryimage"},"datePublished":"2021-11-19T18:48:40+00:00","dateModified":"2021-11-19T18:48:43+00:00","description":"Orgull R\u00e0dio \u00e9s la nova r\u00e0dio LGTBI de Barcelona amb una programaci\u00f3 molt pr\u00f2xima al col\u00b7lectiu. Escolta els nostres programes online","breadcrumb":{"@id":"https:\/\/orgull.cat\/maricones-amb-eudald-fabres-necessitem-que-la-gent-no-encaselli-als-actors-i-actrius-lgbtq#breadcrumb"},"inLanguage":"ca","potentialAction":[{"@type":"ReadAction","target":["https:\/\/orgull.cat\/maricones-amb-eudald-fabres-necessitem-que-la-gent-no-encaselli-als-actors-i-actrius-lgbtq"]}]},{"@type":"BreadcrumbList","@id":"https:\/\/orgull.cat\/maricones-amb-eudald-fabres-necessitem-que-la-gent-no-encaselli-als-actors-i-actrius-lgbtq#breadcrumb","itemListElement":[{"@type":"ListItem","position":1,"name":"Portada","item":"https:\/\/orgull.cat\/"},{"@type":"ListItem","position":2,"name":"marICONES amb Eudald Fabr\u00e9s: &#8220;Necessitem que la gent no encaselli als actors i actrius LGBTQ&#8221;"}]},{"@type":"Article","@id":"https:\/\/orgull.cat\/maricones-amb-eudald-fabres-necessitem-que-la-gent-no-encaselli-als-actors-i-actrius-lgbtq#article","isPartOf":{"@id":"https:\/\/orgull.cat\/maricones-amb-eudald-fabres-necessitem-que-la-gent-no-encaselli-als-actors-i-actrius-lgbtq#webpage"},"author":{"@id":"https:\/\/orgull.cat\/#\/schema\/person\/5139c9020efdf4bea79e0a033bc2536b"},"headline":"marICONES amb Eudald Fabr\u00e9s: &#8220;Necessitem que la gent no encaselli als actors i actrius LGBTQ&#8221;","datePublished":"2021-11-19T18:48:40+00:00","dateModified":"2021-11-19T18:48:43+00:00","mainEntityOfPage":{"@id":"https:\/\/orgull.cat\/maricones-amb-eudald-fabres-necessitem-que-la-gent-no-encaselli-als-actors-i-actrius-lgbtq#webpage"},"wordCount":32,"commentCount":0,"publisher":{"@id":"https:\/\/orgull.cat\/#organization"},"image":{"@id":"https:\/\/orgull.cat\/maricones-amb-eudald-fabres-necessitem-que-la-gent-no-encaselli-als-actors-i-actrius-lgbtq#primaryimage"},"thumbnailUrl":"https:\/\/orgull.cat\/wp-content\/uploads\/2021\/11\/Anuncio-para-Twitter-1.jpg","articleSection":["audios","marICONES","Portada"],"inLanguage":"ca","potentialAction":[{"@type":"CommentAction","name":"Comment","target":["https:\/\/orgull.cat\/maricones-amb-eudald-fabres-necessitem-que-la-gent-no-encaselli-als-actors-i-actrius-lgbtq#respond"]}]},{"@type":"Person","@id":"https:\/\/orgull.cat\/#\/schema\/person\/5139c9020efdf4bea79e0a033bc2536b","name":"Redacci\u00f3","image":{"@type":"ImageObject","@id":"https:\/\/orgull.cat\/#personlogo","inLanguage":"ca","url":"https:\/\/secure.gravatar.com\/avatar\/38e45c7217908123d7103c42df3ba44f?s=96&d=wp_user_avatar&r=g","contentUrl":"https:\/\/secure.gravatar.com\/avatar\/38e45c7217908123d7103c42df3ba44f?s=96&d=wp_user_avatar&r=g","caption":"Redacci\u00f3"},"description":"Equip de redacci\u00f3 d'Orgull R\u00e0dio","sameAs":["www.facebook.com\/orgullradio","www.instagram.com\/orgullradio","https:\/\/twitter.com\/orgullradio"],"url":"https:\/\/orgull.cat\/author\/redaccio"}]}},"amp_enabled":true,"_links":{"self":[{"href":"https:\/\/orgull.cat\/wp-json\/wp\/v2\/posts\/12764"}],"collection":[{"href":"https:\/\/orgull.cat\/wp-json\/wp\/v2\/posts"}],"about":[{"href":"https:\/\/orgull.cat\/wp-json\/wp\/v2\/types\/post"}],"author":[{"embeddable":true,"href":"https:\/\/orgull.cat\/wp-json\/wp\/v2\/users\/2"}],"replies":[{"embeddable":true,"href":"https:\/\/orgull.cat\/wp-json\/wp\/v2\/comments?post=12764"}],"version-history":[{"count":0,"href":"https:\/\/orgull.cat\/wp-json\/wp\/v2\/posts\/12764\/revisions"}],"wp:featuredmedia":[{"embeddable":true,"href":"https:\/\/orgull.cat\/wp-json\/wp\/v2\/media\/12766"}],"wp:attachment":[{"href":"https:\/\/orgull.cat\/wp-json\/wp\/v2\/media?parent=12764"}],"wp:term":[{"taxonomy":"category","embeddable":true,"href":"https:\/\/orgull.cat\/wp-json\/wp\/v2\/categories?post=12764"},{"taxonomy":"post_tag","embeddable":true,"href":"https:\/\/orgull.cat\/wp-json\/wp\/v2\/tags?post=12764"}],"curies":[{"name":"wp","href":"https:\/\/api.w.org\/{rel}","templated":true}]}}