{"id":902224,"date":"2019-02-05T07:14:26","date_gmt":"2019-02-05T13:14:26","guid":{"rendered":"https:\/\/lopezdoriga.com\/?p=902224"},"modified":"2019-02-05T07:40:55","modified_gmt":"2019-02-05T13:40:55","slug":"lopez-obrador-anuncia-nueva-estrategia-de-pacificacion","status":"publish","type":"post","link":"https:\/\/lopezdoriga.com\/nacional\/lopez-obrador-anuncia-nueva-estrategia-de-pacificacion\/","title":{"rendered":"L\u00f3pez Obrador anuncia nueva estrategia de pacificaci\u00f3n"},"content":{"rendered":"<p>Dado el avance de la estrategia nacional contra el robo de combustible, el Gobierno Federal presentar\u00e1 pr\u00f3ximamente un nuevo plan de <strong>pacificaci\u00f3n del<\/strong> <strong>pa\u00eds<\/strong>.<\/p>\n<p>El presidente <strong>Andr\u00e9s Manuel L\u00f3pez Obrador<\/strong> detall\u00f3 que las primeras acciones de seguridad aplicar\u00e1n en las 17 entidades que concentran el 35 por ciento de la <strong>delincuencia<\/strong>, ejemplo de ello es Tijuana, Baja California.<\/p>\n<p>Durante su conferencia de prensa reiter\u00f3 que se combatir\u00e1 la inseguridad desde todos los frentes, asegurando que &#8220;el Estado ya no va a formar parte de la delincuencia&#8221; y que espera que las acciones sean transitorias, aunque de ser necesario, ser\u00e1n retomadas.<\/p>\n<p>&#8220;<em>No existe contubernio, estoy pendiente para que ninguna corporaci\u00f3n del estado se dedique a delinquir<\/em>&#8220;, dijo.<\/p>\n<p>En otros asuntos, L\u00f3pez Obrador celebr\u00f3 que un d\u00eda como hoy pero de 1917 se haya promulgado la <strong>Constituci\u00f3n Mexicana<\/strong> que a\u00fan rige.<\/p>\n<p>Destac\u00f3 el\u00a0<strong>art\u00edculo 27<\/strong> que habla sobre que la tierra y agua dentro de los l\u00edmites territoriales es propiedad de la naci\u00f3n, haciendo hincapi\u00e9 en que tambi\u00e9n entra el petr\u00f3leo.<\/p>\n<div class=\"embed embed--youtube\">\n<div class=\"embed-responsive embed-responsive-16by9\"><iframe title=\"#ConferenciaPresidente | Martes 5 de febrero de 2019\" src=\"https:\/\/www.youtube.com\/embed\/F-JvWXOO2y0?feature=oembed\" frameborder=\"0\" allow=\"accelerometer; autoplay; clipboard-write; encrypted-media; gyroscope; picture-in-picture; web-share\" referrerpolicy=\"strict-origin-when-cross-origin\" allowfullscreen><\/iframe><\/div>\n<\/div>\n<p>Con informaci\u00f3n de L\u00f3pez-D\u00f3riga Digital<\/p>\n","protected":false},"excerpt":{"rendered":"<p>El presidente L\u00f3pez Obrador indic\u00f3 que la siguiente estrategia a aplicar a nivel nacional ser\u00e1 la de pacificaci\u00f3n<\/p>\n","protected":false},"author":77,"featured_media":902232,"comment_status":"closed","ping_status":"closed","sticky":false,"template":"","format":"standard","meta":{"_jetpack_memberships_contains_paid_content":false,"footnotes":""},"categories":[19,7],"tags":[332,14870,93387,121],"class_list":["post-902224","post","type-post","status-publish","format-standard","has-post-thumbnail","hentry","category-mexico","category-nacional","tag-amlo","tag-conferencia-de-prensa","tag-estrategia-de-pacificacion","tag-seguridad"],"yoast_head":"<!-- This site is optimized with the Yoast SEO plugin v27.1.1 - https:\/\/yoast.com\/product\/yoast-seo-wordpress\/ -->\n<title>L\u00f3pez Obrador anuncia nueva estrategia de pacificaci\u00f3n<\/title>\n<meta name=\"description\" content=\"El presidente L\u00f3pez Obrador indic\u00f3 que la siguiente estrategia a aplicar a nivel nacional ser\u00e1 la de pacificaci\u00f3n\" \/>\n<meta name=\"robots\" content=\"index, follow, max-snippet:-1, max-image-preview:large, max-video-preview:-1\" \/>\n<link rel=\"canonical\" href=\"https:\/\/lopezdoriga.mx\/nacional\/lopez-obrador-anuncia-nueva-estrategia-de-pacificacion\/\" \/>\n<meta property=\"og:locale\" content=\"es_MX\" \/>\n<meta property=\"og:type\" content=\"article\" \/>\n<meta property=\"og:title\" content=\"L\u00f3pez Obrador anuncia nueva estrategia de pacificaci\u00f3n\" \/>\n<meta property=\"og:description\" content=\"El presidente L\u00f3pez Obrador indic\u00f3 que la siguiente estrategia a aplicar a nivel nacional ser\u00e1 la de pacificaci\u00f3n\" \/>\n<meta property=\"og:url\" content=\"https:\/\/lopezdoriga.mx\/nacional\/lopez-obrador-anuncia-nueva-estrategia-de-pacificacion\/\" \/>\n<meta property=\"og:site_name\" content=\"L\u00f3pez-D\u00f3riga Digital\" \/>\n<meta property=\"article:publisher\" content=\"https:\/\/www.facebook.com\/JoaquinLopezDoriga\" \/>\n<meta property=\"article:published_time\" content=\"2019-02-05T13:14:26+00:00\" \/>\n<meta property=\"article:modified_time\" content=\"2019-02-05T13:40:55+00:00\" \/>\n<meta property=\"og:image\" content=\"https:\/\/lopezdoriga.mx\/wp-content\/uploads\/2019\/02\/amlo-en-conferencia-5-de-febrero.jpg\" \/>\n\t<meta property=\"og:image:width\" content=\"1200\" \/>\n\t<meta property=\"og:image:height\" content=\"645\" \/>\n\t<meta property=\"og:image:type\" content=\"image\/jpeg\" \/>\n<meta name=\"author\" content=\"Lidia Vargas\" \/>\n<meta name=\"twitter:card\" content=\"summary_large_image\" \/>\n<meta name=\"twitter:creator\" content=\"@lopezdoriga\" \/>\n<meta name=\"twitter:site\" content=\"@lopezdoriga\" \/>\n<meta name=\"twitter:label1\" content=\"Escrito por\" \/>\n\t<meta name=\"twitter:data1\" content=\"Lidia Vargas\" \/>\n\t<meta name=\"twitter:label2\" content=\"Tiempo de lectura\" \/>\n\t<meta name=\"twitter:data2\" content=\"1 minuto\" \/>\n<script type=\"application\/ld+json\" class=\"yoast-schema-graph\">{\"@context\":\"https:\/\/schema.org\",\"@graph\":[{\"@type\":\"NewsArticle\",\"@id\":\"https:\/\/lopezdoriga.mx\/nacional\/lopez-obrador-anuncia-nueva-estrategia-de-pacificacion\/#article\",\"isPartOf\":{\"@id\":\"https:\/\/lopezdoriga.mx\/nacional\/lopez-obrador-anuncia-nueva-estrategia-de-pacificacion\/\"},\"author\":{\"name\":\"Lidia Vargas\",\"@id\":\"https:\/\/lopezdoriga.mx\/#\/schema\/person\/35659eefdb1a26b13cfc2e743de0d4ad\"},\"headline\":\"L\u00f3pez Obrador anuncia nueva estrategia de pacificaci\u00f3n\",\"datePublished\":\"2019-02-05T13:14:26+00:00\",\"dateModified\":\"2019-02-05T13:40:55+00:00\",\"mainEntityOfPage\":{\"@id\":\"https:\/\/lopezdoriga.mx\/nacional\/lopez-obrador-anuncia-nueva-estrategia-de-pacificacion\/\"},\"wordCount\":207,\"publisher\":{\"@id\":\"https:\/\/lopezdoriga.mx\/#organization\"},\"image\":{\"@id\":\"https:\/\/lopezdoriga.mx\/nacional\/lopez-obrador-anuncia-nueva-estrategia-de-pacificacion\/#primaryimage\"},\"thumbnailUrl\":\"https:\/\/lopezdoriga.com\/wp-content\/uploads\/2019\/02\/amlo-en-conferencia-5-de-febrero.jpg\",\"keywords\":[\"amlo\",\"conferencia de prensa\",\"estrategia de pacificaci\u00f3n\",\"seguridad\"],\"articleSection\":[\"M\u00e9xico\",\"Nacional\"],\"inLanguage\":\"es\"},{\"@type\":\"WebPage\",\"@id\":\"https:\/\/lopezdoriga.mx\/nacional\/lopez-obrador-anuncia-nueva-estrategia-de-pacificacion\/\",\"url\":\"https:\/\/lopezdoriga.mx\/nacional\/lopez-obrador-anuncia-nueva-estrategia-de-pacificacion\/\",\"name\":\"L\u00f3pez Obrador anuncia nueva estrategia de pacificaci\u00f3n\",\"isPartOf\":{\"@id\":\"https:\/\/lopezdoriga.mx\/#website\"},\"primaryImageOfPage\":{\"@id\":\"https:\/\/lopezdoriga.mx\/nacional\/lopez-obrador-anuncia-nueva-estrategia-de-pacificacion\/#primaryimage\"},\"image\":{\"@id\":\"https:\/\/lopezdoriga.mx\/nacional\/lopez-obrador-anuncia-nueva-estrategia-de-pacificacion\/#primaryimage\"},\"thumbnailUrl\":\"https:\/\/lopezdoriga.com\/wp-content\/uploads\/2019\/02\/amlo-en-conferencia-5-de-febrero.jpg\",\"datePublished\":\"2019-02-05T13:14:26+00:00\",\"dateModified\":\"2019-02-05T13:40:55+00:00\",\"description\":\"El presidente L\u00f3pez Obrador indic\u00f3 que la siguiente estrategia a aplicar a nivel nacional ser\u00e1 la de pacificaci\u00f3n\",\"breadcrumb\":{\"@id\":\"https:\/\/lopezdoriga.mx\/nacional\/lopez-obrador-anuncia-nueva-estrategia-de-pacificacion\/#breadcrumb\"},\"inLanguage\":\"es\",\"potentialAction\":[{\"@type\":\"ReadAction\",\"target\":[\"https:\/\/lopezdoriga.mx\/nacional\/lopez-obrador-anuncia-nueva-estrategia-de-pacificacion\/\"]}]},{\"@type\":\"ImageObject\",\"inLanguage\":\"es\",\"@id\":\"https:\/\/lopezdoriga.mx\/nacional\/lopez-obrador-anuncia-nueva-estrategia-de-pacificacion\/#primaryimage\",\"url\":\"https:\/\/lopezdoriga.com\/wp-content\/uploads\/2019\/02\/amlo-en-conferencia-5-de-febrero.jpg\",\"contentUrl\":\"https:\/\/lopezdoriga.com\/wp-content\/uploads\/2019\/02\/amlo-en-conferencia-5-de-febrero.jpg\",\"width\":1200,\"height\":645,\"caption\":\"AMLO en conferencia 5 de febrero. Captura de pantalla\"},{\"@type\":\"BreadcrumbList\",\"@id\":\"https:\/\/lopezdoriga.mx\/nacional\/lopez-obrador-anuncia-nueva-estrategia-de-pacificacion\/#breadcrumb\",\"itemListElement\":[{\"@type\":\"ListItem\",\"position\":1,\"name\":\"Inicio\",\"item\":\"https:\/\/lopezdoriga.com\/\"},{\"@type\":\"ListItem\",\"position\":2,\"name\":\"Nacional\",\"item\":\"https:\/\/lopezdoriga.mx\/nacional\/\"},{\"@type\":\"ListItem\",\"position\":3,\"name\":\"L\u00f3pez Obrador anuncia nueva estrategia de pacificaci\u00f3n\"}]},{\"@type\":\"WebSite\",\"@id\":\"https:\/\/lopezdoriga.mx\/#website\",\"url\":\"https:\/\/lopezdoriga.mx\/\",\"name\":\"L\u00f3pez-D\u00f3riga Digital\",\"description\":\"Lo m\u00e1s importante que est\u00e1 pasando en M\u00e9xico y en el mundo minuto a minuto. Cobertura total en L\u00f3pez-D\u00f3riga Digital.\",\"publisher\":{\"@id\":\"https:\/\/lopezdoriga.mx\/#organization\"},\"potentialAction\":[{\"@type\":\"SearchAction\",\"target\":{\"@type\":\"EntryPoint\",\"urlTemplate\":\"https:\/\/lopezdoriga.mx\/?s={search_term_string}\"},\"query-input\":{\"@type\":\"PropertyValueSpecification\",\"valueRequired\":true,\"valueName\":\"search_term_string\"}}],\"inLanguage\":\"es\"},{\"@type\":\"Organization\",\"@id\":\"https:\/\/lopezdoriga.mx\/#organization\",\"name\":\"L\u00f3pez-D\u00f3riga Digital\",\"url\":\"https:\/\/lopezdoriga.mx\/\",\"logo\":{\"@type\":\"ImageObject\",\"inLanguage\":\"es\",\"@id\":\"https:\/\/lopezdoriga.mx\/#\/schema\/logo\/image\/\",\"url\":\"https:\/\/i0.wp.com\/lopezdoriga.com\/wp-content\/uploads\/2018\/10\/lopezdoriga-news.png?fit=1200%2C630&ssl=1\",\"contentUrl\":\"https:\/\/i0.wp.com\/lopezdoriga.com\/wp-content\/uploads\/2018\/10\/lopezdoriga-news.png?fit=1200%2C630&ssl=1\",\"width\":1200,\"height\":630,\"caption\":\"L\u00f3pez-D\u00f3riga Digital\"},\"image\":{\"@id\":\"https:\/\/lopezdoriga.mx\/#\/schema\/logo\/image\/\"},\"sameAs\":[\"https:\/\/www.facebook.com\/JoaquinLopezDoriga\",\"https:\/\/x.com\/lopezdoriga\",\"https:\/\/www.instagram.com\/lopezdoriga\/?hl=es\",\"https:\/\/youtube.com\/channel\/UCM-GvgUy0EAZU7ZwXKLarkg\"]},{\"@type\":\"Person\",\"@id\":\"https:\/\/lopezdoriga.mx\/#\/schema\/person\/35659eefdb1a26b13cfc2e743de0d4ad\",\"name\":\"Lidia Vargas\",\"image\":{\"@type\":\"ImageObject\",\"inLanguage\":\"es\",\"@id\":\"https:\/\/lopezdoriga.mx\/#\/schema\/person\/image\/\",\"url\":\"https:\/\/secure.gravatar.com\/avatar\/5894a0524c2b73fa9f4f6d1a1a6948f310ccf6492e2819b244e2b46f38d3097a?s=96&d=mm&r=g\",\"contentUrl\":\"https:\/\/secure.gravatar.com\/avatar\/5894a0524c2b73fa9f4f6d1a1a6948f310ccf6492e2819b244e2b46f38d3097a?s=96&d=mm&r=g\",\"caption\":\"Lidia Vargas\"},\"url\":\"https:\/\/lopezdoriga.com\/author\/lidia\/\"}]}<\/script>\n<!-- \/ Yoast SEO plugin. -->","yoast_head_json":{"title":"L\u00f3pez Obrador anuncia nueva estrategia de pacificaci\u00f3n","description":"El presidente L\u00f3pez Obrador indic\u00f3 que la siguiente estrategia a aplicar a nivel nacional ser\u00e1 la de pacificaci\u00f3n","robots":{"index":"index","follow":"follow","max-snippet":"max-snippet:-1","max-image-preview":"max-image-preview:large","max-video-preview":"max-video-preview:-1"},"canonical":"https:\/\/lopezdoriga.mx\/nacional\/lopez-obrador-anuncia-nueva-estrategia-de-pacificacion\/","og_locale":"es_MX","og_type":"article","og_title":"L\u00f3pez Obrador anuncia nueva estrategia de pacificaci\u00f3n","og_description":"El presidente L\u00f3pez Obrador indic\u00f3 que la siguiente estrategia a aplicar a nivel nacional ser\u00e1 la de pacificaci\u00f3n","og_url":"https:\/\/lopezdoriga.mx\/nacional\/lopez-obrador-anuncia-nueva-estrategia-de-pacificacion\/","og_site_name":"L\u00f3pez-D\u00f3riga Digital","article_publisher":"https:\/\/www.facebook.com\/JoaquinLopezDoriga","article_published_time":"2019-02-05T13:14:26+00:00","article_modified_time":"2019-02-05T13:40:55+00:00","og_image":[{"width":1200,"height":645,"url":"https:\/\/lopezdoriga.mx\/wp-content\/uploads\/2019\/02\/amlo-en-conferencia-5-de-febrero.jpg","type":"image\/jpeg"}],"author":"Lidia Vargas","twitter_card":"summary_large_image","twitter_creator":"@lopezdoriga","twitter_site":"@lopezdoriga","twitter_misc":{"Escrito por":"Lidia Vargas","Tiempo de lectura":"1 minuto"},"schema":{"@context":"https:\/\/schema.org","@graph":[{"@type":"NewsArticle","@id":"https:\/\/lopezdoriga.mx\/nacional\/lopez-obrador-anuncia-nueva-estrategia-de-pacificacion\/#article","isPartOf":{"@id":"https:\/\/lopezdoriga.mx\/nacional\/lopez-obrador-anuncia-nueva-estrategia-de-pacificacion\/"},"author":{"name":"Lidia Vargas","@id":"https:\/\/lopezdoriga.mx\/#\/schema\/person\/35659eefdb1a26b13cfc2e743de0d4ad"},"headline":"L\u00f3pez Obrador anuncia nueva estrategia de pacificaci\u00f3n","datePublished":"2019-02-05T13:14:26+00:00","dateModified":"2019-02-05T13:40:55+00:00","mainEntityOfPage":{"@id":"https:\/\/lopezdoriga.mx\/nacional\/lopez-obrador-anuncia-nueva-estrategia-de-pacificacion\/"},"wordCount":207,"publisher":{"@id":"https:\/\/lopezdoriga.mx\/#organization"},"image":{"@id":"https:\/\/lopezdoriga.mx\/nacional\/lopez-obrador-anuncia-nueva-estrategia-de-pacificacion\/#primaryimage"},"thumbnailUrl":"https:\/\/lopezdoriga.com\/wp-content\/uploads\/2019\/02\/amlo-en-conferencia-5-de-febrero.jpg","keywords":["amlo","conferencia de prensa","estrategia de pacificaci\u00f3n","seguridad"],"articleSection":["M\u00e9xico","Nacional"],"inLanguage":"es"},{"@type":"WebPage","@id":"https:\/\/lopezdoriga.mx\/nacional\/lopez-obrador-anuncia-nueva-estrategia-de-pacificacion\/","url":"https:\/\/lopezdoriga.mx\/nacional\/lopez-obrador-anuncia-nueva-estrategia-de-pacificacion\/","name":"L\u00f3pez Obrador anuncia nueva estrategia de pacificaci\u00f3n","isPartOf":{"@id":"https:\/\/lopezdoriga.mx\/#website"},"primaryImageOfPage":{"@id":"https:\/\/lopezdoriga.mx\/nacional\/lopez-obrador-anuncia-nueva-estrategia-de-pacificacion\/#primaryimage"},"image":{"@id":"https:\/\/lopezdoriga.mx\/nacional\/lopez-obrador-anuncia-nueva-estrategia-de-pacificacion\/#primaryimage"},"thumbnailUrl":"https:\/\/lopezdoriga.com\/wp-content\/uploads\/2019\/02\/amlo-en-conferencia-5-de-febrero.jpg","datePublished":"2019-02-05T13:14:26+00:00","dateModified":"2019-02-05T13:40:55+00:00","description":"El presidente L\u00f3pez Obrador indic\u00f3 que la siguiente estrategia a aplicar a nivel nacional ser\u00e1 la de pacificaci\u00f3n","breadcrumb":{"@id":"https:\/\/lopezdoriga.mx\/nacional\/lopez-obrador-anuncia-nueva-estrategia-de-pacificacion\/#breadcrumb"},"inLanguage":"es","potentialAction":[{"@type":"ReadAction","target":["https:\/\/lopezdoriga.mx\/nacional\/lopez-obrador-anuncia-nueva-estrategia-de-pacificacion\/"]}]},{"@type":"ImageObject","inLanguage":"es","@id":"https:\/\/lopezdoriga.mx\/nacional\/lopez-obrador-anuncia-nueva-estrategia-de-pacificacion\/#primaryimage","url":"https:\/\/lopezdoriga.com\/wp-content\/uploads\/2019\/02\/amlo-en-conferencia-5-de-febrero.jpg","contentUrl":"https:\/\/lopezdoriga.com\/wp-content\/uploads\/2019\/02\/amlo-en-conferencia-5-de-febrero.jpg","width":1200,"height":645,"caption":"AMLO en conferencia 5 de febrero. Captura de pantalla"},{"@type":"BreadcrumbList","@id":"https:\/\/lopezdoriga.mx\/nacional\/lopez-obrador-anuncia-nueva-estrategia-de-pacificacion\/#breadcrumb","itemListElement":[{"@type":"ListItem","position":1,"name":"Inicio","item":"https:\/\/lopezdoriga.com\/"},{"@type":"ListItem","position":2,"name":"Nacional","item":"https:\/\/lopezdoriga.mx\/nacional\/"},{"@type":"ListItem","position":3,"name":"L\u00f3pez Obrador anuncia nueva estrategia de pacificaci\u00f3n"}]},{"@type":"WebSite","@id":"https:\/\/lopezdoriga.mx\/#website","url":"https:\/\/lopezdoriga.mx\/","name":"L\u00f3pez-D\u00f3riga Digital","description":"Lo m\u00e1s importante que est\u00e1 pasando en M\u00e9xico y en el mundo minuto a minuto. Cobertura total en L\u00f3pez-D\u00f3riga Digital.","publisher":{"@id":"https:\/\/lopezdoriga.mx\/#organization"},"potentialAction":[{"@type":"SearchAction","target":{"@type":"EntryPoint","urlTemplate":"https:\/\/lopezdoriga.mx\/?s={search_term_string}"},"query-input":{"@type":"PropertyValueSpecification","valueRequired":true,"valueName":"search_term_string"}}],"inLanguage":"es"},{"@type":"Organization","@id":"https:\/\/lopezdoriga.mx\/#organization","name":"L\u00f3pez-D\u00f3riga Digital","url":"https:\/\/lopezdoriga.mx\/","logo":{"@type":"ImageObject","inLanguage":"es","@id":"https:\/\/lopezdoriga.mx\/#\/schema\/logo\/image\/","url":"https:\/\/i0.wp.com\/lopezdoriga.com\/wp-content\/uploads\/2018\/10\/lopezdoriga-news.png?fit=1200%2C630&ssl=1","contentUrl":"https:\/\/i0.wp.com\/lopezdoriga.com\/wp-content\/uploads\/2018\/10\/lopezdoriga-news.png?fit=1200%2C630&ssl=1","width":1200,"height":630,"caption":"L\u00f3pez-D\u00f3riga Digital"},"image":{"@id":"https:\/\/lopezdoriga.mx\/#\/schema\/logo\/image\/"},"sameAs":["https:\/\/www.facebook.com\/JoaquinLopezDoriga","https:\/\/x.com\/lopezdoriga","https:\/\/www.instagram.com\/lopezdoriga\/?hl=es","https:\/\/youtube.com\/channel\/UCM-GvgUy0EAZU7ZwXKLarkg"]},{"@type":"Person","@id":"https:\/\/lopezdoriga.mx\/#\/schema\/person\/35659eefdb1a26b13cfc2e743de0d4ad","name":"Lidia Vargas","image":{"@type":"ImageObject","inLanguage":"es","@id":"https:\/\/lopezdoriga.mx\/#\/schema\/person\/image\/","url":"https:\/\/secure.gravatar.com\/avatar\/5894a0524c2b73fa9f4f6d1a1a6948f310ccf6492e2819b244e2b46f38d3097a?s=96&d=mm&r=g","contentUrl":"https:\/\/secure.gravatar.com\/avatar\/5894a0524c2b73fa9f4f6d1a1a6948f310ccf6492e2819b244e2b46f38d3097a?s=96&d=mm&r=g","caption":"Lidia Vargas"},"url":"https:\/\/lopezdoriga.com\/author\/lidia\/"}]}},"jetpack_featured_media_url":"https:\/\/lopezdoriga.com\/wp-content\/uploads\/2019\/02\/amlo-en-conferencia-5-de-febrero.jpg","jetpack_sharing_enabled":true,"_links":{"self":[{"href":"https:\/\/lopezdoriga.com\/wp-json\/wp\/v2\/posts\/902224","targetHints":{"allow":["GET"]}}],"collection":[{"href":"https:\/\/lopezdoriga.com\/wp-json\/wp\/v2\/posts"}],"about":[{"href":"https:\/\/lopezdoriga.com\/wp-json\/wp\/v2\/types\/post"}],"author":[{"embeddable":true,"href":"https:\/\/lopezdoriga.com\/wp-json\/wp\/v2\/users\/77"}],"replies":[{"embeddable":true,"href":"https:\/\/lopezdoriga.com\/wp-json\/wp\/v2\/comments?post=902224"}],"version-history":[{"count":0,"href":"https:\/\/lopezdoriga.com\/wp-json\/wp\/v2\/posts\/902224\/revisions"}],"wp:featuredmedia":[{"embeddable":true,"href":"https:\/\/lopezdoriga.com\/wp-json\/wp\/v2\/media\/902232"}],"wp:attachment":[{"href":"https:\/\/lopezdoriga.com\/wp-json\/wp\/v2\/media?parent=902224"}],"wp:term":[{"taxonomy":"category","embeddable":true,"href":"https:\/\/lopezdoriga.com\/wp-json\/wp\/v2\/categories?post=902224"},{"taxonomy":"post_tag","embeddable":true,"href":"https:\/\/lopezdoriga.com\/wp-json\/wp\/v2\/tags?post=902224"}],"curies":[{"name":"wp","href":"https:\/\/api.w.org\/{rel}","templated":true}]}}