{"id":20663,"date":"2021-07-03T12:08:21","date_gmt":"2021-07-03T10:08:21","guid":{"rendered":"https:\/\/kortizes.de\/gerhard-engel-copy\/"},"modified":"2023-09-11T10:21:06","modified_gmt":"2023-09-11T08:21:06","slug":"gregor-eichele","status":"publish","type":"post","link":"https:\/\/kortizes.de\/gregor-eichele\/","title":{"rendered":"Gregor Eichele"},"content":{"rendered":"<p><div class=\"fusion-fullwidth fullwidth-box fusion-builder-row-1 nonhundred-percent-fullwidth non-hundred-percent-height-scrolling\" style=\"--awb-border-radius-top-left:0px;--awb-border-radius-top-right:0px;--awb-border-radius-bottom-right:0px;--awb-border-radius-bottom-left:0px;--awb-flex-wrap:wrap;\" ><div class=\"fusion-builder-row fusion-row\"><div class=\"fusion-layout-column fusion_builder_column fusion-builder-column-0 fusion_builder_column_1_1 1_1 fusion-one-full fusion-column-first fusion-column-last\" style=\"--awb-bg-size:cover;\"><div class=\"fusion-column-wrapper fusion-flex-column-wrapper-legacy\"><div class=\"fusion-person person fusion-person-left fusion-person-1 fusion-person-icon-bottom\" style=\"--awb-pic-style-color:#000000;--awb-pic-borderradius:0px;--awb-margin-top:0px;--awb-margin-right:0px;--awb-margin-bottom:0px;--awb-margin-left:0px;\"><div class=\"person-desc\" style=\"background-color:#ffffff;padding:40px;margin-top:0;\"><div class=\"person-author\"><div class=\"person-author-wrapper\"><span class=\"person-name\">Prof. Dr. Gregor Eichele<\/span><span class=\"person-title\"><\/span><\/div><\/div><div class=\"person-content fusion-clearfix\">Prof. Dr. Gregor Eichele ist Professor f\u00fcr Entwicklungsbiologie an der Georg-August-Universit\u00e4t G\u00f6ttingen und Emeritus-Direktor am Max-Planck-Institut f\u00fcr biophysikalische Chemie. Dort leitete er die Abteilung Gene und Verhalten. Er studierte Chemie und Molekularbiologie in Basel, forschte in San Francisco, Boston und Houston. F\u00fcr seine Forschungst\u00e4tigkeit wurde er mit mehreren Preisen ausgezeichnet, darunter dem Friedrich-Miescher-Preis, der h\u00f6chsten Schweizer Auszeichnung f\u00fcr Beitr\u00e4ge auf dem Gebiet der Biochemie. Zu seinen aktuellen Forschungsschwerpunkten geh\u00f6rt u.a. die molekulare Kontrolle zirkadianer Rhythmen sowie die genetische Steuerung der Embryonalentwicklung des Gehirns.<\/div><\/div><\/div><ul style=\"--awb-line-height:23.8px;--awb-icon-width:23.8px;--awb-icon-height:23.8px;--awb-icon-margin:9.8px;--awb-content-margin:33.6px;--awb-circlecolor:#000000;--awb-circle-yes-font-size:12.32px;\" class=\"fusion-checklist fusion-checklist-1 fusion-checklist-default type-icons\"><li class=\"fusion-li-item\" style=\"\"><span class=\"icon-wrapper circle-yes\"><i class=\"fusion-li-icon fa-desktop fas\" aria-hidden=\"true\"><\/i><\/span><div class=\"fusion-li-item-content\">\n<p><a href=\"https:\/\/www.mpibpc.mpg.de\/person\/11307\/16321660\" target=\"_blank\" rel=\"noopener\">Website<\/a><\/p>\n<\/div><\/li><li class=\"fusion-li-item\" style=\"\"><span class=\"icon-wrapper circle-yes\"><i class=\"fusion-li-icon fa-portrait fas\" aria-hidden=\"true\"><\/i><\/span><div class=\"fusion-li-item-content\">\n<p><a href=\"https:\/\/downloads.kortizes.de\/wp-content\/uploads\/pressebilder\/Pressebild_Gregor-Eichele_c_MPI-fuer-biophysikalische-Chemie-31-Irene-Boettcher-Gajewski.jpg\" target=\"_blank\" rel=\"noopener\">Pressefoto*<\/a><\/p>\n<\/div><\/li><\/ul><div class=\"fusion-text fusion-text-1 kleingedrucktes\" style=\"--awb-margin-top:2em;\"><div class=\"fusion-text fusion-text-2\">\n<p>*Verwendung der Pressefotos bitte ausschlie\u00dflich in Zusammenhang mit Berichterstattung \u00fcber Kortizes Veranstaltungen.<br \/>\nBildquelle jeweils im Dateinamen (z.B.: Pressefoto_Petra-Musterfrau_c_Benno-Beispiel.jpg = Quelle ist \u00bbBenno Beispiel\u00ab).<\/p>\n<\/div>\n<\/div>\n<div class=\"fusion-sep-clear\"><\/div><div class=\"fusion-separator fusion-full-width-sep\" style=\"margin-left: auto;margin-right: auto;width:100%;\"><div class=\"fusion-separator-border sep-single\" style=\"--awb-height:20px;--awb-amount:20px;border-color:#50667c;border-top-width:2px;\"><\/div><\/div><div class=\"fusion-sep-clear\"><\/div><div class=\"fusion-text fusion-text-2\"><h2>Veranstaltungen mit Prof. Dr. Gregor Eichele<\/h2>\n<\/div><div class=\"fusion-events-shortcode fusion-events-shortcode-1\" style=\"margin-left: -20px;margin-right: -20px;\"><div class=\"fusion-events-wrapper\" data-pages=\"1\"><div class=\"fusion-events-post fusion-spacing-no fusion-one-third fusion-layout-column\" style=\"padding:20px\"><div class=\"fusion-column-wrapper\"><div class=\"fusion-events-thumbnail hover-type-none\"><a href=\"https:\/\/kortizes.de\/event\/01-10-2021\/\" class=\"url\" rel=\"bookmark\" aria-label=\"Symposium Kortizes 2021: Zeit \u00b7 Geist \u00b7 Gehirn \u2013 Neuro&shy;wissen&shy;schaft und Zeit&shy;erleben\"><span class=\"tribe-events-event-image\" style=\"background-image: url(https:\/\/wp.fifu.app\/kortizes.de\/aHR0cHM6Ly9kb3dubG9hZHMua29ydGl6ZXMuZGUvd3AtY29udGVudC91cGxvYWRzL2V2ZW50cy9ldjIwMjEvZXZlbnRzMV83MTR4NTAwcHhfc3ltcDIwMjEta2V5MS5qcGc\/6327068e5215\/01-10-2021.webp?w=714&h=500&c=0&p=18976); -webkit-background-size: cover; background-size: cover; background-position: center center;\"><\/span><\/a><\/div><div class=\"fusion-events-content-wrapper\" style=\"padding:20px 20px 20px 20px;\"><div class=\"fusion-events-meta\"><h2><a href=\"https:\/\/kortizes.de\/event\/01-10-2021\/\" class=\"url\" rel=\"bookmark\">Symposium Kortizes 2021: Zeit \u00b7 Geist \u00b7 Gehirn \u2013 Neuro&shy;wissen&shy;schaft und Zeit&shy;erleben<\/a><\/h2><h4><span class=\"tribe-event-date-start\">01.10.2021<\/span> - <span class=\"tribe-event-date-end\">03.10.2021<\/span><\/h4><\/div><\/div><\/div><\/div><div class=\"fusion-events-post fusion-spacing-no fusion-one-third fusion-layout-column\" style=\"padding:20px\"><div class=\"fusion-column-wrapper\"><div class=\"fusion-events-thumbnail hover-type-none\"><a href=\"https:\/\/kortizes.de\/event\/01-10-2021_1\/\" class=\"url\" rel=\"bookmark\" aria-label=\"Symposium 2021 | Die innere Uhr \u2013 vom Molek\u00fcl zum Verhalten\"><span class=\"tribe-events-event-image\" style=\"background-image: url(https:\/\/wp.fifu.app\/kortizes.de\/aHR0cHM6Ly9kb3dubG9hZHMua29ydGl6ZXMuZGUvd3AtY29udGVudC91cGxvYWRzL2V2ZW50cy9ldjIwMjEvZXZlbnRzMV83MTR4NTAwcHhfc3ltcDIwMjEtaW5uZXJlMS5qcGc\/59703faa7394\/01-10-2021_1.webp?w=714&h=500&c=0&p=20616); -webkit-background-size: cover; background-size: cover; background-position: center center;\"><\/span><\/a><\/div><div class=\"fusion-events-content-wrapper\" style=\"padding:20px 20px 20px 20px;\"><div class=\"fusion-events-meta\"><h2><a href=\"https:\/\/kortizes.de\/event\/01-10-2021_1\/\" class=\"url\" rel=\"bookmark\">Symposium 2021 | Die innere Uhr \u2013 vom Molek\u00fcl zum Verhalten<\/a><\/h2><h4><span class=\"tribe-event-date-start\">01.10.2021,  19:15<\/span> - <span class=\"tribe-event-time\">21:00<\/span><\/h4><\/div><\/div><\/div><\/div><div class=\"fusion-clearfix\"><\/div><\/div><\/div><div class=\"fusion-clearfix\"><\/div><\/div><\/div><\/div><\/div><div class=\"fusion-fullwidth fullwidth-box fusion-builder-row-2 fusion-flex-container nonhundred-percent-fullwidth non-hundred-percent-height-scrolling\" style=\"--awb-border-radius-top-left:0px;--awb-border-radius-top-right:0px;--awb-border-radius-bottom-right:0px;--awb-border-radius-bottom-left:0px;--awb-flex-wrap:wrap;\" ><div class=\"fusion-builder-row fusion-row fusion-flex-align-items-center fusion-flex-content-wrap\" style=\"max-width:1331.2px;margin-left: calc(-4% \/ 2 );margin-right: calc(-4% \/ 2 );\"><div class=\"fusion-layout-column fusion_builder_column fusion-builder-column-1 fusion_builder_column_1_1 1_1 fusion-flex-column\" style=\"--awb-bg-size:cover;--awb-width-large:100%;--awb-margin-top-large:0px;--awb-spacing-right-large:1.92%;--awb-margin-bottom-large:0px;--awb-spacing-left-large:1.92%;--awb-width-medium:100%;--awb-order-medium:0;--awb-spacing-right-medium:1.92%;--awb-spacing-left-medium:1.92%;--awb-width-small:100%;--awb-order-small:0;--awb-spacing-right-small:1.92%;--awb-spacing-left-small:1.92%;\"><div class=\"fusion-column-wrapper fusion-column-has-shadow fusion-flex-justify-content-flex-start fusion-content-layout-column\"><div class=\"fusion-separator fusion-full-width-sep\" style=\"align-self: center;margin-left: auto;margin-right: auto;width:100%;\"><div class=\"fusion-separator-border sep-single\" style=\"--awb-height:20px;--awb-amount:20px;border-color:#50667c;border-top-width:2px;\"><\/div><\/div><\/div><\/div><div class=\"fusion-layout-column fusion_builder_column fusion-builder-column-2 fusion_builder_column_1_4 1_4 fusion-flex-column fusion-flex-align-self-center\" style=\"--awb-bg-size:cover;--awb-width-large:25%;--awb-margin-top-large:0px;--awb-spacing-right-large:7.68%;--awb-margin-bottom-large:0px;--awb-spacing-left-large:7.68%;--awb-width-medium:100%;--awb-order-medium:0;--awb-spacing-right-medium:1.92%;--awb-spacing-left-medium:1.92%;--awb-width-small:100%;--awb-order-small:0;--awb-spacing-right-small:1.92%;--awb-spacing-left-small:1.92%;\"><div class=\"fusion-column-wrapper fusion-column-has-shadow fusion-flex-justify-content-flex-start fusion-content-layout-row\"><div class=\"fusion-image-element \" style=\"--awb-caption-title-font-family:var(--h2_typography-font-family);--awb-caption-title-font-weight:var(--h2_typography-font-weight);--awb-caption-title-font-style:var(--h2_typography-font-style);--awb-caption-title-size:var(--h2_typography-font-size);--awb-caption-title-transform:var(--h2_typography-text-transform);--awb-caption-title-line-height:var(--h2_typography-line-height);--awb-caption-title-letter-spacing:var(--h2_typography-letter-spacing);\"><span class=\" fusion-imageframe imageframe-none imageframe-1 hover-type-none\"><img decoding=\"async\" width=\"600\" height=\"600\" title=\"buch-symp2021_600x600px1\" src=\"https:\/\/kortizes.de\/wp-content\/uploads\/shop\/buecher-symposien\/buch-symp2021_600x600px1.jpg\" data-orig-src=\"https:\/\/kortizes.de\/wp-content\/uploads\/shop\/buecher-symposien\/buch-symp2021_600x600px1.jpg\" alt class=\"lazyload img-responsive wp-image-28261\" srcset=\"data:image\/svg+xml,%3Csvg%20xmlns%3D%27http%3A%2F%2Fwww.w3.org%2F2000%2Fsvg%27%20width%3D%27600%27%20height%3D%27600%27%20viewBox%3D%270%200%20600%20600%27%3E%3Crect%20width%3D%27600%27%20height%3D%27600%27%20fill-opacity%3D%220%22%2F%3E%3C%2Fsvg%3E\" data-srcset=\"https:\/\/kortizes.de\/wp-content\/uploads\/shop\/buecher-symposien\/buch-symp2021_600x600px1-200x200.jpg 200w, https:\/\/kortizes.de\/wp-content\/uploads\/shop\/buecher-symposien\/buch-symp2021_600x600px1-400x400.jpg 400w, https:\/\/kortizes.de\/wp-content\/uploads\/shop\/buecher-symposien\/buch-symp2021_600x600px1.jpg 600w\" data-sizes=\"auto\" data-orig-sizes=\"(max-width: 1024px) 100vw, (max-width: 640px) 100vw, 400px\" \/><\/span><\/div><\/div><\/div><div class=\"fusion-layout-column fusion_builder_column fusion-builder-column-3 fusion_builder_column_1_2 1_2 fusion-flex-column fusion-flex-align-self-center\" style=\"--awb-bg-size:cover;--awb-width-large:50%;--awb-margin-top-large:0px;--awb-spacing-right-large:3.84%;--awb-margin-bottom-large:0px;--awb-spacing-left-large:3.84%;--awb-width-medium:100%;--awb-order-medium:0;--awb-spacing-right-medium:1.92%;--awb-spacing-left-medium:1.92%;--awb-width-small:100%;--awb-order-small:0;--awb-spacing-right-small:1.92%;--awb-spacing-left-small:1.92%;\"><div class=\"fusion-column-wrapper fusion-column-has-shadow fusion-flex-justify-content-flex-start fusion-content-layout-row\"><div class=\"fusion-text fusion-text-3\"><p>Ein Vortrag dieser Referentin bzw. dieses Referenten ist als Beitrag in \u00bbZeit \u00b7 Geist \u00b7 Gehirn\u00ab nachzulesen. Das Buch k\u00f6nnen Sie im Kortizes-Shop als <a href=\"https:\/\/shop.kortizes.de\/produkt\/symp-kortizes-zeit\/\" target=\"_blank\" rel=\"noopener\">Taschenbuch<\/a> oder <a href=\"https:\/\/shop.kortizes.de\/produkt\/symp-kortizes-zeit-ebook\/\" target=\"_blank\" rel=\"noopener\">E-Book<\/a> erwerben.<\/p>\n<\/div><\/div><\/div><\/div><\/div>\n<\/p>\n","protected":false},"excerpt":{"rendered":"","protected":false},"author":1,"featured_media":32407,"comment_status":"closed","ping_status":"closed","sticky":false,"template":"","format":"standard","meta":{"fifu_image_url":"https:\/\/downloads.kortizes.de\/wp-content\/uploads\/personen\/referenten\/personen1_400x400px_eichele-g.jpg","fifu_image_alt":"","footnotes":""},"categories":[5],"tags":[],"class_list":["post-20663","post","type-post","status-publish","format-standard","has-post-thumbnail","hentry","category-referenten","cat_eichele-g","cat_segment"],"fifu_image_url":"https:\/\/downloads.kortizes.de\/wp-content\/uploads\/personen\/referenten\/personen1_400x400px_eichele-g.jpg","_links":{"self":[{"href":"https:\/\/kortizes.de\/wp-json\/wp\/v2\/posts\/20663","targetHints":{"allow":["GET"]}}],"collection":[{"href":"https:\/\/kortizes.de\/wp-json\/wp\/v2\/posts"}],"about":[{"href":"https:\/\/kortizes.de\/wp-json\/wp\/v2\/types\/post"}],"author":[{"embeddable":true,"href":"https:\/\/kortizes.de\/wp-json\/wp\/v2\/users\/1"}],"replies":[{"embeddable":true,"href":"https:\/\/kortizes.de\/wp-json\/wp\/v2\/comments?post=20663"}],"version-history":[{"count":0,"href":"https:\/\/kortizes.de\/wp-json\/wp\/v2\/posts\/20663\/revisions"}],"wp:featuredmedia":[{"embeddable":true,"href":"https:\/\/kortizes.de\/wp-json\/wp\/v2\/media\/32407"}],"wp:attachment":[{"href":"https:\/\/kortizes.de\/wp-json\/wp\/v2\/media?parent=20663"}],"wp:term":[{"taxonomy":"category","embeddable":true,"href":"https:\/\/kortizes.de\/wp-json\/wp\/v2\/categories?post=20663"},{"taxonomy":"post_tag","embeddable":true,"href":"https:\/\/kortizes.de\/wp-json\/wp\/v2\/tags?post=20663"}],"curies":[{"name":"wp","href":"https:\/\/api.w.org\/{rel}","templated":true}]}}