{"id":6491,"date":"2016-02-04T18:36:22","date_gmt":"2016-02-04T18:36:22","guid":{"rendered":"http:\/\/s657853131.online.de\/?p=6491"},"modified":"2019-01-24T17:42:09","modified_gmt":"2019-01-24T17:42:09","slug":"claytogether","status":"publish","type":"post","link":"https:\/\/interiorpark.com\/claytogether","title":{"rendered":"Claytogether"},"content":{"rendered":"\n<style type=\"text\/css\" data-created_by=\"avia_inline_auto\" id=\"style-css-av-fy4l7-d2e12db1cdd136cb52b2c085e880dc63\">\n.flex_column.av-fy4l7-d2e12db1cdd136cb52b2c085e880dc63{\nborder-radius:0px 0px 0px 0px;\npadding:0px 0px 0px 0px;\n}\n<\/style>\n<div  class='flex_column av-fy4l7-d2e12db1cdd136cb52b2c085e880dc63 av_one_full first flex_column_div av-zero-column-padding  '     ><section  class='av_textblock_section av-31y9aj-92cd65b6543a61fbcbd8f3d767b91d85 '   itemscope=\"itemscope\" itemtype=\"https:\/\/schema.org\/BlogPosting\" itemprop=\"blogPost\" ><div class='avia_textblock'  itemprop=\"text\" ><h1>Expertenaustausch zu Lehmbau<\/h1>\n<p>Angesichts des hohen Stellenwerts der Fachmesse DACH UND HOLZ als wichtigem Branchentreff im S\u00fcdwesten lud unser Partner Claytec\u00a0 zum Partnertreffen und zum fachlichen Austausch in entspannter und geselliger Atmosph\u00e4re in unserem Store Stuttgart ein.<\/p>\n<p>Als Location wurde am 4.02.2016 unser\u00a0 InteriorPark. Store wegen des gehobenen Designanspruch des Produktportfolios und als Ausstellung nachhaltiger Designerm\u00f6bel und Wohnaccessoires f\u00fcr gesunde Einrichtung und Innenarchitektur ausgew\u00e4hlt. Dort ist auch Claytec vertreten.<\/p>\n<p>Ulrich R\u00f6hlen gab einen Ausblick auf die neuen farbigen Lehm-Designprodukte, die ab M\u00e4rz angeboten werden.<\/p>\n<\/div><\/section><\/div>\n","protected":false},"excerpt":{"rendered":"","protected":false},"author":2,"featured_media":6533,"comment_status":"closed","ping_status":"open","sticky":false,"template":"","format":"gallery","meta":{"footnotes":""},"categories":[5],"tags":[],"class_list":["post-6491","post","type-post","status-publish","format-gallery","has-post-thumbnail","hentry","category-veranstaltungen","post_format-post-format-gallery"],"aioseo_notices":[],"_links":{"self":[{"href":"https:\/\/interiorpark.com\/wp-json\/wp\/v2\/posts\/6491","targetHints":{"allow":["GET"]}}],"collection":[{"href":"https:\/\/interiorpark.com\/wp-json\/wp\/v2\/posts"}],"about":[{"href":"https:\/\/interiorpark.com\/wp-json\/wp\/v2\/types\/post"}],"author":[{"embeddable":true,"href":"https:\/\/interiorpark.com\/wp-json\/wp\/v2\/users\/2"}],"replies":[{"embeddable":true,"href":"https:\/\/interiorpark.com\/wp-json\/wp\/v2\/comments?post=6491"}],"version-history":[{"count":4,"href":"https:\/\/interiorpark.com\/wp-json\/wp\/v2\/posts\/6491\/revisions"}],"predecessor-version":[{"id":24652,"href":"https:\/\/interiorpark.com\/wp-json\/wp\/v2\/posts\/6491\/revisions\/24652"}],"wp:featuredmedia":[{"embeddable":true,"href":"https:\/\/interiorpark.com\/wp-json\/wp\/v2\/media\/6533"}],"wp:attachment":[{"href":"https:\/\/interiorpark.com\/wp-json\/wp\/v2\/media?parent=6491"}],"wp:term":[{"taxonomy":"category","embeddable":true,"href":"https:\/\/interiorpark.com\/wp-json\/wp\/v2\/categories?post=6491"},{"taxonomy":"post_tag","embeddable":true,"href":"https:\/\/interiorpark.com\/wp-json\/wp\/v2\/tags?post=6491"}],"curies":[{"name":"wp","href":"https:\/\/api.w.org\/{rel}","templated":true}]}}