{"id":45261,"date":"2025-10-10T11:14:44","date_gmt":"2025-10-10T09:14:44","guid":{"rendered":"https:\/\/interiorpark.com\/?p=45261"},"modified":"2026-01-08T16:28:01","modified_gmt":"2026-01-08T15:28:01","slug":"interview-agora42","status":"publish","type":"post","link":"https:\/\/interiorpark.com\/interview-agora42","title":{"rendered":"Interview agora42"},"content":{"rendered":"<div  class='flex_column av-7z46tp-d559db17f40b326bb6548c156dde6132 av_one_full  avia-builder-el-0  el_before_av_one_full  avia-builder-el-first  first flex_column_div  '     ><div  class='avia-slideshow av-mgkmest2-57e09d7149595a929c28a2e44cdeb936 avia-slideshow-featured_large av_slideshow avia-slide-slider  avia-builder-el-1  avia-builder-el-no-sibling  av-slideshow-ui av-control-default av-slideshow-manual av-loop-once av-loop-manual-endless av-default-height-applied avia-slideshow-1' data-slideshow-options=\"{&quot;animation&quot;:&quot;slide&quot;,&quot;autoplay&quot;:false,&quot;loop_autoplay&quot;:&quot;once&quot;,&quot;interval&quot;:5,&quot;loop_manual&quot;:&quot;manual-endless&quot;,&quot;autoplay_stopper&quot;:false,&quot;noNavigation&quot;:false,&quot;bg_slider&quot;:false,&quot;keep_padding&quot;:false,&quot;hoverpause&quot;:false,&quot;show_slide_delay&quot;:0}\"  itemprop=\"image\" itemscope=\"itemscope\" itemtype=\"https:\/\/schema.org\/ImageObject\" ><ul class='avia-slideshow-inner ' style='padding-bottom: 52.675585284281%;'><li  class='avia-slideshow-slide av-mgkmest2-57e09d7149595a929c28a2e44cdeb936__0  slide-1 slide-odd'><div data-rel='slideshow-1' class='avia-slide-wrap '   ><img decoding=\"async\" fetchpriority=\"high\" class=\"wp-image-45268 avia-img-lazy-loading-not-45268\"  src=\"https:\/\/interiorpark.com\/wp-content\/uploads\/2025\/10\/agora42_Interview-Cover.jpg\" width=\"1196\" height=\"630\" title='04-2025_agora42_Interview-Cover' alt=''  itemprop=\"thumbnailUrl\" srcset=\"https:\/\/interiorpark.com\/wp-content\/uploads\/2025\/10\/agora42_Interview-Cover.jpg 1196w, https:\/\/interiorpark.com\/wp-content\/uploads\/2025\/10\/agora42_Interview-Cover-300x158.jpg 300w, https:\/\/interiorpark.com\/wp-content\/uploads\/2025\/10\/agora42_Interview-Cover-1030x543.jpg 1030w, https:\/\/interiorpark.com\/wp-content\/uploads\/2025\/10\/agora42_Interview-Cover-768x405.jpg 768w, https:\/\/interiorpark.com\/wp-content\/uploads\/2025\/10\/agora42_Interview-Cover-710x375.jpg 710w, https:\/\/interiorpark.com\/wp-content\/uploads\/2025\/10\/agora42_Interview-Cover-705x371.jpg 705w\" sizes=\"(max-width: 1196px) 100vw, 1196px\" \/><\/div><\/li><\/ul><\/div><\/div>\n<div  class='flex_column av-6zm3xm5-3305dc48bdf69d8c33db9b3a489fc147 av_one_full  avia-builder-el-2  el_after_av_one_full  el_before_av_one_half  first flex_column_div  column-top-margin'     ><section  class='av_textblock_section av-mgkmlr8d-56ca453048ef7d15db06693f9701b8fd '   itemscope=\"itemscope\" itemtype=\"https:\/\/schema.org\/BlogPosting\" itemprop=\"blogPost\" ><div class='avia_textblock'  itemprop=\"text\" ><h1>\u201eWir k\u00f6nnen morgen starten\u201c<\/h1>\n<p><span class=\"break-words tvm-parent-container\"><span dir=\"ltr\">Interview mit Tina Kammer von InteriorPark. \u00fcber Projektplanung, nachhaltige Architektur und den Umbau des Bauwesens. Sie meint: &#8222;Wenn wir bedarfsgerecht und effizient planen wollen, brauchen wir dringend eine neue Idee davon, wie wir in Zukunft leben wollen.&#8220; <\/span><\/span><\/p>\n<p>Das Interview f\u00fchrte Frank Augustin, Chefredakteur, agora42 Das philosophische Wirtschaftsmagazin<br \/>\n04\/2025, Seite 38 &#8211; 55<\/p>\n<p>Das Magazin kann direkt beim Verlag <strong><a href=\"https:\/\/agora42.de\/shop\/4-2025-was-ist-der-plan\/\" target=\"_blank\" rel=\"noopener\">online bestellt<\/a><\/strong> werden.<\/p>\n<\/div><\/section><\/div><div  class='flex_column av-6l9ojhp-4d8454490f7960885349e69bb9f62005 av_one_half  avia-builder-el-4  el_after_av_one_full  el_before_av_one_half  first flex_column_div  column-top-margin'     ><p>\n<style type=\"text\/css\" data-created_by=\"avia_inline_auto\" id=\"style-css-av-mk5k9ohc-5ec501f5783d246dfdb2cb508ff65671\">\n.avia-image-container.av-mk5k9ohc-5ec501f5783d246dfdb2cb508ff65671 img.avia_image{\nbox-shadow:none;\n}\n.avia-image-container.av-mk5k9ohc-5ec501f5783d246dfdb2cb508ff65671 .av-image-caption-overlay-center{\ncolor:#ffffff;\n}\n<\/style>\n<div  class='avia-image-container av-mk5k9ohc-5ec501f5783d246dfdb2cb508ff65671 av-styling- avia-align-center  avia-builder-el-5  el_before_av_hr  avia-builder-el-first '   itemprop=\"image\" itemscope=\"itemscope\" itemtype=\"https:\/\/schema.org\/ImageObject\" ><div class=\"avia-image-container-inner\"><div class=\"avia-image-overlay-wrap\"><img decoding=\"async\" fetchpriority=\"high\" class='wp-image-45432 avia-img-lazy-loading-not-45432 avia_image ' src=\"https:\/\/interiorpark.com\/wp-content\/uploads\/2025\/10\/04-2025_agora42_Doppelseiten_Seite_21-1030x679.jpg\" alt='' title='04-2025_agora42_Doppelseiten_Seite_21'  height=\"679\" width=\"1030\"  itemprop=\"thumbnailUrl\" srcset=\"https:\/\/interiorpark.com\/wp-content\/uploads\/2025\/10\/04-2025_agora42_Doppelseiten_Seite_21-1030x679.jpg 1030w, https:\/\/interiorpark.com\/wp-content\/uploads\/2025\/10\/04-2025_agora42_Doppelseiten_Seite_21-300x198.jpg 300w, https:\/\/interiorpark.com\/wp-content\/uploads\/2025\/10\/04-2025_agora42_Doppelseiten_Seite_21-768x507.jpg 768w, https:\/\/interiorpark.com\/wp-content\/uploads\/2025\/10\/04-2025_agora42_Doppelseiten_Seite_21-1536x1013.jpg 1536w, https:\/\/interiorpark.com\/wp-content\/uploads\/2025\/10\/04-2025_agora42_Doppelseiten_Seite_21-1500x989.jpg 1500w, https:\/\/interiorpark.com\/wp-content\/uploads\/2025\/10\/04-2025_agora42_Doppelseiten_Seite_21-705x465.jpg 705w, https:\/\/interiorpark.com\/wp-content\/uploads\/2025\/10\/04-2025_agora42_Doppelseiten_Seite_21.jpg 1654w\" sizes=\"(max-width: 1030px) 100vw, 1030px\" \/><\/div><\/div><\/div><br \/>\n\n<style type=\"text\/css\" data-created_by=\"avia_inline_auto\" id=\"style-css-av-mk5lodej-d707117c25d38e14729e72b45cb4f4de\">\n#top .hr.av-mk5lodej-d707117c25d38e14729e72b45cb4f4de{\nmargin-top:30px;\nmargin-bottom:30px;\n}\n.hr.av-mk5lodej-d707117c25d38e14729e72b45cb4f4de .hr-inner{\nwidth:100%;\nborder-color:#ffffff;\n}\n<\/style>\n<div  class='hr av-mk5lodej-d707117c25d38e14729e72b45cb4f4de hr-custom  avia-builder-el-6  el_after_av_image  el_before_av_textblock  hr-center hr-icon-no'><span class='hr-inner inner-border-av-border-thin'><span class=\"hr-inner-style\"><\/span><\/span><\/div><br \/>\n<section  class='av_textblock_section av-mk5kily2-c1095286072630eabf6a6c9f6f4f0186 '   itemscope=\"itemscope\" itemtype=\"https:\/\/schema.org\/BlogPosting\" itemprop=\"blogPost\" ><div class='avia_textblock'  itemprop=\"text\" ><p><strong>Frau Kammer, die Bauwirtschaft ist ein ressourcenintensiver Sektor, verantwortlich f\u00fcr rund 40 Prozent des globalen CO2-Aussto\u00dfes und 60 Prozent des globalen M\u00fclls. Muss angesichts dieser desastr\u00f6sen Umweltbilanz schleunigst eine \u201eBauwende\u201c her, analog zur Klimawende?<\/strong><\/p>\n<p>Sagen wir es so: Ohne Bauwende gibt es auch keine Klimawende. Nat\u00fcrlich m\u00fcssen wir die Dekarbonisierung auf allen Ebenen vorantreiben, nicht nur in der Bauwirtschaft. Aber in der Bauwirtschaft ist dies von entscheidender Bedeutung, weil die Materialstr\u00f6me wahnsinnig gro\u00df sind. Zudem \u00fcberschneidet sich die Bauwirtschaft mit anderen wirtschaftlichen Sektoren, wie Industrie, Energie und Mobilit\u00e4t. Das l\u00e4sst sich teilweise gar nicht trennen. Denken Sie beispielsweise an den Transport der ganzen Baustoffe und der Maschinen. Die Bauwirtschaft ist die ressourcenintensivste Industrie mit etwa 60 % Ressourcenverbrauch. Allein bei den mineralischen<\/p>\n<\/div><\/section><\/p><\/div><div  class='flex_column av-6elopjh-be504b9fe6e60de5cace337919633a44 av_one_half  avia-builder-el-8  el_after_av_one_half  el_before_av_hr  flex_column_div  column-top-margin'     ><section  class='av_textblock_section av-mk5kjprl-fcbc7f9b51077376bbb367a97229609c '   itemscope=\"itemscope\" itemtype=\"https:\/\/schema.org\/BlogPosting\" itemprop=\"blogPost\" ><div class='avia_textblock'  itemprop=\"text\" ><p>Rohstoffen liegt sie bei einem Anteil von etwa 80 %. Und das geht nat\u00fcrlich immer auch mit CO2-Emissionen einher, denn die Materialien werden gef\u00f6rdert, transportiert und verarbeitet. Wenn wir die Dekarbonisierung in der Bauwirtschaft nicht schaffen, dann schaffen wir sie in allen anderen Bereichen auch nicht.<\/p>\n<p><strong>Wenn wir das gro\u00dfe Ganze in den Blick nehmen, wenn wir vom Ziel, vom Ende her planen \u2013 was w\u00e4re ein Bauen, von dem Sie sagen w\u00fcrden: Da m\u00fcssen wir hin?<\/strong><\/p>\n<p>Das ist schon lange bekannt und auch nicht von mir: Wir m\u00fcssen erstens mit Sekund\u00e4rrohstoffen arbeiten, das hei\u00dft mit Materialien, die durch Recycling aus Abf\u00e4llen oder bereits verbauter Produkte gewonnen werden und zweitens mit nachwachsenden Rohstoffen. Damit man sich eine Vorstellung von den Mengen machen kann: So, wie wir hier sitzen, verbraucht jeder einzelne von uns in Deutschland, also der Fotograf und wir beide, jeweils ein Kilo Steine pro Stunde. Ein weiteres Beispiel: Sand, der unter anderem f\u00fcr die Betonindustrie ben\u00f6tigt wird, ist weltweit der zweitbegehrteste Rohstoff nach Wasser!<br \/>\nAlso: Sekund\u00e4rrohstoffe und nachwachsende Rohstoffe. Und dann geht es, global betrachtet, nat\u00fcrlich auch um gerechte Verteilung, denn im Gegensatz zum Norden w\u00e4chst die Bev\u00f6lkerung im globalen S\u00fcden. Wie werden die Ressourcen aufgeteilt? In Deutschland haben wir eher mit wachsendem Fl\u00e4chenbedarf, Leerstand und einem Umverteilungsthema zu tun, als dass neue Geb\u00e4ude ben\u00f6tigt werden. Im Moment leben weltweit etwa 50 % der Menschen in St\u00e4dten. Bis 2050 werden es 70 % sein und da sprechen wir auch \u00fcber St\u00e4dte, die noch gar nicht gebaut sind. Und die Frage ist: Aus was werden die H\u00e4user f\u00fcr diese Menschen denn gebaut? Insofern ist die Ressourcenfrage auch immer eine Gerechtigkeitsfrage. Bei der Bauwende geht es also um viel mehr als um die Frage, wie wir hier in Deutschland unsere Geb\u00e4ude ert\u00fcchtigen. Und dabei darf man nicht vergessen, dass unsere Bauindustrie weltweit aktiv ist und deutsche Architekturb\u00fcros international arbeiten.<\/p>\n<\/div><\/section><\/div>\n<style type=\"text\/css\" data-created_by=\"avia_inline_auto\" id=\"style-css-av-mk5lfzox-a8cb627d73a48fafc7523d5287827a15\">\n#top .hr.av-mk5lfzox-a8cb627d73a48fafc7523d5287827a15{\nmargin-top:30px;\nmargin-bottom:30px;\n}\n.hr.av-mk5lfzox-a8cb627d73a48fafc7523d5287827a15 .hr-inner{\nwidth:100%;\nborder-color:#473c36;\n}\n<\/style>\n<div  class='hr av-mk5lfzox-a8cb627d73a48fafc7523d5287827a15 hr-custom  avia-builder-el-10  el_after_av_one_half  el_before_av_one_half  hr-center hr-icon-no'><span class='hr-inner inner-border-av-border-thin'><span class=\"hr-inner-style\"><\/span><\/span><\/div><\/p>\n<div  class='flex_column av-5xvabnx-0b0af3e7881b52dd89f4f6e9cc91deec av_one_half  avia-builder-el-11  el_after_av_hr  el_before_av_one_half  first flex_column_div  '     ><section  class='av_textblock_section av-mk5kldly-5525d935966b0b6befd28f6b3d425a1e '   itemscope=\"itemscope\" itemtype=\"https:\/\/schema.org\/BlogPosting\" itemprop=\"blogPost\" ><div class='avia_textblock'  itemprop=\"text\" ><p><strong>Wenn man von nachhaltigen, nachwachsenden Rohstoffen spricht, kann man sich schwer vorstellen, wie das in der Breite funktionieren soll. Sie fordern die schnellstm\u00f6gliche Transformation des Bauens hin zu einem kreislaufgerechten Bauen. Was ist darunter zu verstehen?<\/strong><\/p>\n<p>Da kann ich mit der Natur beginnen: Die Natur kennt keinen Abfall. In der Natur befinden sich Energie- und Materialstr\u00f6me in einem Kreislauf. Wir sind in einem geschlossenen System gefangen: Alles, was wir tun, bleibt auf der Erde. Die Materialien werden nur umgewandelt: durch Verdunstung, Verrottung oder Verbrennung landen sie in der Atmosph\u00e4re. In der Natur sind diese Prozesse immer im Gleichgewicht. Wir m\u00fcssen also lernen, in Kreisl\u00e4ufen zu denken und zu planen. Das ist ein gro\u00dfer Schritt, weil wir das bisher nicht getan haben. Wir schmei\u00dfen Dinge einfach weg und glauben auch, dass wir sie wegschmei\u00dfen \u2013 dabei k\u00f6nnen wir das gar nicht. Sie bleiben ja nach wie vor auf der Erde. Wir m\u00fcssen also lernen, keinen Abfall mehr zu produzieren.<br \/>\nWenn wir nachwachsende Rohstoffe verwenden, haben diese den Vorteil, dass sie durch die Photosynthese schon CO2 gebunden haben. Weil das CO2 im Material gespeichert ist, k\u00f6nnen Geb\u00e4ude auch als CO2-Speicher generiert und genutzt werden. Wir haben da in der Bauwirtschaft also noch riesige M\u00f6glichkeiten.<br \/>\nAuf die Bauplanung bezogen \u00e4ndert sich eine Sache grundlegend: Beim kreislauff\u00e4higen Bauen ist keine lineare Planung m\u00f6glich. Alle am Bau Beteiligten m\u00fcssen an einem Strang ziehen und das bedeutet eine enge interdisziplin\u00e4re Zusammenarbeit. Sich von der gewohnten, g\u00e4ngigen Praxis zu verabschieden, wird notwendig sein, um neue Methoden und Prozesse zu entwickeln. Dazu erstellen aktuell unterschiedliche Institutionen entsprechende Rahmenbedingung. Selbst die DIN als Flaggschiff hat bereits Handlungsempfehlungen erarbeitet, bei denen ich selbst aktiv war.<\/p>\n<\/div><\/section><\/div>\n<div  class='flex_column av-5cak7v1-8781bd99d2e2e5e519e64af43f1da0a1 av_one_half  avia-builder-el-13  el_after_av_one_half  el_before_av_hr  flex_column_div  '     ><style type=\"text\/css\" data-created_by=\"avia_inline_auto\" id=\"style-css-av-mk5kmduq-98cf011e95b226051e488314aaa9c944\">\n.avia-image-container.av-mk5kmduq-98cf011e95b226051e488314aaa9c944 img.avia_image{\nbox-shadow:none;\n}\n.avia-image-container.av-mk5kmduq-98cf011e95b226051e488314aaa9c944 .av-image-caption-overlay-center{\ncolor:#ffffff;\n}\n<\/style>\n<div  class='avia-image-container av-mk5kmduq-98cf011e95b226051e488314aaa9c944 av-styling- avia-align-center  avia-builder-el-14  avia-builder-el-no-sibling '   itemprop=\"image\" itemscope=\"itemscope\" itemtype=\"https:\/\/schema.org\/ImageObject\" ><div class=\"avia-image-container-inner\"><div class=\"avia-image-overlay-wrap\"><img decoding=\"async\" fetchpriority=\"high\" class='wp-image-45434 avia-img-lazy-loading-not-45434 avia_image ' src=\"https:\/\/interiorpark.com\/wp-content\/uploads\/2025\/10\/Bild2-782x1030.jpg\" alt='' title='04-2025_agora42_Doppelseiten_Seite_26'  height=\"1030\" width=\"782\"  itemprop=\"thumbnailUrl\" srcset=\"https:\/\/interiorpark.com\/wp-content\/uploads\/2025\/10\/Bild2-782x1030.jpg 782w, https:\/\/interiorpark.com\/wp-content\/uploads\/2025\/10\/Bild2-300x395.jpg 300w, https:\/\/interiorpark.com\/wp-content\/uploads\/2025\/10\/Bild2-768x1012.jpg 768w, https:\/\/interiorpark.com\/wp-content\/uploads\/2025\/10\/Bild2-1166x1536.jpg 1166w, https:\/\/interiorpark.com\/wp-content\/uploads\/2025\/10\/Bild2-1555x2048.jpg 1555w, https:\/\/interiorpark.com\/wp-content\/uploads\/2025\/10\/Bild2-1139x1500.jpg 1139w, https:\/\/interiorpark.com\/wp-content\/uploads\/2025\/10\/Bild2-535x705.jpg 535w, https:\/\/interiorpark.com\/wp-content\/uploads\/2025\/10\/Bild2.jpg 1882w\" sizes=\"(max-width: 782px) 100vw, 782px\" \/><\/div><\/div><\/div><\/div>\n\n<style type=\"text\/css\" data-created_by=\"avia_inline_auto\" id=\"style-css-av-av_hr-e6c0c5023b9b91484972c2d8832f4f45\">\n#top .hr.av-av_hr-e6c0c5023b9b91484972c2d8832f4f45{\nmargin-top:30px;\nmargin-bottom:30px;\n}\n.hr.av-av_hr-e6c0c5023b9b91484972c2d8832f4f45 .hr-inner{\nwidth:100%;\nborder-color:#473c36;\n}\n<\/style>\n<div  class='hr av-av_hr-e6c0c5023b9b91484972c2d8832f4f45 hr-custom  avia-builder-el-15  el_after_av_one_half  el_before_av_one_half  hr-center hr-icon-no'><span class='hr-inner inner-border-av-border-thin'><span class=\"hr-inner-style\"><\/span><\/span><\/div>\n<div  class='flex_column av-4rxlh0t-eb3b79edb2f98b7187a405813b8f7b18 av_one_half  avia-builder-el-16  el_after_av_hr  el_before_av_one_half  first flex_column_div  '     ><section  class='av_textblock_section av-mk5kr4tz-2fb6d3cd59ccf6a6ee55809c75e392af '   itemscope=\"itemscope\" itemtype=\"https:\/\/schema.org\/BlogPosting\" itemprop=\"blogPost\" ><div class='avia_textblock'  itemprop=\"text\" ><p><strong>Eine wichtige Voraussetzung f\u00fcr kreislauff\u00e4higes Bauen w\u00e4re auch, dass die Geb\u00e4ude so gebaut werden, dass ihre Bestandteile wieder in den Kreislauf zur\u00fcckkehren k\u00f6nnen, richtig? Zum Beispiel ist es bei D\u00e4mmmaterialien ja oft ein Problem, dass man diese nicht wiederverwerten kann.<\/strong><\/p>\n<p>Genau, es ist notwendig mit Monomaterialien arbeiten, also nicht mit verklebten, verbackenen Materialien. Bei Kreislaufwirtschaft ist Teil der Logik auch Materialgesundheit. Wir d\u00fcrfen keine Gifte verarbeiten, weil wir die anschlie\u00dfend wieder recyceln. Das hei\u00dft, wir m\u00fcssen schon w\u00e4hrend der Planungsphase das Ende mitplanen, indem wir reversible also r\u00fcckbaubare Konstruktionen einsetzen.<br \/>\nWir haben in Deutschland einen riesigen Geb\u00e4udebestand, der nach heutigen Anforderungen transformiert werden muss bzw. bei dem die aktuelle Nutzung gar nicht mehr gebraucht wird. Man denke an die gro\u00dfen Kaufh\u00e4user, in denen enorm viel Material verbaut ist. Am Ende ist ein Geb\u00e4ude auch ein Materiallager. Wie gehen wir mit diesem Material um? K\u00f6nnen wir die Geb\u00e4ude \u00fcberhaupt zur\u00fcckbauen? Damals hatte man in der Planungsphase das Ende nicht mitbedacht. Wir haben also keine Nachweise, was da wie verbaut worden ist. Es bedeutet viel Aufwand das herauszufinden, damit wir diese Materialien, diese Bauprodukte zur\u00fcckbekommen und wiederverwenden k\u00f6nnen. Und die Frage ist dann auch: K\u00f6nnen wir diese Baustoffe eins zu eins wieder einsetzen oder m\u00fcssen sie aufgearbeitet werden? Muss ein Baustoff erst mal zerschreddert und zu neuem Material umgewandelt werden \u2013 was auch wiederum Emissionen bedeutet?<br \/>\nUnd da stehen wir heute, wenn wir \u00fcber kreislauff\u00e4higes Bauen sprechen: Auf der einen Seite sprechen wir \u00fcber den Geb\u00e4udebestand. Auf der anderen Seite geht es um die Neubauten: Wie k\u00f6nnen wir heute die Konstruktionen dahingehend ert\u00fcchtigen, dass wir r\u00fcckbaubar planen? Und daf\u00fcr brauchen wir eine Form von Nachweis, damit k\u00fcnftige Generationen nachvollziehen k\u00f6nnen, wie ein Geb\u00e4ude gebaut worden ist. Da sprechen wir vom Geb\u00e4ude-Ressourcenpass, den einige Plattformen schon anbieten.<\/p>\n<\/div><\/section><\/div>\n<div  class='flex_column av-ghm51p-23677a93687e4a3d37309b360146fe81 av_one_half  avia-builder-el-18  el_after_av_one_half  el_before_av_hr  flex_column_div  '     ><section  class='av_textblock_section av-mk5krq8d-83914a35dd4a06d706acba1245d0ba37 '   itemscope=\"itemscope\" itemtype=\"https:\/\/schema.org\/BlogPosting\" itemprop=\"blogPost\" ><div class='avia_textblock'  itemprop=\"text\" ><p><strong>Das hie\u00dfe: Wenn wir den Ressourcenpass fl\u00e4chendeckend einf\u00fchren, dann k\u00f6nnen sich alle dar\u00fcber informieren, was in dem Geb\u00e4ude, in dem sie wohnen oder das sie kaufen wollen, an Materialien verbaut worden ist?<\/strong><\/p>\n<p>Richtig. Und die Herausforderung ist dann langfristig \u2013 die digitalen M\u00f6glichkeiten \u00e4ndern sich ja immer wieder \u2013, dass man das kontinuierlich auf den neuesten Stand bringt. Wenn wir das weiterdenken, dann haben wir nicht nur ein Geb\u00e4ude, sondern auch ein Materiallager. Im Moment planen wir Geb\u00e4ude und errechnen w\u00e4hrend der Planungsphase, was die Erstellung des Geb\u00e4udes kostet. Entsprechend sind auch die Abschreibungsmodalit\u00e4ten. Wenn wir nun aber den Restwert des Geb\u00e4udes bewerten \u2013 das k\u00f6nnen wir, weil wir wissen, was verbaut wurde \u2013, dann haben wir ein ganz anderes Modell, weil der Material-Restwert ja immer gegeben ist. Ob in zehn, 20 oder 50 Jahren \u2013 das Geb\u00e4ude hat einen Restwert.<\/p>\n<p><strong>Und die Materialien m\u00fcssten nicht unbedingt nur f\u00fcr Geb\u00e4ude wiederverwendet werden, sondern vielleicht auch f\u00fcr Br\u00fccken oder Spielpl\u00e4tze oder was auch immer \u2026<\/strong><\/p>\n<p>Die sp\u00e4tere Nutzung ist offen. Die Lebensbedingungen der Menschen und ihre Arbeitswelten ver\u00e4ndern sich. Das hei\u00dft, wir brauchen flexiblere Grundrisse, damit ein Geb\u00e4ude auf neue Nutzungsformen reagieren und langfristiger genutzt werden kann. Noch einmal das Beispiel der Kaufh\u00e4user: Das sind gro\u00dfe Bauvolumen, die sehr tief sind. Es gibt keinen Tageslichteintritt im inneren Bereich. Und was machen wir jetzt daraus? Hier wurde eben nicht mitbedacht, dass es irgendwann keine Kaufh\u00e4user mehr geben, dass dieses Gesch\u00e4ftsmodell einmal obsolet sein k\u00f6nnte. Deshalb ist es so wichtig, dass die Planung flexible Nutzungen erm\u00f6glicht und Geb\u00e4ude so konzipiert sind, dass sie ohne gro\u00dfen Aufwand angepasst werden k\u00f6nnen.<br \/>\nDazu habe ich auch noch ein sch\u00f6nes aktuelles Beispiel: Die Stadt Wendlingen hat ein Parkhaus in Holzbauweise gebaut, das so konzipiert ist, dass es sehr einfach zu Wohnraum umgenutzt werden kann, falls es nicht ben\u00f6tigt wird.<\/p>\n<\/div><\/section><\/div>\n\n<style type=\"text\/css\" data-created_by=\"avia_inline_auto\" id=\"style-css-av-av_hr-e6c0c5023b9b91484972c2d8832f4f45\">\n#top .hr.av-av_hr-e6c0c5023b9b91484972c2d8832f4f45{\nmargin-top:30px;\nmargin-bottom:30px;\n}\n.hr.av-av_hr-e6c0c5023b9b91484972c2d8832f4f45 .hr-inner{\nwidth:100%;\nborder-color:#473c36;\n}\n<\/style>\n<div  class='hr av-av_hr-e6c0c5023b9b91484972c2d8832f4f45 hr-custom  avia-builder-el-20  el_after_av_one_half  el_before_av_one_half  hr-center hr-icon-no'><span class='hr-inner inner-border-av-border-thin'><span class=\"hr-inner-style\"><\/span><\/span><\/div>\n<div  class='flex_column av-40kuigd-c545ff4cd4b5fb10e5ec321bac8b8bda av_one_half  avia-builder-el-21  el_after_av_hr  el_before_av_one_half  first flex_column_div  '     ><p>\n<style type=\"text\/css\" data-created_by=\"avia_inline_auto\" id=\"style-css-av-mk5kx1rn-68d51e7b0a69b170d358a61130692c80\">\n.avia-image-container.av-mk5kx1rn-68d51e7b0a69b170d358a61130692c80 img.avia_image{\nbox-shadow:none;\n}\n.avia-image-container.av-mk5kx1rn-68d51e7b0a69b170d358a61130692c80 .av-image-caption-overlay-center{\ncolor:#ffffff;\n}\n<\/style>\n<div  class='avia-image-container av-mk5kx1rn-68d51e7b0a69b170d358a61130692c80 av-styling- avia-align-left  avia-builder-el-22  el_before_av_hr  avia-builder-el-first '   itemprop=\"image\" itemscope=\"itemscope\" itemtype=\"https:\/\/schema.org\/ImageObject\" ><div class=\"avia-image-container-inner\"><div class=\"avia-image-overlay-wrap\"><img decoding=\"async\" fetchpriority=\"high\" class='wp-image-45446 avia-img-lazy-loading-not-45446 avia_image ' src=\"https:\/\/interiorpark.com\/wp-content\/uploads\/2025\/10\/04-2025_agora42_Tina2.jpg\" alt='' title='04-2025_agora42_Tina2'  height=\"414\" width=\"568\"  itemprop=\"thumbnailUrl\" srcset=\"https:\/\/interiorpark.com\/wp-content\/uploads\/2025\/10\/04-2025_agora42_Tina2.jpg 568w, https:\/\/interiorpark.com\/wp-content\/uploads\/2025\/10\/04-2025_agora42_Tina2-300x219.jpg 300w\" sizes=\"(max-width: 568px) 100vw, 568px\" \/><\/div><\/div><\/div><br \/>\n\n<style type=\"text\/css\" data-created_by=\"avia_inline_auto\" id=\"style-css-av-av_hr-74f92a4764b67b6c4673b3e74eb93a5c\">\n#top .hr.av-av_hr-74f92a4764b67b6c4673b3e74eb93a5c{\nmargin-top:30px;\nmargin-bottom:30px;\n}\n.hr.av-av_hr-74f92a4764b67b6c4673b3e74eb93a5c .hr-inner{\nwidth:100%;\nborder-color:#ffffff;\n}\n<\/style>\n<div  class='hr av-av_hr-74f92a4764b67b6c4673b3e74eb93a5c hr-custom  avia-builder-el-23  el_after_av_image  el_before_av_textblock  hr-center hr-icon-no'><span class='hr-inner inner-border-av-border-thin'><span class=\"hr-inner-style\"><\/span><\/span><\/div><br \/>\n<section  class='av_textblock_section av-mk5ksreh-62f0672653340aa5cdf5cd677af2c700 '   itemscope=\"itemscope\" itemtype=\"https:\/\/schema.org\/BlogPosting\" itemprop=\"blogPost\" ><div class='avia_textblock'  itemprop=\"text\" ><p><strong>Wenn wir \u00fcber sinnvolle Planung sprechen, m\u00fcssen wir auch dar\u00fcber sprechen, was einer solchen Planung entgegensteht. Einen Punkt haben Sie schon angesprochen: die Gewohnheit, immer nur linear zu planen. Was sind denn weitere Gr\u00fcnde daf\u00fcr, dass nachhaltiges Bauen so z\u00f6gerlich umgesetzt wird?<\/strong><\/p>\n<p>Da gibt es leider viele. Zun\u00e4chst ist die Bauwirtschaft an sich eine sehr konservative Angelegenheit, bei der wir es in allen Bereichen mit langen Zeitr\u00e4umen zu tun haben. Das beginnt mit einer langen Planungsphase, der dann wiederum eine lange Bauphase folgt. Durch die lange Lebensdauer von Geb\u00e4uden gibt es auch lange Gew\u00e4hrleistungsfristen. Insofern bedeutet es schlichtweg Sicherheit wie gewohnt zu planen und Produkte einzusetzen, die man kennt. Es gibt ja inzwischen ausreichend Forschung und L\u00f6sungsans\u00e4tze, die aber noch zu wenig in der Praxis angekommen sind. Um etwas Neues auszuprobieren, muss ich mich auch selbst \u00f6ffnen. Der Wissenstransfer spielt also eine entscheidende Rolle \u2013 hier gibt es nach wie vor gro\u00dfe L\u00fccken. Auch in der Lehre gibt es noch Optimierungsbedarf. Wir stellen immer wieder fest, dass die Zusammenh\u00e4nge von nachhaltigem, kreislauff\u00e4higem Bauen nicht verstanden werden. Dann klappt es auch mit der Umsetzung nicht.<br \/>\nZudem werden Ver\u00e4nderungen auch durch die gesetzlichen Rahmenbedingungen erschwert. Es gibt in Deutschland beim Bauen unglaublich hohe und viele Anforderungen.<\/p>\n<\/div><\/section><\/p><\/div><div  class='flex_column av-3o2i8h9-faa7226fbfd0b9668e5b6d46e57adcca av_one_half  avia-builder-el-25  el_after_av_one_half  el_before_av_hr  flex_column_div  '     ><section  class='av_textblock_section av-mk5ktdb7-7956dad44db8953153be833af8ded0ee '   itemscope=\"itemscope\" itemtype=\"https:\/\/schema.org\/BlogPosting\" itemprop=\"blogPost\" ><div class='avia_textblock'  itemprop=\"text\" ><p><strong>K\u00f6nnte man den Standard irgendwie absenken? Also selbstverst\u00e4ndlich so, dass die Geb\u00e4ude nicht gleich zusammenbrechen?<\/strong><\/p>\n<p>Eine Forderung ist das einfache Bauen, also dass wir zu einfacheren L\u00f6sungen zur\u00fcckgehen. Wir sind es gewohnt, die Geb\u00e4ude in einem hohen Ma\u00dfe mit Technik auszustatten, um einen m\u00f6glichst hohen Komfort zu gew\u00e4hrleisten. Demgegen\u00fcber zeichnet sich das einfache Bauen dadurch aus, dass es sich an regional bew\u00e4hrtes Wissen und Bautechniken orientiert und dabei mit m\u00f6glichst wenigen unterschiedlichen Materialien arbeitet und den Einsatz von Technik auf das Minimum reduziert. In diesem Bereich gibt es genug Forschung \u2013 beispielsweise die Forschungsh\u00e4user in Bad Aibling, die nachweisen, dass man sehr gute Ergebnisse erzielen kann, ohne diese ganze technische Ausstattung zu verwenden.<br \/>\nMan darf dabei auch nicht vergessen: Alles, was wir technisch ausstatten, muss gewartet und erneuert werden Die Lebensdauer von Technik ist die k\u00fcrzeste in Geb\u00e4uden. Und wir brauchen sehr viel Raum daf\u00fcr. Man denke an die Aufbauten auf den D\u00e4chern, die nur f\u00fcr die Klimatechnik ben\u00f6tigt werden. Oder an die ganzen Heizungskeller. Wir sind da schon auch gefangen.<\/p>\n<p><strong>Auch in unseren Vorstellungen, oder? Man denke an all das, was man beim Bauen unter \u201emodern\u201c oder \u201erepr\u00e4sentativ\u201c versteht.<\/strong><\/p>\n<p>Bauen war noch nie unpolitisch. Geb\u00e4ude stellen immer auch etwas dar, das hei\u00dft ich positioniere mich damit gesellschaftlich. In den letzten Jahren galten Stahl-Glas-Pal\u00e4ste als repr\u00e4sentativ. Dann haben einige Leuchtturmprojekte gezeigt, dass es auch anders geht. Baustoffe, die fr\u00fcher als primitiv abgekanzelt wurden, wie zum Beispiel Lehm, erlebten eine Renaissance. Genau wie der Holzbau. Es ist inzwischen bei den meisten angekommen, dass man mit Holz sehr wohl auch hoch bauen kann. Diese ganzen \u00fcberholten Ansichten, die schon lange herumschwirren, wandeln sich gerade. Es zeigt sich, dass man sich heute auch mit anderen Bauweisen positionieren und repr\u00e4sentativ bauen kann.<\/p>\n<p><strong>Oder vielleicht auch gar nicht repr\u00e4sentativ bauen muss, weil man mit diesem Thema souver\u00e4ner umgeht.<\/strong><\/p>\n<p>Ja, wenn man sich die Geb\u00e4ude der Pritzker-Preis-Gewinner der Jahre 2021, das waren Lacaton &amp; Vassal, und 2022, das war Francis K\u00e9r\u00e9, anschaut, dann sind die alles andere als im herk\u00f6mmlichen Sinn repr\u00e4sentativ. Architektur und Design sind zwei Fachgebiete, die Denkmuster in Frage stellen k\u00f6nnen. Lacaton &amp; Vassal sowie K\u00e9r\u00e9 mit dem Pritzker-Preis auszuzeichnen, war ein ganz wichtiges Zeichen. Francis K\u00e9r\u00e9 arbeitet mit vorgefundenen Materialien und einfachen Werkstoffen. Er orientiert sich an traditionellen Bauprinzipien und transferiert diese in die Gegenwart. Lacaton &amp; Vassal gestalteten nicht nur mit einfachen Mitteln und mit wenig Aufwand zum Beispiel sozialen Wohnungsbau neu und machen diesen wohnlicher. Vielmehr haben sie dabei sogar den Anspruch, dass die dort Wohnenden so leben sollen wie reiche Menschen. Das hat schon eine Wirkung!<\/p>\n<\/div><\/section><\/div>\n<style type=\"text\/css\" data-created_by=\"avia_inline_auto\" id=\"style-css-av-av_hr-e6c0c5023b9b91484972c2d8832f4f45\">\n#top .hr.av-av_hr-e6c0c5023b9b91484972c2d8832f4f45{\nmargin-top:30px;\nmargin-bottom:30px;\n}\n.hr.av-av_hr-e6c0c5023b9b91484972c2d8832f4f45 .hr-inner{\nwidth:100%;\nborder-color:#473c36;\n}\n<\/style>\n<div  class='hr av-av_hr-e6c0c5023b9b91484972c2d8832f4f45 hr-custom  avia-builder-el-27  el_after_av_one_half  el_before_av_one_half  hr-center hr-icon-no'><span class='hr-inner inner-border-av-border-thin'><span class=\"hr-inner-style\"><\/span><\/span><\/div><\/p>\n<div  class='flex_column av-2ww4m31-16e1cfc18f5157ab797bbb7fa02ef85c av_one_half  avia-builder-el-28  el_after_av_hr  el_before_av_one_half  first flex_column_div  '     ><section  class='av_textblock_section av-mk5kywsq-39b61c3485f6993128ef0962a3f7bf01 '   itemscope=\"itemscope\" itemtype=\"https:\/\/schema.org\/BlogPosting\" itemprop=\"blogPost\" ><div class='avia_textblock'  itemprop=\"text\" ><p><strong>Manche fordern ja, dass man noch mehr \u201eden M\u00e4rkten\u201c \u00fcberlassen muss, damit da endlich mehr passiert, damit man mehr Ver\u00e4nderung bekommt. Andere sagen aber, es braucht mehr politische Vorgaben, mehr politische Planung. In welche Richtung w\u00fcrden Sie tendieren?<\/strong><\/p>\n<p>Diese Argumente kenne ich rauf und runter. Am Ende des Tages k\u00f6nnen wir, glaube ich, auf die Politik nicht mehr warten. Die Zeit haben wir einfach nicht. Die Verantwortung wird ja immer gerne auf andere geschoben: Die Bauwirtschaft schiebt sie auf die Planenden, die Planenden auf die Investoren und am Ende landet alles bei der Politik, von der sich niemand w\u00fcnscht, dass sie wirklich etwas \u00e4ndert. Wir haben viele bleierne Jahre hinter uns, in denen sich wenig ver\u00e4ndert hat. Die Menschen kennen es gar nicht, dass sich in Deutschland wirklich irgendwas bewegt und sie Teil davon sind. Die Frage ist daher, ob Deutschland \u00fcberhaupt reformierbar ist. Wenn ich als Politiker neue Wege gehe, einen gro\u00dfen Wurf landen m\u00f6chte und wirklich mal weitreichend plane, dann werde ich gek\u00f6pft. Wenn ich die Politik beraten w\u00fcrde, w\u00fcrde ich sagen: \u201eHm.\u201c (lacht)<\/p>\n<p><strong>Weil zukunftsweisende Vorschl\u00e4ge nur f\u00fcr Verunsicherung sorgen?<\/strong><\/p>\n<p>Die Leute sind gleich auf Alarm, wenn seitens der Politik Ver\u00e4nderungsvorschl\u00e4ge kommen. Jetzt haben wir eine Regierung gew\u00e4hlt, die eher bewahrt als innovativ die Zukunft gestaltet. Dabei w\u00e4re es das Mindeste, die Rahmenbedingungen insoweit anzupassen, dass klimasch\u00e4dliche Subventionen reduziert werden, anstatt sie weiter auszubauen. Es ist verr\u00fcckt: Wir bezahlen nach wie vor Unsummen, n\u00e4mlich j\u00e4hrlich \u00fcber 60 Mrd. Euro, an klimasch\u00e4dlichen Subventionen. Dabei sprechen wir immer nur dar\u00fcber, was der Klimaschutz kostet. Die Klimafolgesch\u00e4den werden uns voraussichtlich das sechsfache kosten.<\/p>\n<p><strong>Zumal kleine Schritte, die man politisch gut verkaufen k\u00f6nnte, nichts bringen angesichts der Situation, in der wir klimatisch, \u00f6konomisch und sozial schon sind. Sie haben auf einem Vortrag gesagt: \u201eEin bisschen besser reicht nicht mehr.\u201c Brauchen wir so etwas wie eine Bau-Revolution?<\/strong><\/p>\n<p>Man kann es noch zuspitzen und sagen: \u201eEin bisschen schwanger geht ja auch nicht.\u201c Entweder wollen wir eine Ver\u00e4nderung und das Thema Klimakrise anpacken, dann m\u00fcssen wir uns alle ver\u00e4ndern \u2013 alle! \u2013 oder wir lassen es. Dazwischen gibt es nicht mehr viel Spielraum. Wir sehen das doch \u00fcberall. Wir erleben bereits diese ganzen Wetterkapriolen. Und dass sich Europa immer weiter aufheizt, ist jetzt auch kein Geheimnis. Wir wissen schon seit Jahrzehnten, dass wir in allen Bereichen dekabonisieren m\u00fcssen, aber wir packen es nicht an. Die Themen \u201eLust, Freude, Leidenschaft\u201c fehlen mir dabei komplett. Es geht ja darum, es besser zu machen. Die Lebensbedingungen verbessern sich durch mehr Klimaschutz. Und wirtschaftlich gesehen entstehen neue Gesch\u00e4ftsmodelle.<\/p>\n<\/div><\/section><\/div>\n<div  class='flex_column av-9r4act-9d7f6f33d5144ac6f443cc5f927378a6 av_one_half  avia-builder-el-30  el_after_av_one_half  el_before_av_hr  flex_column_div  '     ><section  class='av_textblock_section av-mk5kzrm8-c925378fe77710dee40eb832ce15de9e '   itemscope=\"itemscope\" itemtype=\"https:\/\/schema.org\/BlogPosting\" itemprop=\"blogPost\" ><div class='avia_textblock'  itemprop=\"text\" ><p>Wir f\u00fchren so lange Scheindebatten, bis alles zerredet ist und es eigentlich nicht mehr um das Wesentliche geht. Das schafft zus\u00e4tzliche Verunsicherung, die populistischen Str\u00f6mungen die T\u00fcren \u00f6ffnen. Anstelle dessen brauchen wir eine Idee wie wir in Zukunft leben wollen, die von Seiten der Politik und der Gesellschaft getragen wird.<br \/>\nNat\u00fcrlich wollen jene, die die g\u00e4ngigen Gesch\u00e4ftsmodelle betreiben und damit sehr viel Geld verdienen, nicht davon abr\u00fccken, das ist klar. Aber wenn wir vom Markt sprechen, der alles regelt, dann w\u00fcrde es dazugeh\u00f6ren, Subventionen in fossile Industrien abzuschaffen und faire Steuerregelungen einzuf\u00fchren. Zum Beispiel recycelte Produkte nicht nochmal mit 19 % MWSt zu belasten.<\/p>\n<p><strong>W\u00fcrde man vern\u00fcnftig planen, m\u00fcsste der Bau neuer Wohnungen und Geb\u00e4ude stark reduziert oder gar ganz ausgesetzt werden. Stichworte Ressourcen, CO2, Zersiedelung, Versiegelung. Ist das realistisch angesichts der aktuellen Interessenlagen und Gewohnheiten in der Bauwirtschaft?<\/strong><\/p>\n<p>Nein, aber das ist auch nicht die Frage. Die eigentliche Frage ist, wie wir k\u00fcnftig leben wollen? In Deutschland w\u00e4chst kontinuierlich der Wohnraumbedarf und unser Fl\u00e4chenbedarf. Obwohl es kein signifikantes Bev\u00f6lkerungswachstum gibt. Wir nehmen mehr Fl\u00e4che f\u00fcr uns selbst in Anspruch und damit auch mehr Siedlungsfl\u00e4che, mehr Verkehrsfl\u00e4che. Wir bauen und bauen und zersiedeln unser Land. Wir brauchen Infrastrukturen und Verkehrsfl\u00e4chen f\u00fcr die neu entstandenen Wohngebiete, die enorme Kosten verursachen. Wir versiegeln nach wie vor Fl\u00e4chen \u2013 bis zu 30 Fu\u00dfballfelder pro Tag. Das hat weitreichende Folgen: den Verlust an Biodiversit\u00e4t, die Entstehung von Hitzeinseln und die \u00dcberlastung der Kanalisation bei Starkregen.<br \/>\nAn den alten Einfamilienhaussiedlungen sehen wir aktuell die Probleme, die uns bei den neuen Siedlungen in Zukunft bevorstehen. Es gibt in diesen Gebieten keine Diversit\u00e4t, keine Durchmischung. Jetzt werden die dort Wohnenden gemeinsam mit ihren H\u00e4usern alt und vereinsamen. Viele von ihnen wollen aber nicht ausziehen. Und wenn sie sterben, ist die gro\u00dfe Frage was mit den H\u00e4usern passiert, weil diese gar nicht mehr den Standards entsprechen. Der Aufwand f\u00fcr die Anpassung an heutige Anforderungen plus die energetische Sanierung steht aber oft nicht im Verh\u00e4ltnis zu dem, was man als Ergebnis erwarten kann.<br \/>\nAuch die Pflege ist in diesen Gebieten ein gro\u00dfes Thema. Die Pflegenden sollten ja nicht zu den Wohnh\u00e4usern, sondern die zu Pflegenden in die betreuten H\u00e4user. Zudem m\u00f6chten gerade die alten Menschen selten jemanden im Haus haben. Es sei denn, sie sind in so einem schlechten Zustand, dass sie rund um die Uhr eine Pflegekraft brauchen \u2013 die dann bitte sch\u00f6n ins Haus ziehen und ihre eigene Familie vernachl\u00e4ssigen soll.<br \/>\nAll das ist nicht durchdacht. Das Ganze fu\u00dft auf dem alten Wohlstandsversprechen: das Haus im Gr\u00fcnen mit Garten und Doppelgarage \u2013 ein amerikanischer Traum, der nach wie vor in Medien, Werbung und in Filmen weitergetr\u00e4umt wird. So glauben viele Leute nach wie vor, dass es das Ziel sein muss, ein Einfamilienhaus im Gr\u00fcnen zu besitzen.<\/p>\n<\/div><\/section><\/div>\n\n<style type=\"text\/css\" data-created_by=\"avia_inline_auto\" id=\"style-css-av-av_hr-e6c0c5023b9b91484972c2d8832f4f45\">\n#top .hr.av-av_hr-e6c0c5023b9b91484972c2d8832f4f45{\nmargin-top:30px;\nmargin-bottom:30px;\n}\n.hr.av-av_hr-e6c0c5023b9b91484972c2d8832f4f45 .hr-inner{\nwidth:100%;\nborder-color:#473c36;\n}\n<\/style>\n<div  class='hr av-av_hr-e6c0c5023b9b91484972c2d8832f4f45 hr-custom  avia-builder-el-32  el_after_av_one_half  el_before_av_one_half  hr-center hr-icon-no'><span class='hr-inner inner-border-av-border-thin'><span class=\"hr-inner-style\"><\/span><\/span><\/div>\n<div  class='flex_column av-1w2af1p-dcb4683db3f2dd29e3db2c354f1c9e3b av_one_half  avia-builder-el-33  el_after_av_hr  el_before_av_one_half  first flex_column_div  '     ><section  class='av_textblock_section av-mk5l3ajr-81c9f68a66eaf4aafc50ae5b33f95f9f '   itemscope=\"itemscope\" itemtype=\"https:\/\/schema.org\/BlogPosting\" itemprop=\"blogPost\" ><div class='avia_textblock'  itemprop=\"text\" ><p><strong>Angesichts der zunehmenden Vereinsamung wird ein gemeinschaftlicheres Wohnen gefordert. K\u00f6nnen Sie skizzieren, wie so etwas umgesetzt werden k\u00f6nnte?<\/strong><\/p>\n<p>Zun\u00e4chst m\u00fcssten die Viertel mit jungen und alten Leuten durchmischt werden und ein gemeinschaftlicher, partizipativer Ansatz bei der Planung verfolgt werden, um eine lebenswerte Infrastruktur zu schaffen. Wir brauchen Orte, wo man sich begegnen kann. Orte, an denen man sich gerne aufhalten m\u00f6chte. Zu einer Quartiersentwicklung geh\u00f6rt auch, dass je nach Lebensphase unterschiedliche Wohnr\u00e4ume zur Verf\u00fcgung stehen. Singles, Paare, Familien haben verschiedene Anforderungen, die sich mit den Jahren \u00e4ndern k\u00f6nnen. Aus Singles werden Paare. Familien brauchen nicht mehr so viel Platz, sobald die Kinder aus dem Haus sind.<br \/>\nIm Moment haben wir es mit reinen Wohnsiedlungen zu tun. Man braucht zwangsl\u00e4ufig ein Auto. Und wir haben dadurch noch etwas anderes geschaffen: die sogenannten Zwischenst\u00e4dte. So werden diese gro\u00dfen Einkaufszentren auf der gr\u00fcnen Wiese genannt. Man trifft sich nur auf dem Parkplatz \u2013 anschlie\u00dfend f\u00e4hrt jeder wieder in sein eigenes Zuhause. Gleichzeitig verwaisen unsere Ortskerne. Sie sind keine Orte der Begegnung mehr und der Zusammenhalt geht verloren.<br \/>\nIch finde es schade, dass wir so wenig bereit sind unsere Zukunft zu gestalten. Die Zukunft kommt sowieso, ob ich sie gestalte oder nicht, aber jetzt haben wir die M\u00f6glichkeit, sie mitzugestalten.<\/p>\n<p><strong>W\u00e4re es auch an der Zeit, einen flexibleren Umgang mit Eigentum zu finden? \u00c4ltere und Boomer reisen ohne Ende, ihre Wohnungen stehen leer. Junge Leute sind \u00f6rtlich nicht gebunden und w\u00fcrden sich freuen, dort eine Zeit lang einzuziehen. Braucht es neue Wohnkonzepte, die den Leerstand flexibel nutzen?<\/strong><\/p>\n<p>Auf jeden Fall. Das hat sehr viel mit unseren K\u00f6pfen zu tun. Gerade in Deutschland ist die Einstellung \u201eMy Home is my Castle\u201c fest verankert. Das hier geh\u00f6rt mir, da darf niemand rein! Dazu geh\u00f6rt auch dieses krampfhafte Festhalten am Besitz, der ja auch viel Arbeit macht. Alles muss gepflegt werden: der Garten, die Fassade, das Dach, die Heizung, die Innenausstattung \u2026. Insbesondere f\u00fcr \u00e4ltere Menschen ist das eine enorme Belastung.<br \/>\nWir reden ja oft \u00fcber Freiheit und die Frage ist: Hat es mit Freiheit zu tun, wenn ich an ein Haus gebunden bin? Oder ist es nicht sinnvoller zu sagen \u201eIch wohne da nur\u201c? Und das ist der entscheidende Punkt: Wir wohnen alle. Bei der Arbeit ist es etwas anderes, denn nicht alle Menschen arbeiten, gerade die \u00c4lteren sind raus aus der Arbeitswelt. Aber Wohnen ist ein Grundrecht. Wenn die Frage gekl\u00e4rt w\u00e4re, wie wir den Wohnraum umverteilen, wie wir ihn anders nutzen auch teilen, dann w\u00e4ren wir auf einem guten Weg und m\u00fcssten nicht so viel neu bauen. Aber dazu braucht es eben die Bereitschaft in der Breite \u2013 und Anreize, die wir im Moment nicht haben.<\/p>\n<\/div><\/section><\/div>\n<div  class='flex_column av-1i7d63x-72e2c5d6011b2b3edc3e56cfc1973a24 av_one_half  avia-builder-el-35  el_after_av_one_half  el_before_av_hr  flex_column_div  '     ><section  class='av_textblock_section av-mk5l3xs9-bca5475a64a88249b58c7cd1738c9b8a '   itemscope=\"itemscope\" itemtype=\"https:\/\/schema.org\/BlogPosting\" itemprop=\"blogPost\" ><div class='avia_textblock'  itemprop=\"text\" ><p><strong>Bauen wie auch Umbauen ben\u00f6tigen Energie. Und Energiesicherheit. Manche behaupten, dass die Fossilen mehr Sicherheit bieten w\u00fcrden und wir deshalb eben leider in den sauren Apfel bei\u00dfen und weiterhin klimasch\u00e4dliche Gase produzieren m\u00fcssten. Ist es so, dass die Erneuerbaren unsicherer sind?<\/strong><\/p>\n<p>Nein. Aber ich denke, das Argument wird sich noch l\u00e4nger halten. Wir m\u00fcssen nur nach Frankreich schauen: Wie gut funktionieren denn die Atomkraftwerke, wenn es im Sommer hei\u00df ist und die Fl\u00fcsse trocken liegen? Dann m\u00fcssen diese oft gedrosselt oder gar ganz runtergefahren werden, weil das K\u00fchlwasser zu warm ist. Die Frage ist gar nicht mehr, ob wir das mit Erneuerbaren schaffen oder nicht. Weltweit wird massiv in erneuerbare Energiequellen und Speichertechnologien investiert. Letztendlich geht es darum, wie wir Energie speichern und vorr\u00e4tig haben, wenn wir sie punktuell brauchen. In der Spitze sind auch in Deutschland mehrheitlich erneuerbare Energien im Einsatz.<\/p>\n<p><strong>K\u00f6nnten durch den Zwang zur Umstellung auf die Erneuerbaren auch Chancen entstehen? Muss Europa nicht sogar auf die Erneuerbaren setzen, wenn es wettbewerbsf\u00e4hig bleiben will?<\/strong><\/p>\n<p>Das ist eigentlich schon der Fall. Ein gro\u00dfes Thema in der Bauwirtschaft sind Ausschreibungen. Wenn die Kriterien dieser Ausschreibungen so gesetzt sind, dass Hersteller eine \u00d6kobilanz beziehungsweise einen Nachhaltigkeitsbericht nachweisen m\u00fcssen, dann \u00e4ndert das die ganze Herangehensweise in der Beschaffung. Und inzwischen ist CO2 ja eine Form von W\u00e4hrung geworden, das bedeutet die Reduzierung von CO2 Emissionen spart einfach Geld. Unternehmen bilanzieren und bewerten ihre T\u00e4tigkeiten, um dem Markt gerecht zu werden und der fordert mehr und mehr nachhaltiges, soziales und CO2 reduziertes Wirtschaften.<br \/>\nDiese Entwicklung kann man nicht mehr umkehren. Der CO2-Preis wird steigen, das geliebte Gas wird teurer. Die Unabh\u00e4ngigkeit, die wir durch Erneuerbare bekommen, wird viel zu wenig betont. Wir machen uns unabh\u00e4ngiger von anderen L\u00e4ndern und auch von Despoten. Das kann man schon als Chance sehen, als Wettbewerbsvorteil f\u00fcr Deutschland.<br \/>\nAber stattdessen versucht auch Deutschland den europ\u00e4ischen Green Deal zu verw\u00e4ssern. Damit vergeben wir die Chance zuk\u00fcnftig weltweit wettbewerbsf\u00e4hig zu sein. Das ist meiner Meinung nach eine Katastrophe und alles andere als zukunftsf\u00e4hig.<\/p>\n<\/div><\/section><\/div>\n\n<style type=\"text\/css\" data-created_by=\"avia_inline_auto\" id=\"style-css-av-av_hr-e6c0c5023b9b91484972c2d8832f4f45\">\n#top .hr.av-av_hr-e6c0c5023b9b91484972c2d8832f4f45{\nmargin-top:30px;\nmargin-bottom:30px;\n}\n.hr.av-av_hr-e6c0c5023b9b91484972c2d8832f4f45 .hr-inner{\nwidth:100%;\nborder-color:#473c36;\n}\n<\/style>\n<div  class='hr av-av_hr-e6c0c5023b9b91484972c2d8832f4f45 hr-custom  avia-builder-el-37  el_after_av_one_half  el_before_av_one_half  hr-center hr-icon-no'><span class='hr-inner inner-border-av-border-thin'><span class=\"hr-inner-style\"><\/span><\/span><\/div>\n<div  class='flex_column av-znw3t9-fbb458a215f055bff8743713c12a073b av_one_half  avia-builder-el-38  el_after_av_hr  el_before_av_one_half  first flex_column_div  '     ><section  class='av_textblock_section av-mk5l51cq-64e3b13601833420da9dd43437078e15 '   itemscope=\"itemscope\" itemtype=\"https:\/\/schema.org\/BlogPosting\" itemprop=\"blogPost\" ><div class='avia_textblock'  itemprop=\"text\" ><p><strong>In der Regel geht man davon aus, dass man das fossile Niveau durch die Erneuerbaren 1:1 ersetzt. Tats\u00e4chlich m\u00fcssen wir aber den Energieverbrauch insgesamt massiv reduzieren. Vor diesem Hintergrund: Ben\u00f6tigen Umbauten weniger Energie als Neubauten?<\/strong><\/p>\n<p>Ja, wenn wir das Bauen im Bestand wirklich umsetzen. Der mit Abstand gr\u00f6\u00dfte Anteil an grauen Energien, also an gespeichertem CO2, steckt im Rohbau. Das hei\u00dft, wenn der Rohbau stehen bleibt, das sind ja mitunter Stahlbetonkonstruktionen, dann haben wir schon den wesentlichen Anteil an gebundenem CO2 gerettet.<br \/>\nWir rei\u00dfen heute leichtfertig Geb\u00e4ude ab, weil wir sie nicht mehr sch\u00f6n oder zeitgem\u00e4\u00df finden. Aber auch diese Geb\u00e4ude sind identit\u00e4tsstiftend und Teil unserer Baukultur. H\u00e4tten unsere Vorfahren so agiert, g\u00e4be es heute kein baukulturelles Erbe.<\/p>\n<p><strong>Immer h\u00e4ufiger sind wir mit Extremwetterereignissen wie Starkregen oder gro\u00dfer Hitze konfrontiert. Wie k\u00f6nnen wir St\u00e4dte und Geb\u00e4ude auf solche Ereignisse vorbereiten?<\/strong><\/p>\n<p>Die St\u00e4dte m\u00fcssen in die Lage versetzt werden, Wasser aufnehmen und wieder abgeben zu k\u00f6nnen. Man spricht in der Stadtplanung von Schwammst\u00e4dten. Im Moment sieht das zumeist ganz anders aus: Es gibt \u00fcberall versiegelte Fl\u00e4chen, das bedeutet, das ganze Regenwasser landet in der Kanalisation. Kommt es zu Starkregenereignissen, ist die Kanalisation dann schnell \u00fcberfordert und es kommt zu \u00dcberschwemmungen. Um dem entgegenzuwirken, m\u00fcssen wir die B\u00f6den entsiegeln. St\u00e4dte wie Stuttgart f\u00f6rdern deshalb Entsieglungsma\u00dfnahmen. Das w\u00e4re der erste Schritt. Eng damit verbunden ist die Frage der Mobilit\u00e4t, denn einen gro\u00dfen Teil der versiegelten Fl\u00e4chen machen die Stra\u00dfen aus. Bei den Metropolen findet gerade so eine Art Wettkampf statt: Welche Stadt wird am schnellsten gr\u00fcn? Paris ist ein gutes Beispiel: Sie begr\u00fcnen ihre Stadt nicht etwa aus einer verr\u00fcckten Laune heraus, sondern es gibt einen ganz rationalen Grund. Bevor mit den Begr\u00fcnungsma\u00dfnahmen begonnen wurde, war das die Metropole mit dem wenigsten Gr\u00fcn. Es gab zahlreiche Hitzeinseln in der Stadt, was sehr belastend f\u00fcr die dort Wohnenden war. Investoren haben sich \u00fcberlegt, ob sie weiterhin in Paris investieren sollen, denn schlie\u00dflich m\u00fcssen die Mitarbeitenden ja irgendwo wohnen. Es gab also auch wirtschaftlichen Druck zur Ver\u00e4nderung. In den weltweiten Vergleichen sucht man deutsche St\u00e4dte allerdings vergebens. Man hat noch nicht erkannt, welche Vorteile man durch solche Ver\u00e4nderungen hat.<br \/>\nDie Entsieglung- und Begr\u00fcnungsma\u00dfnahmen werden in Paris seit 2014 umgesetzt. Paris ist also keine Stadt wie Kopenhagen, die schon 1973 mit einer nachhaltigen Stadtentwicklung begonnen hat, sondern hier sehen wir die Ver\u00e4nderungen sehr komprimiert in Echtzeit. Wir k\u00f6nnen nun anhand der Zahlen pr\u00e4zise nachvollziehen, dass sich die Anzahl der Stickoxide in der Stadt um mehr als die H\u00e4lfte verringert hat. Wir k\u00f6nnen sehen, dass sich die Stadt erheblich abgek\u00fchlt hat \u2013 in k\u00fcrzester Zeit, also in elf Jahren. Der K\u00fchlungseffekt durch Pflanzen ist enorm. Was mich wirklich \u00fcberrascht hat: In Santiago de Compostela gibt es diesen gro\u00dfen Vorplatz an der Kathedrale, auf dem sich die Pilger nach ihren langen Wanderungen treffen. W\u00e4hrend Corona sind Pflanzen zwischen den Pflastersteinen gewachsen, weil der Platz einfach von viel weniger Menschen besucht wurde. Man hat Messungen vorgenommen und festgestellt, dass diese kleinen Pfl\u00e4nzchen, die wir auf Pl\u00e4tzen und Terrassen eigentlich immer rausschneiden, einen enormen K\u00fchlungseffekt haben. Sie haben die Temperatur des Bodens bis zu 28 \u00b0C verringert. Es gibt Potenziale, von denen wir noch gar nichts wissen. So k\u00f6nnen wir auch mit kleinen Schritten in St\u00e4dten viel bewirken.<\/p>\n<\/div><\/section><\/div>\n<div  class='flex_column av-n157yl-ba17923b7f548734ca9dc7d48d45ea79 av_one_half  avia-builder-el-40  el_after_av_one_half  avia-builder-el-last  flex_column_div  '     ><section  class='av_textblock_section av-mk5l73xy-444e8e6ded31c13926ecb62eb3cca40a '   itemscope=\"itemscope\" itemtype=\"https:\/\/schema.org\/BlogPosting\" itemprop=\"blogPost\" ><div class='avia_textblock'  itemprop=\"text\" ><p><strong>Dann w\u00fcrde auch f\u00fcr eine Stadt wie Stuttgart noch Hoffnung bestehen? Denn oft hei\u00dft es, Stuttgart sei so stark aufs Auto ausgerichtet, da k\u00f6nne man eh nichts ver\u00e4ndern.<\/strong><\/p>\n<p>Auf jeden Fall. Wir haben unser B\u00fcro mitten im \u201eSuperblock West\u201c, das ist ein Verkehrsversuch, den die Stadt Stuttgart durchf\u00fchrt. Ziel ist es nicht etwa, das Auto zu verbieten, sondern den PKW-Durchgangsverkehr cleverer zu organisieren. Dadurch gewinnt man Freifl\u00e4chen, die durch Begr\u00fcnung, Au\u00dfengastronomie und Sitzgelegenheiten genutzt werden k\u00f6nnen. Und dies gewinnt man alles nur, weil der Verkehr anders geleitet wird! Auch hier gibt es \u00fcbrigens internationale Beispiele, so wird in Barcelona das Konzept der Superblocks bereits seit 2017 umgesetzt. Die Frage beim Bauen ist nicht mehr, auf welche Weise wir bestimmte Dinge umsetzen k\u00f6nnen, sondern die Frage ist, wann wir damit starten. Wir wissen, dass wir auf die Erneuerbaren und auf nachwachsende Rohstoffe setzen m\u00fcssen; wir wissen, wie wir Materialien aus Bestandsgeb\u00e4uden wiedergewinnen k\u00f6nnen. Wir wissen das alles. Wir k\u00f6nnen morgen starten. Dadurch w\u00fcrden ganz neue und zahlreiche Gesch\u00e4ftsfelder entstehen. Hier geht es \u00fcberhaupt nicht um Verbote oder darum, sich einzuschr\u00e4nken, sondern eigentlich darum, etwas anders zu machen, etwas Neues auszuprobieren. Und ich finde es sehr schade, dass wir so wenig Mut dazu haben. Und so wenig Lust darauf haben. Da ist Deutschland schon sehr br\u00e4sig und verhaltend.<br \/>\nBei unserer Arbeit haben wir die Erfahrung gemacht, dass Wissen allein nicht zum Handeln f\u00fchrt. Es sind die Gef\u00fchlswelt, die Werte und \u00dcberzeugungen, die wir in uns tragen, die entscheidend sind f\u00fcr das Handeln \u2013 es geht also auch darum Haltung zu zeigen.<\/p>\n<p><strong>Br\u00e4uchten wir dann eine ganz neue Form der Politik? Politiker*innen, die wirklich ein Interesse an Ver\u00e4nderung haben, die nicht nur den Niedergang verwalten?<\/strong><\/p>\n<p>Ich glaube schon. Wir w\u00e4hlen halt jene Politiker*innen, die sagen: \u201eEs wird sich nichts \u00e4ndern. Es bleibt alles, wie es ist.\u201c Diese bleierne Zeit, von der wir dachten, sie langsam hinter uns lassen zu k\u00f6nnen, will nicht nur nicht enden, es wird sogar noch schlimmer. Wir versuchen, eine Zeit zu kopieren, die es schon lange nicht mehr gibt. Wir versuchen, Industrien zu retten, die eigentlich nicht mehr zu retten sind.<\/p>\n<p><strong>\u2026 und deren Fortbestand uns und unseren Kindern \u00fcberdies schadet \u2026<\/strong><\/p>\n<p>Genau. Und das tun wir mit sehr viel Aufwand und geben daf\u00fcr sehr, sehr viel Geld aus. Ich hoffe nur, dass irgendwann der Groschen f\u00e4llt, weil wir hier in Deutschland sehr viel Gutes aufbauen k\u00f6nnten. Wir haben das Geld, wir haben die Industrien, wir haben das Know-how, wir haben die Menschen. Es br\u00e4uchte jetzt einen Schub, um den Menschen zu vermitteln: \u201eOkay, wir starten in eine bessere Zukunft.\u201c Das sehen wir im Moment leider nicht.<\/p>\n<p>Frau Kammer, ich danke Ihnen f\u00fcr dieses Gespr\u00e4ch.<\/p>\n<\/div><\/section><\/div>\n","protected":false},"excerpt":{"rendered":"","protected":false},"author":2,"featured_media":45279,"comment_status":"closed","ping_status":"closed","sticky":false,"template":"","format":"standard","meta":{"footnotes":""},"categories":[2],"tags":[],"class_list":["post-45261","post","type-post","status-publish","format-standard","has-post-thumbnail","hentry","category-presse"],"aioseo_notices":[],"_links":{"self":[{"href":"https:\/\/interiorpark.com\/wp-json\/wp\/v2\/posts\/45261","targetHints":{"allow":["GET"]}}],"collection":[{"href":"https:\/\/interiorpark.com\/wp-json\/wp\/v2\/posts"}],"about":[{"href":"https:\/\/interiorpark.com\/wp-json\/wp\/v2\/types\/post"}],"author":[{"embeddable":true,"href":"https:\/\/interiorpark.com\/wp-json\/wp\/v2\/users\/2"}],"replies":[{"embeddable":true,"href":"https:\/\/interiorpark.com\/wp-json\/wp\/v2\/comments?post=45261"}],"version-history":[{"count":16,"href":"https:\/\/interiorpark.com\/wp-json\/wp\/v2\/posts\/45261\/revisions"}],"predecessor-version":[{"id":45449,"href":"https:\/\/interiorpark.com\/wp-json\/wp\/v2\/posts\/45261\/revisions\/45449"}],"wp:featuredmedia":[{"embeddable":true,"href":"https:\/\/interiorpark.com\/wp-json\/wp\/v2\/media\/45279"}],"wp:attachment":[{"href":"https:\/\/interiorpark.com\/wp-json\/wp\/v2\/media?parent=45261"}],"wp:term":[{"taxonomy":"category","embeddable":true,"href":"https:\/\/interiorpark.com\/wp-json\/wp\/v2\/categories?post=45261"},{"taxonomy":"post_tag","embeddable":true,"href":"https:\/\/interiorpark.com\/wp-json\/wp\/v2\/tags?post=45261"}],"curies":[{"name":"wp","href":"https:\/\/api.w.org\/{rel}","templated":true}]}}