{"id":2269,"date":"2021-03-22T16:55:30","date_gmt":"2021-03-22T15:55:30","guid":{"rendered":"https:\/\/insidek.org\/?p=2269"},"modified":"2022-01-05T10:31:39","modified_gmt":"2022-01-05T09:31:39","slug":"sequenz-workshop","status":"publish","type":"post","link":"https:\/\/insidek.org\/sequenz-workshop\/","title":{"rendered":"SEQUENZ Workshop mit J\u00fcrgen Sartorius"},"content":{"rendered":"\n<div style=\"height:20px\" aria-hidden=\"true\" class=\"wp-block-spacer\"><\/div>\n\n\n\n<h3 class=\"wp-block-heading\"><span style=\"color:#8eb7c9\" class=\"has-inline-color\">SEQUENZ KEYBOARDSTATIVE<\/span><\/h3>\n\n\n\n<p>Nat\u00fcrlich ist ein Keyboardstativ nur ein Stativ, denn es h\u00e4lt das Keyboard sicher in der Position, in der es dem Spieler am angenehmsten ist. Scherenstative kennen wir alle, von wackelig bis High End, dann gibt es noch stabile (aber meines Erachtens unaufregende) Tisch-Stative oder (leicht schwingende) S\u00e4ulenstative.<\/p>\n\n\n\n<p>\u2026 und dann gibt es SEQUENZ Stative!<\/p>\n\n\n\n<p>Zum ersten Mal kam ich 2016 auf der Musikmesse Frankfurt mit solch einem aufregenden Stativ in Ber\u00fchrung. Das VOX CONTINENTAL Stagekeyboard wurde erstmals vorgestellt, damals noch als Prototyp. Dieses stand auf einem SEQUENZ Stativ. Weder das VOX Keyboard noch das schicke Chromstativ waren seinerzeit zu erhalten. Der Termin der Markteinf\u00fchrung war nur Spekulation.<\/p>\n\n\n\n<p>SEQUENZ hat sich mittlerweile als Hersteller von ausgew\u00e4hltem Keyboardzubeh\u00f6r etabliert: Tisch-St\u00e4nder, Stative, Taschen, praktische Bags und sogar ein eigenes kleines Lautsprechersystem passend f\u00fcr die hier vorgestellten Stative. Doch dazu sp\u00e4ter mehr.<\/p>\n\n\n\n<div style=\"height:20px\" aria-hidden=\"true\" class=\"wp-block-spacer\"><\/div>\n\n\n\n<figure class=\"wp-block-image size-large\"><img fetchpriority=\"high\" decoding=\"async\" width=\"1024\" height=\"683\" src=\"https:\/\/insidek.org\/wp-content\/uploads\/2021\/03\/SEQUENZ_vox_continental_musikmesse-1024x683.jpg\" alt=\"SEQUENZ VOX Continental Prototyp auf der Musikmesse 2016\" class=\"wp-image-2283\" srcset=\"https:\/\/insidek.org\/wp-content\/uploads\/2021\/03\/SEQUENZ_vox_continental_musikmesse-1024x683.jpg 1024w, https:\/\/insidek.org\/wp-content\/uploads\/2021\/03\/SEQUENZ_vox_continental_musikmesse-300x200.jpg 300w, https:\/\/insidek.org\/wp-content\/uploads\/2021\/03\/SEQUENZ_vox_continental_musikmesse-768x512.jpg 768w, https:\/\/insidek.org\/wp-content\/uploads\/2021\/03\/SEQUENZ_vox_continental_musikmesse.jpg 1500w\" sizes=\"(max-width: 1024px) 100vw, 1024px\" \/><figcaption>Musikmesse 2016: VOX Continental Prototyp auf SEQUENZ Stativ<\/figcaption><\/figure>\n\n\n\n<div style=\"height:20px\" aria-hidden=\"true\" class=\"wp-block-spacer\"><\/div>\n\n\n\n<p>Zur Markteinf\u00fchrung des VOX CONTINENTAL Stagekeyboards gab es eine Zeit lang ein Chromstativ dazu, welches ich selber schon l\u00e4nger besitze. Ein besonderes Feature dieser Kombination ist, dass ich mein VOX Keyboard auf dem Stativ fest verschrauben kann. Welch atemberaubende Keyboard-Neigungen da m\u00f6glich sind, ist dem ein oder anderen sicherlich schon in diversen Posts meiner Social-Media-Profile aufgefallen.<\/p>\n\n\n\n<p>Die Stative von SEQUENZ sind nun seit l\u00e4ngerer Zeit im Handel erh\u00e4ltlich. Vier unterschiedliche Modelle werden hier angeboten: ein schwarzes Stativ aus Aluminium f\u00fcr 61-Tasten-Keyboards\/Synths (S) und eines in der gr\u00f6\u00dferen Alu-Ausf\u00fchrung f\u00fcr 88-Tasten-Instrumente (L). Die stabilere Variante ist aus verchromtem Stahl gefertigt und passt ideal f\u00fcr 73\/76-Tasten Synths\/Pianos (M). Zu guter Letzt gibt es noch die gr\u00f6\u00dfte Ausf\u00fchrung f\u00fcr 88-Tasten-Instrumente (L).<\/p>\n\n\n\n<p>Das geschmackvolle Design ist in der Keyboardlandschaft einzigartig und erinnert ein wenig an das originale Stativ der Ur-VOX von 1962. Aus eigener Erfahrung kann ich sagen, dass dieses Stativ wohl das robusteste ist, auf das ich jemals meine Keyboards gestellt habe. Die stilvollen Seitenteile sind aus verchromtem Stahl, die Verstrebungen aus Aluminium. Es steht auf Gummif\u00fc\u00dfen unglaublich stabil und ist durch Diagonalstreben verwindungs- und wackelfrei. Die Stative bieten dar\u00fcber hinaus einen riesigen freien Fu\u00dfraum f\u00fcr Pedalerie aller Art, sogar ein gro\u00dfes Orgel-Basspedal passt darunter.<\/p>\n\n\n\n<p>Alle Stativmodelle bieten die M\u00f6glichkeit, mehr als eine Keyboardablage zu montieren (separat erh\u00e4ltlich), wobei die schwarze Ablage &#8211; ich nenne es mal \u201eTisch\u201c &#8211; nur f\u00fcr das 61er Stativ zu erhalten ist, alle anderen Tische sind silberfarben\/Chrom. Diese sind mit entsprechenden Handschrauben leicht in H\u00f6he und Neigung zu verstellen und sitzen anschlie\u00dfend bombenfest. Die Verarbeitung aller R\u00e4ndel- und Handschrauben sowie Klemmen ist durchweg hochwertig, sodass keine Gefahr besteht, dass nach dem zehnten Aufbau schon irgendetwas abbricht.<\/p>\n\n\n\n<p>Die Designer haben auch an kleine Details gedacht: Die gro\u00dfen hebelartigen Feststellschrauben kann man nach dem Festdrehen mit einem eingearbeiteten Knopf in eine andere Stellung bringen, sollten diese nach oben zeigen und an das Keyboard sto\u00dfen.<\/p>\n\n\n\n<div style=\"height:20px\" aria-hidden=\"true\" class=\"wp-block-spacer\"><\/div>\n\n\n\n<figure class=\"wp-block-gallery columns-2 is-cropped wp-block-gallery-2 is-layout-flex wp-block-gallery-is-layout-flex\"><ul class=\"blocks-gallery-grid\"><li class=\"blocks-gallery-item\"><figure><img decoding=\"async\" width=\"768\" height=\"1024\" src=\"https:\/\/insidek.org\/wp-content\/uploads\/2021\/03\/SEQUENZ_Workshop_Feststellschrauben-768x1024.jpg\" alt=\"SEQUENZ_Workshop_Feststellschrauben\" data-id=\"2284\" data-full-url=\"https:\/\/insidek.org\/wp-content\/uploads\/2021\/03\/SEQUENZ_Workshop_Feststellschrauben.jpg\" data-link=\"https:\/\/insidek.org\/sequenz-workshop\/sequenz_workshop_feststellschrauben\/\" class=\"wp-image-2284\" srcset=\"https:\/\/insidek.org\/wp-content\/uploads\/2021\/03\/SEQUENZ_Workshop_Feststellschrauben-768x1024.jpg 768w, https:\/\/insidek.org\/wp-content\/uploads\/2021\/03\/SEQUENZ_Workshop_Feststellschrauben-225x300.jpg 225w, https:\/\/insidek.org\/wp-content\/uploads\/2021\/03\/SEQUENZ_Workshop_Feststellschrauben.jpg 1000w\" sizes=\"(max-width: 768px) 100vw, 768px\" \/><\/figure><\/li><li class=\"blocks-gallery-item\"><figure><img decoding=\"async\" width=\"768\" height=\"1024\" src=\"https:\/\/insidek.org\/wp-content\/uploads\/2021\/03\/SEQUENZ_Workshop_Feststellschrauben2-768x1024.jpg\" alt=\"SEQUENZ_Workshop_Feststellschrauben2\" data-id=\"2285\" data-full-url=\"https:\/\/insidek.org\/wp-content\/uploads\/2021\/03\/SEQUENZ_Workshop_Feststellschrauben2.jpg\" data-link=\"https:\/\/insidek.org\/sequenz-workshop\/sequenz_workshop_feststellschrauben2\/\" class=\"wp-image-2285\" srcset=\"https:\/\/insidek.org\/wp-content\/uploads\/2021\/03\/SEQUENZ_Workshop_Feststellschrauben2-768x1024.jpg 768w, https:\/\/insidek.org\/wp-content\/uploads\/2021\/03\/SEQUENZ_Workshop_Feststellschrauben2-225x300.jpg 225w, https:\/\/insidek.org\/wp-content\/uploads\/2021\/03\/SEQUENZ_Workshop_Feststellschrauben2.jpg 1000w\" sizes=\"(max-width: 768px) 100vw, 768px\" \/><\/figure><\/li><\/ul><figcaption class=\"blocks-gallery-caption\">Verstellbare Feststellschrauben<\/figcaption><\/figure>\n\n\n\n<div style=\"height:20px\" aria-hidden=\"true\" class=\"wp-block-spacer\"><\/div>\n\n\n\n<p>Variabel zu montierende Kunststoffablagen werden anschlie\u00dfend &#8211; ebenfalls wackelfrei &#8211; auf den Tisch geklemmt und erm\u00f6glichen so, Tasteninstrumente jeder Gr\u00f6\u00dfe zu platzieren. Auch haben diese Ablagen drei Positionen, um die Tiefe zu \u00e4ndern. Die Tasteninstrumente liegen am Ende rutschfrei auf den gummierten Keyboard-Ablagen.<\/p>\n\n\n\n<p>Auch ohne feste Verschraubung von Instrument und Stativ, wie vorhin bei dem VOX CONTINENTAL Stagekeyboard erw\u00e4hnt, sind mit s\u00e4mtlichen Tasteninstrumenten gewisse Neigungen m\u00f6glich, denn die Kunststoffhalter haben am Ende entsprechende Stop-Winkel. So l\u00e4sst sich ein perfekter Winkel zum Spielen auf der B\u00fchne oder zu Hause einstellen.<\/p>\n\n\n\n<p>Die Stative lassen sich f\u00fcr den Transport selbstverst\u00e4ndlich komplett zerlegen. Der Aufbau dauert durch die Verstrebungen und insgesamt acht Schrauben vielleicht eine Minute l\u00e4nger als bei einem herk\u00f6mmlichen Stativ, aber diese kleine Arbeit ist es wert: ein echter Stativ-Hingucker!<\/p>\n\n\n\n<div style=\"height:40px\" aria-hidden=\"true\" class=\"wp-block-spacer\"><\/div>\n\n\n\n<h3 class=\"has-white-color has-text-color has-background wp-block-heading\" style=\"background-color:#8eb7c9\"><span class=\"has-inline-color has-white-color\">GR\u00d6SSENTABELLE F\u00dcR KORG INSTRUMENTE<\/span><\/h3>\n\n\n\n<div style=\"height:20px\" aria-hidden=\"true\" class=\"wp-block-spacer\"><\/div>\n\n\n\n<div class=\"wp-block-columns is-layout-flex wp-container-core-columns-is-layout-1 wp-block-columns-is-layout-flex\">\n<div class=\"wp-block-column is-layout-flow wp-block-column-is-layout-flow\">\n<figure class=\"wp-block-table is-style-regular\"><table><thead><tr><th><strong>Gr\u00f6\u00dfe<\/strong><\/th><th><strong>KORG Modell<\/strong><\/th><\/tr><\/thead><tbody><tr><td>M<\/td><td>B2 (N)<\/td><\/tr><tr><td>L<\/td><td>D1<\/td><\/tr><tr><td>M<\/td><td>Grandstage 73<\/td><\/tr><tr><td>M<\/td><td>Grandstage 88<\/td><\/tr><tr><td>M<\/td><td>XE-20<\/td><\/tr><tr><td>S<\/td><td>KingKORG<\/td><\/tr><tr><td>S<\/td><td>KROME EX 61<\/td><\/tr><tr><td>M<\/td><td>KROME EX 73<\/td><\/tr><tr><td>L<\/td><td>KROME EX 88<\/td><\/tr><tr><td>L<\/td><td>KRONOS LS<\/td><\/tr><tr><td>S<\/td><td>KRONOS2-61<\/td><\/tr><\/tbody><\/table><\/figure>\n<\/div>\n\n\n\n<div class=\"wp-block-column is-layout-flow wp-block-column-is-layout-flow\">\n<figure class=\"wp-block-table is-style-regular\"><table><thead><tr><th><strong>Gr\u00f6\u00dfe<\/strong><\/th><th><strong>KORG Modell<\/strong><\/th><\/tr><\/thead><tbody><tr><td>M<\/td><td>KRONOS2-73<\/td><\/tr><tr><td>L<\/td><td>KRONOS2-88<\/td><\/tr><tr><td>S<\/td><td>KROSS2-61<\/td><\/tr><tr><td>L<\/td><td>KROSS2-88<\/td><\/tr><tr><td>S<\/td><td>Pa1000<\/td><\/tr><tr><td>S<\/td><td>Pa600\/Pa300<\/td><\/tr><tr><td>S<\/td><td>Pa700<\/td><\/tr><tr><td>S<\/td><td>prologue-16<\/td><\/tr><tr><td>S<\/td><td>prologue-8<\/td><\/tr><tr><td>M<\/td><td>SV-2\/S 73<\/td><\/tr><tr><td>L<\/td><td>SV-2\/S 88<\/td><\/tr><\/tbody><\/table><\/figure>\n<\/div>\n<\/div>\n\n\n\n<div style=\"height:20px\" aria-hidden=\"true\" class=\"wp-block-spacer\"><\/div>\n\n\n\n<h3 class=\"wp-block-heading\"><span style=\"color:#8eb7c9\" class=\"has-inline-color\">Standard-SV: Der Standard in M &amp; L<\/span><\/h3>\n\n\n\n<div class=\"wp-block-columns is-layout-flex wp-container-core-columns-is-layout-2 wp-block-columns-is-layout-flex\">\n<div class=\"wp-block-column is-vertically-aligned-top is-layout-flow wp-block-column-is-layout-flow\">\n<ul class=\"wp-block-list\"><li>Zwei Gr\u00f6\u00dfen: M f\u00fcr 73\/76er und L f\u00fcr Setups mit 88er Keyboards<\/li><li>H\u00f6he, Winkel, Tiefe und Anzahl an Ebenen einstellbar<\/li><li>Hohe Stabilit\u00e4t bei geringem Gewicht<\/li><li>Schneller Auf- und Abbau<\/li><li>Stilvolles Design<\/li><\/ul>\n<\/div>\n\n\n\n<div class=\"wp-block-column is-vertically-aligned-center is-layout-flow wp-block-column-is-layout-flow\">\n<figure class=\"wp-block-image size-large is-resized\"><img loading=\"lazy\" decoding=\"async\" src=\"https:\/\/insidek.org\/wp-content\/uploads\/2021\/03\/SEQUENZ_Workshop_Standard_L_SV_Front.jpg\" alt=\"SEQUENZ_Workshop_Standard_L_SV_Front\" class=\"wp-image-2274\" width=\"312\" height=\"375\" srcset=\"https:\/\/insidek.org\/wp-content\/uploads\/2021\/03\/SEQUENZ_Workshop_Standard_L_SV_Front.jpg 579w, https:\/\/insidek.org\/wp-content\/uploads\/2021\/03\/SEQUENZ_Workshop_Standard_L_SV_Front-249x300.jpg 249w\" sizes=\"(max-width: 312px) 100vw, 312px\" \/><figcaption>KRSQSTDMSV, KRSQSTDLSV<\/figcaption><\/figure>\n<\/div>\n<\/div>\n\n\n\n<div style=\"height:20px\" aria-hidden=\"true\" class=\"wp-block-spacer\"><\/div>\n\n\n\n<h3 class=\"wp-block-heading\"><span style=\"color:#8eb7c9\" class=\"has-inline-color\">Standard-ABK: Der Standard in S &amp; L<\/span><\/h3>\n\n\n\n<div class=\"wp-block-columns is-layout-flex wp-container-core-columns-is-layout-3 wp-block-columns-is-layout-flex\">\n<div class=\"wp-block-column is-layout-flow wp-block-column-is-layout-flow\">\n<figure class=\"wp-block-image size-large is-resized\"><img loading=\"lazy\" decoding=\"async\" src=\"https:\/\/insidek.org\/wp-content\/uploads\/2021\/03\/SEQUENZ_Workshop_Standard_L_ABK_Front.jpg\" alt=\"SEQUENZ_Workshop_Standard_L_ABK_Front\" class=\"wp-image-2277\" width=\"282\" height=\"339\" srcset=\"https:\/\/insidek.org\/wp-content\/uploads\/2021\/03\/SEQUENZ_Workshop_Standard_L_ABK_Front.jpg 579w, https:\/\/insidek.org\/wp-content\/uploads\/2021\/03\/SEQUENZ_Workshop_Standard_L_ABK_Front-249x300.jpg 249w\" sizes=\"(max-width: 282px) 100vw, 282px\" \/><figcaption>KRSQSTDSABK, KRSQSTDLABK<\/figcaption><\/figure>\n<\/div>\n\n\n\n<div class=\"wp-block-column is-layout-flow wp-block-column-is-layout-flow\">\n<ul class=\"wp-block-list\"><li>Zwei Gr\u00f6\u00dfen: S f\u00fcr 61er und L f\u00fcr Setups mit 88er Keyboards<\/li><li>H\u00f6he, Winkel, Tiefe und Anzahl an Ebenen einstellbar<\/li><li>Hohe Stabilit\u00e4t bei geringem Gewicht<\/li><li>Schneller Auf- und Abbau<\/li><li>Stilvolles Design<\/li><\/ul>\n<\/div>\n<\/div>\n\n\n\n<div style=\"height:40px\" aria-hidden=\"true\" class=\"wp-block-spacer\"><\/div>\n\n\n\n<h3 class=\"has-background wp-block-heading\" style=\"background-color:#8eb7c9\"><span class=\"has-inline-color has-white-color\">SONDERZUBEH\u00d6R ZUM EINRICHTEN WEITERER EBENEN<\/span><\/h3>\n\n\n\n<div style=\"height:20px\" aria-hidden=\"true\" class=\"wp-block-spacer\"><\/div>\n\n\n\n<h3 class=\"wp-block-heading\"><span style=\"color:#8eb7c9\" class=\"has-inline-color\">Rack-Adapter<\/span><\/h3>\n\n\n\n<div style=\"height:10px\" aria-hidden=\"true\" class=\"wp-block-spacer\"><\/div>\n\n\n\n<ul class=\"wp-block-list\"><li>Erh\u00e4ltlich in den Gr\u00f6\u00dfen der kompatiblen St\u00e4nder und in deren jeweiliger Materialausf\u00fchrung<\/li><\/ul>\n\n\n\n<div class=\"wp-block-columns is-layout-flex wp-container-core-columns-is-layout-4 wp-block-columns-is-layout-flex\">\n<div class=\"wp-block-column is-layout-flow wp-block-column-is-layout-flow\">\n<figure class=\"wp-block-image size-large\"><img loading=\"lazy\" decoding=\"async\" width=\"746\" height=\"562\" src=\"https:\/\/insidek.org\/wp-content\/uploads\/2021\/03\/SEQUENZ_Workshop_Standard_Tier_L_ABK.jpg\" alt=\"SEQUENZ_Workshop_Standard_Tier_L_ABK\" class=\"wp-image-2278\" srcset=\"https:\/\/insidek.org\/wp-content\/uploads\/2021\/03\/SEQUENZ_Workshop_Standard_Tier_L_ABK.jpg 746w, https:\/\/insidek.org\/wp-content\/uploads\/2021\/03\/SEQUENZ_Workshop_Standard_Tier_L_ABK-300x226.jpg 300w\" sizes=\"(max-width: 746px) 100vw, 746px\" \/><figcaption>KRSQSTASB<br>KRSQSTALB<\/figcaption><\/figure>\n<\/div>\n\n\n\n<div class=\"wp-block-column is-layout-flow wp-block-column-is-layout-flow\">\n<figure class=\"wp-block-image size-large\"><img loading=\"lazy\" decoding=\"async\" width=\"746\" height=\"565\" src=\"https:\/\/insidek.org\/wp-content\/uploads\/2021\/03\/SEQUENZ_Workshop_Standard_Tier_L_SV.jpg\" alt=\"SEQUENZ_Workshop_Standard_Tier_L_SV\" class=\"wp-image-2279\" srcset=\"https:\/\/insidek.org\/wp-content\/uploads\/2021\/03\/SEQUENZ_Workshop_Standard_Tier_L_SV.jpg 746w, https:\/\/insidek.org\/wp-content\/uploads\/2021\/03\/SEQUENZ_Workshop_Standard_Tier_L_SV-300x227.jpg 300w\" sizes=\"(max-width: 746px) 100vw, 746px\" \/><figcaption>KRSQSTAMS<br>KRSQSTALS<\/figcaption><\/figure>\n<\/div>\n<\/div>\n\n\n\n<div style=\"height:20px\" aria-hidden=\"true\" class=\"wp-block-spacer\"><\/div>\n\n\n\n<h3 class=\"wp-block-heading\"><span style=\"color:#8eb7c9\" class=\"has-inline-color\">Keyboard-Halterung: SKH-B<\/span><\/h3>\n\n\n\n<div class=\"wp-block-columns is-layout-flex wp-container-core-columns-is-layout-5 wp-block-columns-is-layout-flex\">\n<div class=\"wp-block-column is-layout-flow wp-block-column-is-layout-flow\">\n<ul class=\"wp-block-list\"><li>Set von zwei Halterungen<\/li><li>Montierbar auf den Keyboard-Racks, um darauf mehrere Ger\u00e4te befestigen zu k\u00f6nnen<\/li><li>Im Lieferumfang der Standard-St\u00e4nder ist bereits ein Set enthalten<\/li><\/ul>\n<\/div>\n\n\n\n<div class=\"wp-block-column is-layout-flow wp-block-column-is-layout-flow\">\n<figure class=\"wp-block-image size-large\"><img loading=\"lazy\" decoding=\"async\" width=\"721\" height=\"382\" src=\"https:\/\/insidek.org\/wp-content\/uploads\/2021\/03\/SEQUENZ_Workshop_Standard_Adapter.jpg\" alt=\"SEQUENZ_Workshop_Standard_Adapter\" class=\"wp-image-2280\" srcset=\"https:\/\/insidek.org\/wp-content\/uploads\/2021\/03\/SEQUENZ_Workshop_Standard_Adapter.jpg 721w, https:\/\/insidek.org\/wp-content\/uploads\/2021\/03\/SEQUENZ_Workshop_Standard_Adapter-300x159.jpg 300w\" sizes=\"(max-width: 721px) 100vw, 721px\" \/><figcaption>KRSQSKHB<\/figcaption><\/figure>\n<\/div>\n<\/div>\n\n\n\n<div style=\"height:20px\" aria-hidden=\"true\" class=\"wp-block-spacer\"><\/div>\n\n\n\n<figure class=\"wp-block-gallery columns-2 is-cropped wp-block-gallery-3 is-layout-flex wp-block-gallery-is-layout-flex\"><ul class=\"blocks-gallery-grid\"><li class=\"blocks-gallery-item\"><figure><img loading=\"lazy\" decoding=\"async\" width=\"1024\" height=\"768\" src=\"https:\/\/insidek.org\/wp-content\/uploads\/2021\/03\/SEQUENZ_Workshop_Instrumente_Staender2-1024x768.jpg\" alt=\"SEQUENZ_Workshop_Instrumente_Staender2\" data-id=\"2286\" data-full-url=\"https:\/\/insidek.org\/wp-content\/uploads\/2021\/03\/SEQUENZ_Workshop_Instrumente_Staender2.jpg\" data-link=\"https:\/\/insidek.org\/sequenz-workshop\/sequenz_workshop_instrumente_staender2\/\" class=\"wp-image-2286\" srcset=\"https:\/\/insidek.org\/wp-content\/uploads\/2021\/03\/SEQUENZ_Workshop_Instrumente_Staender2-1024x768.jpg 1024w, https:\/\/insidek.org\/wp-content\/uploads\/2021\/03\/SEQUENZ_Workshop_Instrumente_Staender2-300x225.jpg 300w, https:\/\/insidek.org\/wp-content\/uploads\/2021\/03\/SEQUENZ_Workshop_Instrumente_Staender2-768x576.jpg 768w, https:\/\/insidek.org\/wp-content\/uploads\/2021\/03\/SEQUENZ_Workshop_Instrumente_Staender2.jpg 1500w\" sizes=\"(max-width: 1024px) 100vw, 1024px\" \/><\/figure><\/li><li class=\"blocks-gallery-item\"><figure><img loading=\"lazy\" decoding=\"async\" width=\"1024\" height=\"576\" src=\"https:\/\/insidek.org\/wp-content\/uploads\/2021\/03\/SEQUENZ_Workshop_Instrumente_Staender-1024x576.jpg\" alt=\"SEQUENZ_Workshop_Instrumente_Staender\" data-id=\"2287\" data-full-url=\"https:\/\/insidek.org\/wp-content\/uploads\/2021\/03\/SEQUENZ_Workshop_Instrumente_Staender.jpg\" data-link=\"https:\/\/insidek.org\/sequenz-workshop\/sequenz_workshop_instrumente_staender\/\" class=\"wp-image-2287\" srcset=\"https:\/\/insidek.org\/wp-content\/uploads\/2021\/03\/SEQUENZ_Workshop_Instrumente_Staender-1024x576.jpg 1024w, https:\/\/insidek.org\/wp-content\/uploads\/2021\/03\/SEQUENZ_Workshop_Instrumente_Staender-300x169.jpg 300w, https:\/\/insidek.org\/wp-content\/uploads\/2021\/03\/SEQUENZ_Workshop_Instrumente_Staender-768x432.jpg 768w, https:\/\/insidek.org\/wp-content\/uploads\/2021\/03\/SEQUENZ_Workshop_Instrumente_Staender.jpg 1500w\" sizes=\"(max-width: 1024px) 100vw, 1024px\" \/><\/figure><\/li><\/ul><\/figure>\n\n\n\n<div style=\"height:20px\" aria-hidden=\"true\" class=\"wp-block-spacer\"><\/div>\n\n\n\n<h3 class=\"wp-block-heading\"><span style=\"color:#8eb7c9\" class=\"has-inline-color\">SEQUENZ SONIC BAR<\/span><\/h3>\n\n\n\n<p>Wie bereits zuvor erw\u00e4hnt bietet SEQUENZ passend zum Stativ auch ein eigenes Lautsprechersystem an. Schnell sind die zwei mitgelieferten Seitenteile an den schwarzen Holzkorpus montiert und der schwarze Lautsprecher unauff\u00e4llig unter den Spieltisch geh\u00e4ngt. Eine perfekte Erg\u00e4nzung f\u00fcr die B\u00fchne als Monitor oder im eigenen Heim zur Beschallung des Raumes. Dank der Seitenteilkonzeption macht die SONIC BAR auch jede Neigung des Spieltisches mit. Langl\u00f6cher erlauben es sogar, den Lautsprecher nochmals im Winkel zu verstellen.<\/p>\n\n\n\n<p>Die SONIC BAR bietet die M\u00f6glichkeit, gleich zwei Instrumente \u00fcber 6,3 mm Klinkeneing\u00e4nge anzuschlie\u00dfen und \u00fcber den Stereo-THRU-Anschluss dieses gemischte Signal beispielsweise an ein weiteres Mischpult weiterzuleiten. Die Stromversorgung \u00fcbernimmt ein externes Netzteil.<\/p>\n\n\n\n<p>Auf der Vorderseite sind noch ein Volumenpoti sowie je ein Regler f\u00fcr B\u00e4sse und H\u00f6hen vorhanden. Auf der B\u00fchne hat man so einen praktischen Keyboard-Monitor, f\u00fcr daheim gen\u00fcgt er als Verst\u00e4rkung im Wohnzimmer absolut. Nat\u00fcrlich habe ich \u201eVollgas\u201c ausprobiert und bin von dem positiven Klangbild sehr angetan.<\/p>\n\n\n\n<p>Selbstverst\u00e4ndlich kann die SONIC BAR (ohne Halter) auch f\u00fcr andere Anwendungen genutzt werden, z.B. als PC-Lautsprecher auf dem Schreibtisch oder als TV-Soundbar.<\/p>\n\n\n\n<div style=\"height:20px\" aria-hidden=\"true\" class=\"wp-block-spacer\"><\/div>\n\n\n\n<figure class=\"wp-block-image size-large\"><img loading=\"lazy\" decoding=\"async\" width=\"850\" height=\"467\" src=\"https:\/\/insidek.org\/wp-content\/uploads\/2021\/03\/SEQUENZ_Workshop_Sonic_Bar.jpg\" alt=\"SEQUENZ Sonic Bar\" class=\"wp-image-2288\" srcset=\"https:\/\/insidek.org\/wp-content\/uploads\/2021\/03\/SEQUENZ_Workshop_Sonic_Bar.jpg 850w, https:\/\/insidek.org\/wp-content\/uploads\/2021\/03\/SEQUENZ_Workshop_Sonic_Bar-300x165.jpg 300w, https:\/\/insidek.org\/wp-content\/uploads\/2021\/03\/SEQUENZ_Workshop_Sonic_Bar-768x422.jpg 768w\" sizes=\"(max-width: 850px) 100vw, 850px\" \/><\/figure>\n\n\n\n<div style=\"height:20px\" aria-hidden=\"true\" class=\"wp-block-spacer\"><\/div>\n\n\n\n<h3 class=\"wp-block-heading\"><span style=\"color:#8eb7c9\" class=\"has-inline-color\">SEQUENZ KEYBOARD-TASCHE F\u00dcR EK- UND PA-SERIE<\/span><\/h3>\n\n\n\n<div class=\"wp-block-columns is-layout-flex wp-container-core-columns-is-layout-6 wp-block-columns-is-layout-flex\">\n<div class=\"wp-block-column is-layout-flow wp-block-column-is-layout-flow\">\n<p>Die leichte und preiswerte Tasche f\u00fcr Keyboards kommt in leicht gl\u00e4nzendem Silbergrau daher. Sie bietet sogar an der Oberseite ein separates Fach f\u00fcr diverse Kabel und der Griff ist lang genug, um die Tasche auch \u00fcber der Schulter zu tragen. Sie passt f\u00fcr die g\u00e4ngigen Modelle Pa300, Pa600, Pa700, Pa1000 sowie die EK-Serie.<\/p>\n<\/div>\n\n\n\n<div class=\"wp-block-column is-vertically-aligned-center is-layout-flow wp-block-column-is-layout-flow\">\n<figure class=\"wp-block-image size-large is-resized\"><img loading=\"lazy\" decoding=\"async\" src=\"https:\/\/insidek.org\/wp-content\/uploads\/2021\/03\/SEQUENZ_Workshop_Keyboard_Tasche.jpg\" alt=\"SEQUENZ Keyboard Taschen\" class=\"wp-image-2289\" width=\"304\" height=\"206\" srcset=\"https:\/\/insidek.org\/wp-content\/uploads\/2021\/03\/SEQUENZ_Workshop_Keyboard_Tasche.jpg 1000w, https:\/\/insidek.org\/wp-content\/uploads\/2021\/03\/SEQUENZ_Workshop_Keyboard_Tasche-300x204.jpg 300w, https:\/\/insidek.org\/wp-content\/uploads\/2021\/03\/SEQUENZ_Workshop_Keyboard_Tasche-768x522.jpg 768w\" sizes=\"(max-width: 304px) 100vw, 304px\" \/><\/figure>\n<\/div>\n<\/div>\n\n\n\n<p>SEQUENZ hat neben den hier genannten Zubeh\u00f6rartikel noch vieles mehr wie beispielsweise Instrumenten-Rucks\u00e4cke, Stative f\u00fcr die KORG volca Serie und \u00e4hnliches zu bieten. Um das gesamte Portfolio kennenzulernen, findet man unter <span style=\"color:#8eb7c9\" class=\"has-inline-color\"><strong>www.sequenzmusicgear.com<\/strong><\/span> reichhaltige Informationen.<\/p>\n\n\n\n<div style=\"height:20px\" aria-hidden=\"true\" class=\"wp-block-spacer\"><\/div>\n\n\n\n<h3 class=\"has-white-color has-text-color has-background wp-block-heading\" style=\"background-color:#8eb7c9\">WEITERES SEQUENZ ZUBEH\u00d6R<\/h3>\n\n\n\n<div style=\"height:20px\" aria-hidden=\"true\" class=\"wp-block-spacer\"><\/div>\n\n\n\n<figure class=\"wp-block-image size-large is-resized\"><img loading=\"lazy\" decoding=\"async\" src=\"https:\/\/insidek.org\/wp-content\/uploads\/2021\/03\/SEQUENZ_Workshop_Sequenz_Produkte-1024x582.jpg\" alt=\"Auswahl an SEQUENZ Produkten\" class=\"wp-image-2290\" width=\"638\" height=\"363\" srcset=\"https:\/\/insidek.org\/wp-content\/uploads\/2021\/03\/SEQUENZ_Workshop_Sequenz_Produkte-1024x582.jpg 1024w, https:\/\/insidek.org\/wp-content\/uploads\/2021\/03\/SEQUENZ_Workshop_Sequenz_Produkte-300x171.jpg 300w, https:\/\/insidek.org\/wp-content\/uploads\/2021\/03\/SEQUENZ_Workshop_Sequenz_Produkte-768x437.jpg 768w, https:\/\/insidek.org\/wp-content\/uploads\/2021\/03\/SEQUENZ_Workshop_Sequenz_Produkte.jpg 1500w\" sizes=\"(max-width: 638px) 100vw, 638px\" \/><\/figure>\n\n\n\n<div style=\"height:20px\" aria-hidden=\"true\" class=\"wp-block-spacer\"><\/div>\n\n\n\n<h3 class=\"has-text-align-center wp-block-heading\">Zum Hersteller: <\/h3>\n\n\n\n<figure class=\"wp-block-table\"><table class=\"has-background\" style=\"background-color:#f3f4f5\"><tbody><tr><td class=\"has-text-align-center\" data-align=\"center\"><strong><a href=\"https:\/\/sequenzmusicgear.com\/en\/\" data-type=\"URL\" data-id=\"https:\/\/sequenzmusicgear.com\/en\/\" target=\"_blank\" rel=\"noreferrer noopener\">SEQUENZ Keyboard Zubeh\u00f6r<\/a><\/strong><\/td><\/tr><\/tbody><\/table><\/figure>\n\n\n\n<div style=\"height:20px\" aria-hidden=\"true\" class=\"wp-block-spacer\"><\/div>\n\n\n\n<p class=\"has-background\" style=\"background-color:#8eb7c9\"><\/p>\n","protected":false},"excerpt":{"rendered":"<p>SEQUENZ KEYBOARDSTATIVE Nat\u00fcrlich ist ein Keyboardstativ nur ein Stativ, denn es h\u00e4lt das Keyboard sicher in der Position, in der es dem Spieler am angenehmsten ist. Scherenstative kennen wir alle, von wackelig bis High End, dann gibt es noch stabile (aber meines Erachtens unaufregende) Tisch-Stative oder (leicht schwingende) S\u00e4ulenstative. \u2026 und dann gibt es SEQUENZ [&hellip;]<\/p>\n","protected":false},"author":5,"featured_media":2270,"comment_status":"open","ping_status":"open","sticky":false,"template":"","format":"standard","meta":{"_acf_changed":false,"footnotes":""},"categories":[37],"tags":[17],"individual_post":[],"class_list":["post-2269","post","type-post","status-publish","format-standard","has-post-thumbnail","hentry","category-tutorials","tag-keyboard"],"acf":[],"yoast_head":"<!-- This site is optimized with the Yoast SEO plugin v25.1 - https:\/\/yoast.com\/wordpress\/plugins\/seo\/ -->\n<title>SEQUENZ Workshop mit J\u00fcrgen Sartorius - insidek.org<\/title>\n<meta name=\"description\" content=\"SEQUENZ Workshop mit J\u00fcrgen Sartorius inkl. Gr\u00f6\u00dfentabelle f\u00fcr KORG Instrumente\" \/>\n<meta name=\"robots\" content=\"index, follow, max-snippet:-1, max-image-preview:large, max-video-preview:-1\" \/>\n<link rel=\"canonical\" href=\"https:\/\/insidek.org\/sequenz-workshop\/\" \/>\n<meta property=\"og:locale\" content=\"de_DE\" \/>\n<meta property=\"og:type\" content=\"article\" \/>\n<meta property=\"og:title\" content=\"SEQUENZ Workshop mit J\u00fcrgen Sartorius\" \/>\n<meta property=\"og:description\" content=\"SEQUENZ Workshop mit J\u00fcrgen Sartorius inkl. Gr\u00f6\u00dfentabelle f\u00fcr KORG Instrumente\" \/>\n<meta property=\"og:url\" content=\"https:\/\/insidek.org\/sequenz-workshop\/\" \/>\n<meta property=\"og:site_name\" content=\"insidek.org\" \/>\n<meta property=\"article:publisher\" content=\"https:\/\/www.facebook.com\/KORGde\/\" \/>\n<meta property=\"article:published_time\" content=\"2021-03-22T15:55:30+00:00\" \/>\n<meta property=\"article:modified_time\" content=\"2022-01-05T09:31:39+00:00\" \/>\n<meta property=\"og:image\" content=\"https:\/\/insidek.org\/wp-content\/uploads\/2021\/03\/Titelbild_Tutorials_SEQUENZ_Workshop.jpg\" \/>\n\t<meta property=\"og:image:width\" content=\"1500\" \/>\n\t<meta property=\"og:image:height\" content=\"1000\" \/>\n\t<meta property=\"og:image:type\" content=\"image\/jpeg\" \/>\n<meta name=\"author\" content=\"Lena Heinrich\" \/>\n<meta name=\"twitter:card\" content=\"summary_large_image\" \/>\n<meta name=\"twitter:title\" content=\"SEQUENZ Workshop mit J\u00fcrgen Sartorius\" \/>\n<meta name=\"twitter:description\" content=\"SEQUENZ Workshop mit J\u00fcrgen Sartorius inkl. Gr\u00f6\u00dfentabelle f\u00fcr KORG Instrumente\" \/>\n<meta name=\"twitter:image\" content=\"https:\/\/insidek.org\/wp-content\/uploads\/2021\/03\/Titelbild_Tutorials_SEQUENZ_Workshop.jpg\" \/>\n<meta name=\"twitter:label1\" content=\"Verfasst von\" \/>\n\t<meta name=\"twitter:data1\" content=\"Lena Heinrich\" \/>\n\t<meta name=\"twitter:label2\" content=\"Gesch\u00e4tzte Lesezeit\" \/>\n\t<meta name=\"twitter:data2\" content=\"9\u00a0Minuten\" \/>\n<script type=\"application\/ld+json\" class=\"yoast-schema-graph\">{\"@context\":\"https:\/\/schema.org\",\"@graph\":[{\"@type\":\"Article\",\"@id\":\"https:\/\/insidek.org\/sequenz-workshop\/#article\",\"isPartOf\":{\"@id\":\"https:\/\/insidek.org\/sequenz-workshop\/\"},\"author\":{\"name\":\"Lena Heinrich\",\"@id\":\"https:\/\/insidek.org\/#\/schema\/person\/266575d28fc5d7138daea2ae06755320\"},\"headline\":\"SEQUENZ Workshop mit J\u00fcrgen Sartorius\",\"datePublished\":\"2021-03-22T15:55:30+00:00\",\"dateModified\":\"2022-01-05T09:31:39+00:00\",\"mainEntityOfPage\":{\"@id\":\"https:\/\/insidek.org\/sequenz-workshop\/\"},\"wordCount\":1174,\"commentCount\":0,\"publisher\":{\"@id\":\"https:\/\/insidek.org\/#organization\"},\"image\":{\"@id\":\"https:\/\/insidek.org\/sequenz-workshop\/#primaryimage\"},\"thumbnailUrl\":\"https:\/\/insidek.org\/wp-content\/uploads\/2021\/03\/Titelbild_Tutorials_SEQUENZ_Workshop.jpg\",\"keywords\":[\"keyboard\"],\"articleSection\":[\"Tutorials\"],\"inLanguage\":\"de\",\"potentialAction\":[{\"@type\":\"CommentAction\",\"name\":\"Comment\",\"target\":[\"https:\/\/insidek.org\/sequenz-workshop\/#respond\"]}]},{\"@type\":\"WebPage\",\"@id\":\"https:\/\/insidek.org\/sequenz-workshop\/\",\"url\":\"https:\/\/insidek.org\/sequenz-workshop\/\",\"name\":\"SEQUENZ Workshop mit J\u00fcrgen Sartorius - insidek.org\",\"isPartOf\":{\"@id\":\"https:\/\/insidek.org\/#website\"},\"primaryImageOfPage\":{\"@id\":\"https:\/\/insidek.org\/sequenz-workshop\/#primaryimage\"},\"image\":{\"@id\":\"https:\/\/insidek.org\/sequenz-workshop\/#primaryimage\"},\"thumbnailUrl\":\"https:\/\/insidek.org\/wp-content\/uploads\/2021\/03\/Titelbild_Tutorials_SEQUENZ_Workshop.jpg\",\"datePublished\":\"2021-03-22T15:55:30+00:00\",\"dateModified\":\"2022-01-05T09:31:39+00:00\",\"description\":\"SEQUENZ Workshop mit J\u00fcrgen Sartorius inkl. Gr\u00f6\u00dfentabelle f\u00fcr KORG Instrumente\",\"breadcrumb\":{\"@id\":\"https:\/\/insidek.org\/sequenz-workshop\/#breadcrumb\"},\"inLanguage\":\"de\",\"potentialAction\":[{\"@type\":\"ReadAction\",\"target\":[\"https:\/\/insidek.org\/sequenz-workshop\/\"]}]},{\"@type\":\"ImageObject\",\"inLanguage\":\"de\",\"@id\":\"https:\/\/insidek.org\/sequenz-workshop\/#primaryimage\",\"url\":\"https:\/\/insidek.org\/wp-content\/uploads\/2021\/03\/Titelbild_Tutorials_SEQUENZ_Workshop.jpg\",\"contentUrl\":\"https:\/\/insidek.org\/wp-content\/uploads\/2021\/03\/Titelbild_Tutorials_SEQUENZ_Workshop.jpg\",\"width\":1500,\"height\":1000,\"caption\":\"Titelbild_Tutorials_SEQUENZ_Workshop\"},{\"@type\":\"BreadcrumbList\",\"@id\":\"https:\/\/insidek.org\/sequenz-workshop\/#breadcrumb\",\"itemListElement\":[{\"@type\":\"ListItem\",\"position\":1,\"name\":\"Startseite\",\"item\":\"https:\/\/insidek.org\/\"},{\"@type\":\"ListItem\",\"position\":2,\"name\":\"SEQUENZ Workshop mit J\u00fcrgen Sartorius\"}]},{\"@type\":\"WebSite\",\"@id\":\"https:\/\/insidek.org\/#website\",\"url\":\"https:\/\/insidek.org\/\",\"name\":\"insidek.org\",\"description\":\"Das Online Magazin. Willkommen in der Welt von KORG.\",\"publisher\":{\"@id\":\"https:\/\/insidek.org\/#organization\"},\"potentialAction\":[{\"@type\":\"SearchAction\",\"target\":{\"@type\":\"EntryPoint\",\"urlTemplate\":\"https:\/\/insidek.org\/?s={search_term_string}\"},\"query-input\":{\"@type\":\"PropertyValueSpecification\",\"valueRequired\":true,\"valueName\":\"search_term_string\"}}],\"inLanguage\":\"de\"},{\"@type\":\"Organization\",\"@id\":\"https:\/\/insidek.org\/#organization\",\"name\":\"INSIDE KORG\",\"url\":\"https:\/\/insidek.org\/\",\"logo\":{\"@type\":\"ImageObject\",\"inLanguage\":\"de\",\"@id\":\"https:\/\/insidek.org\/#\/schema\/logo\/image\/\",\"url\":\"https:\/\/insidek.org\/wp-content\/uploads\/2021\/02\/InsideKORG-Logo_end-1.png\",\"contentUrl\":\"https:\/\/insidek.org\/wp-content\/uploads\/2021\/02\/InsideKORG-Logo_end-1.png\",\"width\":350,\"height\":73,\"caption\":\"INSIDE KORG\"},\"image\":{\"@id\":\"https:\/\/insidek.org\/#\/schema\/logo\/image\/\"},\"sameAs\":[\"https:\/\/www.facebook.com\/KORGde\/\",\"https:\/\/www.instagram.com\/korg.de\",\"https:\/\/www.youtube.com\/user\/KORGTVGERMANY\"]},{\"@type\":\"Person\",\"@id\":\"https:\/\/insidek.org\/#\/schema\/person\/266575d28fc5d7138daea2ae06755320\",\"name\":\"Lena Heinrich\",\"image\":{\"@type\":\"ImageObject\",\"inLanguage\":\"de\",\"@id\":\"https:\/\/insidek.org\/#\/schema\/person\/image\/\",\"url\":\"https:\/\/secure.gravatar.com\/avatar\/d25aba6d4e4b8d3c9b04dad0e332212e?s=96&d=mm&r=g\",\"contentUrl\":\"https:\/\/secure.gravatar.com\/avatar\/d25aba6d4e4b8d3c9b04dad0e332212e?s=96&d=mm&r=g\",\"caption\":\"Lena Heinrich\"},\"url\":\"https:\/\/insidek.org\/author\/lena-heinrich\/\"}]}<\/script>\n<!-- \/ Yoast SEO plugin. -->","yoast_head_json":{"title":"SEQUENZ Workshop mit J\u00fcrgen Sartorius - insidek.org","description":"SEQUENZ Workshop mit J\u00fcrgen Sartorius inkl. Gr\u00f6\u00dfentabelle f\u00fcr KORG Instrumente","robots":{"index":"index","follow":"follow","max-snippet":"max-snippet:-1","max-image-preview":"max-image-preview:large","max-video-preview":"max-video-preview:-1"},"canonical":"https:\/\/insidek.org\/sequenz-workshop\/","og_locale":"de_DE","og_type":"article","og_title":"SEQUENZ Workshop mit J\u00fcrgen Sartorius","og_description":"SEQUENZ Workshop mit J\u00fcrgen Sartorius inkl. Gr\u00f6\u00dfentabelle f\u00fcr KORG Instrumente","og_url":"https:\/\/insidek.org\/sequenz-workshop\/","og_site_name":"insidek.org","article_publisher":"https:\/\/www.facebook.com\/KORGde\/","article_published_time":"2021-03-22T15:55:30+00:00","article_modified_time":"2022-01-05T09:31:39+00:00","og_image":[{"width":1500,"height":1000,"url":"https:\/\/insidek.org\/wp-content\/uploads\/2021\/03\/Titelbild_Tutorials_SEQUENZ_Workshop.jpg","type":"image\/jpeg"}],"author":"Lena Heinrich","twitter_card":"summary_large_image","twitter_title":"SEQUENZ Workshop mit J\u00fcrgen Sartorius","twitter_description":"SEQUENZ Workshop mit J\u00fcrgen Sartorius inkl. Gr\u00f6\u00dfentabelle f\u00fcr KORG Instrumente","twitter_image":"https:\/\/insidek.org\/wp-content\/uploads\/2021\/03\/Titelbild_Tutorials_SEQUENZ_Workshop.jpg","twitter_misc":{"Verfasst von":"Lena Heinrich","Gesch\u00e4tzte Lesezeit":"9\u00a0Minuten"},"schema":{"@context":"https:\/\/schema.org","@graph":[{"@type":"Article","@id":"https:\/\/insidek.org\/sequenz-workshop\/#article","isPartOf":{"@id":"https:\/\/insidek.org\/sequenz-workshop\/"},"author":{"name":"Lena Heinrich","@id":"https:\/\/insidek.org\/#\/schema\/person\/266575d28fc5d7138daea2ae06755320"},"headline":"SEQUENZ Workshop mit J\u00fcrgen Sartorius","datePublished":"2021-03-22T15:55:30+00:00","dateModified":"2022-01-05T09:31:39+00:00","mainEntityOfPage":{"@id":"https:\/\/insidek.org\/sequenz-workshop\/"},"wordCount":1174,"commentCount":0,"publisher":{"@id":"https:\/\/insidek.org\/#organization"},"image":{"@id":"https:\/\/insidek.org\/sequenz-workshop\/#primaryimage"},"thumbnailUrl":"https:\/\/insidek.org\/wp-content\/uploads\/2021\/03\/Titelbild_Tutorials_SEQUENZ_Workshop.jpg","keywords":["keyboard"],"articleSection":["Tutorials"],"inLanguage":"de","potentialAction":[{"@type":"CommentAction","name":"Comment","target":["https:\/\/insidek.org\/sequenz-workshop\/#respond"]}]},{"@type":"WebPage","@id":"https:\/\/insidek.org\/sequenz-workshop\/","url":"https:\/\/insidek.org\/sequenz-workshop\/","name":"SEQUENZ Workshop mit J\u00fcrgen Sartorius - insidek.org","isPartOf":{"@id":"https:\/\/insidek.org\/#website"},"primaryImageOfPage":{"@id":"https:\/\/insidek.org\/sequenz-workshop\/#primaryimage"},"image":{"@id":"https:\/\/insidek.org\/sequenz-workshop\/#primaryimage"},"thumbnailUrl":"https:\/\/insidek.org\/wp-content\/uploads\/2021\/03\/Titelbild_Tutorials_SEQUENZ_Workshop.jpg","datePublished":"2021-03-22T15:55:30+00:00","dateModified":"2022-01-05T09:31:39+00:00","description":"SEQUENZ Workshop mit J\u00fcrgen Sartorius inkl. Gr\u00f6\u00dfentabelle f\u00fcr KORG Instrumente","breadcrumb":{"@id":"https:\/\/insidek.org\/sequenz-workshop\/#breadcrumb"},"inLanguage":"de","potentialAction":[{"@type":"ReadAction","target":["https:\/\/insidek.org\/sequenz-workshop\/"]}]},{"@type":"ImageObject","inLanguage":"de","@id":"https:\/\/insidek.org\/sequenz-workshop\/#primaryimage","url":"https:\/\/insidek.org\/wp-content\/uploads\/2021\/03\/Titelbild_Tutorials_SEQUENZ_Workshop.jpg","contentUrl":"https:\/\/insidek.org\/wp-content\/uploads\/2021\/03\/Titelbild_Tutorials_SEQUENZ_Workshop.jpg","width":1500,"height":1000,"caption":"Titelbild_Tutorials_SEQUENZ_Workshop"},{"@type":"BreadcrumbList","@id":"https:\/\/insidek.org\/sequenz-workshop\/#breadcrumb","itemListElement":[{"@type":"ListItem","position":1,"name":"Startseite","item":"https:\/\/insidek.org\/"},{"@type":"ListItem","position":2,"name":"SEQUENZ Workshop mit J\u00fcrgen Sartorius"}]},{"@type":"WebSite","@id":"https:\/\/insidek.org\/#website","url":"https:\/\/insidek.org\/","name":"insidek.org","description":"Das Online Magazin. Willkommen in der Welt von KORG.","publisher":{"@id":"https:\/\/insidek.org\/#organization"},"potentialAction":[{"@type":"SearchAction","target":{"@type":"EntryPoint","urlTemplate":"https:\/\/insidek.org\/?s={search_term_string}"},"query-input":{"@type":"PropertyValueSpecification","valueRequired":true,"valueName":"search_term_string"}}],"inLanguage":"de"},{"@type":"Organization","@id":"https:\/\/insidek.org\/#organization","name":"INSIDE KORG","url":"https:\/\/insidek.org\/","logo":{"@type":"ImageObject","inLanguage":"de","@id":"https:\/\/insidek.org\/#\/schema\/logo\/image\/","url":"https:\/\/insidek.org\/wp-content\/uploads\/2021\/02\/InsideKORG-Logo_end-1.png","contentUrl":"https:\/\/insidek.org\/wp-content\/uploads\/2021\/02\/InsideKORG-Logo_end-1.png","width":350,"height":73,"caption":"INSIDE KORG"},"image":{"@id":"https:\/\/insidek.org\/#\/schema\/logo\/image\/"},"sameAs":["https:\/\/www.facebook.com\/KORGde\/","https:\/\/www.instagram.com\/korg.de","https:\/\/www.youtube.com\/user\/KORGTVGERMANY"]},{"@type":"Person","@id":"https:\/\/insidek.org\/#\/schema\/person\/266575d28fc5d7138daea2ae06755320","name":"Lena Heinrich","image":{"@type":"ImageObject","inLanguage":"de","@id":"https:\/\/insidek.org\/#\/schema\/person\/image\/","url":"https:\/\/secure.gravatar.com\/avatar\/d25aba6d4e4b8d3c9b04dad0e332212e?s=96&d=mm&r=g","contentUrl":"https:\/\/secure.gravatar.com\/avatar\/d25aba6d4e4b8d3c9b04dad0e332212e?s=96&d=mm&r=g","caption":"Lena Heinrich"},"url":"https:\/\/insidek.org\/author\/lena-heinrich\/"}]}},"_links":{"self":[{"href":"https:\/\/insidek.org\/wp-json\/wp\/v2\/posts\/2269","targetHints":{"allow":["GET"]}}],"collection":[{"href":"https:\/\/insidek.org\/wp-json\/wp\/v2\/posts"}],"about":[{"href":"https:\/\/insidek.org\/wp-json\/wp\/v2\/types\/post"}],"author":[{"embeddable":true,"href":"https:\/\/insidek.org\/wp-json\/wp\/v2\/users\/5"}],"replies":[{"embeddable":true,"href":"https:\/\/insidek.org\/wp-json\/wp\/v2\/comments?post=2269"}],"version-history":[{"count":18,"href":"https:\/\/insidek.org\/wp-json\/wp\/v2\/posts\/2269\/revisions"}],"predecessor-version":[{"id":4894,"href":"https:\/\/insidek.org\/wp-json\/wp\/v2\/posts\/2269\/revisions\/4894"}],"wp:featuredmedia":[{"embeddable":true,"href":"https:\/\/insidek.org\/wp-json\/wp\/v2\/media\/2270"}],"wp:attachment":[{"href":"https:\/\/insidek.org\/wp-json\/wp\/v2\/media?parent=2269"}],"wp:term":[{"taxonomy":"category","embeddable":true,"href":"https:\/\/insidek.org\/wp-json\/wp\/v2\/categories?post=2269"},{"taxonomy":"post_tag","embeddable":true,"href":"https:\/\/insidek.org\/wp-json\/wp\/v2\/tags?post=2269"},{"taxonomy":"individual_post","embeddable":true,"href":"https:\/\/insidek.org\/wp-json\/wp\/v2\/individual_post?post=2269"}],"curies":[{"name":"wp","href":"https:\/\/api.w.org\/{rel}","templated":true}]}}