{"id":8952,"date":"2026-01-05T21:00:01","date_gmt":"2026-01-05T18:00:01","guid":{"rendered":"https:\/\/indatca.com\/?p=8952"},"modified":"2026-01-26T15:28:48","modified_gmt":"2026-01-26T12:28:48","slug":"datca-nerede","status":"publish","type":"post","link":"https:\/\/indatca.com\/datca-nerede\/","title":{"rendered":"Dat\u00e7a Nerede?"},"content":{"rendered":"<p>Bu ba\u015fl\u0131\u011f\u0131 g\u00f6r\u00fcp de &#8220;<strong>Ne alaka?<\/strong>&#8221; diyen \u00e7ok ki\u015fi olabilir. Dat\u00e7a&#8217;n\u0131n nerede oldu\u011fu konusunda bir \u00e7ok ki\u015finin kafas\u0131nda <strong>soru i\u015faretleri <\/strong>var, inan! Hatta bu soruya \u00f6yle cevaplar geliyor ki, cevaplar Ege b\u00f6lgesinin yan\u0131ndan bile ge\u00e7miyor \ud83d\ude42<\/p>\n<p>Bu sebepten dolay\u0131 biz de\u00a0b\u00f6yle bir ba\u015fl\u0131k atal\u0131m dedik \ud83d\ude09<\/p>\n<p><strong>Dat\u00e7a<\/strong>, <strong>Ege B\u00f6lgesi<\/strong>&#8216;nde <strong>Mu\u011fla iline <\/strong>ba\u011fl\u0131 \u015firin <strong>il\u00e7emiz<\/strong>. Co\u011frafi konumu sebebiyle Dat\u00e7a&#8217;n\u0131n bulundu\u011fu \u00a0kara par\u00e7as\u0131na\u00a0<strong>Dat\u00e7a yar\u0131madas\u0131 <\/strong>deniyor.<\/p>\n<h4><strong>Dat\u00e7a Haritas\u0131<br \/>\n<\/strong><\/h4>\n<p>[mappress mapid=&#8221;21&#8243;]<\/p>\n<p>Dat\u00e7a&#8217;n\u0131n hem <strong>Ege<\/strong>\u00a0<strong>Denizi<\/strong>&#8216;ne hem de <strong>Akdeniz&#8217;<\/strong>e k\u0131y\u0131s\u0131 var. Kuzeyindeki\u00a0<strong>G\u00f6kova k\u00f6rfezi<\/strong>\u00a0ile g\u00fcneyindeki\u00a0<strong>Hisar\u00f6n\u00fc k\u00f6rfezini<\/strong> birbirinden ay\u0131r\u0131yor.<\/p>\n<p>Karadaki tek kom\u015fusu <strong>Mu\u011fla<\/strong>&#8216;n\u0131n <strong>Marmaris il\u00e7esi<\/strong>. Marmaris&#8217;e ba\u011fl\u0131 <strong>Bozburun yar\u0131madas\u0131 Dat\u00e7a yar\u0131madas\u0131na <\/strong>karadan ba\u011flant\u0131l\u0131.<\/p>\n<p>Deniz a\u015f\u0131r\u0131\u00a0kom\u015fular\u0131 ise (a\u015fa\u011f\u0131daki haritada g\u00f6rebilirsin)\u00a0<strong>Kuzey Bat\u0131s\u0131nda<\/strong> <strong>Bodrum<\/strong> ve <strong>Kos adas\u0131<\/strong> (Yunan adalar\u0131), G\u00fcney Do\u011fusunda ise <strong>Simi adas\u0131<\/strong> ve <strong>Rodos adas\u0131.\u00a0<\/strong>(Yunan adalar\u0131)<\/p>\n<h4>Dat\u00e7a Yar\u0131madas\u0131 Haritas\u0131<\/h4>\n<p>[mappress mapid=&#8221;39&#8243;]<\/p>\n<p><strong>&#8220;Dat\u00e7a nerede?&#8221;<\/strong> sorusunun cevab\u0131ndan sonra hemen <strong>\u00f6nemli bir noktaya\u00a0de\u011finmek\u00a0laz\u0131m<\/strong>.<br \/>\n<a title=\"D\u00fcnya Do\u011fal Hayat\u0131 Koruma Vakf\u0131\" href=\"http:\/\/www.wwf.org.tr\" target=\"_blank\" rel=\"noopener noreferrer\"><strong>WWF<\/strong> <\/a>(D\u00fcnya Do\u011fal Hayat\u0131 Koruma Vakf\u0131) <strong>1999 y\u0131l\u0131nda<\/strong> Avrupa\u2019n\u0131n biyolojik \u00e7e\u015fitlilik bak\u0131m\u0131ndan <strong>en de\u011ferli olan<\/strong> ve <strong>acil olarak korunmas\u0131 gereken<\/strong> <strong>100 orman\u0131n\u0131<\/strong> belirledi. Bunlar\u0131 \u201c<strong>Avrupa Ormanlar\u0131\u2019n\u0131n S\u0131cak Noktalar\u0131<\/strong>\u201d olarak tan\u0131mlad\u0131. Bu 100 orman i\u00e7erisinde T\u00fcrkiye\u2019den <strong>9 S\u0131cak Nokta<\/strong> yer al\u0131yor. <strong>Dat\u00e7a ve Bozburun yar\u0131madalar\u0131<\/strong> i\u015fte T\u00fcrkiye&#8217;de yer alan bu <strong>9 S\u0131cak Noktadan biri<\/strong>.<\/p>\n<p><strong>\u00d6zg\u00fcn co\u011frafyas\u0131<\/strong>, irili ufakl\u0131 <strong>e\u015fsiz k\u0131y\u0131lar\u0131<\/strong> ve <strong>koylar\u0131 <\/strong>(b\u00fckleri), benzersiz <strong>Gebekum kumulu<\/strong>, zengin <strong>denizalt\u0131 ya\u015fam\u0131<\/strong>, <strong>endemik bitkileri<\/strong> ve <strong>yaban hayat\u0131<\/strong> ile <strong>Dat\u00e7a yar\u0131madas\u0131n\u0131n<\/strong> <strong>do\u011fal zenginlikleri<\/strong> <strong>tarihi miras\u0131yla<\/strong> birlikte <strong>\u00e7ok \u00f6nemli ve \u00e7ok de\u011ferli<\/strong>.<\/p>\n<p><strong>Acil olarak korumal\u0131, korunmas\u0131 i\u00e7in gereken her \u015feyi yapmal\u0131y\u0131z!<\/strong><\/p>\n<p>&nbsp;<\/p>\n<p>Afiyetle, keyifle, sa\u011fl\u0131kla,\u00a0<a title=\"indatca.com | Dat\u00e7a Tatil ve Ya\u015fam Rehberi\" href=\"https:\/\/indatca.com\/\">Dat\u00e7a\u2019da<\/a>\u2026<\/p>\n","protected":false},"excerpt":{"rendered":"<p>Bu ba\u015fl\u0131\u011f\u0131 g\u00f6r\u00fcp de &#8220;Ne alaka?&#8221; diyen \u00e7ok ki\u015fi olabilir. Dat\u00e7a&#8217;n\u0131n nerede oldu\u011fu konusunda bir \u00e7ok ki\u015finin kafas\u0131nda soru i\u015faretleri var, inan! Hatta bu soruya \u00f6yle cevaplar geliyor ki, cevaplar Ege b\u00f6lgesinin yan\u0131ndan bile ge\u00e7miyor \ud83d\ude42 Bu sebepten dolay\u0131 biz de\u00a0b\u00f6yle bir ba\u015fl\u0131k atal\u0131m dedik \ud83d\ude09 Dat\u00e7a, Ege B\u00f6lgesi&#8216;nde Mu\u011fla iline ba\u011fl\u0131 \u015firin il\u00e7emiz. Co\u011frafi [&hellip;]<\/p>\n","protected":false},"author":1,"featured_media":8954,"comment_status":"open","ping_status":"open","sticky":false,"template":"","format":"standard","meta":{"footnotes":""},"categories":[443,16],"tags":[276,51,50,275,279,278,85,86,91,52,53,74,72,277,280],"class_list":["post-8952","post","type-post","status-publish","format-standard","has-post-thumbnail","hentry","category-ulasim","category-yasam","tag-9-sicak-nokta","tag-bodrum","tag-datca","tag-datca-yarimadasi","tag-endemik-bitki","tag-gebekum-kumulu","tag-gokova-korfezi","tag-hisaronu-korfezi","tag-kos-adasi","tag-marmaris","tag-mugla","tag-rodos-adasi","tag-simi-adasi","tag-wwf","tag-yaban-hayati"],"_links":{"self":[{"href":"https:\/\/indatca.com\/wp-json\/wp\/v2\/posts\/8952","targetHints":{"allow":["GET"]}}],"collection":[{"href":"https:\/\/indatca.com\/wp-json\/wp\/v2\/posts"}],"about":[{"href":"https:\/\/indatca.com\/wp-json\/wp\/v2\/types\/post"}],"author":[{"embeddable":true,"href":"https:\/\/indatca.com\/wp-json\/wp\/v2\/users\/1"}],"replies":[{"embeddable":true,"href":"https:\/\/indatca.com\/wp-json\/wp\/v2\/comments?post=8952"}],"version-history":[{"count":22,"href":"https:\/\/indatca.com\/wp-json\/wp\/v2\/posts\/8952\/revisions"}],"predecessor-version":[{"id":14057,"href":"https:\/\/indatca.com\/wp-json\/wp\/v2\/posts\/8952\/revisions\/14057"}],"wp:featuredmedia":[{"embeddable":true,"href":"https:\/\/indatca.com\/wp-json\/wp\/v2\/media\/8954"}],"wp:attachment":[{"href":"https:\/\/indatca.com\/wp-json\/wp\/v2\/media?parent=8952"}],"wp:term":[{"taxonomy":"category","embeddable":true,"href":"https:\/\/indatca.com\/wp-json\/wp\/v2\/categories?post=8952"},{"taxonomy":"post_tag","embeddable":true,"href":"https:\/\/indatca.com\/wp-json\/wp\/v2\/tags?post=8952"}],"curies":[{"name":"wp","href":"https:\/\/api.w.org\/{rel}","templated":true}]}}