{"id":45400,"date":"2025-10-12T14:13:38","date_gmt":"2025-10-12T18:13:38","guid":{"rendered":"https:\/\/examplesweb.net\/?p=45400"},"modified":"2025-10-12T14:13:38","modified_gmt":"2025-10-12T18:13:38","slug":"marginalized","status":"publish","type":"post","link":"https:\/\/examplesweb.net\/marginalized\/","title":{"rendered":"Examples of Marginalized Communities and Their Struggles"},"content":{"rendered":"<p>In today\u2019s world, the term <strong><strong>marginalized<\/strong><\/strong> resonates deeply as it highlights communities often pushed to the edges of society. Have you ever wondered how these groups navigate their daily lives while facing systemic barriers? Understanding the experiences of marginalized individuals is crucial for fostering empathy and driving change.<\/p><div id=\"ez-toc-container\" class=\"ez-toc-v2_0_82_2 counter-hierarchy ez-toc-counter ez-toc-transparent ez-toc-container-direction\">\n<div class=\"ez-toc-title-container\">\n<div class=\"ez-toc-title ez-toc-toggle\" style=\"cursor:pointer\">Table of Contents<\/div>\n<span class=\"ez-toc-title-toggle\"><a href=\"#\" class=\"ez-toc-pull-right ez-toc-btn ez-toc-btn-xs ez-toc-btn-default ez-toc-toggle\" aria-label=\"Toggle Table of Content\"><span class=\"ez-toc-js-icon-con\"><span class=\"\"><span class=\"eztoc-hide\" style=\"display:none;\">Toggle<\/span><span class=\"ez-toc-icon-toggle-span\"><svg style=\"fill: #999;color:#999\" xmlns=\"http:\/\/www.w3.org\/2000\/svg\" class=\"list-377408\" width=\"20px\" height=\"20px\" viewBox=\"0 0 24 24\" fill=\"none\"><path d=\"M6 6H4v2h2V6zm14 0H8v2h12V6zM4 11h2v2H4v-2zm16 0H8v2h12v-2zM4 16h2v2H4v-2zm16 0H8v2h12v-2z\" fill=\"currentColor\"><\/path><\/svg><svg style=\"fill: #999;color:#999\" class=\"arrow-unsorted-368013\" xmlns=\"http:\/\/www.w3.org\/2000\/svg\" width=\"10px\" height=\"10px\" viewBox=\"0 0 24 24\" version=\"1.2\" baseProfile=\"tiny\"><path d=\"M18.2 9.3l-6.2-6.3-6.2 6.3c-.2.2-.3.4-.3.7s.1.5.3.7c.2.2.4.3.7.3h11c.3 0 .5-.1.7-.3.2-.2.3-.5.3-.7s-.1-.5-.3-.7zM5.8 14.7l6.2 6.3 6.2-6.3c.2-.2.3-.5.3-.7s-.1-.5-.3-.7c-.2-.2-.4-.3-.7-.3h-11c-.3 0-.5.1-.7.3-.2.2-.3.5-.3.7s.1.5.3.7z\"\/><\/svg><\/span><\/span><\/span><\/a><\/span><\/div>\n<nav><ul class='ez-toc-list ez-toc-list-level-1 ' ><li class='ez-toc-page-1 ez-toc-heading-level-2'><a class=\"ez-toc-link ez-toc-heading-1\" href=\"https:\/\/examplesweb.net\/marginalized\/#understanding-marginalization\" >Understanding Marginalization<\/a><ul class='ez-toc-list-level-3' ><li class='ez-toc-heading-level-3'><a class=\"ez-toc-link ez-toc-heading-2\" href=\"https:\/\/examplesweb.net\/marginalized\/#definition-of-marginalized\" >Definition of Marginalized<\/a><\/li><li class='ez-toc-page-1 ez-toc-heading-level-3'><a class=\"ez-toc-link ez-toc-heading-3\" href=\"https:\/\/examplesweb.net\/marginalized\/#historical-context-of-marginalization\" >Historical Context of Marginalization<\/a><\/li><\/ul><\/li><li class='ez-toc-page-1 ez-toc-heading-level-2'><a class=\"ez-toc-link ez-toc-heading-4\" href=\"https:\/\/examplesweb.net\/marginalized\/#types-of-marginalized-groups\" >Types of Marginalized Groups<\/a><ul class='ez-toc-list-level-3' ><li class='ez-toc-heading-level-3'><a class=\"ez-toc-link ez-toc-heading-5\" href=\"https:\/\/examplesweb.net\/marginalized\/#racial-and-ethnic-minorities\" >Racial and Ethnic Minorities<\/a><\/li><li class='ez-toc-page-1 ez-toc-heading-level-3'><a class=\"ez-toc-link ez-toc-heading-6\" href=\"https:\/\/examplesweb.net\/marginalized\/#lgbtq-communities\" >LGBTQ+ Communities<\/a><\/li><li class='ez-toc-page-1 ez-toc-heading-level-3'><a class=\"ez-toc-link ez-toc-heading-7\" href=\"https:\/\/examplesweb.net\/marginalized\/#people-with-disabilities\" >People with Disabilities<\/a><\/li><\/ul><\/li><li class='ez-toc-page-1 ez-toc-heading-level-2'><a class=\"ez-toc-link ez-toc-heading-8\" href=\"https:\/\/examplesweb.net\/marginalized\/#impact-of-marginalization\" >Impact of Marginalization<\/a><ul class='ez-toc-list-level-3' ><li class='ez-toc-heading-level-3'><a class=\"ez-toc-link ez-toc-heading-9\" href=\"https:\/\/examplesweb.net\/marginalized\/#societal-implications\" >Societal Implications<\/a><\/li><li class='ez-toc-page-1 ez-toc-heading-level-3'><a class=\"ez-toc-link ez-toc-heading-10\" href=\"https:\/\/examplesweb.net\/marginalized\/#economic-consequences\" >Economic Consequences<\/a><\/li><\/ul><\/li><li class='ez-toc-page-1 ez-toc-heading-level-2'><a class=\"ez-toc-link ez-toc-heading-11\" href=\"https:\/\/examplesweb.net\/marginalized\/#strategies-for-empowerment\" >Strategies for Empowerment<\/a><ul class='ez-toc-list-level-3' ><li class='ez-toc-heading-level-3'><a class=\"ez-toc-link ez-toc-heading-12\" href=\"https:\/\/examplesweb.net\/marginalized\/#advocacy-and-awareness\" >Advocacy and Awareness<\/a><\/li><li class='ez-toc-page-1 ez-toc-heading-level-3'><a class=\"ez-toc-link ez-toc-heading-13\" href=\"https:\/\/examplesweb.net\/marginalized\/#policy-changes\" >Policy Changes<\/a><\/li><\/ul><\/li><\/ul><\/nav><\/div>\n<h2 class=\"wp-block-heading\"><span class=\"ez-toc-section\" id=\"understanding-marginalization\"><\/span>Understanding Marginalization<span class=\"ez-toc-section-end\"><\/span><\/h2><p>Marginalization refers to the process by which certain groups are pushed to the edge of society, facing discrimination and exclusion. Understanding this concept is crucial for addressing social injustices.<\/p><h3 class=\"wp-block-heading\"><span class=\"ez-toc-section\" id=\"definition-of-marginalized\"><\/span>Definition of Marginalized<span class=\"ez-toc-section-end\"><\/span><\/h3><p>Marginalized communities experience systematic disadvantages that limit their access to resources and opportunities. <strong><strong>These groups often include people based on race, ethnicity, gender identity, sexual orientation, and socioeconomic status.<\/strong><\/strong> For example, individuals from low-income backgrounds may lack access to quality education or healthcare.<\/p><h3 class=\"wp-block-heading\"><span class=\"ez-toc-section\" id=\"historical-context-of-marginalization\"><\/span>Historical Context of Marginalization<span class=\"ez-toc-section-end\"><\/span><\/h3><p>Marginalization has deep roots in history. <strong><strong>Throughout time, various populations have faced oppression due to prevailing societal norms.<\/strong><\/strong> For instance:<\/p><ul class=\"wp-block-list\"><li>Indigenous peoples were displaced from their lands.<\/li><li>Women fought for suffrage and equal rights.<\/li><li>Racial minorities endured segregation and disenfranchisement.<\/li><\/ul><p>Understanding these historical instances helps contextualize current struggles faced by marginalized communities today.<\/p><h2 class=\"wp-block-heading\"><span class=\"ez-toc-section\" id=\"types-of-marginalized-groups\"><\/span>Types of Marginalized Groups<span class=\"ez-toc-section-end\"><\/span><\/h2><p>Marginalized groups encompass various communities that experience systemic disadvantages. Understanding these categories highlights the complexity of marginalization.<\/p><h3 class=\"wp-block-heading\"><span class=\"ez-toc-section\" id=\"racial-and-ethnic-minorities\"><\/span>Racial and Ethnic Minorities<span class=\"ez-toc-section-end\"><\/span><\/h3><p>Racial and ethnic minorities face significant challenges due to discrimination based on their backgrounds. For example, <strong>Black, Hispanic, Native American<\/strong>, and <strong>Asian<\/strong> populations often encounter barriers in education, employment, and healthcare access. Data shows that Black Americans experience higher unemployment rates compared to their white counterparts. Efforts like affirmative action aim to level the playing field but still face opposition.<\/p><h3 class=\"wp-block-heading\"><span class=\"ez-toc-section\" id=\"lgbtq-communities\"><\/span>LGBTQ+ Communities<span class=\"ez-toc-section-end\"><\/span><\/h3><p>LGBTQ+ communities struggle with acceptance and equal rights across many areas of life. Individuals identifying as <strong>lesbian, gay, bisexual<\/strong>, transgender or non-binary frequently confront societal stigma and legal obstacles. For instance, transgender individuals may find it difficult to access healthcare services tailored to their needs. Additionally, many states lack comprehensive protections against workplace discrimination for LGBTQ+ persons.<\/p><h3 class=\"wp-block-heading\"><span class=\"ez-toc-section\" id=\"people-with-disabilities\"><\/span>People with Disabilities<span class=\"ez-toc-section-end\"><\/span><\/h3><p>People with disabilities often encounter physical and social barriers that hinder their full participation in society. These barriers can include limited accessibility in public spaces or inadequate support systems for mental health issues. Statistics reveal that over 60 million adults in the U.S. live with a disability; yet, they frequently face higher rates of poverty than those without disabilities. Advocacy for inclusive policies continues as an essential step towards equality for this group.<\/p><h2 class=\"wp-block-heading\"><span class=\"ez-toc-section\" id=\"impact-of-marginalization\"><\/span>Impact of Marginalization<span class=\"ez-toc-section-end\"><\/span><\/h2><p>Marginalization significantly affects both individuals and communities, leading to various societal and economic consequences. Understanding these impacts helps in addressing the systemic barriers faced by marginalized groups.<\/p><h3 class=\"wp-block-heading\"><span class=\"ez-toc-section\" id=\"societal-implications\"><\/span>Societal Implications<span class=\"ez-toc-section-end\"><\/span><\/h3><p>Marginalized communities often encounter social exclusion. This exclusion manifests in several ways, such as:<\/p><ul class=\"wp-block-list\"><li><strong>Limited representation<\/strong>: Groups like Indigenous peoples and racial minorities frequently lack visibility in media and politics.<\/li><li><strong>Reduced access to services<\/strong>: Many LGBTQ+ individuals face discrimination when seeking healthcare or public assistance.<\/li><li><strong>Increased stigma<\/strong>: People with disabilities often experience negative perceptions that hinder their social interactions.<\/li><\/ul><p>These factors contribute to a cycle of isolation, making it challenging for marginalized groups to engage fully in society.<\/p><h3 class=\"wp-block-heading\"><span class=\"ez-toc-section\" id=\"economic-consequences\"><\/span>Economic Consequences<span class=\"ez-toc-section-end\"><\/span><\/h3><p>Economic impacts of marginalization are profound, affecting job opportunities and overall financial stability. For example:<\/p><ul class=\"wp-block-list\"><li><strong>Wage disparities<\/strong>: Racial minorities typically earn less than white counterparts for similar work.<\/li><li><strong>Employment barriers<\/strong>: LGBTQ+ individuals may face hiring biases, impacting their job prospects.<\/li><li><strong>Higher poverty rates<\/strong>: Communities of color often experience elevated poverty levels due to systemic discrimination.<\/li><\/ul><p>These economic challenges limit access to resources, perpetuating cycles of disadvantage within marginalized communities.<\/p><h2 class=\"wp-block-heading\"><span class=\"ez-toc-section\" id=\"strategies-for-empowerment\"><\/span>Strategies for Empowerment<span class=\"ez-toc-section-end\"><\/span><\/h2><p>Empowering marginalized communities involves a multifaceted approach that includes advocacy, awareness, and policy reform. These strategies aim to dismantle systemic barriers and promote equity.<\/p><h3 class=\"wp-block-heading\"><span class=\"ez-toc-section\" id=\"advocacy-and-awareness\"><\/span>Advocacy and Awareness<span class=\"ez-toc-section-end\"><\/span><\/h3><p>Advocacy plays a vital role in empowering marginalized groups. <strong>Strong community campaigns raise awareness about their struggles<\/strong>, highlighting issues such as discrimination and inequality. By sharing personal stories through social media or public forums, individuals can create connections that foster understanding. Nonprofit organizations often lead these efforts, providing resources and support to amplify voices from marginalized backgrounds.<\/p><p>For instance:<\/p><ul class=\"wp-block-list\"><li>Community-led workshops educate the public about LGBTQ+ rights.<\/li><li>Social media movements like #BlackLivesMatter bring attention to racial injustice.<\/li><li>Local events celebrate cultural diversity, promoting inclusivity.<\/li><\/ul><p>Engaging allies in these initiatives strengthens the movement, encouraging more people to take action against injustices faced by marginalized communities.<\/p><h3 class=\"wp-block-heading\"><span class=\"ez-toc-section\" id=\"policy-changes\"><\/span>Policy Changes<span class=\"ez-toc-section-end\"><\/span><\/h3><p>Policy changes are essential for achieving long-term empowerment for marginalized groups. <strong>Effective legislation addresses systemic inequities<\/strong> that limit access to opportunities and resources. Advocating for policy reforms ensures that voices from these communities influence decision-making processes.<\/p><p>Key areas for policy focus include:<\/p><ul class=\"wp-block-list\"><li><strong>Healthcare Access<\/strong>: Expanding Medicaid coverage helps low-income families receive necessary medical services.<\/li><li><strong>Education Equity<\/strong>: Implementing anti-discrimination policies in schools supports diverse student populations.<\/li><li><strong>Employment Protections<\/strong>: Strengthening workplace rights safeguards against discrimination based on race or gender identity.<\/li><\/ul><p>Collaboration between grassroots organizations and policymakers can drive significant changes. When you advocate for inclusive policies, you contribute to creating an environment where everyone has equal opportunities to thrive.<\/p>","protected":false},"excerpt":{"rendered":"<p>El art\u00edculo explora las comunidades marginalizadas, sus luchas y barreras sist\u00e9micas, destacando la importancia de la empat\u00eda y el cambio social para su empoderamiento.<\/p>\n","protected":false},"author":1,"featured_media":60138,"comment_status":"open","ping_status":"closed","sticky":false,"template":"","format":"standard","meta":{"footnotes":""},"categories":[6],"tags":[],"class_list":["post-45400","post","type-post","status-publish","format-standard","has-post-thumbnail","hentry","category-examples"],"yoast_head":"<!-- This site is optimized with the Yoast SEO plugin v27.5 - https:\/\/yoast.com\/product\/yoast-seo-wordpress\/ -->\n<title>Examples of Marginalized Communities and Their Struggles<\/title>\n<meta name=\"description\" content=\"El art\u00edculo explora las comunidades marginalizadas, sus luchas y barreras sist\u00e9micas, destacando la importancia de la empat\u00eda y el cambio social para su empoderamiento.\" \/>\n<meta name=\"robots\" content=\"index, follow, max-snippet:-1, max-image-preview:large, max-video-preview:-1\" \/>\n<link rel=\"canonical\" href=\"https:\/\/examplesweb.net\/marginalized\/\" \/>\n<meta property=\"og:locale\" content=\"en_US\" \/>\n<meta property=\"og:type\" content=\"article\" \/>\n<meta property=\"og:title\" content=\"Examples of Marginalized Communities and Their Struggles\" \/>\n<meta property=\"og:description\" content=\"El art\u00edculo explora las comunidades marginalizadas, sus luchas y barreras sist\u00e9micas, destacando la importancia de la empat\u00eda y el cambio social para su empoderamiento.\" \/>\n<meta property=\"og:url\" content=\"https:\/\/examplesweb.net\/marginalized\/\" \/>\n<meta property=\"og:site_name\" content=\"Examples Web\" \/>\n<meta property=\"article:published_time\" content=\"2025-10-12T18:13:38+00:00\" \/>\n<meta property=\"og:image\" content=\"https:\/\/examplesweb.net\/wp-content\/uploads\/examples-of-marginalized-communities-and-their-struggles.jpg\" \/>\n\t<meta property=\"og:image:width\" content=\"1024\" \/>\n\t<meta property=\"og:image:height\" content=\"724\" \/>\n\t<meta property=\"og:image:type\" content=\"image\/jpeg\" \/>\n<meta name=\"author\" content=\"valentozer\" \/>\n<meta name=\"twitter:card\" content=\"summary_large_image\" \/>\n<script type=\"application\/ld+json\" class=\"yoast-schema-graph\">{\"@context\":\"https:\\\/\\\/schema.org\",\"@graph\":[{\"@type\":\"Article\",\"@id\":\"https:\\\/\\\/examplesweb.net\\\/marginalized\\\/#article\",\"isPartOf\":{\"@id\":\"https:\\\/\\\/examplesweb.net\\\/marginalized\\\/\"},\"author\":{\"name\":\"valentozer\",\"@id\":\"https:\\\/\\\/examplesweb.net\\\/#\\\/schema\\\/person\\\/c512b416aa23da71d01bbecdb4faff8b\"},\"headline\":\"Examples of Marginalized Communities and Their Struggles\",\"datePublished\":\"2025-10-12T18:13:38+00:00\",\"mainEntityOfPage\":{\"@id\":\"https:\\\/\\\/examplesweb.net\\\/marginalized\\\/\"},\"wordCount\":835,\"commentCount\":0,\"publisher\":{\"@id\":\"https:\\\/\\\/examplesweb.net\\\/#organization\"},\"image\":{\"@id\":\"https:\\\/\\\/examplesweb.net\\\/marginalized\\\/#primaryimage\"},\"thumbnailUrl\":\"https:\\\/\\\/examplesweb.net\\\/wp-content\\\/uploads\\\/examples-of-marginalized-communities-and-their-struggles.jpg\",\"articleSection\":[\"Examples\"],\"inLanguage\":\"en-US\",\"potentialAction\":[{\"@type\":\"CommentAction\",\"name\":\"Comment\",\"target\":[\"https:\\\/\\\/examplesweb.net\\\/marginalized\\\/#respond\"]}]},{\"@type\":\"WebPage\",\"@id\":\"https:\\\/\\\/examplesweb.net\\\/marginalized\\\/\",\"url\":\"https:\\\/\\\/examplesweb.net\\\/marginalized\\\/\",\"name\":\"Examples of Marginalized Communities and Their Struggles\",\"isPartOf\":{\"@id\":\"https:\\\/\\\/examplesweb.net\\\/#website\"},\"primaryImageOfPage\":{\"@id\":\"https:\\\/\\\/examplesweb.net\\\/marginalized\\\/#primaryimage\"},\"image\":{\"@id\":\"https:\\\/\\\/examplesweb.net\\\/marginalized\\\/#primaryimage\"},\"thumbnailUrl\":\"https:\\\/\\\/examplesweb.net\\\/wp-content\\\/uploads\\\/examples-of-marginalized-communities-and-their-struggles.jpg\",\"datePublished\":\"2025-10-12T18:13:38+00:00\",\"description\":\"El art\u00edculo explora las comunidades marginalizadas, sus luchas y barreras sist\u00e9micas, destacando la importancia de la empat\u00eda y el cambio social para su empoderamiento.\",\"breadcrumb\":{\"@id\":\"https:\\\/\\\/examplesweb.net\\\/marginalized\\\/#breadcrumb\"},\"inLanguage\":\"en-US\",\"potentialAction\":[{\"@type\":\"ReadAction\",\"target\":[\"https:\\\/\\\/examplesweb.net\\\/marginalized\\\/\"]}]},{\"@type\":\"ImageObject\",\"inLanguage\":\"en-US\",\"@id\":\"https:\\\/\\\/examplesweb.net\\\/marginalized\\\/#primaryimage\",\"url\":\"https:\\\/\\\/examplesweb.net\\\/wp-content\\\/uploads\\\/examples-of-marginalized-communities-and-their-struggles.jpg\",\"contentUrl\":\"https:\\\/\\\/examplesweb.net\\\/wp-content\\\/uploads\\\/examples-of-marginalized-communities-and-their-struggles.jpg\",\"width\":1024,\"height\":724,\"caption\":\"examples of marginalized communities and their struggles\"},{\"@type\":\"BreadcrumbList\",\"@id\":\"https:\\\/\\\/examplesweb.net\\\/marginalized\\\/#breadcrumb\",\"itemListElement\":[{\"@type\":\"ListItem\",\"position\":1,\"name\":\"Home\",\"item\":\"https:\\\/\\\/examplesweb.net\\\/\"},{\"@type\":\"ListItem\",\"position\":2,\"name\":\"Examples\",\"item\":\"https:\\\/\\\/examplesweb.net\\\/examples\\\/\"},{\"@type\":\"ListItem\",\"position\":3,\"name\":\"Examples of Marginalized Communities and Their Struggles\"}]},{\"@type\":\"WebSite\",\"@id\":\"https:\\\/\\\/examplesweb.net\\\/#website\",\"url\":\"https:\\\/\\\/examplesweb.net\\\/\",\"name\":\"Examples Web\",\"description\":\"\",\"publisher\":{\"@id\":\"https:\\\/\\\/examplesweb.net\\\/#organization\"},\"potentialAction\":[{\"@type\":\"SearchAction\",\"target\":{\"@type\":\"EntryPoint\",\"urlTemplate\":\"https:\\\/\\\/examplesweb.net\\\/?s={search_term_string}\"},\"query-input\":{\"@type\":\"PropertyValueSpecification\",\"valueRequired\":true,\"valueName\":\"search_term_string\"}}],\"inLanguage\":\"en-US\"},{\"@type\":\"Organization\",\"@id\":\"https:\\\/\\\/examplesweb.net\\\/#organization\",\"name\":\"Examples Web\",\"url\":\"https:\\\/\\\/examplesweb.net\\\/\",\"logo\":{\"@type\":\"ImageObject\",\"inLanguage\":\"en-US\",\"@id\":\"https:\\\/\\\/examplesweb.net\\\/#\\\/schema\\\/logo\\\/image\\\/\",\"url\":\"\",\"contentUrl\":\"\",\"caption\":\"Examples Web\"},\"image\":{\"@id\":\"https:\\\/\\\/examplesweb.net\\\/#\\\/schema\\\/logo\\\/image\\\/\"}},{\"@type\":\"Person\",\"@id\":\"https:\\\/\\\/examplesweb.net\\\/#\\\/schema\\\/person\\\/c512b416aa23da71d01bbecdb4faff8b\",\"name\":\"valentozer\"}]}<\/script>\n<!-- \/ Yoast SEO plugin. -->","yoast_head_json":{"title":"Examples of Marginalized Communities and Their Struggles","description":"El art\u00edculo explora las comunidades marginalizadas, sus luchas y barreras sist\u00e9micas, destacando la importancia de la empat\u00eda y el cambio social para su empoderamiento.","robots":{"index":"index","follow":"follow","max-snippet":"max-snippet:-1","max-image-preview":"max-image-preview:large","max-video-preview":"max-video-preview:-1"},"canonical":"https:\/\/examplesweb.net\/marginalized\/","og_locale":"en_US","og_type":"article","og_title":"Examples of Marginalized Communities and Their Struggles","og_description":"El art\u00edculo explora las comunidades marginalizadas, sus luchas y barreras sist\u00e9micas, destacando la importancia de la empat\u00eda y el cambio social para su empoderamiento.","og_url":"https:\/\/examplesweb.net\/marginalized\/","og_site_name":"Examples Web","article_published_time":"2025-10-12T18:13:38+00:00","og_image":[{"width":1024,"height":724,"url":"https:\/\/examplesweb.net\/wp-content\/uploads\/examples-of-marginalized-communities-and-their-struggles.jpg","type":"image\/jpeg"}],"author":"valentozer","twitter_card":"summary_large_image","schema":{"@context":"https:\/\/schema.org","@graph":[{"@type":"Article","@id":"https:\/\/examplesweb.net\/marginalized\/#article","isPartOf":{"@id":"https:\/\/examplesweb.net\/marginalized\/"},"author":{"name":"valentozer","@id":"https:\/\/examplesweb.net\/#\/schema\/person\/c512b416aa23da71d01bbecdb4faff8b"},"headline":"Examples of Marginalized Communities and Their Struggles","datePublished":"2025-10-12T18:13:38+00:00","mainEntityOfPage":{"@id":"https:\/\/examplesweb.net\/marginalized\/"},"wordCount":835,"commentCount":0,"publisher":{"@id":"https:\/\/examplesweb.net\/#organization"},"image":{"@id":"https:\/\/examplesweb.net\/marginalized\/#primaryimage"},"thumbnailUrl":"https:\/\/examplesweb.net\/wp-content\/uploads\/examples-of-marginalized-communities-and-their-struggles.jpg","articleSection":["Examples"],"inLanguage":"en-US","potentialAction":[{"@type":"CommentAction","name":"Comment","target":["https:\/\/examplesweb.net\/marginalized\/#respond"]}]},{"@type":"WebPage","@id":"https:\/\/examplesweb.net\/marginalized\/","url":"https:\/\/examplesweb.net\/marginalized\/","name":"Examples of Marginalized Communities and Their Struggles","isPartOf":{"@id":"https:\/\/examplesweb.net\/#website"},"primaryImageOfPage":{"@id":"https:\/\/examplesweb.net\/marginalized\/#primaryimage"},"image":{"@id":"https:\/\/examplesweb.net\/marginalized\/#primaryimage"},"thumbnailUrl":"https:\/\/examplesweb.net\/wp-content\/uploads\/examples-of-marginalized-communities-and-their-struggles.jpg","datePublished":"2025-10-12T18:13:38+00:00","description":"El art\u00edculo explora las comunidades marginalizadas, sus luchas y barreras sist\u00e9micas, destacando la importancia de la empat\u00eda y el cambio social para su empoderamiento.","breadcrumb":{"@id":"https:\/\/examplesweb.net\/marginalized\/#breadcrumb"},"inLanguage":"en-US","potentialAction":[{"@type":"ReadAction","target":["https:\/\/examplesweb.net\/marginalized\/"]}]},{"@type":"ImageObject","inLanguage":"en-US","@id":"https:\/\/examplesweb.net\/marginalized\/#primaryimage","url":"https:\/\/examplesweb.net\/wp-content\/uploads\/examples-of-marginalized-communities-and-their-struggles.jpg","contentUrl":"https:\/\/examplesweb.net\/wp-content\/uploads\/examples-of-marginalized-communities-and-their-struggles.jpg","width":1024,"height":724,"caption":"examples of marginalized communities and their struggles"},{"@type":"BreadcrumbList","@id":"https:\/\/examplesweb.net\/marginalized\/#breadcrumb","itemListElement":[{"@type":"ListItem","position":1,"name":"Home","item":"https:\/\/examplesweb.net\/"},{"@type":"ListItem","position":2,"name":"Examples","item":"https:\/\/examplesweb.net\/examples\/"},{"@type":"ListItem","position":3,"name":"Examples of Marginalized Communities and Their Struggles"}]},{"@type":"WebSite","@id":"https:\/\/examplesweb.net\/#website","url":"https:\/\/examplesweb.net\/","name":"Examples Web","description":"","publisher":{"@id":"https:\/\/examplesweb.net\/#organization"},"potentialAction":[{"@type":"SearchAction","target":{"@type":"EntryPoint","urlTemplate":"https:\/\/examplesweb.net\/?s={search_term_string}"},"query-input":{"@type":"PropertyValueSpecification","valueRequired":true,"valueName":"search_term_string"}}],"inLanguage":"en-US"},{"@type":"Organization","@id":"https:\/\/examplesweb.net\/#organization","name":"Examples Web","url":"https:\/\/examplesweb.net\/","logo":{"@type":"ImageObject","inLanguage":"en-US","@id":"https:\/\/examplesweb.net\/#\/schema\/logo\/image\/","url":"","contentUrl":"","caption":"Examples Web"},"image":{"@id":"https:\/\/examplesweb.net\/#\/schema\/logo\/image\/"}},{"@type":"Person","@id":"https:\/\/examplesweb.net\/#\/schema\/person\/c512b416aa23da71d01bbecdb4faff8b","name":"valentozer"}]}},"_links":{"self":[{"href":"https:\/\/examplesweb.net\/wp-json\/wp\/v2\/posts\/45400","targetHints":{"allow":["GET"]}}],"collection":[{"href":"https:\/\/examplesweb.net\/wp-json\/wp\/v2\/posts"}],"about":[{"href":"https:\/\/examplesweb.net\/wp-json\/wp\/v2\/types\/post"}],"author":[{"embeddable":true,"href":"https:\/\/examplesweb.net\/wp-json\/wp\/v2\/users\/1"}],"replies":[{"embeddable":true,"href":"https:\/\/examplesweb.net\/wp-json\/wp\/v2\/comments?post=45400"}],"version-history":[{"count":1,"href":"https:\/\/examplesweb.net\/wp-json\/wp\/v2\/posts\/45400\/revisions"}],"predecessor-version":[{"id":76093,"href":"https:\/\/examplesweb.net\/wp-json\/wp\/v2\/posts\/45400\/revisions\/76093"}],"wp:featuredmedia":[{"embeddable":true,"href":"https:\/\/examplesweb.net\/wp-json\/wp\/v2\/media\/60138"}],"wp:attachment":[{"href":"https:\/\/examplesweb.net\/wp-json\/wp\/v2\/media?parent=45400"}],"wp:term":[{"taxonomy":"category","embeddable":true,"href":"https:\/\/examplesweb.net\/wp-json\/wp\/v2\/categories?post=45400"},{"taxonomy":"post_tag","embeddable":true,"href":"https:\/\/examplesweb.net\/wp-json\/wp\/v2\/tags?post=45400"}],"curies":[{"name":"wp","href":"https:\/\/api.w.org\/{rel}","templated":true}]}}