{"id":390986,"date":"2025-05-23T21:38:09","date_gmt":"2025-05-24T04:38:09","guid":{"rendered":"https:\/\/ethnicelebs.com\/?p=390986"},"modified":"2025-08-16T12:44:08","modified_gmt":"2025-08-16T19:44:08","slug":"gal-costa","status":"publish","type":"post","link":"https:\/\/ethnicelebs.com\/gal-costa","title":{"rendered":"Gal Costa"},"content":{"rendered":"<p>Birth Name: Maria da Gra\u00e7a Costa Penna Burgos<\/p>\n<p>Date of Birth: 26 September, 1945<\/p>\n<p>Place of Birth: Salvador, Bahia, Brazil<\/p>\n<p>Date of Death: 9 November, 2022<\/p>\n<p>Place of Death: S\u00e3o Paulo, S\u00e3o Paulo, Brazil<\/p>\n<p><strong>Ethnicity: Brazilian [Portuguese, possibly other]<\/strong><\/p>\n<p>Gal Costa was a Brazilian singer and songwriter.<\/p>\n<p>She was the daughter of Mariah Costa Penna and Arnaldo Burgos. She had a son, who was adopted.<\/p>\n<p>Gal&#8217;s paternal grandfather was Octaviano Barreto de Burgos (the son of Ezequiel Ben\u00edcio de Burgos and Archanja de S\u00e1 Barreto). Octaviano was born in Machado Portela, Bahia, Brazil.<\/p>\n<p>Gal&#8217;s paternal grandmother was Durvalina Athayde Pereira. Durvalina was born in Bahia, Brazil. She was a descendant of Major Capit\u00e3o Ant\u00f4nio Policarpo de Ata\u00edde Pereira, a notable figure from Chapada Diamantina, Bahia.<\/p>\n<p>Gal&#8217;s maternal grandfather was Manoel da Costa Penna (the son of Luiz Penna Galante and Maria Thomasia Sanches Penna). Manoel was born in Cerejo, Pinhel, Guarda, Portugal, and was a prominent businessman, and the creator and producer of the internationally known Costa Penna cigar enterprise.<\/p>\n<p>Gal&#8217;s maternal grandmother was Adelina da Costa Ferreira (the daughter of Manoel da Costa Ferreira and Rita Maria da Anuncia\u00e7\u00e3o). Adelina was born in S\u00e3o F\u00e9lix, Bahia, Brazil.<\/p>\n<p><strong>Source:<\/strong> <a href=\"https:\/\/ancestors.familysearch.org\/en\/GXGN-M4T\/maria-da-gra%C3%A7a-costa-penna-burgos-1945-2022\">https:\/\/ancestors.familysearch.org<\/a><\/p>\n","protected":false},"excerpt":{"rendered":"<p>&#46;&#46;&#46;<\/p>\n","protected":false},"author":29134,"featured_media":0,"comment_status":"open","ping_status":"open","sticky":false,"template":"","format":"standard","meta":{"_exactmetrics_skip_tracking":false,"_exactmetrics_sitenote_active":false,"_exactmetrics_sitenote_note":"","_exactmetrics_sitenote_category":0,"footnotes":""},"categories":[1435,9],"tags":[3662,751,706,1151],"class_list":["post-390986","post","type-post","status-publish","format-standard","hentry","category-4-musician","category-c-celebs","tag-b1945","tag-brazilian","tag-portuguese","tag-portuguese-brazilian"],"yoast_head":"<!-- This site is optimized with the Yoast SEO plugin v27.4 - https:\/\/yoast.com\/product\/yoast-seo-wordpress\/ -->\n<title>Gal Costa - Ethnicity of Celebs | EthniCelebs.com<\/title>\n<meta name=\"robots\" content=\"index, follow, max-snippet:-1, max-image-preview:large, max-video-preview:-1\" \/>\n<link rel=\"canonical\" href=\"https:\/\/ethnicelebs.com\/gal-costa\" \/>\n<meta property=\"og:locale\" content=\"en_US\" \/>\n<meta property=\"og:type\" content=\"article\" \/>\n<meta property=\"og:title\" content=\"Gal Costa - Ethnicity of Celebs | EthniCelebs.com\" \/>\n<meta property=\"og:description\" content=\"&#046;&#046;&#046;\" \/>\n<meta property=\"og:url\" content=\"https:\/\/ethnicelebs.com\/gal-costa\" \/>\n<meta property=\"og:site_name\" content=\"Ethnicity of Celebs | EthniCelebs.com\" \/>\n<meta property=\"article:published_time\" content=\"2025-05-24T04:38:09+00:00\" \/>\n<meta property=\"article:modified_time\" content=\"2025-08-16T19:44:08+00:00\" \/>\n<meta name=\"author\" content=\"trambociousroy\" \/>\n<meta name=\"twitter:card\" content=\"summary_large_image\" \/>\n<meta name=\"twitter:label1\" content=\"Written by\" \/>\n\t<meta name=\"twitter:data1\" content=\"trambociousroy\" \/>\n\t<meta name=\"twitter:label2\" content=\"Est. reading time\" \/>\n\t<meta name=\"twitter:data2\" content=\"1 minute\" \/>\n<script type=\"application\/ld+json\" class=\"yoast-schema-graph\">{\"@context\":\"https:\\\/\\\/schema.org\",\"@graph\":[{\"@type\":\"Article\",\"@id\":\"https:\\\/\\\/ethnicelebs.com\\\/gal-costa#article\",\"isPartOf\":{\"@id\":\"https:\\\/\\\/ethnicelebs.com\\\/gal-costa\"},\"author\":{\"name\":\"trambociousroy\",\"@id\":\"https:\\\/\\\/ethnicelebs.com\\\/#\\\/schema\\\/person\\\/67a26a5532ae4824ce1414f1dd1f6241\"},\"headline\":\"Gal Costa\",\"datePublished\":\"2025-05-24T04:38:09+00:00\",\"dateModified\":\"2025-08-16T19:44:08+00:00\",\"mainEntityOfPage\":{\"@id\":\"https:\\\/\\\/ethnicelebs.com\\\/gal-costa\"},\"wordCount\":211,\"commentCount\":0,\"keywords\":[\"b1945\",\"Brazilian\",\"Portuguese\",\"Portuguese-Brazilian\"],\"articleSection\":[\"4 Musician\",\"C\"],\"inLanguage\":\"en-US\",\"potentialAction\":[{\"@type\":\"CommentAction\",\"name\":\"Comment\",\"target\":[\"https:\\\/\\\/ethnicelebs.com\\\/gal-costa#respond\"]}]},{\"@type\":\"WebPage\",\"@id\":\"https:\\\/\\\/ethnicelebs.com\\\/gal-costa\",\"url\":\"https:\\\/\\\/ethnicelebs.com\\\/gal-costa\",\"name\":\"Gal Costa - Ethnicity of Celebs | EthniCelebs.com\",\"isPartOf\":{\"@id\":\"https:\\\/\\\/ethnicelebs.com\\\/#website\"},\"datePublished\":\"2025-05-24T04:38:09+00:00\",\"dateModified\":\"2025-08-16T19:44:08+00:00\",\"author\":{\"@id\":\"https:\\\/\\\/ethnicelebs.com\\\/#\\\/schema\\\/person\\\/67a26a5532ae4824ce1414f1dd1f6241\"},\"breadcrumb\":{\"@id\":\"https:\\\/\\\/ethnicelebs.com\\\/gal-costa#breadcrumb\"},\"inLanguage\":\"en-US\",\"potentialAction\":[{\"@type\":\"ReadAction\",\"target\":[\"https:\\\/\\\/ethnicelebs.com\\\/gal-costa\"]}]},{\"@type\":\"BreadcrumbList\",\"@id\":\"https:\\\/\\\/ethnicelebs.com\\\/gal-costa#breadcrumb\",\"itemListElement\":[{\"@type\":\"ListItem\",\"position\":1,\"name\":\"Home\",\"item\":\"https:\\\/\\\/ethnicelebs.com\\\/\"},{\"@type\":\"ListItem\",\"position\":2,\"name\":\"Gal Costa\"}]},{\"@type\":\"WebSite\",\"@id\":\"https:\\\/\\\/ethnicelebs.com\\\/#website\",\"url\":\"https:\\\/\\\/ethnicelebs.com\\\/\",\"name\":\"Ethnicity of Celebs | EthniCelebs.com\",\"description\":\"\",\"potentialAction\":[{\"@type\":\"SearchAction\",\"target\":{\"@type\":\"EntryPoint\",\"urlTemplate\":\"https:\\\/\\\/ethnicelebs.com\\\/?s={search_term_string}\"},\"query-input\":{\"@type\":\"PropertyValueSpecification\",\"valueRequired\":true,\"valueName\":\"search_term_string\"}}],\"inLanguage\":\"en-US\"},{\"@type\":\"Person\",\"@id\":\"https:\\\/\\\/ethnicelebs.com\\\/#\\\/schema\\\/person\\\/67a26a5532ae4824ce1414f1dd1f6241\",\"name\":\"trambociousroy\",\"image\":{\"@type\":\"ImageObject\",\"inLanguage\":\"en-US\",\"@id\":\"https:\\\/\\\/secure.gravatar.com\\\/avatar\\\/971acd4bd163e3ec143ff54f85966d5933a8cc7e33d9102a8d2474904551eb88?s=96&d=wavatar&r=g\",\"url\":\"https:\\\/\\\/secure.gravatar.com\\\/avatar\\\/971acd4bd163e3ec143ff54f85966d5933a8cc7e33d9102a8d2474904551eb88?s=96&d=wavatar&r=g\",\"contentUrl\":\"https:\\\/\\\/secure.gravatar.com\\\/avatar\\\/971acd4bd163e3ec143ff54f85966d5933a8cc7e33d9102a8d2474904551eb88?s=96&d=wavatar&r=g\",\"caption\":\"trambociousroy\"},\"url\":\"https:\\\/\\\/ethnicelebs.com\\\/author\\\/trambociousroy\"}]}<\/script>\n<!-- \/ Yoast SEO plugin. -->","yoast_head_json":{"title":"Gal Costa - Ethnicity of Celebs | EthniCelebs.com","robots":{"index":"index","follow":"follow","max-snippet":"max-snippet:-1","max-image-preview":"max-image-preview:large","max-video-preview":"max-video-preview:-1"},"canonical":"https:\/\/ethnicelebs.com\/gal-costa","og_locale":"en_US","og_type":"article","og_title":"Gal Costa - Ethnicity of Celebs | EthniCelebs.com","og_description":"&#46;&#46;&#46;","og_url":"https:\/\/ethnicelebs.com\/gal-costa","og_site_name":"Ethnicity of Celebs | EthniCelebs.com","article_published_time":"2025-05-24T04:38:09+00:00","article_modified_time":"2025-08-16T19:44:08+00:00","author":"trambociousroy","twitter_card":"summary_large_image","twitter_misc":{"Written by":"trambociousroy","Est. reading time":"1 minute"},"schema":{"@context":"https:\/\/schema.org","@graph":[{"@type":"Article","@id":"https:\/\/ethnicelebs.com\/gal-costa#article","isPartOf":{"@id":"https:\/\/ethnicelebs.com\/gal-costa"},"author":{"name":"trambociousroy","@id":"https:\/\/ethnicelebs.com\/#\/schema\/person\/67a26a5532ae4824ce1414f1dd1f6241"},"headline":"Gal Costa","datePublished":"2025-05-24T04:38:09+00:00","dateModified":"2025-08-16T19:44:08+00:00","mainEntityOfPage":{"@id":"https:\/\/ethnicelebs.com\/gal-costa"},"wordCount":211,"commentCount":0,"keywords":["b1945","Brazilian","Portuguese","Portuguese-Brazilian"],"articleSection":["4 Musician","C"],"inLanguage":"en-US","potentialAction":[{"@type":"CommentAction","name":"Comment","target":["https:\/\/ethnicelebs.com\/gal-costa#respond"]}]},{"@type":"WebPage","@id":"https:\/\/ethnicelebs.com\/gal-costa","url":"https:\/\/ethnicelebs.com\/gal-costa","name":"Gal Costa - Ethnicity of Celebs | EthniCelebs.com","isPartOf":{"@id":"https:\/\/ethnicelebs.com\/#website"},"datePublished":"2025-05-24T04:38:09+00:00","dateModified":"2025-08-16T19:44:08+00:00","author":{"@id":"https:\/\/ethnicelebs.com\/#\/schema\/person\/67a26a5532ae4824ce1414f1dd1f6241"},"breadcrumb":{"@id":"https:\/\/ethnicelebs.com\/gal-costa#breadcrumb"},"inLanguage":"en-US","potentialAction":[{"@type":"ReadAction","target":["https:\/\/ethnicelebs.com\/gal-costa"]}]},{"@type":"BreadcrumbList","@id":"https:\/\/ethnicelebs.com\/gal-costa#breadcrumb","itemListElement":[{"@type":"ListItem","position":1,"name":"Home","item":"https:\/\/ethnicelebs.com\/"},{"@type":"ListItem","position":2,"name":"Gal Costa"}]},{"@type":"WebSite","@id":"https:\/\/ethnicelebs.com\/#website","url":"https:\/\/ethnicelebs.com\/","name":"Ethnicity of Celebs | EthniCelebs.com","description":"","potentialAction":[{"@type":"SearchAction","target":{"@type":"EntryPoint","urlTemplate":"https:\/\/ethnicelebs.com\/?s={search_term_string}"},"query-input":{"@type":"PropertyValueSpecification","valueRequired":true,"valueName":"search_term_string"}}],"inLanguage":"en-US"},{"@type":"Person","@id":"https:\/\/ethnicelebs.com\/#\/schema\/person\/67a26a5532ae4824ce1414f1dd1f6241","name":"trambociousroy","image":{"@type":"ImageObject","inLanguage":"en-US","@id":"https:\/\/secure.gravatar.com\/avatar\/971acd4bd163e3ec143ff54f85966d5933a8cc7e33d9102a8d2474904551eb88?s=96&d=wavatar&r=g","url":"https:\/\/secure.gravatar.com\/avatar\/971acd4bd163e3ec143ff54f85966d5933a8cc7e33d9102a8d2474904551eb88?s=96&d=wavatar&r=g","contentUrl":"https:\/\/secure.gravatar.com\/avatar\/971acd4bd163e3ec143ff54f85966d5933a8cc7e33d9102a8d2474904551eb88?s=96&d=wavatar&r=g","caption":"trambociousroy"},"url":"https:\/\/ethnicelebs.com\/author\/trambociousroy"}]}},"_links":{"self":[{"href":"https:\/\/ethnicelebs.com\/wp-json\/wp\/v2\/posts\/390986","targetHints":{"allow":["GET"]}}],"collection":[{"href":"https:\/\/ethnicelebs.com\/wp-json\/wp\/v2\/posts"}],"about":[{"href":"https:\/\/ethnicelebs.com\/wp-json\/wp\/v2\/types\/post"}],"author":[{"embeddable":true,"href":"https:\/\/ethnicelebs.com\/wp-json\/wp\/v2\/users\/29134"}],"replies":[{"embeddable":true,"href":"https:\/\/ethnicelebs.com\/wp-json\/wp\/v2\/comments?post=390986"}],"version-history":[{"count":5,"href":"https:\/\/ethnicelebs.com\/wp-json\/wp\/v2\/posts\/390986\/revisions"}],"predecessor-version":[{"id":391258,"href":"https:\/\/ethnicelebs.com\/wp-json\/wp\/v2\/posts\/390986\/revisions\/391258"}],"wp:attachment":[{"href":"https:\/\/ethnicelebs.com\/wp-json\/wp\/v2\/media?parent=390986"}],"wp:term":[{"taxonomy":"category","embeddable":true,"href":"https:\/\/ethnicelebs.com\/wp-json\/wp\/v2\/categories?post=390986"},{"taxonomy":"post_tag","embeddable":true,"href":"https:\/\/ethnicelebs.com\/wp-json\/wp\/v2\/tags?post=390986"}],"curies":[{"name":"wp","href":"https:\/\/api.w.org\/{rel}","templated":true}]}}