{"id":257781,"date":"2019-09-22T05:50:01","date_gmt":"2019-09-22T12:50:01","guid":{"rendered":"https:\/\/ethnicelebs.com\/?p=257781"},"modified":"2023-07-23T15:43:49","modified_gmt":"2023-07-23T22:43:49","slug":"malena-ernman","status":"publish","type":"post","link":"https:\/\/ethnicelebs.com\/malena-ernman","title":{"rendered":"Malena Ernman"},"content":{"rendered":"<p>Birth Name: Sara Magdalena Ernman<\/p>\n<p>Place of Birth: Uppsala, Uppsala, Sweden<\/p>\n<p>Date of Birth: 4 November, 1970<\/p>\n<p><strong>Ethnicity: Swedish, as well as distant Finnish and German [including Baltic German], remote Danish, Dutch, and Scottish<\/strong><\/p>\n<p>Malena Ernman is a Swedish mezzo-soprano opera singer. She has performed operas, operettas, chansons, cabaret, and jazz. She is a member of the Royal Swedish Academy of Music, and has appeared in musicals.<\/p>\n<p>Malena is the daughter of Eva H\u00e9l\u00e9ne (Norberg) and Lars Ernman. Eva was adopted by Ebbe Arvid Ragnvald Arvidsson and Lilly Alfhild Elisabet Pettersson. Malena is married to author, arts manager, producer, and actor <a href=\"http:\/\/ethnicelebs.com\/svante-thunberg\">Svante Thunberg<\/a>, with whom she has two daughters, the older of whom is environmental activist <a href=\"http:\/\/ethnicelebs.com\/greta-thunberg\">Greta Thunberg<\/a>. Her father-in-law was actor and director <a href=\"http:\/\/ethnicelebs.com\/olof-thunberg\">Olof Thunberg<\/a>.<\/p>\n<p>Malena&#8217;s patrilineal line can be traced back to her fourth great-grandfather, Mattes W\u00e4gblom.<\/p>\n<p>Malena&#8217;s paternal grandfather was Karl Ragnar Ernman (the son of Karl August Andersson and Johanna Margareta Westin). Malena&#8217;s grandfather Karl was born in N\u00e4tra, V\u00e4sternorrland. Malena&#8217;s great-grandfather Karl was the son of Anders Andersson and Clara Maria \u00c5kervall. Johanna was the daughter of Hans Samuelsson Westin and Katarina Margareta Ramstedt.<\/p>\n<p>Malena&#8217;s paternal grandmother was Greta Gurli Fresk (the daughter of Albert Fresk and Gurli Charlotta Johanna S\u00f6derstr\u00f6m). Malena&#8217;s grandmother Greta was born in Svenarum, J\u00f6nk\u00f6ping. Albert was the son of Frans T\u00f6rner Fresk and Evelina Albertina Westman. Malena&#8217;s great-grandmother Gurli was the daughter of Frans Verner S\u00f6derstr\u00f6m and Emma Charlotta Karolina Becklin.<\/p>\n<p>Malena&#8217;s maternal grandfather was Tage Nils Erik Norberg (the son of Nils Knut Severin Norberg and Selma Nikolina Johansson). Tage was born in Jukkasj\u00e4rvi, Norrbotten. Malena&#8217;s great-grandfather Nils was the son of Jonas Andersson Norberg and Sara Magdalena Sundholm. Selma was the daughter of Johan Pettersson and Anna Brita Svensdotter.<\/p>\n<p>Malena&#8217;s maternal grandmother was Ren\u00e9e Monica Ursell (the daughter of Georg Olof Gunnar Ursell and Ren\u00e9e Louise Bj\u00f6rling). Monica was born in Skeppsholm, Stockholm. Gunnar was the son of Carl Viktor Mathias Ursell and Christina Maria Teresia Busck. Malena&#8217;s great-grandmother Ren\u00e9e was the daughter of Karl-Olof Bj\u00f6rling and Hedvig Amanda Lindroth.<\/p>\n<p>Malena&#8217;s matrilineal line can be traced back to her fifth great-grandmother, Eva Jonsdotter.<\/p>\n<p><strong>Source:<\/strong> Genealogy of Malena Ernman &#8211; <a href=\"https:\/\/www.geni.com\/people\/Malena-Ernman\/6000000009389579311\">https:\/\/www.geni.com<\/a><\/p>\n","protected":false},"excerpt":{"rendered":"<p>&#46;&#46;&#46;<\/p>\n","protected":false},"author":6461,"featured_media":0,"comment_status":"open","ping_status":"open","sticky":false,"template":"","format":"standard","meta":{"_exactmetrics_skip_tracking":false,"_exactmetrics_sitenote_active":false,"_exactmetrics_sitenote_note":"","_exactmetrics_sitenote_category":0,"footnotes":""},"categories":[1435,14],"tags":[3646,1594,810,691,758,686,677,763],"class_list":["post-257781","post","type-post","status-publish","format-standard","hentry","category-4-musician","category-e-celebs","tag-b1970","tag-baltic-german","tag-danish","tag-dutch","tag-finnish","tag-german","tag-scottish","tag-swedish"],"yoast_head":"<!-- This site is optimized with the Yoast SEO plugin v27.4 - https:\/\/yoast.com\/product\/yoast-seo-wordpress\/ -->\n<title>Malena Ernman - Ethnicity of Celebs | EthniCelebs.com<\/title>\n<meta name=\"robots\" content=\"index, follow, max-snippet:-1, max-image-preview:large, max-video-preview:-1\" \/>\n<link rel=\"canonical\" href=\"https:\/\/ethnicelebs.com\/malena-ernman\" \/>\n<meta property=\"og:locale\" content=\"en_US\" \/>\n<meta property=\"og:type\" content=\"article\" \/>\n<meta property=\"og:title\" content=\"Malena Ernman - Ethnicity of Celebs | EthniCelebs.com\" \/>\n<meta property=\"og:description\" content=\"&#046;&#046;&#046;\" \/>\n<meta property=\"og:url\" content=\"https:\/\/ethnicelebs.com\/malena-ernman\" \/>\n<meta property=\"og:site_name\" content=\"Ethnicity of Celebs | EthniCelebs.com\" \/>\n<meta property=\"article:published_time\" content=\"2019-09-22T12:50:01+00:00\" \/>\n<meta property=\"article:modified_time\" content=\"2023-07-23T22:43:49+00:00\" \/>\n<meta name=\"author\" content=\"Manila\" \/>\n<meta name=\"twitter:card\" content=\"summary_large_image\" \/>\n<meta name=\"twitter:label1\" content=\"Written by\" \/>\n\t<meta name=\"twitter:data1\" content=\"Manila\" \/>\n\t<meta name=\"twitter:label2\" content=\"Est. reading time\" \/>\n\t<meta name=\"twitter:data2\" content=\"2 minutes\" \/>\n<script type=\"application\/ld+json\" class=\"yoast-schema-graph\">{\"@context\":\"https:\\\/\\\/schema.org\",\"@graph\":[{\"@type\":\"Article\",\"@id\":\"https:\\\/\\\/ethnicelebs.com\\\/malena-ernman#article\",\"isPartOf\":{\"@id\":\"https:\\\/\\\/ethnicelebs.com\\\/malena-ernman\"},\"author\":{\"name\":\"Manila\",\"@id\":\"https:\\\/\\\/ethnicelebs.com\\\/#\\\/schema\\\/person\\\/48ed4a15219df065268b32e879228a3b\"},\"headline\":\"Malena Ernman\",\"datePublished\":\"2019-09-22T12:50:01+00:00\",\"dateModified\":\"2023-07-23T22:43:49+00:00\",\"mainEntityOfPage\":{\"@id\":\"https:\\\/\\\/ethnicelebs.com\\\/malena-ernman\"},\"wordCount\":383,\"commentCount\":0,\"keywords\":[\"b1970\",\"Baltic German\",\"Danish\",\"Dutch\",\"Finnish\",\"German\",\"Scottish\",\"Swedish\"],\"articleSection\":[\"4 Musician\",\"E\"],\"inLanguage\":\"en-US\",\"potentialAction\":[{\"@type\":\"CommentAction\",\"name\":\"Comment\",\"target\":[\"https:\\\/\\\/ethnicelebs.com\\\/malena-ernman#respond\"]}]},{\"@type\":\"WebPage\",\"@id\":\"https:\\\/\\\/ethnicelebs.com\\\/malena-ernman\",\"url\":\"https:\\\/\\\/ethnicelebs.com\\\/malena-ernman\",\"name\":\"Malena Ernman - Ethnicity of Celebs | EthniCelebs.com\",\"isPartOf\":{\"@id\":\"https:\\\/\\\/ethnicelebs.com\\\/#website\"},\"datePublished\":\"2019-09-22T12:50:01+00:00\",\"dateModified\":\"2023-07-23T22:43:49+00:00\",\"author\":{\"@id\":\"https:\\\/\\\/ethnicelebs.com\\\/#\\\/schema\\\/person\\\/48ed4a15219df065268b32e879228a3b\"},\"breadcrumb\":{\"@id\":\"https:\\\/\\\/ethnicelebs.com\\\/malena-ernman#breadcrumb\"},\"inLanguage\":\"en-US\",\"potentialAction\":[{\"@type\":\"ReadAction\",\"target\":[\"https:\\\/\\\/ethnicelebs.com\\\/malena-ernman\"]}]},{\"@type\":\"BreadcrumbList\",\"@id\":\"https:\\\/\\\/ethnicelebs.com\\\/malena-ernman#breadcrumb\",\"itemListElement\":[{\"@type\":\"ListItem\",\"position\":1,\"name\":\"Home\",\"item\":\"https:\\\/\\\/ethnicelebs.com\\\/\"},{\"@type\":\"ListItem\",\"position\":2,\"name\":\"Malena Ernman\"}]},{\"@type\":\"WebSite\",\"@id\":\"https:\\\/\\\/ethnicelebs.com\\\/#website\",\"url\":\"https:\\\/\\\/ethnicelebs.com\\\/\",\"name\":\"Ethnicity of Celebs | EthniCelebs.com\",\"description\":\"\",\"potentialAction\":[{\"@type\":\"SearchAction\",\"target\":{\"@type\":\"EntryPoint\",\"urlTemplate\":\"https:\\\/\\\/ethnicelebs.com\\\/?s={search_term_string}\"},\"query-input\":{\"@type\":\"PropertyValueSpecification\",\"valueRequired\":true,\"valueName\":\"search_term_string\"}}],\"inLanguage\":\"en-US\"},{\"@type\":\"Person\",\"@id\":\"https:\\\/\\\/ethnicelebs.com\\\/#\\\/schema\\\/person\\\/48ed4a15219df065268b32e879228a3b\",\"name\":\"Manila\",\"image\":{\"@type\":\"ImageObject\",\"inLanguage\":\"en-US\",\"@id\":\"https:\\\/\\\/secure.gravatar.com\\\/avatar\\\/0a407872e672558b27bd71b3b1abaabab58c448f6313c2f542c13e347dfb2df2?s=96&d=wavatar&r=g\",\"url\":\"https:\\\/\\\/secure.gravatar.com\\\/avatar\\\/0a407872e672558b27bd71b3b1abaabab58c448f6313c2f542c13e347dfb2df2?s=96&d=wavatar&r=g\",\"contentUrl\":\"https:\\\/\\\/secure.gravatar.com\\\/avatar\\\/0a407872e672558b27bd71b3b1abaabab58c448f6313c2f542c13e347dfb2df2?s=96&d=wavatar&r=g\",\"caption\":\"Manila\"},\"url\":\"https:\\\/\\\/ethnicelebs.com\\\/author\\\/manila\"}]}<\/script>\n<!-- \/ Yoast SEO plugin. -->","yoast_head_json":{"title":"Malena Ernman - Ethnicity of Celebs | EthniCelebs.com","robots":{"index":"index","follow":"follow","max-snippet":"max-snippet:-1","max-image-preview":"max-image-preview:large","max-video-preview":"max-video-preview:-1"},"canonical":"https:\/\/ethnicelebs.com\/malena-ernman","og_locale":"en_US","og_type":"article","og_title":"Malena Ernman - Ethnicity of Celebs | EthniCelebs.com","og_description":"&#46;&#46;&#46;","og_url":"https:\/\/ethnicelebs.com\/malena-ernman","og_site_name":"Ethnicity of Celebs | EthniCelebs.com","article_published_time":"2019-09-22T12:50:01+00:00","article_modified_time":"2023-07-23T22:43:49+00:00","author":"Manila","twitter_card":"summary_large_image","twitter_misc":{"Written by":"Manila","Est. reading time":"2 minutes"},"schema":{"@context":"https:\/\/schema.org","@graph":[{"@type":"Article","@id":"https:\/\/ethnicelebs.com\/malena-ernman#article","isPartOf":{"@id":"https:\/\/ethnicelebs.com\/malena-ernman"},"author":{"name":"Manila","@id":"https:\/\/ethnicelebs.com\/#\/schema\/person\/48ed4a15219df065268b32e879228a3b"},"headline":"Malena Ernman","datePublished":"2019-09-22T12:50:01+00:00","dateModified":"2023-07-23T22:43:49+00:00","mainEntityOfPage":{"@id":"https:\/\/ethnicelebs.com\/malena-ernman"},"wordCount":383,"commentCount":0,"keywords":["b1970","Baltic German","Danish","Dutch","Finnish","German","Scottish","Swedish"],"articleSection":["4 Musician","E"],"inLanguage":"en-US","potentialAction":[{"@type":"CommentAction","name":"Comment","target":["https:\/\/ethnicelebs.com\/malena-ernman#respond"]}]},{"@type":"WebPage","@id":"https:\/\/ethnicelebs.com\/malena-ernman","url":"https:\/\/ethnicelebs.com\/malena-ernman","name":"Malena Ernman - Ethnicity of Celebs | EthniCelebs.com","isPartOf":{"@id":"https:\/\/ethnicelebs.com\/#website"},"datePublished":"2019-09-22T12:50:01+00:00","dateModified":"2023-07-23T22:43:49+00:00","author":{"@id":"https:\/\/ethnicelebs.com\/#\/schema\/person\/48ed4a15219df065268b32e879228a3b"},"breadcrumb":{"@id":"https:\/\/ethnicelebs.com\/malena-ernman#breadcrumb"},"inLanguage":"en-US","potentialAction":[{"@type":"ReadAction","target":["https:\/\/ethnicelebs.com\/malena-ernman"]}]},{"@type":"BreadcrumbList","@id":"https:\/\/ethnicelebs.com\/malena-ernman#breadcrumb","itemListElement":[{"@type":"ListItem","position":1,"name":"Home","item":"https:\/\/ethnicelebs.com\/"},{"@type":"ListItem","position":2,"name":"Malena Ernman"}]},{"@type":"WebSite","@id":"https:\/\/ethnicelebs.com\/#website","url":"https:\/\/ethnicelebs.com\/","name":"Ethnicity of Celebs | EthniCelebs.com","description":"","potentialAction":[{"@type":"SearchAction","target":{"@type":"EntryPoint","urlTemplate":"https:\/\/ethnicelebs.com\/?s={search_term_string}"},"query-input":{"@type":"PropertyValueSpecification","valueRequired":true,"valueName":"search_term_string"}}],"inLanguage":"en-US"},{"@type":"Person","@id":"https:\/\/ethnicelebs.com\/#\/schema\/person\/48ed4a15219df065268b32e879228a3b","name":"Manila","image":{"@type":"ImageObject","inLanguage":"en-US","@id":"https:\/\/secure.gravatar.com\/avatar\/0a407872e672558b27bd71b3b1abaabab58c448f6313c2f542c13e347dfb2df2?s=96&d=wavatar&r=g","url":"https:\/\/secure.gravatar.com\/avatar\/0a407872e672558b27bd71b3b1abaabab58c448f6313c2f542c13e347dfb2df2?s=96&d=wavatar&r=g","contentUrl":"https:\/\/secure.gravatar.com\/avatar\/0a407872e672558b27bd71b3b1abaabab58c448f6313c2f542c13e347dfb2df2?s=96&d=wavatar&r=g","caption":"Manila"},"url":"https:\/\/ethnicelebs.com\/author\/manila"}]}},"_links":{"self":[{"href":"https:\/\/ethnicelebs.com\/wp-json\/wp\/v2\/posts\/257781","targetHints":{"allow":["GET"]}}],"collection":[{"href":"https:\/\/ethnicelebs.com\/wp-json\/wp\/v2\/posts"}],"about":[{"href":"https:\/\/ethnicelebs.com\/wp-json\/wp\/v2\/types\/post"}],"author":[{"embeddable":true,"href":"https:\/\/ethnicelebs.com\/wp-json\/wp\/v2\/users\/6461"}],"replies":[{"embeddable":true,"href":"https:\/\/ethnicelebs.com\/wp-json\/wp\/v2\/comments?post=257781"}],"version-history":[{"count":6,"href":"https:\/\/ethnicelebs.com\/wp-json\/wp\/v2\/posts\/257781\/revisions"}],"predecessor-version":[{"id":357952,"href":"https:\/\/ethnicelebs.com\/wp-json\/wp\/v2\/posts\/257781\/revisions\/357952"}],"wp:attachment":[{"href":"https:\/\/ethnicelebs.com\/wp-json\/wp\/v2\/media?parent=257781"}],"wp:term":[{"taxonomy":"category","embeddable":true,"href":"https:\/\/ethnicelebs.com\/wp-json\/wp\/v2\/categories?post=257781"},{"taxonomy":"post_tag","embeddable":true,"href":"https:\/\/ethnicelebs.com\/wp-json\/wp\/v2\/tags?post=257781"}],"curies":[{"name":"wp","href":"https:\/\/api.w.org\/{rel}","templated":true}]}}