{"id":223405,"date":"2018-11-06T17:52:30","date_gmt":"2018-11-07T01:52:30","guid":{"rendered":"http:\/\/ethnicelebs.com\/?p=223405"},"modified":"2025-12-12T16:14:41","modified_gmt":"2025-12-13T00:14:41","slug":"fran-rivera","status":"publish","type":"post","link":"https:\/\/ethnicelebs.com\/fran-rivera","title":{"rendered":"Francisco Rivera Ord\u00f3\u00f1ez"},"content":{"rendered":"<p>Birth Name: Francisco de As\u00eds Rivera Ord\u00f3\u00f1ez<\/p>\n<p>Place of Birth: Madrid, Community of Madrid, Spain<\/p>\n<p>Date of Birth: 3 January, 1974<\/p>\n<p><strong>Ethnicity: Spanish [including Andalusian and Castilian], as well as one quarter Romani<\/strong><\/p>\n<p>Francisco Rivera Ord\u00f3\u00f1ez, previously titled The Duke of Montoro, and also known as Fran Rivera, is a Spanish bullfighter. He was awarded the Fine Arts medal by the Culture Ministry of Spain, a coveted bullfighting prize.<\/p>\n<p>Francisco is the son of the Spanish bullfighter Francisco &#8220;Paquirri&#8221; Rivera P\u00e9rez, and Carmen &#8220;Carmina&#8221; Cayetana Ord\u00f3\u00f1ez Gonz\u00e1lez. He is married to Lourdes Beatriz Montes Parejo. He has a daughter with his former wife, Eugenia Mart\u00ednez de Irujo, 12th Duchess of Montoro, and a daughter with Lourdes.<\/p>\n<p>Francisco&#8217;s paternal grandparents were Antonio Rivera Alvarado, born in Barbate, C\u00e1diz, and Agustina P\u00e9rez N\u00fa\u00f1ez, born in Tarifa, C\u00e1diz.<\/p>\n<p>Francisco&#8217;s maternal grandfather was the Spanish bullfighter Antonio Ord\u00f3\u00f1ez Araujo, born in Ronda, M\u00e1laga (the son of Cayetano Ord\u00f3\u00f1ez Aguilera and Consuelo Araujo de los Reyes). Cayetano was a Spanish bullfighter. Consuelo was Romani, the daughter of Mar\u00eda del Coral de los Reyes Lucena.<\/p>\n<p>Francisco&#8217;s maternal grandmother was Carmen &#8220;Carmina&#8221; Gonz\u00e1lez Lucas (the daughter of Domingo Gonz\u00e1lez Mateos and Mar\u00eda Gracia Lucas Llorente). Domingo was the son of Alejandro Cruz Gonz\u00e1lez and Pilar Mateos. Mar\u00eda Gracia was Romani, from Tijola, Almer\u00eda, and was the daughter of Jos\u00e9 Lucas and Dolores Llorente.<\/p>\n","protected":false},"excerpt":{"rendered":"<p>&#46;&#46;&#46;<\/p>\n","protected":false},"author":18341,"featured_media":0,"comment_status":"open","ping_status":"open","sticky":false,"template":"","format":"standard","meta":{"_exactmetrics_skip_tracking":false,"_exactmetrics_sitenote_active":false,"_exactmetrics_sitenote_note":"","_exactmetrics_sitenote_category":0,"footnotes":""},"categories":[62],"tags":[1811,3629,801,956,756],"class_list":["post-223405","post","type-post","status-publish","format-standard","hentry","category-r-celebs","tag-andalusian","tag-b1974","tag-castilian","tag-romani","tag-spanish"],"yoast_head":"<!-- This site is optimized with the Yoast SEO plugin v27.4 - https:\/\/yoast.com\/product\/yoast-seo-wordpress\/ -->\n<title>Francisco Rivera Ord\u00f3\u00f1ez - Ethnicity of Celebs | EthniCelebs.com<\/title>\n<meta name=\"robots\" content=\"index, follow, max-snippet:-1, max-image-preview:large, max-video-preview:-1\" \/>\n<link rel=\"canonical\" href=\"https:\/\/ethnicelebs.com\/fran-rivera\" \/>\n<meta property=\"og:locale\" content=\"en_US\" \/>\n<meta property=\"og:type\" content=\"article\" \/>\n<meta property=\"og:title\" content=\"Francisco Rivera Ord\u00f3\u00f1ez - Ethnicity of Celebs | EthniCelebs.com\" \/>\n<meta property=\"og:description\" content=\"&#046;&#046;&#046;\" \/>\n<meta property=\"og:url\" content=\"https:\/\/ethnicelebs.com\/fran-rivera\" \/>\n<meta property=\"og:site_name\" content=\"Ethnicity of Celebs | EthniCelebs.com\" \/>\n<meta property=\"article:published_time\" content=\"2018-11-07T01:52:30+00:00\" \/>\n<meta property=\"article:modified_time\" content=\"2025-12-13T00:14:41+00:00\" \/>\n<meta name=\"author\" content=\"andalusian\" \/>\n<meta name=\"twitter:card\" content=\"summary_large_image\" \/>\n<meta name=\"twitter:label1\" content=\"Written by\" \/>\n\t<meta name=\"twitter:data1\" content=\"andalusian\" \/>\n\t<meta name=\"twitter:label2\" content=\"Est. reading time\" \/>\n\t<meta name=\"twitter:data2\" content=\"1 minute\" \/>\n<script type=\"application\/ld+json\" class=\"yoast-schema-graph\">{\"@context\":\"https:\\\/\\\/schema.org\",\"@graph\":[{\"@type\":\"Article\",\"@id\":\"https:\\\/\\\/ethnicelebs.com\\\/fran-rivera#article\",\"isPartOf\":{\"@id\":\"https:\\\/\\\/ethnicelebs.com\\\/fran-rivera\"},\"author\":{\"name\":\"andalusian\",\"@id\":\"https:\\\/\\\/ethnicelebs.com\\\/#\\\/schema\\\/person\\\/accc1e111c6e6ff203bafff56378880c\"},\"headline\":\"Francisco Rivera Ord\u00f3\u00f1ez\",\"datePublished\":\"2018-11-07T01:52:30+00:00\",\"dateModified\":\"2025-12-13T00:14:41+00:00\",\"mainEntityOfPage\":{\"@id\":\"https:\\\/\\\/ethnicelebs.com\\\/fran-rivera\"},\"wordCount\":249,\"commentCount\":1,\"keywords\":[\"Andalusian\",\"b1974\",\"Castilian\",\"Romani\",\"Spanish\"],\"articleSection\":[\"R\"],\"inLanguage\":\"en-US\",\"potentialAction\":[{\"@type\":\"CommentAction\",\"name\":\"Comment\",\"target\":[\"https:\\\/\\\/ethnicelebs.com\\\/fran-rivera#respond\"]}]},{\"@type\":\"WebPage\",\"@id\":\"https:\\\/\\\/ethnicelebs.com\\\/fran-rivera\",\"url\":\"https:\\\/\\\/ethnicelebs.com\\\/fran-rivera\",\"name\":\"Francisco Rivera Ord\u00f3\u00f1ez - Ethnicity of Celebs | EthniCelebs.com\",\"isPartOf\":{\"@id\":\"https:\\\/\\\/ethnicelebs.com\\\/#website\"},\"datePublished\":\"2018-11-07T01:52:30+00:00\",\"dateModified\":\"2025-12-13T00:14:41+00:00\",\"author\":{\"@id\":\"https:\\\/\\\/ethnicelebs.com\\\/#\\\/schema\\\/person\\\/accc1e111c6e6ff203bafff56378880c\"},\"breadcrumb\":{\"@id\":\"https:\\\/\\\/ethnicelebs.com\\\/fran-rivera#breadcrumb\"},\"inLanguage\":\"en-US\",\"potentialAction\":[{\"@type\":\"ReadAction\",\"target\":[\"https:\\\/\\\/ethnicelebs.com\\\/fran-rivera\"]}]},{\"@type\":\"BreadcrumbList\",\"@id\":\"https:\\\/\\\/ethnicelebs.com\\\/fran-rivera#breadcrumb\",\"itemListElement\":[{\"@type\":\"ListItem\",\"position\":1,\"name\":\"Home\",\"item\":\"https:\\\/\\\/ethnicelebs.com\\\/\"},{\"@type\":\"ListItem\",\"position\":2,\"name\":\"Francisco Rivera Ord\u00f3\u00f1ez\"}]},{\"@type\":\"WebSite\",\"@id\":\"https:\\\/\\\/ethnicelebs.com\\\/#website\",\"url\":\"https:\\\/\\\/ethnicelebs.com\\\/\",\"name\":\"Ethnicity of Celebs | EthniCelebs.com\",\"description\":\"\",\"potentialAction\":[{\"@type\":\"SearchAction\",\"target\":{\"@type\":\"EntryPoint\",\"urlTemplate\":\"https:\\\/\\\/ethnicelebs.com\\\/?s={search_term_string}\"},\"query-input\":{\"@type\":\"PropertyValueSpecification\",\"valueRequired\":true,\"valueName\":\"search_term_string\"}}],\"inLanguage\":\"en-US\"},{\"@type\":\"Person\",\"@id\":\"https:\\\/\\\/ethnicelebs.com\\\/#\\\/schema\\\/person\\\/accc1e111c6e6ff203bafff56378880c\",\"name\":\"andalusian\",\"image\":{\"@type\":\"ImageObject\",\"inLanguage\":\"en-US\",\"@id\":\"https:\\\/\\\/secure.gravatar.com\\\/avatar\\\/6e3a33eacf943679ba64a8ac9733f817671ba324630bd18008ec39f6333dae0c?s=96&d=wavatar&r=g\",\"url\":\"https:\\\/\\\/secure.gravatar.com\\\/avatar\\\/6e3a33eacf943679ba64a8ac9733f817671ba324630bd18008ec39f6333dae0c?s=96&d=wavatar&r=g\",\"contentUrl\":\"https:\\\/\\\/secure.gravatar.com\\\/avatar\\\/6e3a33eacf943679ba64a8ac9733f817671ba324630bd18008ec39f6333dae0c?s=96&d=wavatar&r=g\",\"caption\":\"andalusian\"},\"url\":\"https:\\\/\\\/ethnicelebs.com\\\/author\\\/eiifun\"}]}<\/script>\n<!-- \/ Yoast SEO plugin. -->","yoast_head_json":{"title":"Francisco Rivera Ord\u00f3\u00f1ez - Ethnicity of Celebs | EthniCelebs.com","robots":{"index":"index","follow":"follow","max-snippet":"max-snippet:-1","max-image-preview":"max-image-preview:large","max-video-preview":"max-video-preview:-1"},"canonical":"https:\/\/ethnicelebs.com\/fran-rivera","og_locale":"en_US","og_type":"article","og_title":"Francisco Rivera Ord\u00f3\u00f1ez - Ethnicity of Celebs | EthniCelebs.com","og_description":"&#46;&#46;&#46;","og_url":"https:\/\/ethnicelebs.com\/fran-rivera","og_site_name":"Ethnicity of Celebs | EthniCelebs.com","article_published_time":"2018-11-07T01:52:30+00:00","article_modified_time":"2025-12-13T00:14:41+00:00","author":"andalusian","twitter_card":"summary_large_image","twitter_misc":{"Written by":"andalusian","Est. reading time":"1 minute"},"schema":{"@context":"https:\/\/schema.org","@graph":[{"@type":"Article","@id":"https:\/\/ethnicelebs.com\/fran-rivera#article","isPartOf":{"@id":"https:\/\/ethnicelebs.com\/fran-rivera"},"author":{"name":"andalusian","@id":"https:\/\/ethnicelebs.com\/#\/schema\/person\/accc1e111c6e6ff203bafff56378880c"},"headline":"Francisco Rivera Ord\u00f3\u00f1ez","datePublished":"2018-11-07T01:52:30+00:00","dateModified":"2025-12-13T00:14:41+00:00","mainEntityOfPage":{"@id":"https:\/\/ethnicelebs.com\/fran-rivera"},"wordCount":249,"commentCount":1,"keywords":["Andalusian","b1974","Castilian","Romani","Spanish"],"articleSection":["R"],"inLanguage":"en-US","potentialAction":[{"@type":"CommentAction","name":"Comment","target":["https:\/\/ethnicelebs.com\/fran-rivera#respond"]}]},{"@type":"WebPage","@id":"https:\/\/ethnicelebs.com\/fran-rivera","url":"https:\/\/ethnicelebs.com\/fran-rivera","name":"Francisco Rivera Ord\u00f3\u00f1ez - Ethnicity of Celebs | EthniCelebs.com","isPartOf":{"@id":"https:\/\/ethnicelebs.com\/#website"},"datePublished":"2018-11-07T01:52:30+00:00","dateModified":"2025-12-13T00:14:41+00:00","author":{"@id":"https:\/\/ethnicelebs.com\/#\/schema\/person\/accc1e111c6e6ff203bafff56378880c"},"breadcrumb":{"@id":"https:\/\/ethnicelebs.com\/fran-rivera#breadcrumb"},"inLanguage":"en-US","potentialAction":[{"@type":"ReadAction","target":["https:\/\/ethnicelebs.com\/fran-rivera"]}]},{"@type":"BreadcrumbList","@id":"https:\/\/ethnicelebs.com\/fran-rivera#breadcrumb","itemListElement":[{"@type":"ListItem","position":1,"name":"Home","item":"https:\/\/ethnicelebs.com\/"},{"@type":"ListItem","position":2,"name":"Francisco Rivera Ord\u00f3\u00f1ez"}]},{"@type":"WebSite","@id":"https:\/\/ethnicelebs.com\/#website","url":"https:\/\/ethnicelebs.com\/","name":"Ethnicity of Celebs | EthniCelebs.com","description":"","potentialAction":[{"@type":"SearchAction","target":{"@type":"EntryPoint","urlTemplate":"https:\/\/ethnicelebs.com\/?s={search_term_string}"},"query-input":{"@type":"PropertyValueSpecification","valueRequired":true,"valueName":"search_term_string"}}],"inLanguage":"en-US"},{"@type":"Person","@id":"https:\/\/ethnicelebs.com\/#\/schema\/person\/accc1e111c6e6ff203bafff56378880c","name":"andalusian","image":{"@type":"ImageObject","inLanguage":"en-US","@id":"https:\/\/secure.gravatar.com\/avatar\/6e3a33eacf943679ba64a8ac9733f817671ba324630bd18008ec39f6333dae0c?s=96&d=wavatar&r=g","url":"https:\/\/secure.gravatar.com\/avatar\/6e3a33eacf943679ba64a8ac9733f817671ba324630bd18008ec39f6333dae0c?s=96&d=wavatar&r=g","contentUrl":"https:\/\/secure.gravatar.com\/avatar\/6e3a33eacf943679ba64a8ac9733f817671ba324630bd18008ec39f6333dae0c?s=96&d=wavatar&r=g","caption":"andalusian"},"url":"https:\/\/ethnicelebs.com\/author\/eiifun"}]}},"_links":{"self":[{"href":"https:\/\/ethnicelebs.com\/wp-json\/wp\/v2\/posts\/223405","targetHints":{"allow":["GET"]}}],"collection":[{"href":"https:\/\/ethnicelebs.com\/wp-json\/wp\/v2\/posts"}],"about":[{"href":"https:\/\/ethnicelebs.com\/wp-json\/wp\/v2\/types\/post"}],"author":[{"embeddable":true,"href":"https:\/\/ethnicelebs.com\/wp-json\/wp\/v2\/users\/18341"}],"replies":[{"embeddable":true,"href":"https:\/\/ethnicelebs.com\/wp-json\/wp\/v2\/comments?post=223405"}],"version-history":[{"count":1,"href":"https:\/\/ethnicelebs.com\/wp-json\/wp\/v2\/posts\/223405\/revisions"}],"predecessor-version":[{"id":401832,"href":"https:\/\/ethnicelebs.com\/wp-json\/wp\/v2\/posts\/223405\/revisions\/401832"}],"wp:attachment":[{"href":"https:\/\/ethnicelebs.com\/wp-json\/wp\/v2\/media?parent=223405"}],"wp:term":[{"taxonomy":"category","embeddable":true,"href":"https:\/\/ethnicelebs.com\/wp-json\/wp\/v2\/categories?post=223405"},{"taxonomy":"post_tag","embeddable":true,"href":"https:\/\/ethnicelebs.com\/wp-json\/wp\/v2\/tags?post=223405"}],"curies":[{"name":"wp","href":"https:\/\/api.w.org\/{rel}","templated":true}]}}