{"id":176383,"date":"2017-08-11T08:30:20","date_gmt":"2017-08-11T15:30:20","guid":{"rendered":"http:\/\/ethnicelebs.com\/?p=176383"},"modified":"2026-02-11T10:22:41","modified_gmt":"2026-02-11T18:22:41","slug":"warren-kole","status":"publish","type":"post","link":"https:\/\/ethnicelebs.com\/warren-kole","title":{"rendered":"Warren Kole"},"content":{"rendered":"<div id=\"attachment_176445\" style=\"width: 410px\" class=\"wp-caption alignnone\"><img loading=\"lazy\" decoding=\"async\" aria-describedby=\"caption-attachment-176445\" class=\"size-medium wp-image-176445\" src=\"http:\/\/ethnicelebs.com\/wp-content\/uploads\/2017\/08\/SGG-109705-Warren-Kole-400x600.jpg\" alt=\"\" width=\"400\" height=\"600\" srcset=\"https:\/\/ethnicelebs.com\/wp-content\/uploads\/2017\/08\/SGG-109705-Warren-Kole-400x600.jpg 400w, https:\/\/ethnicelebs.com\/wp-content\/uploads\/2017\/08\/SGG-109705-Warren-Kole.jpg 666w\" sizes=\"auto, (max-width: 400px) 100vw, 400px\" \/><p id=\"caption-attachment-176445\" class=\"wp-caption-text\">Kole &#8211; &#8220;Kingdom Come&#8221; Los Angeles Premiere, 2012 &#8211; Photo Credit: Glenn Harris \/ PR Photos\u00a0<\/p><\/div>\n<p>Birth Name: Warren David Blosjo, Jr.<\/p>\n<p>Place of Birth: San Antonio, Texas, U.S.<\/p>\n<p>Date of Birth: September 23, 1977<\/p>\n<p><strong>Ethnicity: Swedish (paternal grandfather), German, English, one eighth Lithuanian, 1\/16th African-American, Scottish, Irish, Scots-Irish\/Northern Irish, Welsh, more distant Dutch and French Huguenot<\/strong><\/p>\n<p>Warren Kole is an American actor. His roles include the series <em>Into the West<\/em>, <em>24<\/em>, <em>Mental<\/em>, <em>The Chicago Code<\/em>, <em>Common Law<\/em>, <em>The Following<\/em>, <em>White Collar<\/em>, <em>Stalker<\/em>, <em>Shades of Blue<\/em>, <em>Why Women Kill<\/em>, <em>Yellowjackets<\/em>, and <em>The Terminal List<\/em>; the films <em>A Love Song for Bobby Long<\/em>, <em>Cougar Club<\/em>, <em>Mother&#8217;s Day<\/em> (2010), and <em>Game of Assassins<\/em>; and the video games <em>Uncharted 4: A Thief&#8217;s End<\/em> and the <em>Call of Duty<\/em> franchise.<\/p>\n<p>He was raised partly in Washington, D.C.<\/p>\n<p>Warren&#8217;s paternal grandfather was Roland Vincent Blosjo (the son of August Andrew Blosjo and Esther Olivia Booren). Roland was born in Nicollet, Minnesota. August and Esther were born in Minnesota, to parents from Sweden. August was the son of Anders Bl\u00e5sj\u00f6 and Sara Lisa Johansdotter, who were from \u00d6sterg\u00f6tland. Esther was born in Lafayette, Nicollet, the daughter of Joseph Booren and Emma Louise Johnson, who was from Sm\u00e5land.<\/p>\n<p>Warren&#8217;s paternal grandmother was Barbara Ann Wilson (the daughter of Walter Clan Wilson and Anna Katherin Lebhart). Barbara was born in Roanoke, Virginia. Walter was born in Bedford, Virginia, the son of John Pleasant Wilson and Susan Ann Boyle, and had deep roots in the U.S. Anna was born in Nebraska, the daughter of Christoph Friedrich Lebhart, who was German, from W\u00fcrttemberg; and of Catherine Roeck\/Reoech, whose parents were also from W\u00fcrttemberg.<\/p>\n<p>Warren&#8217;s maternal grandfather was Forest Vance Ross (the son of Forest\/Forrest Eli Ross and Lelia Lavinia Sanders). Warren&#8217;s grandfather Forest was born in Clarksville, Greene, Pennsylvania, and had deep American roots. Warren&#8217;s great-grandfather Forest was born in Greene, the son of Eli Bailey Ross and Amy Pryor. Lelia was born in Lone Pine, Washington, Pennsylvania, the daughter of Daniel Sanders and Lucy Williams.<\/p>\n<p>Warren&#8217;s maternal grandmother was Ruth Elaine Brown (the daughter of Isaac &#8220;Ike&#8221; Brown and Mary Balsis). Ruth was born in Fayette City, Pennsylvania. Isaac was born in Fayette City. His father, Isaac Brown, was listed as &#8220;Mulatto&#8221; on U.S. censuses, and his parents as &#8220;Mulatto&#8221; and &#8220;Black,&#8221; respectively. Isaac&#8217;s mother, Margaret &#8220;Maggie&#8221; Bush, was born in England, to an English father and a Welsh mother. Warren&#8217;s great-grandmother Mary was born in Pennsylvania, the daughter of Andrew Balsis and Petrona Stephorakis, who were Lithuanian immigrants.<\/p>\n<p><strong>Sources:<\/strong> Warren&#8217;s paternal grandfather, Roland Vincent Blosjo, on the 1920 U.S. Census &#8211; <a href=\"https:\/\/familysearch.org\/ark:\/61903\/1:1:MWBK-SB7\">http:\/\/www.familysearch.org<\/a><\/p>\n<p>Obituary of Warren&#8217;s paternal grandmother, Barbara Ann (Wilson) Blosjo &#8211; <a href=\"https:\/\/newspaperarchive.com\/frederick-news-post-aug-17-1994-p-5\/\">http:\/\/newspaperarchive.com<\/a><\/p>\n<p>Obituary of Warren&#8217;s maternal grandmother, Ruth Elaine (Brown) Ross &#8211; <a href=\"http:\/\/www.legacy.com\/obituaries\/observer-reporter\/obituary.aspx?pid=173435340\">http:\/\/www.legacy.com<\/a><\/p>\n","protected":false},"excerpt":{"rendered":"<p>&#46;&#46;&#46;<\/p>\n","protected":false},"author":6308,"featured_media":176445,"comment_status":"open","ping_status":"open","sticky":false,"template":"","format":"standard","meta":{"_exactmetrics_skip_tracking":false,"_exactmetrics_sitenote_active":false,"_exactmetrics_sitenote_note":"","_exactmetrics_sitenote_category":0,"footnotes":""},"categories":[1434,18],"tags":[1076,3611,691,690,716,686,1060,687,783,1043,796,677,763,788],"class_list":["post-176383","post","type-post","status-publish","format-standard","has-post-thumbnail","hentry","category-actoractress","category-k-celebs","tag-african-american","tag-b1977","tag-dutch","tag-english","tag-french","tag-german","tag-huguenot","tag-irish","tag-lithuanian","tag-northern-irish","tag-scots-irish","tag-scottish","tag-swedish","tag-welsh"],"yoast_head":"<!-- This site is optimized with the Yoast SEO plugin v27.4 - https:\/\/yoast.com\/product\/yoast-seo-wordpress\/ -->\n<title>Warren Kole - Ethnicity of Celebs | EthniCelebs.com<\/title>\n<meta name=\"robots\" content=\"index, follow, max-snippet:-1, max-image-preview:large, max-video-preview:-1\" \/>\n<link rel=\"canonical\" href=\"https:\/\/ethnicelebs.com\/warren-kole\" \/>\n<meta property=\"og:locale\" content=\"en_US\" \/>\n<meta property=\"og:type\" content=\"article\" \/>\n<meta property=\"og:title\" content=\"Warren Kole - Ethnicity of Celebs | EthniCelebs.com\" \/>\n<meta property=\"og:description\" content=\"&#046;&#046;&#046;\" \/>\n<meta property=\"og:url\" content=\"https:\/\/ethnicelebs.com\/warren-kole\" \/>\n<meta property=\"og:site_name\" content=\"Ethnicity of Celebs | EthniCelebs.com\" \/>\n<meta property=\"article:published_time\" content=\"2017-08-11T15:30:20+00:00\" \/>\n<meta property=\"article:modified_time\" content=\"2026-02-11T18:22:41+00:00\" \/>\n<meta property=\"og:image\" content=\"https:\/\/ethnicelebs.com\/wp-content\/uploads\/2017\/08\/SGG-109705-Warren-Kole.jpg\" \/>\n\t<meta property=\"og:image:width\" content=\"666\" \/>\n\t<meta property=\"og:image:height\" content=\"1000\" \/>\n\t<meta property=\"og:image:type\" content=\"image\/jpeg\" \/>\n<meta name=\"author\" content=\"stlucas\" \/>\n<meta name=\"twitter:card\" content=\"summary_large_image\" \/>\n<meta name=\"twitter:label1\" content=\"Written by\" \/>\n\t<meta name=\"twitter:data1\" content=\"stlucas\" \/>\n\t<meta name=\"twitter:label2\" content=\"Est. reading time\" \/>\n\t<meta name=\"twitter:data2\" content=\"2 minutes\" \/>\n<script type=\"application\/ld+json\" class=\"yoast-schema-graph\">{\"@context\":\"https:\\\/\\\/schema.org\",\"@graph\":[{\"@type\":\"Article\",\"@id\":\"https:\\\/\\\/ethnicelebs.com\\\/warren-kole#article\",\"isPartOf\":{\"@id\":\"https:\\\/\\\/ethnicelebs.com\\\/warren-kole\"},\"author\":{\"name\":\"stlucas\",\"@id\":\"https:\\\/\\\/ethnicelebs.com\\\/#\\\/schema\\\/person\\\/f3d488d08a1769afd0724b2285647535\"},\"headline\":\"Warren Kole\",\"datePublished\":\"2017-08-11T15:30:20+00:00\",\"dateModified\":\"2026-02-11T18:22:41+00:00\",\"mainEntityOfPage\":{\"@id\":\"https:\\\/\\\/ethnicelebs.com\\\/warren-kole\"},\"wordCount\":478,\"commentCount\":2,\"image\":{\"@id\":\"https:\\\/\\\/ethnicelebs.com\\\/warren-kole#primaryimage\"},\"thumbnailUrl\":\"https:\\\/\\\/ethnicelebs.com\\\/wp-content\\\/uploads\\\/2017\\\/08\\\/SGG-109705-Warren-Kole.jpg\",\"keywords\":[\"African American\",\"b1977\",\"Dutch\",\"English\",\"French\",\"German\",\"Huguenot\",\"Irish\",\"Lithuanian\",\"Northern Irish\",\"Scots-Irish\",\"Scottish\",\"Swedish\",\"Welsh\"],\"articleSection\":[\"1 Actor\\\/Actress\",\"K\"],\"inLanguage\":\"en-US\",\"potentialAction\":[{\"@type\":\"CommentAction\",\"name\":\"Comment\",\"target\":[\"https:\\\/\\\/ethnicelebs.com\\\/warren-kole#respond\"]}]},{\"@type\":\"WebPage\",\"@id\":\"https:\\\/\\\/ethnicelebs.com\\\/warren-kole\",\"url\":\"https:\\\/\\\/ethnicelebs.com\\\/warren-kole\",\"name\":\"Warren Kole - Ethnicity of Celebs | EthniCelebs.com\",\"isPartOf\":{\"@id\":\"https:\\\/\\\/ethnicelebs.com\\\/#website\"},\"primaryImageOfPage\":{\"@id\":\"https:\\\/\\\/ethnicelebs.com\\\/warren-kole#primaryimage\"},\"image\":{\"@id\":\"https:\\\/\\\/ethnicelebs.com\\\/warren-kole#primaryimage\"},\"thumbnailUrl\":\"https:\\\/\\\/ethnicelebs.com\\\/wp-content\\\/uploads\\\/2017\\\/08\\\/SGG-109705-Warren-Kole.jpg\",\"datePublished\":\"2017-08-11T15:30:20+00:00\",\"dateModified\":\"2026-02-11T18:22:41+00:00\",\"author\":{\"@id\":\"https:\\\/\\\/ethnicelebs.com\\\/#\\\/schema\\\/person\\\/f3d488d08a1769afd0724b2285647535\"},\"breadcrumb\":{\"@id\":\"https:\\\/\\\/ethnicelebs.com\\\/warren-kole#breadcrumb\"},\"inLanguage\":\"en-US\",\"potentialAction\":[{\"@type\":\"ReadAction\",\"target\":[\"https:\\\/\\\/ethnicelebs.com\\\/warren-kole\"]}]},{\"@type\":\"ImageObject\",\"inLanguage\":\"en-US\",\"@id\":\"https:\\\/\\\/ethnicelebs.com\\\/warren-kole#primaryimage\",\"url\":\"https:\\\/\\\/ethnicelebs.com\\\/wp-content\\\/uploads\\\/2017\\\/08\\\/SGG-109705-Warren-Kole.jpg\",\"contentUrl\":\"https:\\\/\\\/ethnicelebs.com\\\/wp-content\\\/uploads\\\/2017\\\/08\\\/SGG-109705-Warren-Kole.jpg\",\"width\":666,\"height\":1000,\"caption\":\"10\\\/02\\\/2012 - Warren Kole - \\\"Kingdom Come\\\" Los Angeles Premiere - Arrivals - Harmony Gold Theatre - Los Angeles, CA, USA - Keywords: Orientation: Portrait Face Count: 1 - False - Photo Credit: Glenn Harris \\\/ PR Photos - Contact (1-866-551-7827) - Portrait Face Count: 1\"},{\"@type\":\"BreadcrumbList\",\"@id\":\"https:\\\/\\\/ethnicelebs.com\\\/warren-kole#breadcrumb\",\"itemListElement\":[{\"@type\":\"ListItem\",\"position\":1,\"name\":\"Home\",\"item\":\"https:\\\/\\\/ethnicelebs.com\\\/\"},{\"@type\":\"ListItem\",\"position\":2,\"name\":\"Warren Kole\"}]},{\"@type\":\"WebSite\",\"@id\":\"https:\\\/\\\/ethnicelebs.com\\\/#website\",\"url\":\"https:\\\/\\\/ethnicelebs.com\\\/\",\"name\":\"Ethnicity of Celebs | EthniCelebs.com\",\"description\":\"\",\"potentialAction\":[{\"@type\":\"SearchAction\",\"target\":{\"@type\":\"EntryPoint\",\"urlTemplate\":\"https:\\\/\\\/ethnicelebs.com\\\/?s={search_term_string}\"},\"query-input\":{\"@type\":\"PropertyValueSpecification\",\"valueRequired\":true,\"valueName\":\"search_term_string\"}}],\"inLanguage\":\"en-US\"},{\"@type\":\"Person\",\"@id\":\"https:\\\/\\\/ethnicelebs.com\\\/#\\\/schema\\\/person\\\/f3d488d08a1769afd0724b2285647535\",\"name\":\"stlucas\",\"image\":{\"@type\":\"ImageObject\",\"inLanguage\":\"en-US\",\"@id\":\"https:\\\/\\\/secure.gravatar.com\\\/avatar\\\/a9482eaf28ac858dbecf5bf91e57d274bd481c59db38d1ffc6fb695247c74ab1?s=96&d=wavatar&r=g\",\"url\":\"https:\\\/\\\/secure.gravatar.com\\\/avatar\\\/a9482eaf28ac858dbecf5bf91e57d274bd481c59db38d1ffc6fb695247c74ab1?s=96&d=wavatar&r=g\",\"contentUrl\":\"https:\\\/\\\/secure.gravatar.com\\\/avatar\\\/a9482eaf28ac858dbecf5bf91e57d274bd481c59db38d1ffc6fb695247c74ab1?s=96&d=wavatar&r=g\",\"caption\":\"stlucas\"},\"url\":\"https:\\\/\\\/ethnicelebs.com\\\/author\\\/stlucas\"}]}<\/script>\n<!-- \/ Yoast SEO plugin. -->","yoast_head_json":{"title":"Warren Kole - Ethnicity of Celebs | EthniCelebs.com","robots":{"index":"index","follow":"follow","max-snippet":"max-snippet:-1","max-image-preview":"max-image-preview:large","max-video-preview":"max-video-preview:-1"},"canonical":"https:\/\/ethnicelebs.com\/warren-kole","og_locale":"en_US","og_type":"article","og_title":"Warren Kole - Ethnicity of Celebs | EthniCelebs.com","og_description":"&#46;&#46;&#46;","og_url":"https:\/\/ethnicelebs.com\/warren-kole","og_site_name":"Ethnicity of Celebs | EthniCelebs.com","article_published_time":"2017-08-11T15:30:20+00:00","article_modified_time":"2026-02-11T18:22:41+00:00","og_image":[{"width":666,"height":1000,"url":"https:\/\/ethnicelebs.com\/wp-content\/uploads\/2017\/08\/SGG-109705-Warren-Kole.jpg","type":"image\/jpeg"}],"author":"stlucas","twitter_card":"summary_large_image","twitter_misc":{"Written by":"stlucas","Est. reading time":"2 minutes"},"schema":{"@context":"https:\/\/schema.org","@graph":[{"@type":"Article","@id":"https:\/\/ethnicelebs.com\/warren-kole#article","isPartOf":{"@id":"https:\/\/ethnicelebs.com\/warren-kole"},"author":{"name":"stlucas","@id":"https:\/\/ethnicelebs.com\/#\/schema\/person\/f3d488d08a1769afd0724b2285647535"},"headline":"Warren Kole","datePublished":"2017-08-11T15:30:20+00:00","dateModified":"2026-02-11T18:22:41+00:00","mainEntityOfPage":{"@id":"https:\/\/ethnicelebs.com\/warren-kole"},"wordCount":478,"commentCount":2,"image":{"@id":"https:\/\/ethnicelebs.com\/warren-kole#primaryimage"},"thumbnailUrl":"https:\/\/ethnicelebs.com\/wp-content\/uploads\/2017\/08\/SGG-109705-Warren-Kole.jpg","keywords":["African American","b1977","Dutch","English","French","German","Huguenot","Irish","Lithuanian","Northern Irish","Scots-Irish","Scottish","Swedish","Welsh"],"articleSection":["1 Actor\/Actress","K"],"inLanguage":"en-US","potentialAction":[{"@type":"CommentAction","name":"Comment","target":["https:\/\/ethnicelebs.com\/warren-kole#respond"]}]},{"@type":"WebPage","@id":"https:\/\/ethnicelebs.com\/warren-kole","url":"https:\/\/ethnicelebs.com\/warren-kole","name":"Warren Kole - Ethnicity of Celebs | EthniCelebs.com","isPartOf":{"@id":"https:\/\/ethnicelebs.com\/#website"},"primaryImageOfPage":{"@id":"https:\/\/ethnicelebs.com\/warren-kole#primaryimage"},"image":{"@id":"https:\/\/ethnicelebs.com\/warren-kole#primaryimage"},"thumbnailUrl":"https:\/\/ethnicelebs.com\/wp-content\/uploads\/2017\/08\/SGG-109705-Warren-Kole.jpg","datePublished":"2017-08-11T15:30:20+00:00","dateModified":"2026-02-11T18:22:41+00:00","author":{"@id":"https:\/\/ethnicelebs.com\/#\/schema\/person\/f3d488d08a1769afd0724b2285647535"},"breadcrumb":{"@id":"https:\/\/ethnicelebs.com\/warren-kole#breadcrumb"},"inLanguage":"en-US","potentialAction":[{"@type":"ReadAction","target":["https:\/\/ethnicelebs.com\/warren-kole"]}]},{"@type":"ImageObject","inLanguage":"en-US","@id":"https:\/\/ethnicelebs.com\/warren-kole#primaryimage","url":"https:\/\/ethnicelebs.com\/wp-content\/uploads\/2017\/08\/SGG-109705-Warren-Kole.jpg","contentUrl":"https:\/\/ethnicelebs.com\/wp-content\/uploads\/2017\/08\/SGG-109705-Warren-Kole.jpg","width":666,"height":1000,"caption":"10\/02\/2012 - Warren Kole - \"Kingdom Come\" Los Angeles Premiere - Arrivals - Harmony Gold Theatre - Los Angeles, CA, USA - Keywords: Orientation: Portrait Face Count: 1 - False - Photo Credit: Glenn Harris \/ PR Photos - Contact (1-866-551-7827) - Portrait Face Count: 1"},{"@type":"BreadcrumbList","@id":"https:\/\/ethnicelebs.com\/warren-kole#breadcrumb","itemListElement":[{"@type":"ListItem","position":1,"name":"Home","item":"https:\/\/ethnicelebs.com\/"},{"@type":"ListItem","position":2,"name":"Warren Kole"}]},{"@type":"WebSite","@id":"https:\/\/ethnicelebs.com\/#website","url":"https:\/\/ethnicelebs.com\/","name":"Ethnicity of Celebs | EthniCelebs.com","description":"","potentialAction":[{"@type":"SearchAction","target":{"@type":"EntryPoint","urlTemplate":"https:\/\/ethnicelebs.com\/?s={search_term_string}"},"query-input":{"@type":"PropertyValueSpecification","valueRequired":true,"valueName":"search_term_string"}}],"inLanguage":"en-US"},{"@type":"Person","@id":"https:\/\/ethnicelebs.com\/#\/schema\/person\/f3d488d08a1769afd0724b2285647535","name":"stlucas","image":{"@type":"ImageObject","inLanguage":"en-US","@id":"https:\/\/secure.gravatar.com\/avatar\/a9482eaf28ac858dbecf5bf91e57d274bd481c59db38d1ffc6fb695247c74ab1?s=96&d=wavatar&r=g","url":"https:\/\/secure.gravatar.com\/avatar\/a9482eaf28ac858dbecf5bf91e57d274bd481c59db38d1ffc6fb695247c74ab1?s=96&d=wavatar&r=g","contentUrl":"https:\/\/secure.gravatar.com\/avatar\/a9482eaf28ac858dbecf5bf91e57d274bd481c59db38d1ffc6fb695247c74ab1?s=96&d=wavatar&r=g","caption":"stlucas"},"url":"https:\/\/ethnicelebs.com\/author\/stlucas"}]}},"_links":{"self":[{"href":"https:\/\/ethnicelebs.com\/wp-json\/wp\/v2\/posts\/176383","targetHints":{"allow":["GET"]}}],"collection":[{"href":"https:\/\/ethnicelebs.com\/wp-json\/wp\/v2\/posts"}],"about":[{"href":"https:\/\/ethnicelebs.com\/wp-json\/wp\/v2\/types\/post"}],"author":[{"embeddable":true,"href":"https:\/\/ethnicelebs.com\/wp-json\/wp\/v2\/users\/6308"}],"replies":[{"embeddable":true,"href":"https:\/\/ethnicelebs.com\/wp-json\/wp\/v2\/comments?post=176383"}],"version-history":[{"count":14,"href":"https:\/\/ethnicelebs.com\/wp-json\/wp\/v2\/posts\/176383\/revisions"}],"predecessor-version":[{"id":411872,"href":"https:\/\/ethnicelebs.com\/wp-json\/wp\/v2\/posts\/176383\/revisions\/411872"}],"wp:featuredmedia":[{"embeddable":true,"href":"https:\/\/ethnicelebs.com\/wp-json\/wp\/v2\/media\/176445"}],"wp:attachment":[{"href":"https:\/\/ethnicelebs.com\/wp-json\/wp\/v2\/media?parent=176383"}],"wp:term":[{"taxonomy":"category","embeddable":true,"href":"https:\/\/ethnicelebs.com\/wp-json\/wp\/v2\/categories?post=176383"},{"taxonomy":"post_tag","embeddable":true,"href":"https:\/\/ethnicelebs.com\/wp-json\/wp\/v2\/tags?post=176383"}],"curies":[{"name":"wp","href":"https:\/\/api.w.org\/{rel}","templated":true}]}}