{"id":169630,"date":"2017-05-29T23:38:59","date_gmt":"2017-05-30T06:38:59","guid":{"rendered":"http:\/\/ethnicelebs.com\/?p=169630"},"modified":"2023-08-19T14:53:06","modified_gmt":"2023-08-19T21:53:06","slug":"richard-appel","status":"publish","type":"post","link":"https:\/\/ethnicelebs.com\/richard-appel","title":{"rendered":"Richard Appel"},"content":{"rendered":"<div id=\"attachment_216903\" style=\"width: 410px\" class=\"wp-caption alignnone\"><img loading=\"lazy\" decoding=\"async\" aria-describedby=\"caption-attachment-216903\" class=\"alignnone size-medium wp-image-169652\" src=\"http:\/\/ethnicelebs.com\/wp-content\/uploads\/2017\/05\/bigstock-LOS-ANGELES-SEP-Richard-Appel-400x600.jpg\" alt=\"\" width=\"400\" height=\"600\" srcset=\"https:\/\/ethnicelebs.com\/wp-content\/uploads\/2017\/05\/bigstock-LOS-ANGELES-SEP-Richard-Appel-400x600.jpg 400w, https:\/\/ethnicelebs.com\/wp-content\/uploads\/2017\/05\/bigstock-LOS-ANGELES-SEP-Richard-Appel.jpg 600w\" sizes=\"auto, (max-width: 400px) 100vw, 400px\" \/><p id=\"caption-attachment-216903\" class=\"wp-caption-text\">Appel in 2010, photo by <a href=\"https:\/\/www.bigstockphoto.com\/pt\/search\/?contributor=kathclick\">kathclick<\/a>\/www.bigstockphoto.com<\/p><\/div>\n<p>Birth Name: Richard James Appel<\/p>\n<p>Place of Birth: New York City, New York, U.S.<!---read--><\/p>\n<p>Date of Birth: May 21, 1963<\/p>\n<p><strong>Ethnicity: Ashkenazi Jewish<\/strong><\/p>\n<p>Richard Appel is an American writer, producer, and attorney, working largely in television.<\/p>\n<p>He is the son of Nina Appel and Richard Appel. His father was a professor, author, and journal editor. His mother was the first female dean of Loyola Law School. His mother was born in Prague. His parents were both from Jewish families. He has two children with his former wife, novelist Mona Simpson. Mona is the sister of innovator <a href=\"https:\/\/ethnicelebs.com\/steve-jobs\">Steve Jobs<\/a>.<\/p>\n<p>Richard&#8217;s paternal grandfather was Alfred Appel, Sr. (the son of Samuel Appel and Sadie Niedermann). Alfred was born in New York. Samuel was born in\u00a0Borken, M\u00fcnster, North Rhine-Westphalia, Germany, the son of Laser Appel and Bertha Besschen Gruenstein\/Gr\u00fcnstein. Sadie was born in New York, the daughter of parents from Germany, Joseph Niedermann\/Niederman and Carolina Blum, who was from Freiburg im Breisgau.<\/p>\n<p>Richard&#8217;s paternal grandmother was Beatrice Celia Hoffman (the daughter of Samuel &#8220;Sam&#8221; Hoffman and Eva Sherville). Beatrice was born in New York. Samuel was born in Mir, Poland, now Belarus, the son of Morris Hoffman\/Dvaretsky and Itka &#8220;Yetta&#8221; Lubner. Eva was born in Vilnius, Lithuania.<\/p>\n<p>Richard&#8217;s maternal grandfather was Leonard &#8220;Leo&#8221; Schick (the son of Moritz Schick and Aloisie Pol\u00e1\u010dek). Leo was born in \u0158\u00ed\u010dany, Czechia. Moritz was born in Nov\u00fd Byd\u017eov, Hradec Kr\u00e1lov\u00e9 District, Czechia, the son of Joachim Schick and Sara Steiner. Aloisie was born in Herink, Prague-East District, Bohemia, the daughter of Josef Pollaczek and Katharina Neumann.<\/p>\n<p>Richard&#8217;s maternal grandmother was Nora Thein (the daughter of Emil Thein and Klara L\u00fcftschitz). Nora was born in Karl\u00edn-Prague, Czechia. Emil was the son of Sigmund Thein and Theresia Mameles. Klara was the daughter of Bernard L\u00fcftschitz and Marie Zeckendorf.<\/p>\n<p><strong>Sources:<\/strong> Genealogy of Richard Appel &#8211; <a href=\"https:\/\/www.geni.com\/people\/Richard-Appel\/6000000010340882834?through=6000000010340665160\">http:\/\/www.geni.com<\/a><\/p>\n<p>Richard&#8217;s paternal grandfather, Alfred Appel, Sr., on the 1930 U.S. Census &#8211; <a href=\"https:\/\/familysearch.org\/ark:\/61903\/1:1:X4VG-M6V\">http:\/\/www.familysearch.org<\/a><\/p>\n<p>Obituary of Richard&#8217;s paternal grandmother, Beatrice Celia (Hoffman) Appel &#8211; <a href=\"http:\/\/www.legacy.com\/obituaries\/nytimes\/obituary.aspx?pid=173047781\">http:\/\/www.legacy.com<\/a><\/p>\n","protected":false},"excerpt":{"rendered":"<p>&#46;&#46;&#46;<\/p>\n","protected":false},"author":6308,"featured_media":169652,"comment_status":"open","ping_status":"open","sticky":false,"template":"","format":"standard","meta":{"_exactmetrics_skip_tracking":false,"_exactmetrics_sitenote_active":false,"_exactmetrics_sitenote_note":"","_exactmetrics_sitenote_category":0,"footnotes":""},"categories":[1439,4],"tags":[1063,3608,1072,1074,1073,1064,695,1068,1067],"class_list":["post-169630","post","type-post","status-publish","format-standard","has-post-thumbnail","hentry","category-7-tv-personality","category-a-celebs","tag-ashkenazi-jewish","tag-b1963","tag-belarusian-jewish","tag-bohemian-jewish","tag-czech-jewish","tag-german-jewish","tag-jewish","tag-lithuanian-jewish","tag-polish-jewish"],"yoast_head":"<!-- This site is optimized with the Yoast SEO plugin v27.4 - https:\/\/yoast.com\/product\/yoast-seo-wordpress\/ -->\n<title>Richard Appel - Ethnicity of Celebs | EthniCelebs.com<\/title>\n<meta name=\"robots\" content=\"index, follow, max-snippet:-1, max-image-preview:large, max-video-preview:-1\" \/>\n<link rel=\"canonical\" href=\"https:\/\/ethnicelebs.com\/richard-appel\" \/>\n<meta property=\"og:locale\" content=\"en_US\" \/>\n<meta property=\"og:type\" content=\"article\" \/>\n<meta property=\"og:title\" content=\"Richard Appel - Ethnicity of Celebs | EthniCelebs.com\" \/>\n<meta property=\"og:description\" content=\"&#046;&#046;&#046;\" \/>\n<meta property=\"og:url\" content=\"https:\/\/ethnicelebs.com\/richard-appel\" \/>\n<meta property=\"og:site_name\" content=\"Ethnicity of Celebs | EthniCelebs.com\" \/>\n<meta property=\"article:published_time\" content=\"2017-05-30T06:38:59+00:00\" \/>\n<meta property=\"article:modified_time\" content=\"2023-08-19T21:53:06+00:00\" \/>\n<meta property=\"og:image\" content=\"https:\/\/ethnicelebs.com\/wp-content\/uploads\/2017\/05\/bigstock-LOS-ANGELES-SEP-Richard-Appel.jpg\" \/>\n\t<meta property=\"og:image:width\" content=\"600\" \/>\n\t<meta property=\"og:image:height\" content=\"900\" \/>\n\t<meta property=\"og:image:type\" content=\"image\/jpeg\" \/>\n<meta name=\"author\" content=\"stlucas\" \/>\n<meta name=\"twitter:card\" content=\"summary_large_image\" \/>\n<meta name=\"twitter:label1\" content=\"Written by\" \/>\n\t<meta name=\"twitter:data1\" content=\"stlucas\" \/>\n\t<meta name=\"twitter:label2\" content=\"Est. reading time\" \/>\n\t<meta name=\"twitter:data2\" content=\"2 minutes\" \/>\n<script type=\"application\/ld+json\" class=\"yoast-schema-graph\">{\"@context\":\"https:\\\/\\\/schema.org\",\"@graph\":[{\"@type\":\"Article\",\"@id\":\"https:\\\/\\\/ethnicelebs.com\\\/richard-appel#article\",\"isPartOf\":{\"@id\":\"https:\\\/\\\/ethnicelebs.com\\\/richard-appel\"},\"author\":{\"name\":\"stlucas\",\"@id\":\"https:\\\/\\\/ethnicelebs.com\\\/#\\\/schema\\\/person\\\/f3d488d08a1769afd0724b2285647535\"},\"headline\":\"Richard Appel\",\"datePublished\":\"2017-05-30T06:38:59+00:00\",\"dateModified\":\"2023-08-19T21:53:06+00:00\",\"mainEntityOfPage\":{\"@id\":\"https:\\\/\\\/ethnicelebs.com\\\/richard-appel\"},\"wordCount\":367,\"commentCount\":0,\"image\":{\"@id\":\"https:\\\/\\\/ethnicelebs.com\\\/richard-appel#primaryimage\"},\"thumbnailUrl\":\"https:\\\/\\\/ethnicelebs.com\\\/wp-content\\\/uploads\\\/2017\\\/05\\\/bigstock-LOS-ANGELES-SEP-Richard-Appel.jpg\",\"keywords\":[\"Ashkenazi Jewish\",\"b1963\",\"Belarusian Jewish\",\"Bohemian Jewish\",\"Czech Jewish\",\"German Jewish\",\"Jewish\",\"Lithuanian Jewish\",\"Polish Jewish\"],\"articleSection\":[\"7 TV Personality\",\"A\"],\"inLanguage\":\"en-US\",\"potentialAction\":[{\"@type\":\"CommentAction\",\"name\":\"Comment\",\"target\":[\"https:\\\/\\\/ethnicelebs.com\\\/richard-appel#respond\"]}]},{\"@type\":\"WebPage\",\"@id\":\"https:\\\/\\\/ethnicelebs.com\\\/richard-appel\",\"url\":\"https:\\\/\\\/ethnicelebs.com\\\/richard-appel\",\"name\":\"Richard Appel - Ethnicity of Celebs | EthniCelebs.com\",\"isPartOf\":{\"@id\":\"https:\\\/\\\/ethnicelebs.com\\\/#website\"},\"primaryImageOfPage\":{\"@id\":\"https:\\\/\\\/ethnicelebs.com\\\/richard-appel#primaryimage\"},\"image\":{\"@id\":\"https:\\\/\\\/ethnicelebs.com\\\/richard-appel#primaryimage\"},\"thumbnailUrl\":\"https:\\\/\\\/ethnicelebs.com\\\/wp-content\\\/uploads\\\/2017\\\/05\\\/bigstock-LOS-ANGELES-SEP-Richard-Appel.jpg\",\"datePublished\":\"2017-05-30T06:38:59+00:00\",\"dateModified\":\"2023-08-19T21:53:06+00:00\",\"author\":{\"@id\":\"https:\\\/\\\/ethnicelebs.com\\\/#\\\/schema\\\/person\\\/f3d488d08a1769afd0724b2285647535\"},\"breadcrumb\":{\"@id\":\"https:\\\/\\\/ethnicelebs.com\\\/richard-appel#breadcrumb\"},\"inLanguage\":\"en-US\",\"potentialAction\":[{\"@type\":\"ReadAction\",\"target\":[\"https:\\\/\\\/ethnicelebs.com\\\/richard-appel\"]}]},{\"@type\":\"ImageObject\",\"inLanguage\":\"en-US\",\"@id\":\"https:\\\/\\\/ethnicelebs.com\\\/richard-appel#primaryimage\",\"url\":\"https:\\\/\\\/ethnicelebs.com\\\/wp-content\\\/uploads\\\/2017\\\/05\\\/bigstock-LOS-ANGELES-SEP-Richard-Appel.jpg\",\"contentUrl\":\"https:\\\/\\\/ethnicelebs.com\\\/wp-content\\\/uploads\\\/2017\\\/05\\\/bigstock-LOS-ANGELES-SEP-Richard-Appel.jpg\",\"width\":600,\"height\":900},{\"@type\":\"BreadcrumbList\",\"@id\":\"https:\\\/\\\/ethnicelebs.com\\\/richard-appel#breadcrumb\",\"itemListElement\":[{\"@type\":\"ListItem\",\"position\":1,\"name\":\"Home\",\"item\":\"https:\\\/\\\/ethnicelebs.com\\\/\"},{\"@type\":\"ListItem\",\"position\":2,\"name\":\"Richard Appel\"}]},{\"@type\":\"WebSite\",\"@id\":\"https:\\\/\\\/ethnicelebs.com\\\/#website\",\"url\":\"https:\\\/\\\/ethnicelebs.com\\\/\",\"name\":\"Ethnicity of Celebs | EthniCelebs.com\",\"description\":\"\",\"potentialAction\":[{\"@type\":\"SearchAction\",\"target\":{\"@type\":\"EntryPoint\",\"urlTemplate\":\"https:\\\/\\\/ethnicelebs.com\\\/?s={search_term_string}\"},\"query-input\":{\"@type\":\"PropertyValueSpecification\",\"valueRequired\":true,\"valueName\":\"search_term_string\"}}],\"inLanguage\":\"en-US\"},{\"@type\":\"Person\",\"@id\":\"https:\\\/\\\/ethnicelebs.com\\\/#\\\/schema\\\/person\\\/f3d488d08a1769afd0724b2285647535\",\"name\":\"stlucas\",\"image\":{\"@type\":\"ImageObject\",\"inLanguage\":\"en-US\",\"@id\":\"https:\\\/\\\/secure.gravatar.com\\\/avatar\\\/a9482eaf28ac858dbecf5bf91e57d274bd481c59db38d1ffc6fb695247c74ab1?s=96&d=wavatar&r=g\",\"url\":\"https:\\\/\\\/secure.gravatar.com\\\/avatar\\\/a9482eaf28ac858dbecf5bf91e57d274bd481c59db38d1ffc6fb695247c74ab1?s=96&d=wavatar&r=g\",\"contentUrl\":\"https:\\\/\\\/secure.gravatar.com\\\/avatar\\\/a9482eaf28ac858dbecf5bf91e57d274bd481c59db38d1ffc6fb695247c74ab1?s=96&d=wavatar&r=g\",\"caption\":\"stlucas\"},\"url\":\"https:\\\/\\\/ethnicelebs.com\\\/author\\\/stlucas\"}]}<\/script>\n<!-- \/ Yoast SEO plugin. -->","yoast_head_json":{"title":"Richard Appel - Ethnicity of Celebs | EthniCelebs.com","robots":{"index":"index","follow":"follow","max-snippet":"max-snippet:-1","max-image-preview":"max-image-preview:large","max-video-preview":"max-video-preview:-1"},"canonical":"https:\/\/ethnicelebs.com\/richard-appel","og_locale":"en_US","og_type":"article","og_title":"Richard Appel - Ethnicity of Celebs | EthniCelebs.com","og_description":"&#46;&#46;&#46;","og_url":"https:\/\/ethnicelebs.com\/richard-appel","og_site_name":"Ethnicity of Celebs | EthniCelebs.com","article_published_time":"2017-05-30T06:38:59+00:00","article_modified_time":"2023-08-19T21:53:06+00:00","og_image":[{"width":600,"height":900,"url":"https:\/\/ethnicelebs.com\/wp-content\/uploads\/2017\/05\/bigstock-LOS-ANGELES-SEP-Richard-Appel.jpg","type":"image\/jpeg"}],"author":"stlucas","twitter_card":"summary_large_image","twitter_misc":{"Written by":"stlucas","Est. reading time":"2 minutes"},"schema":{"@context":"https:\/\/schema.org","@graph":[{"@type":"Article","@id":"https:\/\/ethnicelebs.com\/richard-appel#article","isPartOf":{"@id":"https:\/\/ethnicelebs.com\/richard-appel"},"author":{"name":"stlucas","@id":"https:\/\/ethnicelebs.com\/#\/schema\/person\/f3d488d08a1769afd0724b2285647535"},"headline":"Richard Appel","datePublished":"2017-05-30T06:38:59+00:00","dateModified":"2023-08-19T21:53:06+00:00","mainEntityOfPage":{"@id":"https:\/\/ethnicelebs.com\/richard-appel"},"wordCount":367,"commentCount":0,"image":{"@id":"https:\/\/ethnicelebs.com\/richard-appel#primaryimage"},"thumbnailUrl":"https:\/\/ethnicelebs.com\/wp-content\/uploads\/2017\/05\/bigstock-LOS-ANGELES-SEP-Richard-Appel.jpg","keywords":["Ashkenazi Jewish","b1963","Belarusian Jewish","Bohemian Jewish","Czech Jewish","German Jewish","Jewish","Lithuanian Jewish","Polish Jewish"],"articleSection":["7 TV Personality","A"],"inLanguage":"en-US","potentialAction":[{"@type":"CommentAction","name":"Comment","target":["https:\/\/ethnicelebs.com\/richard-appel#respond"]}]},{"@type":"WebPage","@id":"https:\/\/ethnicelebs.com\/richard-appel","url":"https:\/\/ethnicelebs.com\/richard-appel","name":"Richard Appel - Ethnicity of Celebs | EthniCelebs.com","isPartOf":{"@id":"https:\/\/ethnicelebs.com\/#website"},"primaryImageOfPage":{"@id":"https:\/\/ethnicelebs.com\/richard-appel#primaryimage"},"image":{"@id":"https:\/\/ethnicelebs.com\/richard-appel#primaryimage"},"thumbnailUrl":"https:\/\/ethnicelebs.com\/wp-content\/uploads\/2017\/05\/bigstock-LOS-ANGELES-SEP-Richard-Appel.jpg","datePublished":"2017-05-30T06:38:59+00:00","dateModified":"2023-08-19T21:53:06+00:00","author":{"@id":"https:\/\/ethnicelebs.com\/#\/schema\/person\/f3d488d08a1769afd0724b2285647535"},"breadcrumb":{"@id":"https:\/\/ethnicelebs.com\/richard-appel#breadcrumb"},"inLanguage":"en-US","potentialAction":[{"@type":"ReadAction","target":["https:\/\/ethnicelebs.com\/richard-appel"]}]},{"@type":"ImageObject","inLanguage":"en-US","@id":"https:\/\/ethnicelebs.com\/richard-appel#primaryimage","url":"https:\/\/ethnicelebs.com\/wp-content\/uploads\/2017\/05\/bigstock-LOS-ANGELES-SEP-Richard-Appel.jpg","contentUrl":"https:\/\/ethnicelebs.com\/wp-content\/uploads\/2017\/05\/bigstock-LOS-ANGELES-SEP-Richard-Appel.jpg","width":600,"height":900},{"@type":"BreadcrumbList","@id":"https:\/\/ethnicelebs.com\/richard-appel#breadcrumb","itemListElement":[{"@type":"ListItem","position":1,"name":"Home","item":"https:\/\/ethnicelebs.com\/"},{"@type":"ListItem","position":2,"name":"Richard Appel"}]},{"@type":"WebSite","@id":"https:\/\/ethnicelebs.com\/#website","url":"https:\/\/ethnicelebs.com\/","name":"Ethnicity of Celebs | EthniCelebs.com","description":"","potentialAction":[{"@type":"SearchAction","target":{"@type":"EntryPoint","urlTemplate":"https:\/\/ethnicelebs.com\/?s={search_term_string}"},"query-input":{"@type":"PropertyValueSpecification","valueRequired":true,"valueName":"search_term_string"}}],"inLanguage":"en-US"},{"@type":"Person","@id":"https:\/\/ethnicelebs.com\/#\/schema\/person\/f3d488d08a1769afd0724b2285647535","name":"stlucas","image":{"@type":"ImageObject","inLanguage":"en-US","@id":"https:\/\/secure.gravatar.com\/avatar\/a9482eaf28ac858dbecf5bf91e57d274bd481c59db38d1ffc6fb695247c74ab1?s=96&d=wavatar&r=g","url":"https:\/\/secure.gravatar.com\/avatar\/a9482eaf28ac858dbecf5bf91e57d274bd481c59db38d1ffc6fb695247c74ab1?s=96&d=wavatar&r=g","contentUrl":"https:\/\/secure.gravatar.com\/avatar\/a9482eaf28ac858dbecf5bf91e57d274bd481c59db38d1ffc6fb695247c74ab1?s=96&d=wavatar&r=g","caption":"stlucas"},"url":"https:\/\/ethnicelebs.com\/author\/stlucas"}]}},"_links":{"self":[{"href":"https:\/\/ethnicelebs.com\/wp-json\/wp\/v2\/posts\/169630","targetHints":{"allow":["GET"]}}],"collection":[{"href":"https:\/\/ethnicelebs.com\/wp-json\/wp\/v2\/posts"}],"about":[{"href":"https:\/\/ethnicelebs.com\/wp-json\/wp\/v2\/types\/post"}],"author":[{"embeddable":true,"href":"https:\/\/ethnicelebs.com\/wp-json\/wp\/v2\/users\/6308"}],"replies":[{"embeddable":true,"href":"https:\/\/ethnicelebs.com\/wp-json\/wp\/v2\/comments?post=169630"}],"version-history":[{"count":8,"href":"https:\/\/ethnicelebs.com\/wp-json\/wp\/v2\/posts\/169630\/revisions"}],"predecessor-version":[{"id":326453,"href":"https:\/\/ethnicelebs.com\/wp-json\/wp\/v2\/posts\/169630\/revisions\/326453"}],"wp:featuredmedia":[{"embeddable":true,"href":"https:\/\/ethnicelebs.com\/wp-json\/wp\/v2\/media\/169652"}],"wp:attachment":[{"href":"https:\/\/ethnicelebs.com\/wp-json\/wp\/v2\/media?parent=169630"}],"wp:term":[{"taxonomy":"category","embeddable":true,"href":"https:\/\/ethnicelebs.com\/wp-json\/wp\/v2\/categories?post=169630"},{"taxonomy":"post_tag","embeddable":true,"href":"https:\/\/ethnicelebs.com\/wp-json\/wp\/v2\/tags?post=169630"}],"curies":[{"name":"wp","href":"https:\/\/api.w.org\/{rel}","templated":true}]}}