{"id":153023,"date":"2017-01-14T21:41:32","date_gmt":"2017-01-15T05:41:32","guid":{"rendered":"http:\/\/ethnicelebs.com\/?p=153023"},"modified":"2024-01-13T12:06:32","modified_gmt":"2024-01-13T20:06:32","slug":"carminho","status":"publish","type":"post","link":"https:\/\/ethnicelebs.com\/carminho","title":{"rendered":"Carminho"},"content":{"rendered":"<div id=\"attachment_216903\" style=\"width: 410px\" class=\"wp-caption alignnone\"><img loading=\"lazy\" decoding=\"async\" aria-describedby=\"caption-attachment-216903\" class=\"alignnone size-full wp-image-153046\" src=\"http:\/\/ethnicelebs.com\/wp-content\/uploads\/2017\/01\/RML-022603-Carminho.jpg\" alt=\"\" width=\"391\" height=\"577\" \/><p id=\"caption-attachment-216903\" class=\"wp-caption-text\">photo by Prphotos.com<\/p><\/div>\n<p>Birth Name: Maria do Carmo Carvalho Rebelo de Andrade<\/p>\n<p>Place of Birth: Lisbon, Portugal<!---read--><\/p>\n<p>Date of Birth: 20 August, 1984<\/p>\n<p><strong>Ethnicity: Portuguese, along with small\/distant amounts of Italian, French, German, English, and possibly Irish<\/strong><\/p>\n<p>Carminho is a Portuguese popular fado singer. She was born in Lisbon, Portugal, the daughter of Maria Teresa da C\u00e2mara de Siqueira Archer de Carvalho and Nuno Maria Bello Rebelo de Andrade. Her brother is Francisco Andrade.<\/p>\n<p>Carminho&#8217;s paternal grandfather was named In\u00e1cio Maria Vecchi Rebelo de Andrade. He had Portuguese, Italian, and French ancestry. His ancestors Felice (F\u00e9lix) Vecchi (born c. 1820) and Claude de La Roquette (born c. 1619)\u00a0hailed from\u00a0Modena, Emilia-Romagna, Italy, and Paris, France, respectively.<\/p>\n<p>Carminho&#8217;s paternal grandmother was named Constan\u00e7a Maria Ravara Belo. Constan\u00e7a had Portuguese ancestry.<\/p>\n<p>Carminho&#8217;s maternal grandfather was named Nuno Alexandre Cabral Archer de Carvalho. He had Portuguese, German, Irish, Dutch, and English ancestry. His ancestor Marcos Ant\u00f3nio Archer was born, c. 1721, to Diogo Archer (who was from Kilkenny, Ireland) and Maria Sofia Moring Whittingham. Maria Sofia&#8217;s father, Johann M\u00f6eringk, was from Gelderland, the Netherlands, and her mother, Doroteia In\u00e1cia Whittingham, was born in Portugal, to an English father, Henry Whittingham, and a Portuguese-English mother, Doroteia Maynard da Silva. Marcos Ant\u00f3nio&#8217;s wife, Norberta Maria Amsinck, had German ancestry through her own father, Willelm Amsinck, who was from Hamburg, Germany.<\/p>\n<p>Carminho&#8217;s maternal grandmother was named Maria Teresa do Sagrado Cora\u00e7\u00e3o de Figueiredo Cabral da C\u00e2mara de Siqueira. She had Portuguese ancestry.<\/p>\n<p>Carminho&#8217;s parents are pictured <a href=\"http:\/\/www.iol.pt\/multimedia\/oratvi\/multimedia\/imagem\/id\/13587174\/800\">here<\/a>.<\/p>\n<p><strong>Source:<\/strong>\u00a0Genealogy of Carminho &#8211; <a href=\"http:\/\/geneall.net\/pt\/nome\/438939\/carminho\/\">http:\/\/geneall.net<\/a><\/p>\n","protected":false},"excerpt":{"rendered":"<p>&#46;&#46;&#46;<\/p>\n","protected":false},"author":6308,"featured_media":153046,"comment_status":"open","ping_status":"open","sticky":false,"template":"","format":"standard","meta":{"_exactmetrics_skip_tracking":false,"_exactmetrics_sitenote_active":false,"_exactmetrics_sitenote_note":"","_exactmetrics_sitenote_category":0,"footnotes":""},"categories":[1435,9],"tags":[3597,690,716,686,687,665,706],"class_list":["post-153023","post","type-post","status-publish","format-standard","has-post-thumbnail","hentry","category-4-musician","category-c-celebs","tag-b1984","tag-english","tag-french","tag-german","tag-irish","tag-italian","tag-portuguese"],"yoast_head":"<!-- This site is optimized with the Yoast SEO plugin v27.4 - https:\/\/yoast.com\/product\/yoast-seo-wordpress\/ -->\n<title>Carminho - Ethnicity of Celebs | EthniCelebs.com<\/title>\n<meta name=\"robots\" content=\"index, follow, max-snippet:-1, max-image-preview:large, max-video-preview:-1\" \/>\n<link rel=\"canonical\" href=\"https:\/\/ethnicelebs.com\/carminho\" \/>\n<meta property=\"og:locale\" content=\"en_US\" \/>\n<meta property=\"og:type\" content=\"article\" \/>\n<meta property=\"og:title\" content=\"Carminho - Ethnicity of Celebs | EthniCelebs.com\" \/>\n<meta property=\"og:description\" content=\"&#046;&#046;&#046;\" \/>\n<meta property=\"og:url\" content=\"https:\/\/ethnicelebs.com\/carminho\" \/>\n<meta property=\"og:site_name\" content=\"Ethnicity of Celebs | EthniCelebs.com\" \/>\n<meta property=\"article:published_time\" content=\"2017-01-15T05:41:32+00:00\" \/>\n<meta property=\"article:modified_time\" content=\"2024-01-13T20:06:32+00:00\" \/>\n<meta property=\"og:image\" content=\"https:\/\/ethnicelebs.com\/wp-content\/uploads\/2017\/01\/RML-022603-Carminho.jpg\" \/>\n\t<meta property=\"og:image:width\" content=\"391\" \/>\n\t<meta property=\"og:image:height\" content=\"577\" \/>\n\t<meta property=\"og:image:type\" content=\"image\/jpeg\" \/>\n<meta name=\"author\" content=\"stlucas\" \/>\n<meta name=\"twitter:card\" content=\"summary_large_image\" \/>\n<meta name=\"twitter:label1\" content=\"Written by\" \/>\n\t<meta name=\"twitter:data1\" content=\"stlucas\" \/>\n\t<meta name=\"twitter:label2\" content=\"Est. reading time\" \/>\n\t<meta name=\"twitter:data2\" content=\"1 minute\" \/>\n<script type=\"application\/ld+json\" class=\"yoast-schema-graph\">{\"@context\":\"https:\\\/\\\/schema.org\",\"@graph\":[{\"@type\":\"Article\",\"@id\":\"https:\\\/\\\/ethnicelebs.com\\\/carminho#article\",\"isPartOf\":{\"@id\":\"https:\\\/\\\/ethnicelebs.com\\\/carminho\"},\"author\":{\"name\":\"stlucas\",\"@id\":\"https:\\\/\\\/ethnicelebs.com\\\/#\\\/schema\\\/person\\\/f3d488d08a1769afd0724b2285647535\"},\"headline\":\"Carminho\",\"datePublished\":\"2017-01-15T05:41:32+00:00\",\"dateModified\":\"2024-01-13T20:06:32+00:00\",\"mainEntityOfPage\":{\"@id\":\"https:\\\/\\\/ethnicelebs.com\\\/carminho\"},\"wordCount\":276,\"commentCount\":0,\"image\":{\"@id\":\"https:\\\/\\\/ethnicelebs.com\\\/carminho#primaryimage\"},\"thumbnailUrl\":\"https:\\\/\\\/ethnicelebs.com\\\/wp-content\\\/uploads\\\/2017\\\/01\\\/RML-022603-Carminho.jpg\",\"keywords\":[\"b1984\",\"English\",\"French\",\"German\",\"Irish\",\"Italian\",\"Portuguese\"],\"articleSection\":[\"4 Musician\",\"C\"],\"inLanguage\":\"en-US\",\"potentialAction\":[{\"@type\":\"CommentAction\",\"name\":\"Comment\",\"target\":[\"https:\\\/\\\/ethnicelebs.com\\\/carminho#respond\"]}]},{\"@type\":\"WebPage\",\"@id\":\"https:\\\/\\\/ethnicelebs.com\\\/carminho\",\"url\":\"https:\\\/\\\/ethnicelebs.com\\\/carminho\",\"name\":\"Carminho - Ethnicity of Celebs | EthniCelebs.com\",\"isPartOf\":{\"@id\":\"https:\\\/\\\/ethnicelebs.com\\\/#website\"},\"primaryImageOfPage\":{\"@id\":\"https:\\\/\\\/ethnicelebs.com\\\/carminho#primaryimage\"},\"image\":{\"@id\":\"https:\\\/\\\/ethnicelebs.com\\\/carminho#primaryimage\"},\"thumbnailUrl\":\"https:\\\/\\\/ethnicelebs.com\\\/wp-content\\\/uploads\\\/2017\\\/01\\\/RML-022603-Carminho.jpg\",\"datePublished\":\"2017-01-15T05:41:32+00:00\",\"dateModified\":\"2024-01-13T20:06:32+00:00\",\"author\":{\"@id\":\"https:\\\/\\\/ethnicelebs.com\\\/#\\\/schema\\\/person\\\/f3d488d08a1769afd0724b2285647535\"},\"breadcrumb\":{\"@id\":\"https:\\\/\\\/ethnicelebs.com\\\/carminho#breadcrumb\"},\"inLanguage\":\"en-US\",\"potentialAction\":[{\"@type\":\"ReadAction\",\"target\":[\"https:\\\/\\\/ethnicelebs.com\\\/carminho\"]}]},{\"@type\":\"ImageObject\",\"inLanguage\":\"en-US\",\"@id\":\"https:\\\/\\\/ethnicelebs.com\\\/carminho#primaryimage\",\"url\":\"https:\\\/\\\/ethnicelebs.com\\\/wp-content\\\/uploads\\\/2017\\\/01\\\/RML-022603-Carminho.jpg\",\"contentUrl\":\"https:\\\/\\\/ethnicelebs.com\\\/wp-content\\\/uploads\\\/2017\\\/01\\\/RML-022603-Carminho.jpg\",\"width\":391,\"height\":577},{\"@type\":\"BreadcrumbList\",\"@id\":\"https:\\\/\\\/ethnicelebs.com\\\/carminho#breadcrumb\",\"itemListElement\":[{\"@type\":\"ListItem\",\"position\":1,\"name\":\"Home\",\"item\":\"https:\\\/\\\/ethnicelebs.com\\\/\"},{\"@type\":\"ListItem\",\"position\":2,\"name\":\"Carminho\"}]},{\"@type\":\"WebSite\",\"@id\":\"https:\\\/\\\/ethnicelebs.com\\\/#website\",\"url\":\"https:\\\/\\\/ethnicelebs.com\\\/\",\"name\":\"Ethnicity of Celebs | EthniCelebs.com\",\"description\":\"\",\"potentialAction\":[{\"@type\":\"SearchAction\",\"target\":{\"@type\":\"EntryPoint\",\"urlTemplate\":\"https:\\\/\\\/ethnicelebs.com\\\/?s={search_term_string}\"},\"query-input\":{\"@type\":\"PropertyValueSpecification\",\"valueRequired\":true,\"valueName\":\"search_term_string\"}}],\"inLanguage\":\"en-US\"},{\"@type\":\"Person\",\"@id\":\"https:\\\/\\\/ethnicelebs.com\\\/#\\\/schema\\\/person\\\/f3d488d08a1769afd0724b2285647535\",\"name\":\"stlucas\",\"image\":{\"@type\":\"ImageObject\",\"inLanguage\":\"en-US\",\"@id\":\"https:\\\/\\\/secure.gravatar.com\\\/avatar\\\/a9482eaf28ac858dbecf5bf91e57d274bd481c59db38d1ffc6fb695247c74ab1?s=96&d=wavatar&r=g\",\"url\":\"https:\\\/\\\/secure.gravatar.com\\\/avatar\\\/a9482eaf28ac858dbecf5bf91e57d274bd481c59db38d1ffc6fb695247c74ab1?s=96&d=wavatar&r=g\",\"contentUrl\":\"https:\\\/\\\/secure.gravatar.com\\\/avatar\\\/a9482eaf28ac858dbecf5bf91e57d274bd481c59db38d1ffc6fb695247c74ab1?s=96&d=wavatar&r=g\",\"caption\":\"stlucas\"},\"url\":\"https:\\\/\\\/ethnicelebs.com\\\/author\\\/stlucas\"}]}<\/script>\n<!-- \/ Yoast SEO plugin. -->","yoast_head_json":{"title":"Carminho - Ethnicity of Celebs | EthniCelebs.com","robots":{"index":"index","follow":"follow","max-snippet":"max-snippet:-1","max-image-preview":"max-image-preview:large","max-video-preview":"max-video-preview:-1"},"canonical":"https:\/\/ethnicelebs.com\/carminho","og_locale":"en_US","og_type":"article","og_title":"Carminho - Ethnicity of Celebs | EthniCelebs.com","og_description":"&#46;&#46;&#46;","og_url":"https:\/\/ethnicelebs.com\/carminho","og_site_name":"Ethnicity of Celebs | EthniCelebs.com","article_published_time":"2017-01-15T05:41:32+00:00","article_modified_time":"2024-01-13T20:06:32+00:00","og_image":[{"width":391,"height":577,"url":"https:\/\/ethnicelebs.com\/wp-content\/uploads\/2017\/01\/RML-022603-Carminho.jpg","type":"image\/jpeg"}],"author":"stlucas","twitter_card":"summary_large_image","twitter_misc":{"Written by":"stlucas","Est. reading time":"1 minute"},"schema":{"@context":"https:\/\/schema.org","@graph":[{"@type":"Article","@id":"https:\/\/ethnicelebs.com\/carminho#article","isPartOf":{"@id":"https:\/\/ethnicelebs.com\/carminho"},"author":{"name":"stlucas","@id":"https:\/\/ethnicelebs.com\/#\/schema\/person\/f3d488d08a1769afd0724b2285647535"},"headline":"Carminho","datePublished":"2017-01-15T05:41:32+00:00","dateModified":"2024-01-13T20:06:32+00:00","mainEntityOfPage":{"@id":"https:\/\/ethnicelebs.com\/carminho"},"wordCount":276,"commentCount":0,"image":{"@id":"https:\/\/ethnicelebs.com\/carminho#primaryimage"},"thumbnailUrl":"https:\/\/ethnicelebs.com\/wp-content\/uploads\/2017\/01\/RML-022603-Carminho.jpg","keywords":["b1984","English","French","German","Irish","Italian","Portuguese"],"articleSection":["4 Musician","C"],"inLanguage":"en-US","potentialAction":[{"@type":"CommentAction","name":"Comment","target":["https:\/\/ethnicelebs.com\/carminho#respond"]}]},{"@type":"WebPage","@id":"https:\/\/ethnicelebs.com\/carminho","url":"https:\/\/ethnicelebs.com\/carminho","name":"Carminho - Ethnicity of Celebs | EthniCelebs.com","isPartOf":{"@id":"https:\/\/ethnicelebs.com\/#website"},"primaryImageOfPage":{"@id":"https:\/\/ethnicelebs.com\/carminho#primaryimage"},"image":{"@id":"https:\/\/ethnicelebs.com\/carminho#primaryimage"},"thumbnailUrl":"https:\/\/ethnicelebs.com\/wp-content\/uploads\/2017\/01\/RML-022603-Carminho.jpg","datePublished":"2017-01-15T05:41:32+00:00","dateModified":"2024-01-13T20:06:32+00:00","author":{"@id":"https:\/\/ethnicelebs.com\/#\/schema\/person\/f3d488d08a1769afd0724b2285647535"},"breadcrumb":{"@id":"https:\/\/ethnicelebs.com\/carminho#breadcrumb"},"inLanguage":"en-US","potentialAction":[{"@type":"ReadAction","target":["https:\/\/ethnicelebs.com\/carminho"]}]},{"@type":"ImageObject","inLanguage":"en-US","@id":"https:\/\/ethnicelebs.com\/carminho#primaryimage","url":"https:\/\/ethnicelebs.com\/wp-content\/uploads\/2017\/01\/RML-022603-Carminho.jpg","contentUrl":"https:\/\/ethnicelebs.com\/wp-content\/uploads\/2017\/01\/RML-022603-Carminho.jpg","width":391,"height":577},{"@type":"BreadcrumbList","@id":"https:\/\/ethnicelebs.com\/carminho#breadcrumb","itemListElement":[{"@type":"ListItem","position":1,"name":"Home","item":"https:\/\/ethnicelebs.com\/"},{"@type":"ListItem","position":2,"name":"Carminho"}]},{"@type":"WebSite","@id":"https:\/\/ethnicelebs.com\/#website","url":"https:\/\/ethnicelebs.com\/","name":"Ethnicity of Celebs | EthniCelebs.com","description":"","potentialAction":[{"@type":"SearchAction","target":{"@type":"EntryPoint","urlTemplate":"https:\/\/ethnicelebs.com\/?s={search_term_string}"},"query-input":{"@type":"PropertyValueSpecification","valueRequired":true,"valueName":"search_term_string"}}],"inLanguage":"en-US"},{"@type":"Person","@id":"https:\/\/ethnicelebs.com\/#\/schema\/person\/f3d488d08a1769afd0724b2285647535","name":"stlucas","image":{"@type":"ImageObject","inLanguage":"en-US","@id":"https:\/\/secure.gravatar.com\/avatar\/a9482eaf28ac858dbecf5bf91e57d274bd481c59db38d1ffc6fb695247c74ab1?s=96&d=wavatar&r=g","url":"https:\/\/secure.gravatar.com\/avatar\/a9482eaf28ac858dbecf5bf91e57d274bd481c59db38d1ffc6fb695247c74ab1?s=96&d=wavatar&r=g","contentUrl":"https:\/\/secure.gravatar.com\/avatar\/a9482eaf28ac858dbecf5bf91e57d274bd481c59db38d1ffc6fb695247c74ab1?s=96&d=wavatar&r=g","caption":"stlucas"},"url":"https:\/\/ethnicelebs.com\/author\/stlucas"}]}},"_links":{"self":[{"href":"https:\/\/ethnicelebs.com\/wp-json\/wp\/v2\/posts\/153023","targetHints":{"allow":["GET"]}}],"collection":[{"href":"https:\/\/ethnicelebs.com\/wp-json\/wp\/v2\/posts"}],"about":[{"href":"https:\/\/ethnicelebs.com\/wp-json\/wp\/v2\/types\/post"}],"author":[{"embeddable":true,"href":"https:\/\/ethnicelebs.com\/wp-json\/wp\/v2\/users\/6308"}],"replies":[{"embeddable":true,"href":"https:\/\/ethnicelebs.com\/wp-json\/wp\/v2\/comments?post=153023"}],"version-history":[{"count":2,"href":"https:\/\/ethnicelebs.com\/wp-json\/wp\/v2\/posts\/153023\/revisions"}],"predecessor-version":[{"id":335027,"href":"https:\/\/ethnicelebs.com\/wp-json\/wp\/v2\/posts\/153023\/revisions\/335027"}],"wp:featuredmedia":[{"embeddable":true,"href":"https:\/\/ethnicelebs.com\/wp-json\/wp\/v2\/media\/153046"}],"wp:attachment":[{"href":"https:\/\/ethnicelebs.com\/wp-json\/wp\/v2\/media?parent=153023"}],"wp:term":[{"taxonomy":"category","embeddable":true,"href":"https:\/\/ethnicelebs.com\/wp-json\/wp\/v2\/categories?post=153023"},{"taxonomy":"post_tag","embeddable":true,"href":"https:\/\/ethnicelebs.com\/wp-json\/wp\/v2\/tags?post=153023"}],"curies":[{"name":"wp","href":"https:\/\/api.w.org\/{rel}","templated":true}]}}