{"id":139163,"date":"2016-09-05T00:51:31","date_gmt":"2016-09-05T07:51:31","guid":{"rendered":"http:\/\/ethnicelebs.com\/?p=139163"},"modified":"2023-08-10T23:51:32","modified_gmt":"2023-08-11T06:51:32","slug":"sofia-reyes","status":"publish","type":"post","link":"https:\/\/ethnicelebs.com\/sofia-reyes","title":{"rendered":"Sof\u00eda Reyes"},"content":{"rendered":"<div id=\"attachment_216903\" style=\"width: 410px\" class=\"wp-caption alignnone\"><img loading=\"lazy\" decoding=\"async\" aria-describedby=\"caption-attachment-216903\" class=\"alignnone size-medium wp-image-139391\" src=\"http:\/\/ethnicelebs.com\/wp-content\/uploads\/2016\/09\/DGG-056437-Sofia-Reyes-400x583.jpg\" alt=\"&quot;The Legend Of Tarzan&quot; Los Angeles Premiere - Arrivals\" width=\"400\" height=\"583\" srcset=\"https:\/\/ethnicelebs.com\/wp-content\/uploads\/2016\/09\/DGG-056437-Sofia-Reyes-400x583.jpg 400w, https:\/\/ethnicelebs.com\/wp-content\/uploads\/2016\/09\/DGG-056437-Sofia-Reyes.jpg 686w\" sizes=\"auto, (max-width: 400px) 100vw, 400px\" \/><p id=\"caption-attachment-216903\" class=\"wp-caption-text\">Reyes in 2016, photo by Prphotos<\/p><\/div>\n<p>Birth Name: \u00darsula Sof\u00eda Reyes Pi\u00f1eyro<\/p>\n<p>Place of Birth: Monterrey, Nuevo Le\u00f3n, M\u00e9xico<\/p>\n<p>Date of Birth: 25 September, 1995<\/p>\n<p><strong>Ethnicity: Mexican &#8211; including Spanish [Andalusian, Asturian, Canary Islander, Cantabrian, Castilian, Extremaduran], Basque, Galician, Indigenous, as well as small amounts of Dutch, English, French, German, Portuguese, Scottish, Swiss-German, distant Cornish and Welsh, remote Irish and Italian<\/strong><\/p>\n<p>Sof\u00eda Reyes is a Mexican pop singer and songwriter. She is known for her songs &#8220;1, 2, 3&#8221; and &#8220;R.I.P.&#8221;<\/p>\n<p>She is the daughter of plastic surgeon Hern\u00e1n Gabriel Reyes Cant\u00fa and dermatologist Mar\u00eda \u00darsula Pi\u00f1eyro Garza.<\/p>\n<p>Sof\u00eda&#8217;s paternal grandfather was surnamed Reyes.<\/p>\n<p>Sof\u00eda&#8217;s paternal grandmother was surnamed Cant\u00fa.<\/p>\n<p>Sof\u00eda&#8217;s maternal grandfather was Alfredo Pi\u00f1eyro L\u00f3pez (the son of Alfredo Pi\u00f1eyro Washington and Mar\u00eda de Jes\u00fas L\u00f3pez Guti\u00e9rrez). Sof\u00eda&#8217;s grandfather Alfredo, who was born in An\u00e1huac, Nuevo Le\u00f3n, was a medical professor. Sof\u00eda&#8217;s great-grandfather Alfredo was the son of Alfredo Pi\u00f1eyro Pecero and Everarda Washington Pati\u00f1o, whose own paternal grandfather, Thornton Augustine Washington, was American, from Berry Hill (now Cedar Lawn), Charles Town, Virginia (now West Virginia). One of Thornton&#8217;s paternal great-grandfathers, Samuel Washington, was a colonial American officer, whose own older brother, <a href=\"http:\/\/ethnicelebs.com\/george-washington\">George Washington<\/a>, was the 1st President of the United States. Sof\u00eda&#8217;s great-grandmother Mar\u00eda was the daughter of Jos\u00e9 de Jes\u00fas Mar\u00eda L\u00f3pez L\u00f3pez and Mar\u00eda Guti\u00e9rrez P\u00e9rez.<\/p>\n<p>Sof\u00eda&#8217;s maternal grandmother is Ofelia Garza Sep\u00falveda (the daughter of Leopoldo Garza Ondarza and Mar\u00eda Ofelia Sep\u00falveda Trevi\u00f1o). A picture of Leopoldo can be seen <a href=\"http:\/\/www.medicina.uanl.mx\/salamuseo\/?page_id=281\">here<\/a>. Leopoldo was a health director, and was the son of Santiago Garza Padilla and Mar\u00eda Josefa Ondarza Garza. Sofia&#8217;s great-grandmother Ofelia was the daughter of Luis Sep\u00falveda Gonz\u00e1lez and Mar\u00eda Juana de los Dolores Trevi\u00f1o Flores.<\/p>\n<p>Sof\u00eda&#8217;s maternal line can be traced back to her sixteenth great-grandmother, Mar\u00eda Luc\u00eda Dom\u00ednguez.<\/p>\n<p><strong>Sources:<\/strong> Court record of Sof\u00eda&#8217;s mother &#8211; <a href=\"http:\/\/portal.monterrey.gob.mx\/pdf\/actas\/2013\/acta43.pdf\">http:\/\/portal.monterrey.gob.mx<\/a><\/p>\n<p>Article about Sof\u00eda&#8217;s mother &#8211; <a href=\"https:\/\/norte-monterrey.vlex.com.mx\/vid\/medicina-genes-502744922\">https:\/\/norte-monterrey.vlex.com.mx<\/a><\/p>\n<p>Biography of Sof\u00eda&#8217;s maternal grandfather, Alfredo Pi\u00f1eyro L\u00f3pez &#8211; <a href=\"http:\/\/www.elsevier.es\/en-revista-medicina-universitaria-304-articulo-in-memoriam-dr-alfredo-pineyro-X1665579613496164?referer=coleccion\">http:\/\/www.elsevier.es<\/a><\/p>\n<p>Birth record of Sof\u00eda&#8217;s maternal great-grandfather, Alfredo Pi\u00f1eyro Washington &#8211; <a href=\"https:\/\/www.familysearch.org\/ark:\/61903\/3:1:33SQ-G5G7-TQ9\">https:\/\/www.familysearch.org<\/a><\/p>\n<p>Marriage record of Sof\u00eda&#8217;s maternal great-great-grandparents, Alfredo Pi\u00f1eyro Pecero and Everarda Washington Pati\u00f1o &#8211; <a href=\"https:\/\/www.familysearch.org\/ark:\/61903\/3:1:33SQ-G5G1-9G6\">https:\/\/www.familysearch.org<\/a><\/p>\n<p>Birth record of Sof\u00eda&#8217;s maternal great-great-grandmother, Everarda Washington Pati\u00f1o &#8211; <a href=\"https:\/\/www.familysearch.org\/ark:\/61903\/3:1:33S7-95PQ-9LRB\">https:\/\/www.familysearch.org<\/a><\/p>\n<p>Immigration record of Sof\u00eda&#8217;s maternal great-grandmother, Mar\u00eda de Jes\u00fas (L\u00f3pez Guti\u00e9rrez) de Pi\u00f1eyro &#8211; <a href=\"https:\/\/www.familysearch.org\/ark:\/61903\/3:1:3Q9M-C9BY-QGB2\">https:\/\/www.familysearch.org<\/a><\/p>\n<p>Marriage record of Sof\u00eda&#8217;s maternal great-great-grandparents, Jos\u00e9 de Jes\u00fas Mar\u00eda L\u00f3pez L\u00f3pez and Mar\u00eda Guti\u00e9rrez P\u00e9rez &#8211; <a href=\"https:\/\/www.familysearch.org\/ark:\/61903\/3:1:33SQ-G5GF-95VL\">https:\/\/www.familysearch.org<\/a><\/p>\n<p>Birth record of Sof\u00eda&#8217;s maternal great-great-grandfather, Jos\u00e9 de Jes\u00fas Mar\u00eda L\u00f3pez L\u00f3pez &#8211; <a href=\"https:\/\/www.familysearch.org\/ark:\/61903\/3:1:33S7-95GT-XF2\">https:\/\/www.familysearch.org<\/a><\/p>\n<p>Baptismal record of Sof\u00eda&#8217;s maternal great-great-grandmother, Mar\u00eda Guti\u00e9rrez P\u00e9rez &#8211; <a href=\"https:\/\/www.familysearch.org\/ark:\/61903\/3:1:33S7-9557-QFT\">https:\/\/www.familysearch.org<\/a><\/p>\n<p>Birth record of Sof\u00eda&#8217;s maternal great-grandfather, Leopoldo Garza Ondarza &#8211; <a href=\"https:\/\/www.familysearch.org\/ark:\/61903\/3:1:33S7-9557-QFT\">https:\/\/www.familysearch.org<\/a><\/p>\n<p>Immigration record of Sof\u00eda&#8217;s maternal great-grandfather, Leopoldo Garza Ondarza &#8211; <a href=\"https:\/\/www.familysearch.org\/ark:\/61903\/3:1:3QSQ-G9LH-Y4CW\">https:\/\/www.familysearch.org<\/a><\/p>\n<p>Marriage records of Sof\u00eda&#8217;s maternal great-great-grandparents, Santiago Garza Padilla and Mar\u00eda Josefa Ondarza Garza &#8211; <a href=\"https:\/\/www.familysearch.org\/ark:\/61903\/3:1:3QSQ-G9L6-32KV\">https:\/\/www.familysearch.org<\/a> (civil copy)<br \/>\n<a href=\"https:\/\/www.familysearch.org\/ark:\/61903\/3:1:S3HT-62X3-LKR\">https:\/\/www.familysearch.org<\/a> (church copy)<\/p>\n<p>Birth record of Sof\u00eda&#8217;s maternal great-great-grandmother, Mar\u00eda Josefa Ondarza Garza &#8211; <a href=\"https:\/\/www.familysearch.org\/ark:\/61903\/3:1:33S7-95T7-4HD\">https:\/\/www.familysearch.org<\/a><\/p>\n<p>Birth record of Sof\u00eda&#8217;s maternal great-grandmother, Mar\u00eda Ofelia Sep\u00falveda Trevi\u00f1o &#8211; <a href=\"https:\/\/www.familysearch.org\/ark:\/61903\/3:1:33SQ-G5T8-SXB6\">https:\/\/www.familysearch.org<\/a><\/p>\n<p>Immigration record of Sof\u00eda&#8217;s maternal great-grandmother, Mar\u00eda Ofelia (Sep\u00falveda Trevi\u00f1o) de Garza &#8211; <a href=\"https:\/\/www.familysearch.org\/ark:\/61903\/3:1:3QSQ-G9LH-Y4CW\">https:\/\/www.familysearch.org<\/a><\/p>\n<p>Marriage record of Sof\u00eda&#8217;s maternal great-great-grandparents, Luis Sep\u00falveda Gonz\u00e1lez and Mar\u00eda Juana de los Dolores Trevi\u00f1o Flores &#8211; <a href=\"https:\/\/www.familysearch.org\/ark:\/61903\/3:1:S3HY-65M3-5QT\">https:\/\/www.familysearch.org<\/a><\/p>\n<p>Baptismal record of Sof\u00eda&#8217;s maternal great-great-grandfather, Luis Sep\u00falveda Gonz\u00e1lez &#8211; <a href=\"https:\/\/www.familysearch.org\/ark:\/61903\/3:1:S3HY-65M3-5QT\">https:\/\/www.familysearch.org<\/a><\/p>\n<p>Baptismal record of Sof\u00eda&#8217;s maternal great-great-grandmother, Mar\u00eda Juana de los Dolores Trevi\u00f1o Flores &#8211; <a href=\"https:\/\/www.familysearch.org\/ark:\/61903\/3:1:S3HY-65M3-5ZR\">https:\/\/www.familysearch.org<\/a><\/p>\n","protected":false},"excerpt":{"rendered":"<p>&#46;&#46;&#46;<\/p>\n","protected":false},"author":17930,"featured_media":139391,"comment_status":"open","ping_status":"open","sticky":false,"template":"","format":"standard","meta":{"_exactmetrics_skip_tracking":false,"_exactmetrics_sitenote_active":false,"_exactmetrics_sitenote_note":"","_exactmetrics_sitenote_category":0,"footnotes":""},"categories":[1434,1435,62],"tags":[1811,1824,3635,846,2057,1925,801,1189,691,690,1888,716,869,686,1205,1264,687,665,688,706,677,756,1171,768,1086,788],"class_list":["post-139163","post","type-post","status-publish","format-standard","has-post-thumbnail","hentry","category-actoractress","category-4-musician","category-r-celebs","tag-andalusian","tag-asturian","tag-b1995","tag-basque","tag-canary-islander","tag-cantabrian","tag-castilian","tag-cornish","tag-dutch","tag-english","tag-extremaduran","tag-french","tag-galician","tag-german","tag-indigenous","tag-indigenous-mexican","tag-irish","tag-italian","tag-mexican","tag-portuguese","tag-scottish","tag-spanish","tag-spanish-mexican","tag-swiss","tag-swiss-german","tag-welsh"],"yoast_head":"<!-- This site is optimized with the Yoast SEO plugin v27.4 - https:\/\/yoast.com\/product\/yoast-seo-wordpress\/ -->\n<title>Sof\u00eda Reyes - Ethnicity of Celebs | EthniCelebs.com<\/title>\n<meta name=\"robots\" content=\"index, follow, max-snippet:-1, max-image-preview:large, max-video-preview:-1\" \/>\n<link rel=\"canonical\" href=\"https:\/\/ethnicelebs.com\/sofia-reyes\" \/>\n<meta property=\"og:locale\" content=\"en_US\" \/>\n<meta property=\"og:type\" content=\"article\" \/>\n<meta property=\"og:title\" content=\"Sof\u00eda Reyes - Ethnicity of Celebs | EthniCelebs.com\" \/>\n<meta property=\"og:description\" content=\"&#046;&#046;&#046;\" \/>\n<meta property=\"og:url\" content=\"https:\/\/ethnicelebs.com\/sofia-reyes\" \/>\n<meta property=\"og:site_name\" content=\"Ethnicity of Celebs | EthniCelebs.com\" \/>\n<meta property=\"article:published_time\" content=\"2016-09-05T07:51:31+00:00\" \/>\n<meta property=\"article:modified_time\" content=\"2023-08-11T06:51:32+00:00\" \/>\n<meta property=\"og:image\" content=\"https:\/\/ethnicelebs.com\/wp-content\/uploads\/2016\/09\/DGG-056437-Sofia-Reyes.jpg\" \/>\n\t<meta property=\"og:image:width\" content=\"686\" \/>\n\t<meta property=\"og:image:height\" content=\"1000\" \/>\n\t<meta property=\"og:image:type\" content=\"image\/jpeg\" \/>\n<meta name=\"author\" content=\"wanderer\" \/>\n<meta name=\"twitter:card\" content=\"summary_large_image\" \/>\n<meta name=\"twitter:label1\" content=\"Written by\" \/>\n\t<meta name=\"twitter:data1\" content=\"wanderer\" \/>\n\t<meta name=\"twitter:label2\" content=\"Est. reading time\" \/>\n\t<meta name=\"twitter:data2\" content=\"4 minutes\" \/>\n<script type=\"application\/ld+json\" class=\"yoast-schema-graph\">{\"@context\":\"https:\\\/\\\/schema.org\",\"@graph\":[{\"@type\":\"Article\",\"@id\":\"https:\\\/\\\/ethnicelebs.com\\\/sofia-reyes#article\",\"isPartOf\":{\"@id\":\"https:\\\/\\\/ethnicelebs.com\\\/sofia-reyes\"},\"author\":{\"name\":\"wanderer\",\"@id\":\"https:\\\/\\\/ethnicelebs.com\\\/#\\\/schema\\\/person\\\/7771decfc7f6af6c84d56f89954db367\"},\"headline\":\"Sof\u00eda Reyes\",\"datePublished\":\"2016-09-05T07:51:31+00:00\",\"dateModified\":\"2023-08-11T06:51:32+00:00\",\"mainEntityOfPage\":{\"@id\":\"https:\\\/\\\/ethnicelebs.com\\\/sofia-reyes\"},\"wordCount\":717,\"commentCount\":17,\"image\":{\"@id\":\"https:\\\/\\\/ethnicelebs.com\\\/sofia-reyes#primaryimage\"},\"thumbnailUrl\":\"https:\\\/\\\/ethnicelebs.com\\\/wp-content\\\/uploads\\\/2016\\\/09\\\/DGG-056437-Sofia-Reyes.jpg\",\"keywords\":[\"Andalusian\",\"Asturian\",\"b1995\",\"basque\",\"Canary Islander\",\"Cantabrian\",\"Castilian\",\"Cornish\",\"Dutch\",\"English\",\"Extremaduran\",\"French\",\"Galician\",\"German\",\"Indigenous\",\"Indigenous Mexican\",\"Irish\",\"Italian\",\"Mexican\",\"Portuguese\",\"Scottish\",\"Spanish\",\"Spanish-Mexican\",\"Swiss\",\"Swiss-German\",\"Welsh\"],\"articleSection\":[\"1 Actor\\\/Actress\",\"4 Musician\",\"R\"],\"inLanguage\":\"en-US\",\"potentialAction\":[{\"@type\":\"CommentAction\",\"name\":\"Comment\",\"target\":[\"https:\\\/\\\/ethnicelebs.com\\\/sofia-reyes#respond\"]}]},{\"@type\":\"WebPage\",\"@id\":\"https:\\\/\\\/ethnicelebs.com\\\/sofia-reyes\",\"url\":\"https:\\\/\\\/ethnicelebs.com\\\/sofia-reyes\",\"name\":\"Sof\u00eda Reyes - Ethnicity of Celebs | EthniCelebs.com\",\"isPartOf\":{\"@id\":\"https:\\\/\\\/ethnicelebs.com\\\/#website\"},\"primaryImageOfPage\":{\"@id\":\"https:\\\/\\\/ethnicelebs.com\\\/sofia-reyes#primaryimage\"},\"image\":{\"@id\":\"https:\\\/\\\/ethnicelebs.com\\\/sofia-reyes#primaryimage\"},\"thumbnailUrl\":\"https:\\\/\\\/ethnicelebs.com\\\/wp-content\\\/uploads\\\/2016\\\/09\\\/DGG-056437-Sofia-Reyes.jpg\",\"datePublished\":\"2016-09-05T07:51:31+00:00\",\"dateModified\":\"2023-08-11T06:51:32+00:00\",\"author\":{\"@id\":\"https:\\\/\\\/ethnicelebs.com\\\/#\\\/schema\\\/person\\\/7771decfc7f6af6c84d56f89954db367\"},\"breadcrumb\":{\"@id\":\"https:\\\/\\\/ethnicelebs.com\\\/sofia-reyes#breadcrumb\"},\"inLanguage\":\"en-US\",\"potentialAction\":[{\"@type\":\"ReadAction\",\"target\":[\"https:\\\/\\\/ethnicelebs.com\\\/sofia-reyes\"]}]},{\"@type\":\"ImageObject\",\"inLanguage\":\"en-US\",\"@id\":\"https:\\\/\\\/ethnicelebs.com\\\/sofia-reyes#primaryimage\",\"url\":\"https:\\\/\\\/ethnicelebs.com\\\/wp-content\\\/uploads\\\/2016\\\/09\\\/DGG-056437-Sofia-Reyes.jpg\",\"contentUrl\":\"https:\\\/\\\/ethnicelebs.com\\\/wp-content\\\/uploads\\\/2016\\\/09\\\/DGG-056437-Sofia-Reyes.jpg\",\"width\":686,\"height\":1000},{\"@type\":\"BreadcrumbList\",\"@id\":\"https:\\\/\\\/ethnicelebs.com\\\/sofia-reyes#breadcrumb\",\"itemListElement\":[{\"@type\":\"ListItem\",\"position\":1,\"name\":\"Home\",\"item\":\"https:\\\/\\\/ethnicelebs.com\\\/\"},{\"@type\":\"ListItem\",\"position\":2,\"name\":\"Sof\u00eda Reyes\"}]},{\"@type\":\"WebSite\",\"@id\":\"https:\\\/\\\/ethnicelebs.com\\\/#website\",\"url\":\"https:\\\/\\\/ethnicelebs.com\\\/\",\"name\":\"Ethnicity of Celebs | EthniCelebs.com\",\"description\":\"\",\"potentialAction\":[{\"@type\":\"SearchAction\",\"target\":{\"@type\":\"EntryPoint\",\"urlTemplate\":\"https:\\\/\\\/ethnicelebs.com\\\/?s={search_term_string}\"},\"query-input\":{\"@type\":\"PropertyValueSpecification\",\"valueRequired\":true,\"valueName\":\"search_term_string\"}}],\"inLanguage\":\"en-US\"},{\"@type\":\"Person\",\"@id\":\"https:\\\/\\\/ethnicelebs.com\\\/#\\\/schema\\\/person\\\/7771decfc7f6af6c84d56f89954db367\",\"name\":\"wanderer\",\"image\":{\"@type\":\"ImageObject\",\"inLanguage\":\"en-US\",\"@id\":\"https:\\\/\\\/secure.gravatar.com\\\/avatar\\\/2f0fb3feb0a33ab90f0552e0eef3f91af7fdb2bc62114d42af78e8aba15be19c?s=96&d=wavatar&r=g\",\"url\":\"https:\\\/\\\/secure.gravatar.com\\\/avatar\\\/2f0fb3feb0a33ab90f0552e0eef3f91af7fdb2bc62114d42af78e8aba15be19c?s=96&d=wavatar&r=g\",\"contentUrl\":\"https:\\\/\\\/secure.gravatar.com\\\/avatar\\\/2f0fb3feb0a33ab90f0552e0eef3f91af7fdb2bc62114d42af78e8aba15be19c?s=96&d=wavatar&r=g\",\"caption\":\"wanderer\"},\"url\":\"https:\\\/\\\/ethnicelebs.com\\\/author\\\/wanderer\"}]}<\/script>\n<!-- \/ Yoast SEO plugin. -->","yoast_head_json":{"title":"Sof\u00eda Reyes - Ethnicity of Celebs | EthniCelebs.com","robots":{"index":"index","follow":"follow","max-snippet":"max-snippet:-1","max-image-preview":"max-image-preview:large","max-video-preview":"max-video-preview:-1"},"canonical":"https:\/\/ethnicelebs.com\/sofia-reyes","og_locale":"en_US","og_type":"article","og_title":"Sof\u00eda Reyes - Ethnicity of Celebs | EthniCelebs.com","og_description":"&#46;&#46;&#46;","og_url":"https:\/\/ethnicelebs.com\/sofia-reyes","og_site_name":"Ethnicity of Celebs | EthniCelebs.com","article_published_time":"2016-09-05T07:51:31+00:00","article_modified_time":"2023-08-11T06:51:32+00:00","og_image":[{"width":686,"height":1000,"url":"https:\/\/ethnicelebs.com\/wp-content\/uploads\/2016\/09\/DGG-056437-Sofia-Reyes.jpg","type":"image\/jpeg"}],"author":"wanderer","twitter_card":"summary_large_image","twitter_misc":{"Written by":"wanderer","Est. reading time":"4 minutes"},"schema":{"@context":"https:\/\/schema.org","@graph":[{"@type":"Article","@id":"https:\/\/ethnicelebs.com\/sofia-reyes#article","isPartOf":{"@id":"https:\/\/ethnicelebs.com\/sofia-reyes"},"author":{"name":"wanderer","@id":"https:\/\/ethnicelebs.com\/#\/schema\/person\/7771decfc7f6af6c84d56f89954db367"},"headline":"Sof\u00eda Reyes","datePublished":"2016-09-05T07:51:31+00:00","dateModified":"2023-08-11T06:51:32+00:00","mainEntityOfPage":{"@id":"https:\/\/ethnicelebs.com\/sofia-reyes"},"wordCount":717,"commentCount":17,"image":{"@id":"https:\/\/ethnicelebs.com\/sofia-reyes#primaryimage"},"thumbnailUrl":"https:\/\/ethnicelebs.com\/wp-content\/uploads\/2016\/09\/DGG-056437-Sofia-Reyes.jpg","keywords":["Andalusian","Asturian","b1995","basque","Canary Islander","Cantabrian","Castilian","Cornish","Dutch","English","Extremaduran","French","Galician","German","Indigenous","Indigenous Mexican","Irish","Italian","Mexican","Portuguese","Scottish","Spanish","Spanish-Mexican","Swiss","Swiss-German","Welsh"],"articleSection":["1 Actor\/Actress","4 Musician","R"],"inLanguage":"en-US","potentialAction":[{"@type":"CommentAction","name":"Comment","target":["https:\/\/ethnicelebs.com\/sofia-reyes#respond"]}]},{"@type":"WebPage","@id":"https:\/\/ethnicelebs.com\/sofia-reyes","url":"https:\/\/ethnicelebs.com\/sofia-reyes","name":"Sof\u00eda Reyes - Ethnicity of Celebs | EthniCelebs.com","isPartOf":{"@id":"https:\/\/ethnicelebs.com\/#website"},"primaryImageOfPage":{"@id":"https:\/\/ethnicelebs.com\/sofia-reyes#primaryimage"},"image":{"@id":"https:\/\/ethnicelebs.com\/sofia-reyes#primaryimage"},"thumbnailUrl":"https:\/\/ethnicelebs.com\/wp-content\/uploads\/2016\/09\/DGG-056437-Sofia-Reyes.jpg","datePublished":"2016-09-05T07:51:31+00:00","dateModified":"2023-08-11T06:51:32+00:00","author":{"@id":"https:\/\/ethnicelebs.com\/#\/schema\/person\/7771decfc7f6af6c84d56f89954db367"},"breadcrumb":{"@id":"https:\/\/ethnicelebs.com\/sofia-reyes#breadcrumb"},"inLanguage":"en-US","potentialAction":[{"@type":"ReadAction","target":["https:\/\/ethnicelebs.com\/sofia-reyes"]}]},{"@type":"ImageObject","inLanguage":"en-US","@id":"https:\/\/ethnicelebs.com\/sofia-reyes#primaryimage","url":"https:\/\/ethnicelebs.com\/wp-content\/uploads\/2016\/09\/DGG-056437-Sofia-Reyes.jpg","contentUrl":"https:\/\/ethnicelebs.com\/wp-content\/uploads\/2016\/09\/DGG-056437-Sofia-Reyes.jpg","width":686,"height":1000},{"@type":"BreadcrumbList","@id":"https:\/\/ethnicelebs.com\/sofia-reyes#breadcrumb","itemListElement":[{"@type":"ListItem","position":1,"name":"Home","item":"https:\/\/ethnicelebs.com\/"},{"@type":"ListItem","position":2,"name":"Sof\u00eda Reyes"}]},{"@type":"WebSite","@id":"https:\/\/ethnicelebs.com\/#website","url":"https:\/\/ethnicelebs.com\/","name":"Ethnicity of Celebs | EthniCelebs.com","description":"","potentialAction":[{"@type":"SearchAction","target":{"@type":"EntryPoint","urlTemplate":"https:\/\/ethnicelebs.com\/?s={search_term_string}"},"query-input":{"@type":"PropertyValueSpecification","valueRequired":true,"valueName":"search_term_string"}}],"inLanguage":"en-US"},{"@type":"Person","@id":"https:\/\/ethnicelebs.com\/#\/schema\/person\/7771decfc7f6af6c84d56f89954db367","name":"wanderer","image":{"@type":"ImageObject","inLanguage":"en-US","@id":"https:\/\/secure.gravatar.com\/avatar\/2f0fb3feb0a33ab90f0552e0eef3f91af7fdb2bc62114d42af78e8aba15be19c?s=96&d=wavatar&r=g","url":"https:\/\/secure.gravatar.com\/avatar\/2f0fb3feb0a33ab90f0552e0eef3f91af7fdb2bc62114d42af78e8aba15be19c?s=96&d=wavatar&r=g","contentUrl":"https:\/\/secure.gravatar.com\/avatar\/2f0fb3feb0a33ab90f0552e0eef3f91af7fdb2bc62114d42af78e8aba15be19c?s=96&d=wavatar&r=g","caption":"wanderer"},"url":"https:\/\/ethnicelebs.com\/author\/wanderer"}]}},"_links":{"self":[{"href":"https:\/\/ethnicelebs.com\/wp-json\/wp\/v2\/posts\/139163","targetHints":{"allow":["GET"]}}],"collection":[{"href":"https:\/\/ethnicelebs.com\/wp-json\/wp\/v2\/posts"}],"about":[{"href":"https:\/\/ethnicelebs.com\/wp-json\/wp\/v2\/types\/post"}],"author":[{"embeddable":true,"href":"https:\/\/ethnicelebs.com\/wp-json\/wp\/v2\/users\/17930"}],"replies":[{"embeddable":true,"href":"https:\/\/ethnicelebs.com\/wp-json\/wp\/v2\/comments?post=139163"}],"version-history":[{"count":8,"href":"https:\/\/ethnicelebs.com\/wp-json\/wp\/v2\/posts\/139163\/revisions"}],"predecessor-version":[{"id":359629,"href":"https:\/\/ethnicelebs.com\/wp-json\/wp\/v2\/posts\/139163\/revisions\/359629"}],"wp:featuredmedia":[{"embeddable":true,"href":"https:\/\/ethnicelebs.com\/wp-json\/wp\/v2\/media\/139391"}],"wp:attachment":[{"href":"https:\/\/ethnicelebs.com\/wp-json\/wp\/v2\/media?parent=139163"}],"wp:term":[{"taxonomy":"category","embeddable":true,"href":"https:\/\/ethnicelebs.com\/wp-json\/wp\/v2\/categories?post=139163"},{"taxonomy":"post_tag","embeddable":true,"href":"https:\/\/ethnicelebs.com\/wp-json\/wp\/v2\/tags?post=139163"}],"curies":[{"name":"wp","href":"https:\/\/api.w.org\/{rel}","templated":true}]}}