{"id":121826,"date":"2016-03-07T18:01:28","date_gmt":"2016-03-08T02:01:28","guid":{"rendered":"http:\/\/ethnicelebs.com\/?p=121826"},"modified":"2023-06-10T23:10:40","modified_gmt":"2023-06-11T06:10:40","slug":"alaska","status":"publish","type":"post","link":"https:\/\/ethnicelebs.com\/alaska","title":{"rendered":"Alaska"},"content":{"rendered":"<div id=\"attachment_206789\" style=\"width: 288px\" class=\"wp-caption alignnone\"><img loading=\"lazy\" decoding=\"async\" aria-describedby=\"caption-attachment-206789\" class=\"size-full wp-image-206789\" src=\"http:\/\/ethnicelebs.com\/wp-content\/uploads\/2016\/03\/SPX-070432-Alaska.jpg\" alt=\"\" width=\"278\" height=\"434\" \/><p id=\"caption-attachment-206789\" class=\"wp-caption-text\">David Delfin, Alaska and Mario Vaquerizo &#8211; 2014 Marie Claire Prix de la Moda Awards &#8211; Arrivals &#8211; Callao Cinema &#8211; Madrid, Spain &#8211;\u00a0 Photo Credit: Solarpix \/ PR Photos<\/p><\/div>\n<p>Birth Name: Mar\u00eda Olvido Gara Jova<\/p>\n<p>Place of Birth: Mexico City, Mexico<!---read--><\/p>\n<p>Date of Birth: 13 June, 1963<\/p>\n<p><strong>Ethnicity:<br \/>\n*<em>father<\/em> &#8211; Spanish\u00a0Asturian<br \/>\n*<em>mother<\/em> &#8211; Cuban [Spanish, including Andalusian, Extremaduran, as well as Catalan, Portuguese, possibly Indigenous], distant English, Welsh and possibly Mexican<\/strong><\/p>\n<p>Alaska is a Mexican-born singer, songwriter, actress, DJ, and businessperson. She is also a Spanish citizen.<\/p>\n<p>Alaska is the daughter of Am\u00e9rica Jova Godoy and Manuel Gara L\u00f3pez. Her father was born in Asturias, Spain, and was living in Mexico in exile during the Spanish Civil War. Her mother was born in La Habana, Cuba, and also lived in Mexico in exile due to the Cuban Revolution. Alaska is married to Spanish singer, songwriter, journalist, writer, manager, and radio and television personality <a href=\"http:\/\/ethnicelebs.com\/mario-vaquerizo\">Mario Vaquerizo<\/a>.<\/p>\n<p>Alaska&#8217;s maternal grandfather was named Julio Jova Pichardo (the son of parents surnamed Jova Gonz\u00e1lez-Abreu and Am\u00e9rica Pichardo Arias). Julio&#8217;s paternal grandparents were Juan Jova y Jova, who had roots in Sitges, Catalonia, and of Mar\u00eda Jacinta Gonz\u00e1lez-Abreu y Jim\u00e9nez, whose grandfather was born in Marchena, Andalusia.<\/p>\n<p>Alaska&#8217;s maternal grandmother was Mar\u00eda Caridad Godoy Cuebas (the daughter of Felipe Godoy Herbert and Bel\u00e9n de las Cuebas).\u00a0Felipe was born in France, and was a possible descendant of Manuel Godoy, who was Prime Minister of Spain, from 1792 to 1797, and who had been born in Extremadura, of Portuguese descent; and of Philip Herbert, the 4th Earl of Pembroke and 1st Earl of Montgomery. Alaska&#8217;s great-grandmother Bel\u00e9n was of possibly Indigenous Cuban and Mexican descent, from Yucat\u00e1n.<\/p>\n","protected":false},"excerpt":{"rendered":"<p>&#46;&#46;&#46;<\/p>\n","protected":false},"author":18341,"featured_media":206789,"comment_status":"open","ping_status":"open","sticky":false,"template":"","format":"standard","meta":{"_exactmetrics_skip_tracking":false,"_exactmetrics_sitenote_active":false,"_exactmetrics_sitenote_note":"","_exactmetrics_sitenote_category":0,"footnotes":""},"categories":[1434,1435,4],"tags":[1811,770,3608,966,728,690,3404,3061,1888,1205,1886,688,706,3504,2584,756,1173,1171,788,3530,3531],"class_list":["post-121826","post","type-post","status-publish","format-standard","has-post-thumbnail","hentry","category-actoractress","category-4-musician","category-a-celebs","tag-andalusian","tag-austrian","tag-b1963","tag-catalan","tag-cuban","tag-english","tag-english-cuban","tag-english-mexican","tag-extremaduran","tag-indigenous","tag-indigenous-cuban","tag-mexican","tag-portuguese","tag-portuguese-cuban","tag-portuguese-mexican","tag-spanish","tag-spanish-cuban","tag-spanish-mexican","tag-welsh","tag-welsh-cuban","tag-welsh-mexican"],"yoast_head":"<!-- This site is optimized with the Yoast SEO plugin v27.4 - https:\/\/yoast.com\/product\/yoast-seo-wordpress\/ -->\n<title>Alaska - Ethnicity of Celebs | EthniCelebs.com<\/title>\n<meta name=\"robots\" content=\"index, follow, max-snippet:-1, max-image-preview:large, max-video-preview:-1\" \/>\n<link rel=\"canonical\" href=\"https:\/\/ethnicelebs.com\/alaska\" \/>\n<meta property=\"og:locale\" content=\"en_US\" \/>\n<meta property=\"og:type\" content=\"article\" \/>\n<meta property=\"og:title\" content=\"Alaska - Ethnicity of Celebs | EthniCelebs.com\" \/>\n<meta property=\"og:description\" content=\"&#046;&#046;&#046;\" \/>\n<meta property=\"og:url\" content=\"https:\/\/ethnicelebs.com\/alaska\" \/>\n<meta property=\"og:site_name\" content=\"Ethnicity of Celebs | EthniCelebs.com\" \/>\n<meta property=\"article:published_time\" content=\"2016-03-08T02:01:28+00:00\" \/>\n<meta property=\"article:modified_time\" content=\"2023-06-11T06:10:40+00:00\" \/>\n<meta property=\"og:image\" content=\"https:\/\/ethnicelebs.com\/wp-content\/uploads\/2016\/03\/SPX-070432-Alaska.jpg\" \/>\n\t<meta property=\"og:image:width\" content=\"278\" \/>\n\t<meta property=\"og:image:height\" content=\"434\" \/>\n\t<meta property=\"og:image:type\" content=\"image\/jpeg\" \/>\n<meta name=\"author\" content=\"andalusian\" \/>\n<meta name=\"twitter:card\" content=\"summary_large_image\" \/>\n<meta name=\"twitter:label1\" content=\"Written by\" \/>\n\t<meta name=\"twitter:data1\" content=\"andalusian\" \/>\n\t<meta name=\"twitter:label2\" content=\"Est. reading time\" \/>\n\t<meta name=\"twitter:data2\" content=\"1 minute\" \/>\n<script type=\"application\/ld+json\" class=\"yoast-schema-graph\">{\"@context\":\"https:\\\/\\\/schema.org\",\"@graph\":[{\"@type\":\"Article\",\"@id\":\"https:\\\/\\\/ethnicelebs.com\\\/alaska#article\",\"isPartOf\":{\"@id\":\"https:\\\/\\\/ethnicelebs.com\\\/alaska\"},\"author\":{\"name\":\"andalusian\",\"@id\":\"https:\\\/\\\/ethnicelebs.com\\\/#\\\/schema\\\/person\\\/accc1e111c6e6ff203bafff56378880c\"},\"headline\":\"Alaska\",\"datePublished\":\"2016-03-08T02:01:28+00:00\",\"dateModified\":\"2023-06-11T06:10:40+00:00\",\"mainEntityOfPage\":{\"@id\":\"https:\\\/\\\/ethnicelebs.com\\\/alaska\"},\"wordCount\":297,\"commentCount\":5,\"image\":{\"@id\":\"https:\\\/\\\/ethnicelebs.com\\\/alaska#primaryimage\"},\"thumbnailUrl\":\"https:\\\/\\\/ethnicelebs.com\\\/wp-content\\\/uploads\\\/2016\\\/03\\\/SPX-070432-Alaska.jpg\",\"keywords\":[\"Andalusian\",\"Austrian\",\"b1963\",\"Catalan\",\"Cuban\",\"English\",\"English-Cuban\",\"English-Mexican\",\"Extremaduran\",\"Indigenous\",\"Indigenous Cuban\",\"Mexican\",\"Portuguese\",\"Portuguese-Cuban\",\"Portuguese-Mexican\",\"Spanish\",\"Spanish-Cuban\",\"Spanish-Mexican\",\"Welsh\",\"Welsh-Cuban\",\"Welsh-Mexican\"],\"articleSection\":[\"1 Actor\\\/Actress\",\"4 Musician\",\"A\"],\"inLanguage\":\"en-US\",\"potentialAction\":[{\"@type\":\"CommentAction\",\"name\":\"Comment\",\"target\":[\"https:\\\/\\\/ethnicelebs.com\\\/alaska#respond\"]}]},{\"@type\":\"WebPage\",\"@id\":\"https:\\\/\\\/ethnicelebs.com\\\/alaska\",\"url\":\"https:\\\/\\\/ethnicelebs.com\\\/alaska\",\"name\":\"Alaska - Ethnicity of Celebs | EthniCelebs.com\",\"isPartOf\":{\"@id\":\"https:\\\/\\\/ethnicelebs.com\\\/#website\"},\"primaryImageOfPage\":{\"@id\":\"https:\\\/\\\/ethnicelebs.com\\\/alaska#primaryimage\"},\"image\":{\"@id\":\"https:\\\/\\\/ethnicelebs.com\\\/alaska#primaryimage\"},\"thumbnailUrl\":\"https:\\\/\\\/ethnicelebs.com\\\/wp-content\\\/uploads\\\/2016\\\/03\\\/SPX-070432-Alaska.jpg\",\"datePublished\":\"2016-03-08T02:01:28+00:00\",\"dateModified\":\"2023-06-11T06:10:40+00:00\",\"author\":{\"@id\":\"https:\\\/\\\/ethnicelebs.com\\\/#\\\/schema\\\/person\\\/accc1e111c6e6ff203bafff56378880c\"},\"breadcrumb\":{\"@id\":\"https:\\\/\\\/ethnicelebs.com\\\/alaska#breadcrumb\"},\"inLanguage\":\"en-US\",\"potentialAction\":[{\"@type\":\"ReadAction\",\"target\":[\"https:\\\/\\\/ethnicelebs.com\\\/alaska\"]}]},{\"@type\":\"ImageObject\",\"inLanguage\":\"en-US\",\"@id\":\"https:\\\/\\\/ethnicelebs.com\\\/alaska#primaryimage\",\"url\":\"https:\\\/\\\/ethnicelebs.com\\\/wp-content\\\/uploads\\\/2016\\\/03\\\/SPX-070432-Alaska.jpg\",\"contentUrl\":\"https:\\\/\\\/ethnicelebs.com\\\/wp-content\\\/uploads\\\/2016\\\/03\\\/SPX-070432-Alaska.jpg\",\"width\":278,\"height\":434,\"caption\":\"11\\\/19\\\/2014 - David Delfin, Alaska and Mario Vaquerizo - 2014 Marie Claire Prix de la Moda Awards - Arrivals - Callao Cinema - Madrid, Spain - Keywords: People, Topics, Fashion, Red Carpet Event, Mode, Arts Culture and Entertainment, Attending, Celebrities, Celebrity, Topix, Bestof, XII edition of Prix De Marie Claire Awards, Callao Theater, Restrictions: **WORLDWIDE SYNDICATION RIGHTS EXCEPT SPAIN - NO SYNDICATION IN SPAIN** Orientation: Portrait Face Count: 1 - False - Photo Credit: Solarpix \\\/ PR Photos - Contact (1-866-551-7827) - Portrait Face Count: 1\"},{\"@type\":\"BreadcrumbList\",\"@id\":\"https:\\\/\\\/ethnicelebs.com\\\/alaska#breadcrumb\",\"itemListElement\":[{\"@type\":\"ListItem\",\"position\":1,\"name\":\"Home\",\"item\":\"https:\\\/\\\/ethnicelebs.com\\\/\"},{\"@type\":\"ListItem\",\"position\":2,\"name\":\"Alaska\"}]},{\"@type\":\"WebSite\",\"@id\":\"https:\\\/\\\/ethnicelebs.com\\\/#website\",\"url\":\"https:\\\/\\\/ethnicelebs.com\\\/\",\"name\":\"Ethnicity of Celebs | EthniCelebs.com\",\"description\":\"\",\"potentialAction\":[{\"@type\":\"SearchAction\",\"target\":{\"@type\":\"EntryPoint\",\"urlTemplate\":\"https:\\\/\\\/ethnicelebs.com\\\/?s={search_term_string}\"},\"query-input\":{\"@type\":\"PropertyValueSpecification\",\"valueRequired\":true,\"valueName\":\"search_term_string\"}}],\"inLanguage\":\"en-US\"},{\"@type\":\"Person\",\"@id\":\"https:\\\/\\\/ethnicelebs.com\\\/#\\\/schema\\\/person\\\/accc1e111c6e6ff203bafff56378880c\",\"name\":\"andalusian\",\"image\":{\"@type\":\"ImageObject\",\"inLanguage\":\"en-US\",\"@id\":\"https:\\\/\\\/secure.gravatar.com\\\/avatar\\\/6e3a33eacf943679ba64a8ac9733f817671ba324630bd18008ec39f6333dae0c?s=96&d=wavatar&r=g\",\"url\":\"https:\\\/\\\/secure.gravatar.com\\\/avatar\\\/6e3a33eacf943679ba64a8ac9733f817671ba324630bd18008ec39f6333dae0c?s=96&d=wavatar&r=g\",\"contentUrl\":\"https:\\\/\\\/secure.gravatar.com\\\/avatar\\\/6e3a33eacf943679ba64a8ac9733f817671ba324630bd18008ec39f6333dae0c?s=96&d=wavatar&r=g\",\"caption\":\"andalusian\"},\"url\":\"https:\\\/\\\/ethnicelebs.com\\\/author\\\/eiifun\"}]}<\/script>\n<!-- \/ Yoast SEO plugin. -->","yoast_head_json":{"title":"Alaska - Ethnicity of Celebs | EthniCelebs.com","robots":{"index":"index","follow":"follow","max-snippet":"max-snippet:-1","max-image-preview":"max-image-preview:large","max-video-preview":"max-video-preview:-1"},"canonical":"https:\/\/ethnicelebs.com\/alaska","og_locale":"en_US","og_type":"article","og_title":"Alaska - Ethnicity of Celebs | EthniCelebs.com","og_description":"&#46;&#46;&#46;","og_url":"https:\/\/ethnicelebs.com\/alaska","og_site_name":"Ethnicity of Celebs | EthniCelebs.com","article_published_time":"2016-03-08T02:01:28+00:00","article_modified_time":"2023-06-11T06:10:40+00:00","og_image":[{"width":278,"height":434,"url":"https:\/\/ethnicelebs.com\/wp-content\/uploads\/2016\/03\/SPX-070432-Alaska.jpg","type":"image\/jpeg"}],"author":"andalusian","twitter_card":"summary_large_image","twitter_misc":{"Written by":"andalusian","Est. reading time":"1 minute"},"schema":{"@context":"https:\/\/schema.org","@graph":[{"@type":"Article","@id":"https:\/\/ethnicelebs.com\/alaska#article","isPartOf":{"@id":"https:\/\/ethnicelebs.com\/alaska"},"author":{"name":"andalusian","@id":"https:\/\/ethnicelebs.com\/#\/schema\/person\/accc1e111c6e6ff203bafff56378880c"},"headline":"Alaska","datePublished":"2016-03-08T02:01:28+00:00","dateModified":"2023-06-11T06:10:40+00:00","mainEntityOfPage":{"@id":"https:\/\/ethnicelebs.com\/alaska"},"wordCount":297,"commentCount":5,"image":{"@id":"https:\/\/ethnicelebs.com\/alaska#primaryimage"},"thumbnailUrl":"https:\/\/ethnicelebs.com\/wp-content\/uploads\/2016\/03\/SPX-070432-Alaska.jpg","keywords":["Andalusian","Austrian","b1963","Catalan","Cuban","English","English-Cuban","English-Mexican","Extremaduran","Indigenous","Indigenous Cuban","Mexican","Portuguese","Portuguese-Cuban","Portuguese-Mexican","Spanish","Spanish-Cuban","Spanish-Mexican","Welsh","Welsh-Cuban","Welsh-Mexican"],"articleSection":["1 Actor\/Actress","4 Musician","A"],"inLanguage":"en-US","potentialAction":[{"@type":"CommentAction","name":"Comment","target":["https:\/\/ethnicelebs.com\/alaska#respond"]}]},{"@type":"WebPage","@id":"https:\/\/ethnicelebs.com\/alaska","url":"https:\/\/ethnicelebs.com\/alaska","name":"Alaska - Ethnicity of Celebs | EthniCelebs.com","isPartOf":{"@id":"https:\/\/ethnicelebs.com\/#website"},"primaryImageOfPage":{"@id":"https:\/\/ethnicelebs.com\/alaska#primaryimage"},"image":{"@id":"https:\/\/ethnicelebs.com\/alaska#primaryimage"},"thumbnailUrl":"https:\/\/ethnicelebs.com\/wp-content\/uploads\/2016\/03\/SPX-070432-Alaska.jpg","datePublished":"2016-03-08T02:01:28+00:00","dateModified":"2023-06-11T06:10:40+00:00","author":{"@id":"https:\/\/ethnicelebs.com\/#\/schema\/person\/accc1e111c6e6ff203bafff56378880c"},"breadcrumb":{"@id":"https:\/\/ethnicelebs.com\/alaska#breadcrumb"},"inLanguage":"en-US","potentialAction":[{"@type":"ReadAction","target":["https:\/\/ethnicelebs.com\/alaska"]}]},{"@type":"ImageObject","inLanguage":"en-US","@id":"https:\/\/ethnicelebs.com\/alaska#primaryimage","url":"https:\/\/ethnicelebs.com\/wp-content\/uploads\/2016\/03\/SPX-070432-Alaska.jpg","contentUrl":"https:\/\/ethnicelebs.com\/wp-content\/uploads\/2016\/03\/SPX-070432-Alaska.jpg","width":278,"height":434,"caption":"11\/19\/2014 - David Delfin, Alaska and Mario Vaquerizo - 2014 Marie Claire Prix de la Moda Awards - Arrivals - Callao Cinema - Madrid, Spain - Keywords: People, Topics, Fashion, Red Carpet Event, Mode, Arts Culture and Entertainment, Attending, Celebrities, Celebrity, Topix, Bestof, XII edition of Prix De Marie Claire Awards, Callao Theater, Restrictions: **WORLDWIDE SYNDICATION RIGHTS EXCEPT SPAIN - NO SYNDICATION IN SPAIN** Orientation: Portrait Face Count: 1 - False - Photo Credit: Solarpix \/ PR Photos - Contact (1-866-551-7827) - Portrait Face Count: 1"},{"@type":"BreadcrumbList","@id":"https:\/\/ethnicelebs.com\/alaska#breadcrumb","itemListElement":[{"@type":"ListItem","position":1,"name":"Home","item":"https:\/\/ethnicelebs.com\/"},{"@type":"ListItem","position":2,"name":"Alaska"}]},{"@type":"WebSite","@id":"https:\/\/ethnicelebs.com\/#website","url":"https:\/\/ethnicelebs.com\/","name":"Ethnicity of Celebs | EthniCelebs.com","description":"","potentialAction":[{"@type":"SearchAction","target":{"@type":"EntryPoint","urlTemplate":"https:\/\/ethnicelebs.com\/?s={search_term_string}"},"query-input":{"@type":"PropertyValueSpecification","valueRequired":true,"valueName":"search_term_string"}}],"inLanguage":"en-US"},{"@type":"Person","@id":"https:\/\/ethnicelebs.com\/#\/schema\/person\/accc1e111c6e6ff203bafff56378880c","name":"andalusian","image":{"@type":"ImageObject","inLanguage":"en-US","@id":"https:\/\/secure.gravatar.com\/avatar\/6e3a33eacf943679ba64a8ac9733f817671ba324630bd18008ec39f6333dae0c?s=96&d=wavatar&r=g","url":"https:\/\/secure.gravatar.com\/avatar\/6e3a33eacf943679ba64a8ac9733f817671ba324630bd18008ec39f6333dae0c?s=96&d=wavatar&r=g","contentUrl":"https:\/\/secure.gravatar.com\/avatar\/6e3a33eacf943679ba64a8ac9733f817671ba324630bd18008ec39f6333dae0c?s=96&d=wavatar&r=g","caption":"andalusian"},"url":"https:\/\/ethnicelebs.com\/author\/eiifun"}]}},"_links":{"self":[{"href":"https:\/\/ethnicelebs.com\/wp-json\/wp\/v2\/posts\/121826","targetHints":{"allow":["GET"]}}],"collection":[{"href":"https:\/\/ethnicelebs.com\/wp-json\/wp\/v2\/posts"}],"about":[{"href":"https:\/\/ethnicelebs.com\/wp-json\/wp\/v2\/types\/post"}],"author":[{"embeddable":true,"href":"https:\/\/ethnicelebs.com\/wp-json\/wp\/v2\/users\/18341"}],"replies":[{"embeddable":true,"href":"https:\/\/ethnicelebs.com\/wp-json\/wp\/v2\/comments?post=121826"}],"version-history":[{"count":3,"href":"https:\/\/ethnicelebs.com\/wp-json\/wp\/v2\/posts\/121826\/revisions"}],"predecessor-version":[{"id":341391,"href":"https:\/\/ethnicelebs.com\/wp-json\/wp\/v2\/posts\/121826\/revisions\/341391"}],"wp:featuredmedia":[{"embeddable":true,"href":"https:\/\/ethnicelebs.com\/wp-json\/wp\/v2\/media\/206789"}],"wp:attachment":[{"href":"https:\/\/ethnicelebs.com\/wp-json\/wp\/v2\/media?parent=121826"}],"wp:term":[{"taxonomy":"category","embeddable":true,"href":"https:\/\/ethnicelebs.com\/wp-json\/wp\/v2\/categories?post=121826"},{"taxonomy":"post_tag","embeddable":true,"href":"https:\/\/ethnicelebs.com\/wp-json\/wp\/v2\/tags?post=121826"}],"curies":[{"name":"wp","href":"https:\/\/api.w.org\/{rel}","templated":true}]}}