{"id":120895,"date":"2016-03-01T10:10:48","date_gmt":"2016-03-01T18:10:48","guid":{"rendered":"http:\/\/ethnicelebs.com\/?p=120895"},"modified":"2026-01-22T10:36:32","modified_gmt":"2026-01-22T18:36:32","slug":"max-bratman","status":"publish","type":"post","link":"https:\/\/ethnicelebs.com\/max-bratman","title":{"rendered":"Max Bratman"},"content":{"rendered":"<div id=\"attachment_216903\" style=\"width: 410px\" class=\"wp-caption alignnone\"><img loading=\"lazy\" decoding=\"async\" aria-describedby=\"caption-attachment-216903\" class=\"size-full wp-image-346447\" style=\"font-size: 16px\" src=\"https:\/\/ethnicelebs.com\/wp-content\/uploads\/2016\/03\/Max-Bratman.jpg\" alt=\"\" width=\"462\" height=\"630\" srcset=\"https:\/\/ethnicelebs.com\/wp-content\/uploads\/2016\/03\/Max-Bratman.jpg 462w, https:\/\/ethnicelebs.com\/wp-content\/uploads\/2016\/03\/Max-Bratman-400x545.jpg 400w\" sizes=\"auto, (max-width: 462px) 100vw, 462px\" \/><p id=\"caption-attachment-216903\" class=\"wp-caption-text\">LOS ANGELES &#8211; JUL 23: Bratman, Matthew Rutler, Summer Rain Rutler arrive for &#8220;The Emoji Movie&#8221; World Premiere on July 23, 2017 in Westwood, CA, DFree\/Bigstock.com<\/p><\/div>\n<p>Birth Name: Max Liron Bratman<\/p>\n<p>Place of Birth: Los Angeles, California, U.S.<\/p>\n<p>Date of Birth: January 12, 2008<\/p>\n<p><strong>Ethnicity:<br \/>\n*<em>father<\/em> &#8211; Ashkenazi Jewish<br \/>\n*<em>mother<\/em> &#8211; Ecuadorian [Spanish (Andalusian, Castilian, Extremaduran, Le\u00f3nese), Galician, remote Indigenous (Quechua)], English, smaller amounts (to varying degrees) of German, Irish, Scots-Irish\/Northern Irish, French, Welsh, and Dutch<\/strong><\/p>\n<p>Max Bratman is an American child. He is the son of music industry executive Jordan Bratman and singer <a href=\"http:\/\/ethnicelebs.com\/christina-aguilera\">Christina Aguilera<\/a>.<\/p>\n<p>Max&#8217;s paternal grandfather is named Jack Bratman.<\/p>\n<p>Max&#8217;s paternal grandmother is named Gail.<\/p>\n<p>Max&#8217;s maternal grandfather is Fausto Wagner Xavier Aguilera Monge (the son of Fausto Aguilera and Edna Maria Monge Verduga). Max&#8217;s grandfather Fausto was born in Guayaquil, Ecuador, of Spanish (Andalusian, Castilian, Extremaduran, Le\u00f3nese), Galician, and remote Indigenous [Quechua], descent. Max&#8217;s great-grandfather Fausto was the son of Jos\u00e9 Antonio Aguilera Mas\u00edas and Zoila Cristina Calder\u00f3n Petterson. Edna was the daughter of C\u00e9sar Monge Serrano and Mar\u00eda Lucrecia Verduga Zambrano.<\/p>\n<p>Max&#8217;s maternal grandmother is Shelly Loraine Fidler (daughter of Lowell Marley Fidler and Delcie Mable\/Mabel Dunfee). Max&#8217;s grandmother Shelley was born in Pennsylvania, and has English, and smaller amounts (to varying degrees) of German, Irish, Scots-Irish\/Northern Irish, French, Welsh, and Dutch ancestry. Lowell was the son of Marlie Alfred Fidler and Pluma Violet Osburn. Delcie was the daughter of Primrose Calvin Dunfee and Bertha Mae Allen.<\/p>\n<p><strong>Sources:<\/strong> <a href=\"https:\/\/books.google.com\/books?id=xUwIkshfbwcC&amp;pg=PA86&amp;lpg=PA86&amp;dq=Gail+Bratman&amp;source=bl&amp;ots=VipC39iPFm&amp;sig=quQkqKcjoo2EkKvAY6FqrZt-UJI&amp;hl=en&amp;sa=X&amp;ved=0ahUKEwiq3Paj4Z_LAhVMKCYKHb9SAqwQ6AEIpwEwGA#v=onepage&amp;q=Gail%20Bratman&amp;f=false\">http:\/\/books.google.com<\/a><\/p>\n<p>Genealogy of Max Bratman (focusing on his mother&#8217;s side) &#8211; <a href=\"https:\/\/www.geni.com\/people\/private\/6000000007560549421?through=6000000002447366660\">http:\/\/www.geni.com<\/a><\/p>\n<p>Obituary of Max&#8217;s maternal great-grandfather, Fausto Aguilera &#8211; <a href=\"http:\/\/www.silive.com\/obituaries\/index.ssf\/2015\/08\/fausto_aguilera_89.html\">http:\/\/www.silive.com<\/a><\/p>\n<p>Obituary of Max&#8217;s maternal great-grandmother, Edna Maria (Monge Verduga) Aguilera &#8211; <a href=\"http:\/\/www.silive.com\/obituaries\/index.ssf\/2015\/01\/edna_aguilera_85.html\">http:\/\/www.silive.com<\/a><\/p>\n<p>Genealogies of Max&#8217;s maternal great-grandparents, Lowell Marley Fidler and Delcie Mable\/Mabel Dunfee &#8211; <a href=\"https:\/\/old.findagrave.com\/cgi-bin\/fg.cgi?page=gr&amp;GRid=88207118\">https:\/\/www.findagrave.com<\/a><\/p>\n","protected":false},"excerpt":{"rendered":"<p>&#46;&#46;&#46;<\/p>\n","protected":false},"author":1171,"featured_media":346447,"comment_status":"open","ping_status":"open","sticky":false,"template":"","format":"standard","meta":{"_exactmetrics_skip_tracking":false,"_exactmetrics_sitenote_active":false,"_exactmetrics_sitenote_note":"","_exactmetrics_sitenote_category":0,"footnotes":""},"categories":[8],"tags":[1811,1063,3657,801,691,764,690,1888,716,869,686,1205,1778,687,695,1926,1043,1113,1101,796,756,1384,788],"class_list":["post-120895","post","type-post","status-publish","format-standard","has-post-thumbnail","hentry","category-b-celebs","tag-andalusian","tag-ashkenazi-jewish","tag-b2008","tag-castilian","tag-dutch","tag-ecuadorian","tag-english","tag-extremaduran","tag-french","tag-galician","tag-german","tag-indigenous","tag-indigenous-ecuadorian","tag-irish","tag-jewish","tag-leonese","tag-northern-irish","tag-pennsylvania-dutch","tag-quechua","tag-scots-irish","tag-spanish","tag-spanish-ecuadorian","tag-welsh"],"yoast_head":"<!-- This site is optimized with the Yoast SEO plugin v27.4 - https:\/\/yoast.com\/product\/yoast-seo-wordpress\/ -->\n<title>Max Bratman - Ethnicity of Celebs | EthniCelebs.com<\/title>\n<meta name=\"robots\" content=\"index, follow, max-snippet:-1, max-image-preview:large, max-video-preview:-1\" \/>\n<link rel=\"canonical\" href=\"https:\/\/ethnicelebs.com\/max-bratman\" \/>\n<meta property=\"og:locale\" content=\"en_US\" \/>\n<meta property=\"og:type\" content=\"article\" \/>\n<meta property=\"og:title\" content=\"Max Bratman - Ethnicity of Celebs | EthniCelebs.com\" \/>\n<meta property=\"og:description\" content=\"&#046;&#046;&#046;\" \/>\n<meta property=\"og:url\" content=\"https:\/\/ethnicelebs.com\/max-bratman\" \/>\n<meta property=\"og:site_name\" content=\"Ethnicity of Celebs | EthniCelebs.com\" \/>\n<meta property=\"article:published_time\" content=\"2016-03-01T18:10:48+00:00\" \/>\n<meta property=\"article:modified_time\" content=\"2026-01-22T18:36:32+00:00\" \/>\n<meta property=\"og:image\" content=\"https:\/\/ethnicelebs.com\/wp-content\/uploads\/2016\/03\/Max-Bratman.jpg\" \/>\n\t<meta property=\"og:image:width\" content=\"462\" \/>\n\t<meta property=\"og:image:height\" content=\"630\" \/>\n\t<meta property=\"og:image:type\" content=\"image\/jpeg\" \/>\n<meta name=\"author\" content=\"savanna\" \/>\n<meta name=\"twitter:card\" content=\"summary_large_image\" \/>\n<meta name=\"twitter:label1\" content=\"Written by\" \/>\n\t<meta name=\"twitter:data1\" content=\"savanna\" \/>\n\t<meta name=\"twitter:label2\" content=\"Est. reading time\" \/>\n\t<meta name=\"twitter:data2\" content=\"2 minutes\" \/>\n<script type=\"application\/ld+json\" class=\"yoast-schema-graph\">{\"@context\":\"https:\\\/\\\/schema.org\",\"@graph\":[{\"@type\":\"Article\",\"@id\":\"https:\\\/\\\/ethnicelebs.com\\\/max-bratman#article\",\"isPartOf\":{\"@id\":\"https:\\\/\\\/ethnicelebs.com\\\/max-bratman\"},\"author\":{\"name\":\"savanna\",\"@id\":\"https:\\\/\\\/ethnicelebs.com\\\/#\\\/schema\\\/person\\\/1157e6ebd5bd76cc2560f4097a85dae8\"},\"headline\":\"Max Bratman\",\"datePublished\":\"2016-03-01T18:10:48+00:00\",\"dateModified\":\"2026-01-22T18:36:32+00:00\",\"mainEntityOfPage\":{\"@id\":\"https:\\\/\\\/ethnicelebs.com\\\/max-bratman\"},\"wordCount\":323,\"commentCount\":7,\"image\":{\"@id\":\"https:\\\/\\\/ethnicelebs.com\\\/max-bratman#primaryimage\"},\"thumbnailUrl\":\"https:\\\/\\\/ethnicelebs.com\\\/wp-content\\\/uploads\\\/2016\\\/03\\\/Max-Bratman.jpg\",\"keywords\":[\"Andalusian\",\"Ashkenazi Jewish\",\"b2008\",\"Castilian\",\"Dutch\",\"Ecuadorian\",\"English\",\"Extremaduran\",\"French\",\"Galician\",\"German\",\"Indigenous\",\"Indigenous Ecuadorian\",\"Irish\",\"Jewish\",\"Leonese\",\"Northern Irish\",\"Pennsylvania Dutch\",\"Quechua\",\"Scots-Irish\",\"Spanish\",\"Spanish-Ecuadorian\",\"Welsh\"],\"articleSection\":[\"B\"],\"inLanguage\":\"en-US\",\"potentialAction\":[{\"@type\":\"CommentAction\",\"name\":\"Comment\",\"target\":[\"https:\\\/\\\/ethnicelebs.com\\\/max-bratman#respond\"]}]},{\"@type\":\"WebPage\",\"@id\":\"https:\\\/\\\/ethnicelebs.com\\\/max-bratman\",\"url\":\"https:\\\/\\\/ethnicelebs.com\\\/max-bratman\",\"name\":\"Max Bratman - Ethnicity of Celebs | EthniCelebs.com\",\"isPartOf\":{\"@id\":\"https:\\\/\\\/ethnicelebs.com\\\/#website\"},\"primaryImageOfPage\":{\"@id\":\"https:\\\/\\\/ethnicelebs.com\\\/max-bratman#primaryimage\"},\"image\":{\"@id\":\"https:\\\/\\\/ethnicelebs.com\\\/max-bratman#primaryimage\"},\"thumbnailUrl\":\"https:\\\/\\\/ethnicelebs.com\\\/wp-content\\\/uploads\\\/2016\\\/03\\\/Max-Bratman.jpg\",\"datePublished\":\"2016-03-01T18:10:48+00:00\",\"dateModified\":\"2026-01-22T18:36:32+00:00\",\"author\":{\"@id\":\"https:\\\/\\\/ethnicelebs.com\\\/#\\\/schema\\\/person\\\/1157e6ebd5bd76cc2560f4097a85dae8\"},\"breadcrumb\":{\"@id\":\"https:\\\/\\\/ethnicelebs.com\\\/max-bratman#breadcrumb\"},\"inLanguage\":\"en-US\",\"potentialAction\":[{\"@type\":\"ReadAction\",\"target\":[\"https:\\\/\\\/ethnicelebs.com\\\/max-bratman\"]}]},{\"@type\":\"ImageObject\",\"inLanguage\":\"en-US\",\"@id\":\"https:\\\/\\\/ethnicelebs.com\\\/max-bratman#primaryimage\",\"url\":\"https:\\\/\\\/ethnicelebs.com\\\/wp-content\\\/uploads\\\/2016\\\/03\\\/Max-Bratman.jpg\",\"contentUrl\":\"https:\\\/\\\/ethnicelebs.com\\\/wp-content\\\/uploads\\\/2016\\\/03\\\/Max-Bratman.jpg\",\"width\":462,\"height\":630,\"caption\":\"LOS ANGELES - JUL 23: Matthew Rutler, Max Liron Bratman, Summer Rain Rutler arrives for the \\\"The Emoji Movie\\\" World Premiere on July 23, 2017 in Westwood, CA\"},{\"@type\":\"BreadcrumbList\",\"@id\":\"https:\\\/\\\/ethnicelebs.com\\\/max-bratman#breadcrumb\",\"itemListElement\":[{\"@type\":\"ListItem\",\"position\":1,\"name\":\"Home\",\"item\":\"https:\\\/\\\/ethnicelebs.com\\\/\"},{\"@type\":\"ListItem\",\"position\":2,\"name\":\"Max Bratman\"}]},{\"@type\":\"WebSite\",\"@id\":\"https:\\\/\\\/ethnicelebs.com\\\/#website\",\"url\":\"https:\\\/\\\/ethnicelebs.com\\\/\",\"name\":\"Ethnicity of Celebs | EthniCelebs.com\",\"description\":\"\",\"potentialAction\":[{\"@type\":\"SearchAction\",\"target\":{\"@type\":\"EntryPoint\",\"urlTemplate\":\"https:\\\/\\\/ethnicelebs.com\\\/?s={search_term_string}\"},\"query-input\":{\"@type\":\"PropertyValueSpecification\",\"valueRequired\":true,\"valueName\":\"search_term_string\"}}],\"inLanguage\":\"en-US\"},{\"@type\":\"Person\",\"@id\":\"https:\\\/\\\/ethnicelebs.com\\\/#\\\/schema\\\/person\\\/1157e6ebd5bd76cc2560f4097a85dae8\",\"name\":\"savanna\",\"image\":{\"@type\":\"ImageObject\",\"inLanguage\":\"en-US\",\"@id\":\"https:\\\/\\\/secure.gravatar.com\\\/avatar\\\/fd854f03e6a3067f173b447ddde368274a79614affe159c0f43434ca732af15c?s=96&d=wavatar&r=g\",\"url\":\"https:\\\/\\\/secure.gravatar.com\\\/avatar\\\/fd854f03e6a3067f173b447ddde368274a79614affe159c0f43434ca732af15c?s=96&d=wavatar&r=g\",\"contentUrl\":\"https:\\\/\\\/secure.gravatar.com\\\/avatar\\\/fd854f03e6a3067f173b447ddde368274a79614affe159c0f43434ca732af15c?s=96&d=wavatar&r=g\",\"caption\":\"savanna\"},\"url\":\"https:\\\/\\\/ethnicelebs.com\\\/author\\\/savanna\"}]}<\/script>\n<!-- \/ Yoast SEO plugin. -->","yoast_head_json":{"title":"Max Bratman - Ethnicity of Celebs | EthniCelebs.com","robots":{"index":"index","follow":"follow","max-snippet":"max-snippet:-1","max-image-preview":"max-image-preview:large","max-video-preview":"max-video-preview:-1"},"canonical":"https:\/\/ethnicelebs.com\/max-bratman","og_locale":"en_US","og_type":"article","og_title":"Max Bratman - Ethnicity of Celebs | EthniCelebs.com","og_description":"&#46;&#46;&#46;","og_url":"https:\/\/ethnicelebs.com\/max-bratman","og_site_name":"Ethnicity of Celebs | EthniCelebs.com","article_published_time":"2016-03-01T18:10:48+00:00","article_modified_time":"2026-01-22T18:36:32+00:00","og_image":[{"width":462,"height":630,"url":"https:\/\/ethnicelebs.com\/wp-content\/uploads\/2016\/03\/Max-Bratman.jpg","type":"image\/jpeg"}],"author":"savanna","twitter_card":"summary_large_image","twitter_misc":{"Written by":"savanna","Est. reading time":"2 minutes"},"schema":{"@context":"https:\/\/schema.org","@graph":[{"@type":"Article","@id":"https:\/\/ethnicelebs.com\/max-bratman#article","isPartOf":{"@id":"https:\/\/ethnicelebs.com\/max-bratman"},"author":{"name":"savanna","@id":"https:\/\/ethnicelebs.com\/#\/schema\/person\/1157e6ebd5bd76cc2560f4097a85dae8"},"headline":"Max Bratman","datePublished":"2016-03-01T18:10:48+00:00","dateModified":"2026-01-22T18:36:32+00:00","mainEntityOfPage":{"@id":"https:\/\/ethnicelebs.com\/max-bratman"},"wordCount":323,"commentCount":7,"image":{"@id":"https:\/\/ethnicelebs.com\/max-bratman#primaryimage"},"thumbnailUrl":"https:\/\/ethnicelebs.com\/wp-content\/uploads\/2016\/03\/Max-Bratman.jpg","keywords":["Andalusian","Ashkenazi Jewish","b2008","Castilian","Dutch","Ecuadorian","English","Extremaduran","French","Galician","German","Indigenous","Indigenous Ecuadorian","Irish","Jewish","Leonese","Northern Irish","Pennsylvania Dutch","Quechua","Scots-Irish","Spanish","Spanish-Ecuadorian","Welsh"],"articleSection":["B"],"inLanguage":"en-US","potentialAction":[{"@type":"CommentAction","name":"Comment","target":["https:\/\/ethnicelebs.com\/max-bratman#respond"]}]},{"@type":"WebPage","@id":"https:\/\/ethnicelebs.com\/max-bratman","url":"https:\/\/ethnicelebs.com\/max-bratman","name":"Max Bratman - Ethnicity of Celebs | EthniCelebs.com","isPartOf":{"@id":"https:\/\/ethnicelebs.com\/#website"},"primaryImageOfPage":{"@id":"https:\/\/ethnicelebs.com\/max-bratman#primaryimage"},"image":{"@id":"https:\/\/ethnicelebs.com\/max-bratman#primaryimage"},"thumbnailUrl":"https:\/\/ethnicelebs.com\/wp-content\/uploads\/2016\/03\/Max-Bratman.jpg","datePublished":"2016-03-01T18:10:48+00:00","dateModified":"2026-01-22T18:36:32+00:00","author":{"@id":"https:\/\/ethnicelebs.com\/#\/schema\/person\/1157e6ebd5bd76cc2560f4097a85dae8"},"breadcrumb":{"@id":"https:\/\/ethnicelebs.com\/max-bratman#breadcrumb"},"inLanguage":"en-US","potentialAction":[{"@type":"ReadAction","target":["https:\/\/ethnicelebs.com\/max-bratman"]}]},{"@type":"ImageObject","inLanguage":"en-US","@id":"https:\/\/ethnicelebs.com\/max-bratman#primaryimage","url":"https:\/\/ethnicelebs.com\/wp-content\/uploads\/2016\/03\/Max-Bratman.jpg","contentUrl":"https:\/\/ethnicelebs.com\/wp-content\/uploads\/2016\/03\/Max-Bratman.jpg","width":462,"height":630,"caption":"LOS ANGELES - JUL 23: Matthew Rutler, Max Liron Bratman, Summer Rain Rutler arrives for the \"The Emoji Movie\" World Premiere on July 23, 2017 in Westwood, CA"},{"@type":"BreadcrumbList","@id":"https:\/\/ethnicelebs.com\/max-bratman#breadcrumb","itemListElement":[{"@type":"ListItem","position":1,"name":"Home","item":"https:\/\/ethnicelebs.com\/"},{"@type":"ListItem","position":2,"name":"Max Bratman"}]},{"@type":"WebSite","@id":"https:\/\/ethnicelebs.com\/#website","url":"https:\/\/ethnicelebs.com\/","name":"Ethnicity of Celebs | EthniCelebs.com","description":"","potentialAction":[{"@type":"SearchAction","target":{"@type":"EntryPoint","urlTemplate":"https:\/\/ethnicelebs.com\/?s={search_term_string}"},"query-input":{"@type":"PropertyValueSpecification","valueRequired":true,"valueName":"search_term_string"}}],"inLanguage":"en-US"},{"@type":"Person","@id":"https:\/\/ethnicelebs.com\/#\/schema\/person\/1157e6ebd5bd76cc2560f4097a85dae8","name":"savanna","image":{"@type":"ImageObject","inLanguage":"en-US","@id":"https:\/\/secure.gravatar.com\/avatar\/fd854f03e6a3067f173b447ddde368274a79614affe159c0f43434ca732af15c?s=96&d=wavatar&r=g","url":"https:\/\/secure.gravatar.com\/avatar\/fd854f03e6a3067f173b447ddde368274a79614affe159c0f43434ca732af15c?s=96&d=wavatar&r=g","contentUrl":"https:\/\/secure.gravatar.com\/avatar\/fd854f03e6a3067f173b447ddde368274a79614affe159c0f43434ca732af15c?s=96&d=wavatar&r=g","caption":"savanna"},"url":"https:\/\/ethnicelebs.com\/author\/savanna"}]}},"_links":{"self":[{"href":"https:\/\/ethnicelebs.com\/wp-json\/wp\/v2\/posts\/120895","targetHints":{"allow":["GET"]}}],"collection":[{"href":"https:\/\/ethnicelebs.com\/wp-json\/wp\/v2\/posts"}],"about":[{"href":"https:\/\/ethnicelebs.com\/wp-json\/wp\/v2\/types\/post"}],"author":[{"embeddable":true,"href":"https:\/\/ethnicelebs.com\/wp-json\/wp\/v2\/users\/1171"}],"replies":[{"embeddable":true,"href":"https:\/\/ethnicelebs.com\/wp-json\/wp\/v2\/comments?post=120895"}],"version-history":[{"count":11,"href":"https:\/\/ethnicelebs.com\/wp-json\/wp\/v2\/posts\/120895\/revisions"}],"predecessor-version":[{"id":408880,"href":"https:\/\/ethnicelebs.com\/wp-json\/wp\/v2\/posts\/120895\/revisions\/408880"}],"wp:featuredmedia":[{"embeddable":true,"href":"https:\/\/ethnicelebs.com\/wp-json\/wp\/v2\/media\/346447"}],"wp:attachment":[{"href":"https:\/\/ethnicelebs.com\/wp-json\/wp\/v2\/media?parent=120895"}],"wp:term":[{"taxonomy":"category","embeddable":true,"href":"https:\/\/ethnicelebs.com\/wp-json\/wp\/v2\/categories?post=120895"},{"taxonomy":"post_tag","embeddable":true,"href":"https:\/\/ethnicelebs.com\/wp-json\/wp\/v2\/tags?post=120895"}],"curies":[{"name":"wp","href":"https:\/\/api.w.org\/{rel}","templated":true}]}}