{"id":118049,"date":"2016-01-31T19:00:17","date_gmt":"2016-02-01T03:00:17","guid":{"rendered":"http:\/\/ethnicelebs.com\/?p=118049"},"modified":"2025-11-07T00:54:08","modified_gmt":"2025-11-07T08:54:08","slug":"pedro-pascal","status":"publish","type":"post","link":"https:\/\/ethnicelebs.com\/pedro-pascal","title":{"rendered":"Pedro Pascal"},"content":{"rendered":"<div id=\"attachment_118136\" style=\"width: 410px\" class=\"wp-caption alignnone\"><img loading=\"lazy\" decoding=\"async\" aria-describedby=\"caption-attachment-118136\" class=\"wp-image-118136 size-medium\" src=\"http:\/\/ethnicelebs.com\/wp-content\/uploads\/2016\/01\/IHA-025292-Pedro-Pascal-400x600.jpg\" alt=\"72nd Annual Golden Globe Awards - HBO Afterparty - Arrivals\" width=\"400\" height=\"600\" srcset=\"https:\/\/ethnicelebs.com\/wp-content\/uploads\/2016\/01\/IHA-025292-Pedro-Pascal-400x600.jpg 400w, https:\/\/ethnicelebs.com\/wp-content\/uploads\/2016\/01\/IHA-025292-Pedro-Pascal.jpg 666w\" sizes=\"auto, (max-width: 400px) 100vw, 400px\" \/><p id=\"caption-attachment-118136\" class=\"wp-caption-text\">Pascal in 2015, photo by Prphotos<\/p><\/div>\n<p>Birth Name: Jos\u00e9 Pedro Balmaceda Pascal<\/p>\n<p>Place of Birth: Santiago, Chile<\/p>\n<p>Date of Birth: April 2, 1975<\/p>\n<p><strong>Ethnicity: Chilean &#8211; including Spanish [Andalusian, Asturian, Canary Islander, Castilian, Catalan, Extremaduran, Galician], Basque, Indigenous, 1\/16th French, 1\/64th Welsh, remote Portuguese, as well as Argentinian, Bolivian, Mexican, Panamanian, Peruvian<\/strong><\/p>\n<p>Pedro Pascal is a Chilean-American actor. His roles include the shows <em>Game of Thrones<\/em>, <em>Narcos<\/em>, <em>The Mandalorian<\/em>, and <em>The Last of Us<\/em>, and the films <em>The Adjustment Bureau<\/em>, <em>Bloodsucking Bastards<\/em>, <em>The Great Wall<\/em>, <em>Kingsman: The Golden Circle<\/em>, <em>Prospect<\/em>, <em>The Equalizer 2<\/em>, <em>If Beale Street Could Talk<\/em>, <em>Triple Frontier<\/em>, <em>Wonder Woman 1984<\/em>, <em>We Can Be Heroes<\/em>, <em>The Unbearable Weight of Massive Talent<\/em>, <em>The Bubble<\/em>, <em>Eddington<\/em>, <em>Materialists<\/em>, and <em>The Fantastic Four: First Steps<\/em>. In his early work, he was credited as Pedro Balmaceda and Alexander Pascal.<\/p>\n<p>Pedro was born in Santiago, Chile, the son of Ver\u00f3nica Pascal Ureta, a child psychologist, and Jos\u00e9 Pedro Balmaceda Riera, a fertility doctor. His family was upper-class. He has deep roots in Latin America, particularly Chile. His father&#8217;s surname, Balmaceda, is Basque. His mother&#8217;s surname, Pascal, originates with a French maternal great-great-grandfather.<\/p>\n<p>Pedro is a maternal second cousin, once removed, of Chilean Marxist dissident Andr\u00e9s Pascal Allende, who was leader of the militant left Movement of the Revolutionary Left. Andr\u00e9s was a nephew of Chilean President <a href=\"https:\/\/ethnicelebs.com\/salvador-allende\">Salvador Allende<\/a>, to whom Pedro is not directly related. Pedro&#8217;s parents were supporters of Salvador, and left the country after his murder and the arrival of the military dictatorship of ruler Augusto Pinochet; they sought refugee in the Venezuelan embassy in Santiago nine months after Pedro&#8217;s birth, later moving to Denmark, and then to the U.S. Pedro spent much of his childhood in Orange County, California and San Antonio, Texas. In 1995, his father was indicted by a federal grand jury for malfeasance at his fertility clinic, and most of the family returned to Chile.<\/p>\n<p>His sister is actress and transgender activist Lux Pascal, who is mostly active in Chile. Pedro speaks fluent Spanish.<\/p>\n<p>Pedro&#8217;s paternal grandfather was Jos\u00e9 Francisco Balmaceda Bergasa (the son of Paulino Balmaceda Luna\/Arruego and Petronila Del Carmen Bergasa\/Vergara Ochoa). Jos\u00e9 was born in Valpara\u00edso, Chile. Paulino was from Buenos Aires, Argentina. Petronila was the daughter of Jos\u00e9 Saturno Vergara and Maria Luisa Ochoa Medel.<\/p>\n<p>Pedro&#8217;s paternal grandmother was Juanita\/Juana Riera Bauz\u00e1 (the daughter of Melchor Riera Caldentey and Juana Bauz\u00e1 Bauz\u00e1). Juanita&#8217;s brother was professional footballer and coach Fernando Riera. Melchor was born in Palma de Mallorca, Spain, the son of Melchor Riera and Juana Caldentey. Juana was the daughter of Guillermo Bauz\u00e1 and Sebastiana Bauz\u00e1.<\/p>\n<p>Pedro&#8217;s maternal grandfather was Luis Eduardo Gast\u00f3n Pascal Vigil (the son of Luis Eduardo Armando Pascal Vald\u00e9s and In\u00e9s Vigil Olate). Pedro&#8217;s grandfather Luis was born in Vi\u00f1a del Mar, Valpara\u00edso Province, Valparaiso, Chile. Pedro&#8217;s great-grandfather Luis was born in San Pedro de Tacna, Tacna, Peru, the son of Pierre Gast\u00f3n Pascal Thierry, who was born in Bayonne, Pyr\u00e9n\u00e9es-Atlantiques, Aquitaine, France, and of Leonor Vald\u00e9s\/Vald\u00e9z Vizcarra, who was Peruvian. Pedro&#8217;s great-grandmother In\u00e9s was born in Valpara\u00edso, the daughter of Eduardo Vigil Za\u00f1artu and Mar\u00eda Josefa Sabina Olate Aldunate.<\/p>\n<p>Pedro&#8217;s maternal grandmother was Carmen Ureta Varas (the daughter of Federico Guillermo Ureta Cox and Olga Varas Izquierdo). Carmen was born in Santiago, Santiago Metropolitan Region, Chile. Federico was the son of Raimundo Ureta Echazarreta and Adelina Cox M\u00e9ndez. Raimundo&#8217;s brother, Sen. Arturo Ureta Echazarreta, was Minister of Justice of Chile in 1932, among others duties. Adelina&#8217;s grandfather, Agust\u00edn Nathaniel Miers Cox Lloyd, was Welsh, from Grosmont, Monmouthshire, and was a prominent doctor. Pedro&#8217;s great-grandmother Olga was the daughter of Francisco Javier Varas P\u00e9rez and Remedios Izquierdo Varas.<\/p>\n<p>Pedro is a fourth cousin of Chilean filmmaker <a href=\"https:\/\/ethnicelebs.com\/pablo-larrain\">Pablo Larra\u00edn<\/a>. Pedro&#8217;s maternal great-great-great-grandparents, Tadeo Izquierdo Izquierdo and Remedios Varas Guzm\u00e1n, were also Pablo&#8217;s maternal great-great-great-grandparents.<\/p>\n<p><strong>Sources:<\/strong> <a href=\"https:\/\/elpais.com\/elpais\/2017\/09\/21\/tentaciones\/1505997203_489109.html\">https:\/\/elpais.com<\/a><\/p>\n<p>Articles about Pedro&#8217;s father &#8211; <a href=\"https:\/\/embryo.asu.edu\/pages\/jose-pedro-balmaceda-1948\">https:\/\/embryo.asu.edu<\/a><br \/>\n<a href=\"https:\/\/www.nytimes.com\/1996\/04\/26\/world\/fertility-clinics-in-chile-a-tale-of-a-doctor-fleeing-us-law.html\">https:\/\/www.nytimes.com<\/a><\/p>\n<p>Genealogy of Pedro Pascal &#8211; <a href=\"https:\/\/www.geni.com\/people\/Pedro-Pascal\/6000000071105933947\">https:\/\/www.geni.com<\/a><\/p>\n<p>Biographical sketch of Pedro&#8217;s paternal grandfather, Jos\u00e9 Balmaceda Bergasa &#8211; <a href=\"http:\/\/diccionariobiograficodechile.blogspot.ca\/2016\/06\/pagina-98-balmaceda-undurraga.html\">http:\/\/diccionariobiograficodechile.blogspot.ca<\/a><\/p>\n<p>Genealogy of Pedro&#8217;s father (focusing on his own mother&#8217;s side) &#8211; <a href=\"http:\/\/www.genealogiachilenaenred.cl\/gcr\/IndividualPage.aspx?ID=I62125\">http:\/\/www.genealogiachilenaenred.cl<\/a><\/p>\n","protected":false},"excerpt":{"rendered":"<p>&#46;&#46;&#46;<\/p>\n","protected":false},"author":17930,"featured_media":118136,"comment_status":"open","ping_status":"open","sticky":false,"template":"","format":"standard","meta":{"_exactmetrics_skip_tracking":false,"_exactmetrics_sitenote_active":false,"_exactmetrics_sitenote_note":"","_exactmetrics_sitenote_category":0,"footnotes":""},"categories":[1434,84],"tags":[1811,1112,1824,3605,846,802,2057,801,966,941,1888,716,2362,3216,869,1205,1264,1938,688,871,803,706,2537,756,1219,1218,1171,2139,1583,788,3440],"class_list":["post-118049","post","type-post","status-publish","format-standard","has-post-thumbnail","hentry","category-actoractress","category-p-celebs","tag-andalusian","tag-argentinian","tag-asturian","tag-b1975","tag-basque","tag-bolivian","tag-canary-islander","tag-castilian","tag-catalan","tag-chilean","tag-extremaduran","tag-french","tag-french-chilean","tag-french-peruvian","tag-galician","tag-indigenous","tag-indigenous-mexican","tag-indigenous-peruvian","tag-mexican","tag-panamanian","tag-peruvian","tag-portuguese","tag-portuguese-chilean","tag-spanish","tag-spanish-argentinian","tag-spanish-chilean","tag-spanish-mexican","tag-spanish-panamanian","tag-spanish-peruvian","tag-welsh","tag-welsh-chilean"],"yoast_head":"<!-- This site is optimized with the Yoast SEO plugin v27.4 - https:\/\/yoast.com\/product\/yoast-seo-wordpress\/ -->\n<title>Pedro Pascal - Ethnicity of Celebs | EthniCelebs.com<\/title>\n<meta name=\"robots\" content=\"index, follow, max-snippet:-1, max-image-preview:large, max-video-preview:-1\" \/>\n<link rel=\"canonical\" href=\"https:\/\/ethnicelebs.com\/pedro-pascal\" \/>\n<meta property=\"og:locale\" content=\"en_US\" \/>\n<meta property=\"og:type\" content=\"article\" \/>\n<meta property=\"og:title\" content=\"Pedro Pascal - Ethnicity of Celebs | EthniCelebs.com\" \/>\n<meta property=\"og:description\" content=\"&#046;&#046;&#046;\" \/>\n<meta property=\"og:url\" content=\"https:\/\/ethnicelebs.com\/pedro-pascal\" \/>\n<meta property=\"og:site_name\" content=\"Ethnicity of Celebs | EthniCelebs.com\" \/>\n<meta property=\"article:published_time\" content=\"2016-02-01T03:00:17+00:00\" \/>\n<meta property=\"article:modified_time\" content=\"2025-11-07T08:54:08+00:00\" \/>\n<meta property=\"og:image\" content=\"https:\/\/ethnicelebs.com\/wp-content\/uploads\/2016\/01\/IHA-025292-Pedro-Pascal.jpg\" \/>\n\t<meta property=\"og:image:width\" content=\"666\" \/>\n\t<meta property=\"og:image:height\" content=\"1000\" \/>\n\t<meta property=\"og:image:type\" content=\"image\/jpeg\" \/>\n<meta name=\"author\" content=\"wanderer\" \/>\n<meta name=\"twitter:card\" content=\"summary_large_image\" \/>\n<meta name=\"twitter:label1\" content=\"Written by\" \/>\n\t<meta name=\"twitter:data1\" content=\"wanderer\" \/>\n\t<meta name=\"twitter:label2\" content=\"Est. reading time\" \/>\n\t<meta name=\"twitter:data2\" content=\"4 minutes\" \/>\n<script type=\"application\/ld+json\" class=\"yoast-schema-graph\">{\"@context\":\"https:\\\/\\\/schema.org\",\"@graph\":[{\"@type\":\"Article\",\"@id\":\"https:\\\/\\\/ethnicelebs.com\\\/pedro-pascal#article\",\"isPartOf\":{\"@id\":\"https:\\\/\\\/ethnicelebs.com\\\/pedro-pascal\"},\"author\":{\"name\":\"wanderer\",\"@id\":\"https:\\\/\\\/ethnicelebs.com\\\/#\\\/schema\\\/person\\\/7771decfc7f6af6c84d56f89954db367\"},\"headline\":\"Pedro Pascal\",\"datePublished\":\"2016-02-01T03:00:17+00:00\",\"dateModified\":\"2025-11-07T08:54:08+00:00\",\"mainEntityOfPage\":{\"@id\":\"https:\\\/\\\/ethnicelebs.com\\\/pedro-pascal\"},\"wordCount\":719,\"commentCount\":116,\"image\":{\"@id\":\"https:\\\/\\\/ethnicelebs.com\\\/pedro-pascal#primaryimage\"},\"thumbnailUrl\":\"https:\\\/\\\/ethnicelebs.com\\\/wp-content\\\/uploads\\\/2016\\\/01\\\/IHA-025292-Pedro-Pascal.jpg\",\"keywords\":[\"Andalusian\",\"Argentinian\",\"Asturian\",\"b1975\",\"basque\",\"Bolivian\",\"Canary Islander\",\"Castilian\",\"Catalan\",\"Chilean\",\"Extremaduran\",\"French\",\"French-Chilean\",\"French-Peruvian\",\"Galician\",\"Indigenous\",\"Indigenous Mexican\",\"Indigenous Peruvian\",\"Mexican\",\"panamanian\",\"Peruvian\",\"Portuguese\",\"Portuguese-Chilean\",\"Spanish\",\"Spanish-Argentinian\",\"Spanish-Chilean\",\"Spanish-Mexican\",\"Spanish-Panamanian\",\"Spanish-Peruvian\",\"Welsh\",\"Welsh-Chilean\"],\"articleSection\":[\"1 Actor\\\/Actress\",\"P\"],\"inLanguage\":\"en-US\",\"potentialAction\":[{\"@type\":\"CommentAction\",\"name\":\"Comment\",\"target\":[\"https:\\\/\\\/ethnicelebs.com\\\/pedro-pascal#respond\"]}]},{\"@type\":\"WebPage\",\"@id\":\"https:\\\/\\\/ethnicelebs.com\\\/pedro-pascal\",\"url\":\"https:\\\/\\\/ethnicelebs.com\\\/pedro-pascal\",\"name\":\"Pedro Pascal - Ethnicity of Celebs | EthniCelebs.com\",\"isPartOf\":{\"@id\":\"https:\\\/\\\/ethnicelebs.com\\\/#website\"},\"primaryImageOfPage\":{\"@id\":\"https:\\\/\\\/ethnicelebs.com\\\/pedro-pascal#primaryimage\"},\"image\":{\"@id\":\"https:\\\/\\\/ethnicelebs.com\\\/pedro-pascal#primaryimage\"},\"thumbnailUrl\":\"https:\\\/\\\/ethnicelebs.com\\\/wp-content\\\/uploads\\\/2016\\\/01\\\/IHA-025292-Pedro-Pascal.jpg\",\"datePublished\":\"2016-02-01T03:00:17+00:00\",\"dateModified\":\"2025-11-07T08:54:08+00:00\",\"author\":{\"@id\":\"https:\\\/\\\/ethnicelebs.com\\\/#\\\/schema\\\/person\\\/7771decfc7f6af6c84d56f89954db367\"},\"breadcrumb\":{\"@id\":\"https:\\\/\\\/ethnicelebs.com\\\/pedro-pascal#breadcrumb\"},\"inLanguage\":\"en-US\",\"potentialAction\":[{\"@type\":\"ReadAction\",\"target\":[\"https:\\\/\\\/ethnicelebs.com\\\/pedro-pascal\"]}]},{\"@type\":\"ImageObject\",\"inLanguage\":\"en-US\",\"@id\":\"https:\\\/\\\/ethnicelebs.com\\\/pedro-pascal#primaryimage\",\"url\":\"https:\\\/\\\/ethnicelebs.com\\\/wp-content\\\/uploads\\\/2016\\\/01\\\/IHA-025292-Pedro-Pascal.jpg\",\"contentUrl\":\"https:\\\/\\\/ethnicelebs.com\\\/wp-content\\\/uploads\\\/2016\\\/01\\\/IHA-025292-Pedro-Pascal.jpg\",\"width\":666,\"height\":1000},{\"@type\":\"BreadcrumbList\",\"@id\":\"https:\\\/\\\/ethnicelebs.com\\\/pedro-pascal#breadcrumb\",\"itemListElement\":[{\"@type\":\"ListItem\",\"position\":1,\"name\":\"Home\",\"item\":\"https:\\\/\\\/ethnicelebs.com\\\/\"},{\"@type\":\"ListItem\",\"position\":2,\"name\":\"Pedro Pascal\"}]},{\"@type\":\"WebSite\",\"@id\":\"https:\\\/\\\/ethnicelebs.com\\\/#website\",\"url\":\"https:\\\/\\\/ethnicelebs.com\\\/\",\"name\":\"Ethnicity of Celebs | EthniCelebs.com\",\"description\":\"\",\"potentialAction\":[{\"@type\":\"SearchAction\",\"target\":{\"@type\":\"EntryPoint\",\"urlTemplate\":\"https:\\\/\\\/ethnicelebs.com\\\/?s={search_term_string}\"},\"query-input\":{\"@type\":\"PropertyValueSpecification\",\"valueRequired\":true,\"valueName\":\"search_term_string\"}}],\"inLanguage\":\"en-US\"},{\"@type\":\"Person\",\"@id\":\"https:\\\/\\\/ethnicelebs.com\\\/#\\\/schema\\\/person\\\/7771decfc7f6af6c84d56f89954db367\",\"name\":\"wanderer\",\"image\":{\"@type\":\"ImageObject\",\"inLanguage\":\"en-US\",\"@id\":\"https:\\\/\\\/secure.gravatar.com\\\/avatar\\\/2f0fb3feb0a33ab90f0552e0eef3f91af7fdb2bc62114d42af78e8aba15be19c?s=96&d=wavatar&r=g\",\"url\":\"https:\\\/\\\/secure.gravatar.com\\\/avatar\\\/2f0fb3feb0a33ab90f0552e0eef3f91af7fdb2bc62114d42af78e8aba15be19c?s=96&d=wavatar&r=g\",\"contentUrl\":\"https:\\\/\\\/secure.gravatar.com\\\/avatar\\\/2f0fb3feb0a33ab90f0552e0eef3f91af7fdb2bc62114d42af78e8aba15be19c?s=96&d=wavatar&r=g\",\"caption\":\"wanderer\"},\"url\":\"https:\\\/\\\/ethnicelebs.com\\\/author\\\/wanderer\"}]}<\/script>\n<!-- \/ Yoast SEO plugin. -->","yoast_head_json":{"title":"Pedro Pascal - Ethnicity of Celebs | EthniCelebs.com","robots":{"index":"index","follow":"follow","max-snippet":"max-snippet:-1","max-image-preview":"max-image-preview:large","max-video-preview":"max-video-preview:-1"},"canonical":"https:\/\/ethnicelebs.com\/pedro-pascal","og_locale":"en_US","og_type":"article","og_title":"Pedro Pascal - Ethnicity of Celebs | EthniCelebs.com","og_description":"&#46;&#46;&#46;","og_url":"https:\/\/ethnicelebs.com\/pedro-pascal","og_site_name":"Ethnicity of Celebs | EthniCelebs.com","article_published_time":"2016-02-01T03:00:17+00:00","article_modified_time":"2025-11-07T08:54:08+00:00","og_image":[{"width":666,"height":1000,"url":"https:\/\/ethnicelebs.com\/wp-content\/uploads\/2016\/01\/IHA-025292-Pedro-Pascal.jpg","type":"image\/jpeg"}],"author":"wanderer","twitter_card":"summary_large_image","twitter_misc":{"Written by":"wanderer","Est. reading time":"4 minutes"},"schema":{"@context":"https:\/\/schema.org","@graph":[{"@type":"Article","@id":"https:\/\/ethnicelebs.com\/pedro-pascal#article","isPartOf":{"@id":"https:\/\/ethnicelebs.com\/pedro-pascal"},"author":{"name":"wanderer","@id":"https:\/\/ethnicelebs.com\/#\/schema\/person\/7771decfc7f6af6c84d56f89954db367"},"headline":"Pedro Pascal","datePublished":"2016-02-01T03:00:17+00:00","dateModified":"2025-11-07T08:54:08+00:00","mainEntityOfPage":{"@id":"https:\/\/ethnicelebs.com\/pedro-pascal"},"wordCount":719,"commentCount":116,"image":{"@id":"https:\/\/ethnicelebs.com\/pedro-pascal#primaryimage"},"thumbnailUrl":"https:\/\/ethnicelebs.com\/wp-content\/uploads\/2016\/01\/IHA-025292-Pedro-Pascal.jpg","keywords":["Andalusian","Argentinian","Asturian","b1975","basque","Bolivian","Canary Islander","Castilian","Catalan","Chilean","Extremaduran","French","French-Chilean","French-Peruvian","Galician","Indigenous","Indigenous Mexican","Indigenous Peruvian","Mexican","panamanian","Peruvian","Portuguese","Portuguese-Chilean","Spanish","Spanish-Argentinian","Spanish-Chilean","Spanish-Mexican","Spanish-Panamanian","Spanish-Peruvian","Welsh","Welsh-Chilean"],"articleSection":["1 Actor\/Actress","P"],"inLanguage":"en-US","potentialAction":[{"@type":"CommentAction","name":"Comment","target":["https:\/\/ethnicelebs.com\/pedro-pascal#respond"]}]},{"@type":"WebPage","@id":"https:\/\/ethnicelebs.com\/pedro-pascal","url":"https:\/\/ethnicelebs.com\/pedro-pascal","name":"Pedro Pascal - Ethnicity of Celebs | EthniCelebs.com","isPartOf":{"@id":"https:\/\/ethnicelebs.com\/#website"},"primaryImageOfPage":{"@id":"https:\/\/ethnicelebs.com\/pedro-pascal#primaryimage"},"image":{"@id":"https:\/\/ethnicelebs.com\/pedro-pascal#primaryimage"},"thumbnailUrl":"https:\/\/ethnicelebs.com\/wp-content\/uploads\/2016\/01\/IHA-025292-Pedro-Pascal.jpg","datePublished":"2016-02-01T03:00:17+00:00","dateModified":"2025-11-07T08:54:08+00:00","author":{"@id":"https:\/\/ethnicelebs.com\/#\/schema\/person\/7771decfc7f6af6c84d56f89954db367"},"breadcrumb":{"@id":"https:\/\/ethnicelebs.com\/pedro-pascal#breadcrumb"},"inLanguage":"en-US","potentialAction":[{"@type":"ReadAction","target":["https:\/\/ethnicelebs.com\/pedro-pascal"]}]},{"@type":"ImageObject","inLanguage":"en-US","@id":"https:\/\/ethnicelebs.com\/pedro-pascal#primaryimage","url":"https:\/\/ethnicelebs.com\/wp-content\/uploads\/2016\/01\/IHA-025292-Pedro-Pascal.jpg","contentUrl":"https:\/\/ethnicelebs.com\/wp-content\/uploads\/2016\/01\/IHA-025292-Pedro-Pascal.jpg","width":666,"height":1000},{"@type":"BreadcrumbList","@id":"https:\/\/ethnicelebs.com\/pedro-pascal#breadcrumb","itemListElement":[{"@type":"ListItem","position":1,"name":"Home","item":"https:\/\/ethnicelebs.com\/"},{"@type":"ListItem","position":2,"name":"Pedro Pascal"}]},{"@type":"WebSite","@id":"https:\/\/ethnicelebs.com\/#website","url":"https:\/\/ethnicelebs.com\/","name":"Ethnicity of Celebs | EthniCelebs.com","description":"","potentialAction":[{"@type":"SearchAction","target":{"@type":"EntryPoint","urlTemplate":"https:\/\/ethnicelebs.com\/?s={search_term_string}"},"query-input":{"@type":"PropertyValueSpecification","valueRequired":true,"valueName":"search_term_string"}}],"inLanguage":"en-US"},{"@type":"Person","@id":"https:\/\/ethnicelebs.com\/#\/schema\/person\/7771decfc7f6af6c84d56f89954db367","name":"wanderer","image":{"@type":"ImageObject","inLanguage":"en-US","@id":"https:\/\/secure.gravatar.com\/avatar\/2f0fb3feb0a33ab90f0552e0eef3f91af7fdb2bc62114d42af78e8aba15be19c?s=96&d=wavatar&r=g","url":"https:\/\/secure.gravatar.com\/avatar\/2f0fb3feb0a33ab90f0552e0eef3f91af7fdb2bc62114d42af78e8aba15be19c?s=96&d=wavatar&r=g","contentUrl":"https:\/\/secure.gravatar.com\/avatar\/2f0fb3feb0a33ab90f0552e0eef3f91af7fdb2bc62114d42af78e8aba15be19c?s=96&d=wavatar&r=g","caption":"wanderer"},"url":"https:\/\/ethnicelebs.com\/author\/wanderer"}]}},"_links":{"self":[{"href":"https:\/\/ethnicelebs.com\/wp-json\/wp\/v2\/posts\/118049","targetHints":{"allow":["GET"]}}],"collection":[{"href":"https:\/\/ethnicelebs.com\/wp-json\/wp\/v2\/posts"}],"about":[{"href":"https:\/\/ethnicelebs.com\/wp-json\/wp\/v2\/types\/post"}],"author":[{"embeddable":true,"href":"https:\/\/ethnicelebs.com\/wp-json\/wp\/v2\/users\/17930"}],"replies":[{"embeddable":true,"href":"https:\/\/ethnicelebs.com\/wp-json\/wp\/v2\/comments?post=118049"}],"version-history":[{"count":34,"href":"https:\/\/ethnicelebs.com\/wp-json\/wp\/v2\/posts\/118049\/revisions"}],"predecessor-version":[{"id":398979,"href":"https:\/\/ethnicelebs.com\/wp-json\/wp\/v2\/posts\/118049\/revisions\/398979"}],"wp:featuredmedia":[{"embeddable":true,"href":"https:\/\/ethnicelebs.com\/wp-json\/wp\/v2\/media\/118136"}],"wp:attachment":[{"href":"https:\/\/ethnicelebs.com\/wp-json\/wp\/v2\/media?parent=118049"}],"wp:term":[{"taxonomy":"category","embeddable":true,"href":"https:\/\/ethnicelebs.com\/wp-json\/wp\/v2\/categories?post=118049"},{"taxonomy":"post_tag","embeddable":true,"href":"https:\/\/ethnicelebs.com\/wp-json\/wp\/v2\/tags?post=118049"}],"curies":[{"name":"wp","href":"https:\/\/api.w.org\/{rel}","templated":true}]}}