{"id":9928,"date":"2013-03-24T09:28:04","date_gmt":"2013-03-24T16:28:04","guid":{"rendered":"http:\/\/www.elojocojo.org\/blog2\/?p=9928"},"modified":"2025-09-18T10:58:48","modified_gmt":"2025-09-18T08:58:48","slug":"nora","status":"publish","type":"post","link":"https:\/\/elojocojo.org\/nora\/","title":{"rendered":"Nora"},"content":{"rendered":"\n<figure class=\"wp-block-embed is-type-video is-provider-youtube wp-block-embed-youtube wp-embed-aspect-4-3 wp-has-aspect-ratio\"><div class=\"wp-block-embed__wrapper\">\n<iframe title=\"Trailer  Nora\" width=\"1140\" height=\"855\" src=\"https:\/\/www.youtube.com\/embed\/s9xf_g-qpjg?feature=oembed\" frameborder=\"0\" allow=\"accelerometer; autoplay; clipboard-write; encrypted-media; gyroscope; picture-in-picture; web-share\" allowfullscreen><\/iframe>\n<\/div><\/figure>\n\n\n<p><strong>T\u00cdTULO ORIGINAL<\/strong>: Nora<br \/><strong>A\u00d1O<\/strong>: 2008<br \/><strong>DIRECTOR<\/strong>: David Hinton, Alla Kovgan<br \/><strong>G\u00c9NERO<\/strong> cinematogr\u00e1fico: Documental<br \/><strong>DURACI\u00d3N<\/strong>: 35&#8242;<br \/><strong>PA\u00cdS<\/strong>: EE.UU., Inglaterra y Mozambique<br \/><strong>FORMATO ORIGINAL<\/strong>: HD (1080-59.96i)<br \/><strong>TIPO<\/strong>: Blanco y negro<br \/><strong>IDIOMA ORIGINAL<\/strong>: Ingl\u00e9s<br \/><strong>SUBT\u00cdTULOS<\/strong>: Ingl\u00e9s y franc\u00e9s<br \/><strong>PRODUCCI\u00d3N<\/strong>: Joan Frosch<br \/><strong>GUI\u00d3N<\/strong>: Alla Kovgan, David Hinton y Nora Chipaumire<br \/><strong>EDICI\u00d3N\/MONTAJE<\/strong>: Alla Kovgan<br \/><strong>DIRECCI\u00d3N DE FOTOGRAF\u00cdA<\/strong>: Mkrtich Malkhasyan<br \/><strong>SONIDO<\/strong>: Richard Boch<br \/><strong>M\u00daSICA<\/strong>: Thomas Mapfumo<\/p>\n<p><strong>Sinopsis:<\/strong><\/p>\n<p>\u00abNora\u00bb, dirigida por David Hinton y Alla Kovgan, y coreografiada por Nora A. Chipaumire, es un cortometraje que se basa en historias reales de la vida de Nora Chipaumire, nacida en Zimbabwe en 1965. En esta pel\u00edcula, Nora regresa al paisaje de su infancia y emprende un viaje a trav\u00e9s de los momentos de su memoria juvenil.<\/p>\n<p>Nos sumerge en los dramas familiares, las historias de amor complicadas y las pol\u00edticas militantes que marcaron su vida. A trav\u00e9s de im\u00e1genes evocadoras y narraciones personales, se nos presenta una visi\u00f3n \u00edntima de su experiencia y su conexi\u00f3n con su pasado.<\/p>\n<p>Nos invita a adentrarnos en la complejidad de la vida de esta artista y activista, y a reconocer la importancia de escuchar y dar voz a las historias personales y las experiencias individuales. A trav\u00e9s de su narrativa emotiva y sus representaciones visuales, la pel\u00edcula nos brinda una mirada conmovedora y profunda de su vida y las fuerzas que han moldeado su identidad.<\/p>\n<p>&nbsp; y las fuerzas que han moldeado su identidad.<\/p>\n\n\n<p>El filme Nora particip\u00f3 en la edici\u00f3n <strong>2009<\/strong> del <a href=\"https:\/\/elojocojo.org\/category\/festival-2009\/\" target=\"_blank\" rel=\"noreferrer noopener\"><strong>Festival de cine el ojO cojo<\/strong> <\/a>en ese sentido nos sentimos honrados de haberla exhibido.<\/p>\n\n\n\n<p>Visita nuestro blog <a href=\"https:\/\/el-ojocojo.blogspot.com\/\" target=\"_blank\" rel=\"noreferrer noopener\">https:\/\/el-ojocojo.blogspot.com\/<\/a><\/p>\n","protected":false},"excerpt":{"rendered":"<p>Nora vuelve al paisaje de su infancia y tiene un recorrido por algunos v\u00edvidos recuerdos de su juventud.<\/p>\n","protected":false},"author":11,"featured_media":21362,"comment_status":"closed","ping_status":"open","sticky":false,"template":"","format":"standard","meta":{"_monsterinsights_skip_tracking":false,"_monsterinsights_sitenote_active":false,"_monsterinsights_sitenote_note":"","_monsterinsights_sitenote_category":0,"footnotes":""},"categories":[2053,2],"tags":[1914,1888,112,936,941,2047,1891,1887,1272,1737,1893,1886,1258,15,1981,1982,1060,1457,2118,288,1142,1017,91,1892,85,2004,179,1896,926],"class_list":{"0":"post-9928","1":"post","2":"type-post","3":"status-publish","4":"format-standard","5":"has-post-thumbnail","7":"category-documental","8":"category-festival-2009","9":"tag-1914","10":"tag-agenda-2030","11":"tag-amor","12":"tag-artista","13":"tag-cine","14":"tag-comunicacion","15":"tag-cultura-audiovisual","16":"tag-desarrollo-sostenible","17":"tag-discriminacion-sexual","18":"tag-drama","19":"tag-educar-en-valores","20":"tag-el-ojo-cojo","21":"tag-empoderamiento","22":"tag-familia","23":"tag-festival-de-cine","24":"tag-festival-el-ojo-cojo","25":"tag-igualdad-de-genero","26":"tag-inglaterra","27":"tag-ingles","28":"tag-jovenes","29":"tag-machismo","30":"tag-mozambique","31":"tag-mujer","32":"tag-objetivos-de-desarrollo-sostenible","33":"tag-pareja","34":"tag-peliculas","35":"tag-politica","36":"tag-videoteca","37":"tag-violencia-de-genero","38":"czr-hentry"},"yoast_head":"<!-- This site is optimized with the Yoast SEO plugin v27.1.1 - https:\/\/yoast.com\/product\/yoast-seo-wordpress\/ -->\n<title>Nora - el ojO cojo<\/title>\n<meta name=\"description\" content=\"Nora exhibida en la edici\u00f3n 2009 del Festival el ojO cojo. Pa\u00eds, EE.UU, Inglaterra, Mozambique. Dirigido por David Hinton, Alla Kovgan.\" \/>\n<meta name=\"robots\" content=\"index, follow, max-snippet:-1, max-image-preview:large, max-video-preview:-1\" \/>\n<link rel=\"canonical\" href=\"https:\/\/elojocojo.org\/nora\/\" \/>\n<meta property=\"og:locale\" content=\"es_ES\" \/>\n<meta property=\"og:type\" content=\"article\" \/>\n<meta property=\"og:title\" content=\"Nora - el ojO cojo\" \/>\n<meta property=\"og:description\" content=\"Nora exhibida en la edici\u00f3n 2009 del Festival el ojO cojo. Pa\u00eds, EE.UU, Inglaterra, Mozambique. Dirigido por David Hinton, Alla Kovgan.\" \/>\n<meta property=\"og:url\" content=\"https:\/\/elojocojo.org\/nora\/\" \/>\n<meta property=\"og:site_name\" content=\"el ojO cojo\" \/>\n<meta property=\"article:publisher\" content=\"https:\/\/www.facebook.com\/elojocojo\" \/>\n<meta property=\"article:published_time\" content=\"2013-03-24T16:28:04+00:00\" \/>\n<meta property=\"article:modified_time\" content=\"2025-09-18T08:58:48+00:00\" \/>\n<meta property=\"og:image\" content=\"https:\/\/elojocojo.org\/wp-content\/uploads\/2020\/05\/nora-poster-2019-scaled.jpg\" \/>\n\t<meta property=\"og:image:width\" content=\"304\" \/>\n\t<meta property=\"og:image:height\" content=\"470\" \/>\n\t<meta property=\"og:image:type\" content=\"image\/jpeg\" \/>\n<meta name=\"author\" content=\"cojo\" \/>\n<meta name=\"twitter:card\" content=\"summary_large_image\" \/>\n<meta name=\"twitter:creator\" content=\"@elojocojo\" \/>\n<meta name=\"twitter:site\" content=\"@elojocojo\" \/>\n<meta name=\"twitter:label1\" content=\"Escrito por\" \/>\n\t<meta name=\"twitter:data1\" content=\"cojo\" \/>\n\t<meta name=\"twitter:label2\" content=\"Tiempo de lectura\" \/>\n\t<meta name=\"twitter:data2\" content=\"1 minuto\" \/>\n<script type=\"application\/ld+json\" class=\"yoast-schema-graph\">{\"@context\":\"https:\/\/schema.org\",\"@graph\":[{\"@type\":\"Article\",\"@id\":\"https:\/\/elojocojo.org\/nora\/#article\",\"isPartOf\":{\"@id\":\"https:\/\/elojocojo.org\/nora\/\"},\"author\":{\"name\":\"cojo\",\"@id\":\"https:\/\/elojocojo.org\/#\/schema\/person\/cba15985dd5da095cac31c1ff0d6e23e\"},\"headline\":\"Nora\",\"datePublished\":\"2013-03-24T16:28:04+00:00\",\"dateModified\":\"2025-09-18T08:58:48+00:00\",\"mainEntityOfPage\":{\"@id\":\"https:\/\/elojocojo.org\/nora\/\"},\"wordCount\":298,\"publisher\":{\"@id\":\"https:\/\/elojocojo.org\/#organization\"},\"image\":{\"@id\":\"https:\/\/elojocojo.org\/nora\/#primaryimage\"},\"thumbnailUrl\":\"https:\/\/elojocojo.org\/wp-content\/uploads\/2020\/05\/nora-poster-2019-scaled.jpg\",\"keywords\":[\"2009\",\"Agenda 2030\",\"amor\",\"artista\",\"cine\",\"comunicaci\u00f3n\",\"cultura audiovisual\",\"Desarrollo sostenible\",\"discriminaci\u00f3n sexual\",\"drama\",\"educar en valores\",\"el Ojo cojo\",\"empoderamiento\",\"familia\",\"festival de cine\",\"Festival el Ojo cojo\",\"igualdad de g\u00e9nero\",\"Inglaterra\",\"ingl\u00e9s\",\"j\u00f3venes\",\"machismo\",\"Mozambique\",\"mujer\",\"Objetivos de Desarrollo Sostenible\",\"pareja\",\"pel\u00edculas\",\"pol\u00edtica\",\"Videoteca\",\"violencia de g\u00e9nero\"],\"articleSection\":[\"Documental\",\"Festival 2009\"],\"inLanguage\":\"es\"},{\"@type\":\"WebPage\",\"@id\":\"https:\/\/elojocojo.org\/nora\/\",\"url\":\"https:\/\/elojocojo.org\/nora\/\",\"name\":\"Nora - el ojO cojo\",\"isPartOf\":{\"@id\":\"https:\/\/elojocojo.org\/#website\"},\"primaryImageOfPage\":{\"@id\":\"https:\/\/elojocojo.org\/nora\/#primaryimage\"},\"image\":{\"@id\":\"https:\/\/elojocojo.org\/nora\/#primaryimage\"},\"thumbnailUrl\":\"https:\/\/elojocojo.org\/wp-content\/uploads\/2020\/05\/nora-poster-2019-scaled.jpg\",\"datePublished\":\"2013-03-24T16:28:04+00:00\",\"dateModified\":\"2025-09-18T08:58:48+00:00\",\"description\":\"Nora exhibida en la edici\u00f3n 2009 del Festival el ojO cojo. Pa\u00eds, EE.UU, Inglaterra, Mozambique. Dirigido por David Hinton, Alla Kovgan.\",\"breadcrumb\":{\"@id\":\"https:\/\/elojocojo.org\/nora\/#breadcrumb\"},\"inLanguage\":\"es\",\"potentialAction\":[{\"@type\":\"ReadAction\",\"target\":[\"https:\/\/elojocojo.org\/nora\/\"]}]},{\"@type\":\"ImageObject\",\"inLanguage\":\"es\",\"@id\":\"https:\/\/elojocojo.org\/nora\/#primaryimage\",\"url\":\"https:\/\/elojocojo.org\/wp-content\/uploads\/2020\/05\/nora-poster-2019-scaled.jpg\",\"contentUrl\":\"https:\/\/elojocojo.org\/wp-content\/uploads\/2020\/05\/nora-poster-2019-scaled.jpg\",\"width\":304,\"height\":470,\"caption\":\"nora\"},{\"@type\":\"BreadcrumbList\",\"@id\":\"https:\/\/elojocojo.org\/nora\/#breadcrumb\",\"itemListElement\":[{\"@type\":\"ListItem\",\"position\":1,\"name\":\"Portada\",\"item\":\"https:\/\/elojocojo.org\/\"},{\"@type\":\"ListItem\",\"position\":2,\"name\":\"2009\",\"item\":\"https:\/\/elojocojo.org\/tag\/2009\/\"},{\"@type\":\"ListItem\",\"position\":3,\"name\":\"Nora\"}]},{\"@type\":\"WebSite\",\"@id\":\"https:\/\/elojocojo.org\/#website\",\"url\":\"https:\/\/elojocojo.org\/\",\"name\":\"el ojO cojo\",\"description\":\"Todos estamos hechos de la misma esencia\",\"publisher\":{\"@id\":\"https:\/\/elojocojo.org\/#organization\"},\"potentialAction\":[{\"@type\":\"SearchAction\",\"target\":{\"@type\":\"EntryPoint\",\"urlTemplate\":\"https:\/\/elojocojo.org\/?s={search_term_string}\"},\"query-input\":{\"@type\":\"PropertyValueSpecification\",\"valueRequired\":true,\"valueName\":\"search_term_string\"}}],\"inLanguage\":\"es\"},{\"@type\":\"Organization\",\"@id\":\"https:\/\/elojocojo.org\/#organization\",\"name\":\"Meigas da r\u00faa\",\"url\":\"https:\/\/elojocojo.org\/\",\"logo\":{\"@type\":\"ImageObject\",\"inLanguage\":\"es\",\"@id\":\"https:\/\/elojocojo.org\/#\/schema\/logo\/image\/\",\"url\":\"https:\/\/meigasdarua.org\/wp-content\/uploads\/2020\/09\/cropped-logo-meigas-5.png\",\"contentUrl\":\"https:\/\/meigasdarua.org\/wp-content\/uploads\/2020\/09\/cropped-logo-meigas-5.png\",\"width\":109,\"height\":200,\"caption\":\"Meigas da r\u00faa\"},\"image\":{\"@id\":\"https:\/\/elojocojo.org\/#\/schema\/logo\/image\/\"},\"sameAs\":[\"https:\/\/www.facebook.com\/elojocojo\",\"https:\/\/x.com\/elojocojo\",\"https:\/\/www.instagram.com\/elojocojo\/?hl=es\",\"https:\/\/www.linkedin.com\/in\/el-ojo-cojo-b52b7769\/\",\"https:\/\/www.pinterest.es\/elojocojo\/_saved\/\",\"https:\/\/www.youtube.com\/channel\/UCkFtFTV0Bms7zH7vq8FZxZg\"]},{\"@type\":\"Person\",\"@id\":\"https:\/\/elojocojo.org\/#\/schema\/person\/cba15985dd5da095cac31c1ff0d6e23e\",\"name\":\"cojo\",\"url\":\"https:\/\/elojocojo.org\/author\/cojo\/\"}]}<\/script>\n<!-- \/ Yoast SEO plugin. -->","yoast_head_json":{"title":"Nora - el ojO cojo","description":"Nora exhibida en la edici\u00f3n 2009 del Festival el ojO cojo. Pa\u00eds, EE.UU, Inglaterra, Mozambique. Dirigido por David Hinton, Alla Kovgan.","robots":{"index":"index","follow":"follow","max-snippet":"max-snippet:-1","max-image-preview":"max-image-preview:large","max-video-preview":"max-video-preview:-1"},"canonical":"https:\/\/elojocojo.org\/nora\/","og_locale":"es_ES","og_type":"article","og_title":"Nora - el ojO cojo","og_description":"Nora exhibida en la edici\u00f3n 2009 del Festival el ojO cojo. Pa\u00eds, EE.UU, Inglaterra, Mozambique. Dirigido por David Hinton, Alla Kovgan.","og_url":"https:\/\/elojocojo.org\/nora\/","og_site_name":"el ojO cojo","article_publisher":"https:\/\/www.facebook.com\/elojocojo","article_published_time":"2013-03-24T16:28:04+00:00","article_modified_time":"2025-09-18T08:58:48+00:00","og_image":[{"width":304,"height":470,"url":"https:\/\/elojocojo.org\/wp-content\/uploads\/2020\/05\/nora-poster-2019-scaled.jpg","type":"image\/jpeg"}],"author":"cojo","twitter_card":"summary_large_image","twitter_creator":"@elojocojo","twitter_site":"@elojocojo","twitter_misc":{"Escrito por":"cojo","Tiempo de lectura":"1 minuto"},"schema":{"@context":"https:\/\/schema.org","@graph":[{"@type":"Article","@id":"https:\/\/elojocojo.org\/nora\/#article","isPartOf":{"@id":"https:\/\/elojocojo.org\/nora\/"},"author":{"name":"cojo","@id":"https:\/\/elojocojo.org\/#\/schema\/person\/cba15985dd5da095cac31c1ff0d6e23e"},"headline":"Nora","datePublished":"2013-03-24T16:28:04+00:00","dateModified":"2025-09-18T08:58:48+00:00","mainEntityOfPage":{"@id":"https:\/\/elojocojo.org\/nora\/"},"wordCount":298,"publisher":{"@id":"https:\/\/elojocojo.org\/#organization"},"image":{"@id":"https:\/\/elojocojo.org\/nora\/#primaryimage"},"thumbnailUrl":"https:\/\/elojocojo.org\/wp-content\/uploads\/2020\/05\/nora-poster-2019-scaled.jpg","keywords":["2009","Agenda 2030","amor","artista","cine","comunicaci\u00f3n","cultura audiovisual","Desarrollo sostenible","discriminaci\u00f3n sexual","drama","educar en valores","el Ojo cojo","empoderamiento","familia","festival de cine","Festival el Ojo cojo","igualdad de g\u00e9nero","Inglaterra","ingl\u00e9s","j\u00f3venes","machismo","Mozambique","mujer","Objetivos de Desarrollo Sostenible","pareja","pel\u00edculas","pol\u00edtica","Videoteca","violencia de g\u00e9nero"],"articleSection":["Documental","Festival 2009"],"inLanguage":"es"},{"@type":"WebPage","@id":"https:\/\/elojocojo.org\/nora\/","url":"https:\/\/elojocojo.org\/nora\/","name":"Nora - el ojO cojo","isPartOf":{"@id":"https:\/\/elojocojo.org\/#website"},"primaryImageOfPage":{"@id":"https:\/\/elojocojo.org\/nora\/#primaryimage"},"image":{"@id":"https:\/\/elojocojo.org\/nora\/#primaryimage"},"thumbnailUrl":"https:\/\/elojocojo.org\/wp-content\/uploads\/2020\/05\/nora-poster-2019-scaled.jpg","datePublished":"2013-03-24T16:28:04+00:00","dateModified":"2025-09-18T08:58:48+00:00","description":"Nora exhibida en la edici\u00f3n 2009 del Festival el ojO cojo. Pa\u00eds, EE.UU, Inglaterra, Mozambique. Dirigido por David Hinton, Alla Kovgan.","breadcrumb":{"@id":"https:\/\/elojocojo.org\/nora\/#breadcrumb"},"inLanguage":"es","potentialAction":[{"@type":"ReadAction","target":["https:\/\/elojocojo.org\/nora\/"]}]},{"@type":"ImageObject","inLanguage":"es","@id":"https:\/\/elojocojo.org\/nora\/#primaryimage","url":"https:\/\/elojocojo.org\/wp-content\/uploads\/2020\/05\/nora-poster-2019-scaled.jpg","contentUrl":"https:\/\/elojocojo.org\/wp-content\/uploads\/2020\/05\/nora-poster-2019-scaled.jpg","width":304,"height":470,"caption":"nora"},{"@type":"BreadcrumbList","@id":"https:\/\/elojocojo.org\/nora\/#breadcrumb","itemListElement":[{"@type":"ListItem","position":1,"name":"Portada","item":"https:\/\/elojocojo.org\/"},{"@type":"ListItem","position":2,"name":"2009","item":"https:\/\/elojocojo.org\/tag\/2009\/"},{"@type":"ListItem","position":3,"name":"Nora"}]},{"@type":"WebSite","@id":"https:\/\/elojocojo.org\/#website","url":"https:\/\/elojocojo.org\/","name":"el ojO cojo","description":"Todos estamos hechos de la misma esencia","publisher":{"@id":"https:\/\/elojocojo.org\/#organization"},"potentialAction":[{"@type":"SearchAction","target":{"@type":"EntryPoint","urlTemplate":"https:\/\/elojocojo.org\/?s={search_term_string}"},"query-input":{"@type":"PropertyValueSpecification","valueRequired":true,"valueName":"search_term_string"}}],"inLanguage":"es"},{"@type":"Organization","@id":"https:\/\/elojocojo.org\/#organization","name":"Meigas da r\u00faa","url":"https:\/\/elojocojo.org\/","logo":{"@type":"ImageObject","inLanguage":"es","@id":"https:\/\/elojocojo.org\/#\/schema\/logo\/image\/","url":"https:\/\/meigasdarua.org\/wp-content\/uploads\/2020\/09\/cropped-logo-meigas-5.png","contentUrl":"https:\/\/meigasdarua.org\/wp-content\/uploads\/2020\/09\/cropped-logo-meigas-5.png","width":109,"height":200,"caption":"Meigas da r\u00faa"},"image":{"@id":"https:\/\/elojocojo.org\/#\/schema\/logo\/image\/"},"sameAs":["https:\/\/www.facebook.com\/elojocojo","https:\/\/x.com\/elojocojo","https:\/\/www.instagram.com\/elojocojo\/?hl=es","https:\/\/www.linkedin.com\/in\/el-ojo-cojo-b52b7769\/","https:\/\/www.pinterest.es\/elojocojo\/_saved\/","https:\/\/www.youtube.com\/channel\/UCkFtFTV0Bms7zH7vq8FZxZg"]},{"@type":"Person","@id":"https:\/\/elojocojo.org\/#\/schema\/person\/cba15985dd5da095cac31c1ff0d6e23e","name":"cojo","url":"https:\/\/elojocojo.org\/author\/cojo\/"}]}},"_links":{"self":[{"href":"https:\/\/elojocojo.org\/wp-json\/wp\/v2\/posts\/9928","targetHints":{"allow":["GET"]}}],"collection":[{"href":"https:\/\/elojocojo.org\/wp-json\/wp\/v2\/posts"}],"about":[{"href":"https:\/\/elojocojo.org\/wp-json\/wp\/v2\/types\/post"}],"author":[{"embeddable":true,"href":"https:\/\/elojocojo.org\/wp-json\/wp\/v2\/users\/11"}],"replies":[{"embeddable":true,"href":"https:\/\/elojocojo.org\/wp-json\/wp\/v2\/comments?post=9928"}],"version-history":[{"count":10,"href":"https:\/\/elojocojo.org\/wp-json\/wp\/v2\/posts\/9928\/revisions"}],"predecessor-version":[{"id":57178,"href":"https:\/\/elojocojo.org\/wp-json\/wp\/v2\/posts\/9928\/revisions\/57178"}],"wp:featuredmedia":[{"embeddable":true,"href":"https:\/\/elojocojo.org\/wp-json\/wp\/v2\/media\/21362"}],"wp:attachment":[{"href":"https:\/\/elojocojo.org\/wp-json\/wp\/v2\/media?parent=9928"}],"wp:term":[{"taxonomy":"category","embeddable":true,"href":"https:\/\/elojocojo.org\/wp-json\/wp\/v2\/categories?post=9928"},{"taxonomy":"post_tag","embeddable":true,"href":"https:\/\/elojocojo.org\/wp-json\/wp\/v2\/tags?post=9928"}],"curies":[{"name":"wp","href":"https:\/\/api.w.org\/{rel}","templated":true}]}}