{"id":9895,"date":"2013-03-24T08:33:01","date_gmt":"2013-03-24T15:33:01","guid":{"rendered":"http:\/\/www.elojocojo.org\/blog2\/?p=9895"},"modified":"2025-09-18T11:03:54","modified_gmt":"2025-09-18T09:03:54","slug":"monte-culebra","status":"publish","type":"post","link":"https:\/\/elojocojo.org\/monte-culebra\/","title":{"rendered":"Monte Culebra, cooperativismo, agroecolog\u00eda y comunicaci\u00f3n"},"content":{"rendered":"<p>T\u00cdTULO ORIGINAL: <em>Monte Culebra. Cooperativismo, agroecolog\u00eda y comunicaci\u00f3n en Venezuela.<\/em><br \/>A\u00d1O: 2008<br \/>DIRECTOR: Malojillo (creaci\u00f3n colectiva)<br \/>G\u00c9NERO cinematogr\u00e1fico: Documental<br \/>DURACI\u00d3N: 68&#8242;<br \/>PA\u00cdS: Venezuela<br \/>FORMATO ORIGINAL: Mini-DVD<br \/>TIPO: Color<br \/>IDIOMA ORIGINAL: Castellano<br \/>PRODUCCI\u00d3N: Malojillo<br \/>GUI\u00d3N: Malojillo<br \/>EDICI\u00d3N\/MONTAJE: Malojillo<br \/>DIRECCI\u00d3N DE FOTOGRAF\u00cdA: Malojillo<br \/>SONIDO: Malojillo<\/p>\n<p>M\u00daSICA:\u00a0Opera prima<\/p>\n<p>SINOPSIS:<\/p>\n<h3 data-start=\"179\" data-end=\"212\">Una mirada desde la tierra<\/h3>\n<p data-start=\"214\" data-end=\"740\">En el occidente venezolano, la tierra cobra voz propia. <em data-start=\"270\" data-end=\"285\">Monte Culebra<\/em> se adentra en las ra\u00edces del trabajo campesino. Desde la siembra hasta la cosecha, cada paso refleja una forma de vida. Adem\u00e1s, esta vida desaf\u00eda las l\u00f3gicas impuestas desde fuera. Por lo tanto, el documental ofrece una visi\u00f3n profunda y cercana. As\u00ed, invita a descubrir la relaci\u00f3n \u00edntima entre el campesino y su entorno. De este modo, la naturaleza y la cultura se entrelazan. Por eso, la tierra es mucho m\u00e1s que un recurso; es identidad y resistencia.<\/p>\n<h3 data-start=\"742\" data-end=\"773\">Resistencia en colectivo<\/h3>\n<p data-start=\"775\" data-end=\"1323\">El documental revela c\u00f3mo el cooperativismo florece entre cerros y cultivos. No se trata solo de producir alimentos. M\u00e1s bien, es un acto de construir comunidad. As\u00ed, compartir saberes y decidir en conjunto son pr\u00e1cticas cotidianas. Por consiguiente, cada asamblea se convierte en una semilla de autonom\u00eda. Asimismo, esta organizaci\u00f3n fortalece lazos y empodera a sus integrantes. Por ello, la resistencia campesina no es individual, sino colectiva. En consecuencia, el cooperativismo aparece como herramienta para enfrentar desaf\u00edos estructurales.<\/p>\n<h3 data-start=\"1325\" data-end=\"1356\">Agroecolog\u00eda como camino<\/h3>\n<p data-start=\"1358\" data-end=\"1844\">Frente a los modelos extractivistas y capitalistas, estas comunidades proponen otro rumbo. La agroecolog\u00eda no es solo una t\u00e9cnica, sino una forma de habitar el mundo. Por ende, el monte deja de ser un enemigo para ser un aliado. En cada brote, florece una propuesta pol\u00edtica y cultural. Por eso, cuidar la tierra es cuidar la vida misma. As\u00ed, la producci\u00f3n se vincula con el respeto a la biodiversidad y al saber ancestral. En definitiva, esta pr\u00e1ctica encarna una esperanza sostenible.<\/p>\n<h3 data-start=\"1846\" data-end=\"1874\">Comunicar desde abajo<\/h3>\n<p data-start=\"1876\" data-end=\"2291\">Adem\u00e1s de cultivar la tierra, estas experiencias cultivan la palabra. La comunicaci\u00f3n popular cumple un rol vital en esta lucha. Porque contar sus historias tambi\u00e9n es un acto de resistencia. De esta forma, el audiovisual se transforma en herramienta de transformaci\u00f3n. As\u00ed, las voces campesinas encuentran espacios propios para expresarse. Por eso, la comunicaci\u00f3n fortalece la identidad y visibiliza sus demandas.<\/p>\n<h3 data-start=\"2293\" data-end=\"2314\">Un legado vivo<\/h3>\n<p data-start=\"2316\" data-end=\"2794\">Finalmente, <em>Monte Culebra. Cooperativismo, agroecolog\u00eda y comunicaci\u00f3n en Venezuela<\/em>\u00a0es un testimonio de lucha y esperanza. No solo documenta un presente dif\u00edcil, sino tambi\u00e9n un futuro posible. En consecuencia, el documental invita a reflexionar sobre alternativas al modelo dominante. Por lo tanto, resalta el valor de la organizaci\u00f3n colectiva y el cuidado de la tierra. As\u00ed, esta historia nos recuerda que el cambio comienza desde abajo. En \u00faltima instancia, <em data-start=\"2722\" data-end=\"2737\">Monte Culebra<\/em> es una invitaci\u00f3n a escuchar la tierra y sus guardianes.<\/p>\n<p data-start=\"2316\" data-end=\"2794\"><img decoding=\"async\" class=\"alignnone size-medium wp-image-68196 aligncenter\" src=\"https:\/\/elojocojo.org\/wp-content\/uploads\/2013\/03\/unnamed-2-300x240-3-400x320.jpg\" alt=\"\" width=\"400\" height=\"320\" srcset=\"https:\/\/elojocojo.org\/wp-content\/uploads\/2013\/03\/unnamed-2-300x240-3-400x320.jpg 400w, https:\/\/elojocojo.org\/wp-content\/uploads\/2013\/03\/unnamed-2-300x240-3-450x360.jpg 450w, https:\/\/elojocojo.org\/wp-content\/uploads\/2013\/03\/unnamed-2-300x240-3-300x240.jpg 300w, https:\/\/elojocojo.org\/wp-content\/uploads\/2013\/03\/unnamed-2-300x240-3-768x614.jpg 768w, https:\/\/elojocojo.org\/wp-content\/uploads\/2013\/03\/unnamed-2-300x240-3-150x120.jpg 150w, https:\/\/elojocojo.org\/wp-content\/uploads\/2013\/03\/unnamed-2-300x240-3.jpg 800w\" sizes=\"(max-width: 400px) 100vw, 400px\" \/><\/p>\n\n\n<p>El filme <em>Monte Culebra. Cooperativismo, agroecolog\u00eda y comunicaci\u00f3n en Venezuela<\/em> particip\u00f3 en la edici\u00f3n <a href=\"https:\/\/elojocojo.org\/category\/festival-2009\/\"><strong>2009<\/strong><\/a> del <a href=\"https:\/\/elojocojo.org\/category\/festival-2009\/\"><strong>Festival de cine el ojO cojo<\/strong> <\/a>en ese sentido nos sentimos honrados de haberla exhibido.<\/p>\n\n\n\n<p>Visita nuestro <a href=\"https:\/\/el-ojocojo.blogspot.com\/\">blog <\/a><\/p>\n","protected":false},"excerpt":{"rendered":"<p>Procesos productivos y organizativos de experiencias colectivas campesinas en el occidente de Venezuela. Dirigido por Malojillo.<\/p>\n","protected":false},"author":11,"featured_media":68211,"comment_status":"closed","ping_status":"open","sticky":false,"template":"","format":"standard","meta":{"_monsterinsights_skip_tracking":false,"_monsterinsights_sitenote_active":false,"_monsterinsights_sitenote_note":"","_monsterinsights_sitenote_category":0,"footnotes":""},"categories":[2053,2],"tags":[1257,1126,941,1253,2047,1779,1891,1887,997,932,1893,1886,1270,2119,2191,1981,1892,2004,1255,1057,319,1075,1896],"class_list":{"0":"post-9895","1":"post","2":"type-post","3":"status-publish","4":"format-standard","5":"has-post-thumbnail","7":"category-documental","8":"category-festival-2009","9":"tag-accion-por-el-clima","10":"tag-alianzas-para-lograr-objetivos","11":"tag-cine","12":"tag-ciudades-y-comunidades-sostenibles","13":"tag-comunicacion","14":"tag-cultura","15":"tag-cultura-audiovisual","16":"tag-desarrollo-sostenible","17":"tag-diversidad","18":"tag-ecologia","19":"tag-educar-en-valores","20":"tag-el-ojo-cojo","21":"tag-empleo","22":"tag-espanol","23":"tag-esperanza","24":"tag-festival-de-cine","25":"tag-objetivos-de-desarrollo-sostenible","26":"tag-peliculas","27":"tag-produccion-y-consumo-responsable","28":"tag-trabajo-decente-y-crecimiento-economico","29":"tag-venezuela","30":"tag-vida-de-ecosistemas-terrestres","31":"tag-videoteca","32":"czr-hentry"},"yoast_head":"<!-- This site is optimized with the Yoast SEO plugin v27.1.1 - https:\/\/yoast.com\/product\/yoast-seo-wordpress\/ -->\n<title>Monte Culebra, cooperativismo, agroecolog\u00eda y comunicaci\u00f3n - el ojO cojo<\/title>\n<meta name=\"description\" content=\"Pel\u00edcula Monte culebra exhibida en la edici\u00f3n 2009 del Festival el ojO cojo. Pa\u00eds de origen, Venezuela. Dirigido por Malojillo (colectivo).\" \/>\n<meta name=\"robots\" content=\"index, follow, max-snippet:-1, max-image-preview:large, max-video-preview:-1\" \/>\n<link rel=\"canonical\" href=\"https:\/\/elojocojo.org\/monte-culebra\/\" \/>\n<meta property=\"og:locale\" content=\"es_ES\" \/>\n<meta property=\"og:type\" content=\"article\" \/>\n<meta property=\"og:title\" content=\"Monte Culebra, cooperativismo, agroecolog\u00eda y comunicaci\u00f3n - el ojO cojo\" \/>\n<meta property=\"og:description\" content=\"Pel\u00edcula Monte culebra exhibida en la edici\u00f3n 2009 del Festival el ojO cojo. Pa\u00eds de origen, Venezuela. Dirigido por Malojillo (colectivo).\" \/>\n<meta property=\"og:url\" content=\"https:\/\/elojocojo.org\/monte-culebra\/\" \/>\n<meta property=\"og:site_name\" content=\"el ojO cojo\" \/>\n<meta property=\"article:publisher\" content=\"https:\/\/www.facebook.com\/elojocojo\" \/>\n<meta property=\"article:published_time\" content=\"2013-03-24T15:33:01+00:00\" \/>\n<meta property=\"article:modified_time\" content=\"2025-09-18T09:03:54+00:00\" \/>\n<meta property=\"og:image\" content=\"https:\/\/elojocojo.org\/wp-content\/uploads\/2013\/03\/tyryrrd6.jpg\" \/>\n\t<meta property=\"og:image:width\" content=\"400\" \/>\n\t<meta property=\"og:image:height\" content=\"300\" \/>\n\t<meta property=\"og:image:type\" content=\"image\/jpeg\" \/>\n<meta name=\"author\" content=\"cojo\" \/>\n<meta name=\"twitter:card\" content=\"summary_large_image\" \/>\n<meta name=\"twitter:creator\" content=\"@elojocojo\" \/>\n<meta name=\"twitter:site\" content=\"@elojocojo\" \/>\n<meta name=\"twitter:label1\" content=\"Escrito por\" \/>\n\t<meta name=\"twitter:data1\" content=\"cojo\" \/>\n\t<meta name=\"twitter:label2\" content=\"Tiempo de lectura\" \/>\n\t<meta name=\"twitter:data2\" content=\"1 minuto\" \/>\n<script type=\"application\/ld+json\" class=\"yoast-schema-graph\">{\"@context\":\"https:\/\/schema.org\",\"@graph\":[{\"@type\":\"Article\",\"@id\":\"https:\/\/elojocojo.org\/monte-culebra\/#article\",\"isPartOf\":{\"@id\":\"https:\/\/elojocojo.org\/monte-culebra\/\"},\"author\":{\"name\":\"cojo\",\"@id\":\"https:\/\/elojocojo.org\/#\/schema\/person\/cba15985dd5da095cac31c1ff0d6e23e\"},\"headline\":\"Monte Culebra, cooperativismo, agroecolog\u00eda y comunicaci\u00f3n\",\"datePublished\":\"2013-03-24T15:33:01+00:00\",\"dateModified\":\"2025-09-18T09:03:54+00:00\",\"mainEntityOfPage\":{\"@id\":\"https:\/\/elojocojo.org\/monte-culebra\/\"},\"wordCount\":533,\"publisher\":{\"@id\":\"https:\/\/elojocojo.org\/#organization\"},\"image\":{\"@id\":\"https:\/\/elojocojo.org\/monte-culebra\/#primaryimage\"},\"thumbnailUrl\":\"https:\/\/elojocojo.org\/wp-content\/uploads\/2013\/03\/tyryrrd6.jpg\",\"keywords\":[\"Acci\u00f3n por el clima\",\"Alianzas para lograr objetivos\",\"cine\",\"Ciudades y comunidades sostenibles\",\"comunicaci\u00f3n\",\"cultura\",\"cultura audiovisual\",\"Desarrollo sostenible\",\"diversidad\",\"ecolog\u00eda\",\"educar en valores\",\"el Ojo cojo\",\"empleo\",\"espa\u00f1ol\",\"esperanza\",\"festival de cine\",\"Objetivos de Desarrollo Sostenible\",\"pel\u00edculas\",\"Producci\u00f3n y Consumo responsable\",\"Trabajo decente y crecimiento econ\u00f3mico\",\"Venezuela\",\"Vida de ecosistemas terrestres\",\"Videoteca\"],\"articleSection\":[\"Documental\",\"Festival 2009\"],\"inLanguage\":\"es\"},{\"@type\":\"WebPage\",\"@id\":\"https:\/\/elojocojo.org\/monte-culebra\/\",\"url\":\"https:\/\/elojocojo.org\/monte-culebra\/\",\"name\":\"Monte Culebra, cooperativismo, agroecolog\u00eda y comunicaci\u00f3n - el ojO cojo\",\"isPartOf\":{\"@id\":\"https:\/\/elojocojo.org\/#website\"},\"primaryImageOfPage\":{\"@id\":\"https:\/\/elojocojo.org\/monte-culebra\/#primaryimage\"},\"image\":{\"@id\":\"https:\/\/elojocojo.org\/monte-culebra\/#primaryimage\"},\"thumbnailUrl\":\"https:\/\/elojocojo.org\/wp-content\/uploads\/2013\/03\/tyryrrd6.jpg\",\"datePublished\":\"2013-03-24T15:33:01+00:00\",\"dateModified\":\"2025-09-18T09:03:54+00:00\",\"description\":\"Pel\u00edcula Monte culebra exhibida en la edici\u00f3n 2009 del Festival el ojO cojo. Pa\u00eds de origen, Venezuela. Dirigido por Malojillo (colectivo).\",\"breadcrumb\":{\"@id\":\"https:\/\/elojocojo.org\/monte-culebra\/#breadcrumb\"},\"inLanguage\":\"es\",\"potentialAction\":[{\"@type\":\"ReadAction\",\"target\":[\"https:\/\/elojocojo.org\/monte-culebra\/\"]}]},{\"@type\":\"ImageObject\",\"inLanguage\":\"es\",\"@id\":\"https:\/\/elojocojo.org\/monte-culebra\/#primaryimage\",\"url\":\"https:\/\/elojocojo.org\/wp-content\/uploads\/2013\/03\/tyryrrd6.jpg\",\"contentUrl\":\"https:\/\/elojocojo.org\/wp-content\/uploads\/2013\/03\/tyryrrd6.jpg\",\"width\":400,\"height\":300,\"caption\":\"Un coche est\u00e1 siendo trasladado de un lado del r\u00edo a otro, a trav\u00e9s de una mini balsa de madera, por la que a ambos lados, hay varias personas que est\u00e1n tirando de ella a trav\u00e9s de unas cuerdas. Se encuentran en una selva y la luz es amplia porque es de d\u00eda.\"},{\"@type\":\"BreadcrumbList\",\"@id\":\"https:\/\/elojocojo.org\/monte-culebra\/#breadcrumb\",\"itemListElement\":[{\"@type\":\"ListItem\",\"position\":1,\"name\":\"Portada\",\"item\":\"https:\/\/elojocojo.org\/\"},{\"@type\":\"ListItem\",\"position\":2,\"name\":\"Acci\u00f3n por el clima\",\"item\":\"https:\/\/elojocojo.org\/tag\/accion-por-el-clima\/\"},{\"@type\":\"ListItem\",\"position\":3,\"name\":\"Monte Culebra, cooperativismo, agroecolog\u00eda y comunicaci\u00f3n\"}]},{\"@type\":\"WebSite\",\"@id\":\"https:\/\/elojocojo.org\/#website\",\"url\":\"https:\/\/elojocojo.org\/\",\"name\":\"el ojO cojo\",\"description\":\"Todos estamos hechos de la misma esencia\",\"publisher\":{\"@id\":\"https:\/\/elojocojo.org\/#organization\"},\"potentialAction\":[{\"@type\":\"SearchAction\",\"target\":{\"@type\":\"EntryPoint\",\"urlTemplate\":\"https:\/\/elojocojo.org\/?s={search_term_string}\"},\"query-input\":{\"@type\":\"PropertyValueSpecification\",\"valueRequired\":true,\"valueName\":\"search_term_string\"}}],\"inLanguage\":\"es\"},{\"@type\":\"Organization\",\"@id\":\"https:\/\/elojocojo.org\/#organization\",\"name\":\"Meigas da r\u00faa\",\"url\":\"https:\/\/elojocojo.org\/\",\"logo\":{\"@type\":\"ImageObject\",\"inLanguage\":\"es\",\"@id\":\"https:\/\/elojocojo.org\/#\/schema\/logo\/image\/\",\"url\":\"https:\/\/meigasdarua.org\/wp-content\/uploads\/2020\/09\/cropped-logo-meigas-5.png\",\"contentUrl\":\"https:\/\/meigasdarua.org\/wp-content\/uploads\/2020\/09\/cropped-logo-meigas-5.png\",\"width\":109,\"height\":200,\"caption\":\"Meigas da r\u00faa\"},\"image\":{\"@id\":\"https:\/\/elojocojo.org\/#\/schema\/logo\/image\/\"},\"sameAs\":[\"https:\/\/www.facebook.com\/elojocojo\",\"https:\/\/x.com\/elojocojo\",\"https:\/\/www.instagram.com\/elojocojo\/?hl=es\",\"https:\/\/www.linkedin.com\/in\/el-ojo-cojo-b52b7769\/\",\"https:\/\/www.pinterest.es\/elojocojo\/_saved\/\",\"https:\/\/www.youtube.com\/channel\/UCkFtFTV0Bms7zH7vq8FZxZg\"]},{\"@type\":\"Person\",\"@id\":\"https:\/\/elojocojo.org\/#\/schema\/person\/cba15985dd5da095cac31c1ff0d6e23e\",\"name\":\"cojo\",\"url\":\"https:\/\/elojocojo.org\/author\/cojo\/\"}]}<\/script>\n<!-- \/ Yoast SEO plugin. -->","yoast_head_json":{"title":"Monte Culebra, cooperativismo, agroecolog\u00eda y comunicaci\u00f3n - el ojO cojo","description":"Pel\u00edcula Monte culebra exhibida en la edici\u00f3n 2009 del Festival el ojO cojo. Pa\u00eds de origen, Venezuela. Dirigido por Malojillo (colectivo).","robots":{"index":"index","follow":"follow","max-snippet":"max-snippet:-1","max-image-preview":"max-image-preview:large","max-video-preview":"max-video-preview:-1"},"canonical":"https:\/\/elojocojo.org\/monte-culebra\/","og_locale":"es_ES","og_type":"article","og_title":"Monte Culebra, cooperativismo, agroecolog\u00eda y comunicaci\u00f3n - el ojO cojo","og_description":"Pel\u00edcula Monte culebra exhibida en la edici\u00f3n 2009 del Festival el ojO cojo. Pa\u00eds de origen, Venezuela. Dirigido por Malojillo (colectivo).","og_url":"https:\/\/elojocojo.org\/monte-culebra\/","og_site_name":"el ojO cojo","article_publisher":"https:\/\/www.facebook.com\/elojocojo","article_published_time":"2013-03-24T15:33:01+00:00","article_modified_time":"2025-09-18T09:03:54+00:00","og_image":[{"width":400,"height":300,"url":"https:\/\/elojocojo.org\/wp-content\/uploads\/2013\/03\/tyryrrd6.jpg","type":"image\/jpeg"}],"author":"cojo","twitter_card":"summary_large_image","twitter_creator":"@elojocojo","twitter_site":"@elojocojo","twitter_misc":{"Escrito por":"cojo","Tiempo de lectura":"1 minuto"},"schema":{"@context":"https:\/\/schema.org","@graph":[{"@type":"Article","@id":"https:\/\/elojocojo.org\/monte-culebra\/#article","isPartOf":{"@id":"https:\/\/elojocojo.org\/monte-culebra\/"},"author":{"name":"cojo","@id":"https:\/\/elojocojo.org\/#\/schema\/person\/cba15985dd5da095cac31c1ff0d6e23e"},"headline":"Monte Culebra, cooperativismo, agroecolog\u00eda y comunicaci\u00f3n","datePublished":"2013-03-24T15:33:01+00:00","dateModified":"2025-09-18T09:03:54+00:00","mainEntityOfPage":{"@id":"https:\/\/elojocojo.org\/monte-culebra\/"},"wordCount":533,"publisher":{"@id":"https:\/\/elojocojo.org\/#organization"},"image":{"@id":"https:\/\/elojocojo.org\/monte-culebra\/#primaryimage"},"thumbnailUrl":"https:\/\/elojocojo.org\/wp-content\/uploads\/2013\/03\/tyryrrd6.jpg","keywords":["Acci\u00f3n por el clima","Alianzas para lograr objetivos","cine","Ciudades y comunidades sostenibles","comunicaci\u00f3n","cultura","cultura audiovisual","Desarrollo sostenible","diversidad","ecolog\u00eda","educar en valores","el Ojo cojo","empleo","espa\u00f1ol","esperanza","festival de cine","Objetivos de Desarrollo Sostenible","pel\u00edculas","Producci\u00f3n y Consumo responsable","Trabajo decente y crecimiento econ\u00f3mico","Venezuela","Vida de ecosistemas terrestres","Videoteca"],"articleSection":["Documental","Festival 2009"],"inLanguage":"es"},{"@type":"WebPage","@id":"https:\/\/elojocojo.org\/monte-culebra\/","url":"https:\/\/elojocojo.org\/monte-culebra\/","name":"Monte Culebra, cooperativismo, agroecolog\u00eda y comunicaci\u00f3n - el ojO cojo","isPartOf":{"@id":"https:\/\/elojocojo.org\/#website"},"primaryImageOfPage":{"@id":"https:\/\/elojocojo.org\/monte-culebra\/#primaryimage"},"image":{"@id":"https:\/\/elojocojo.org\/monte-culebra\/#primaryimage"},"thumbnailUrl":"https:\/\/elojocojo.org\/wp-content\/uploads\/2013\/03\/tyryrrd6.jpg","datePublished":"2013-03-24T15:33:01+00:00","dateModified":"2025-09-18T09:03:54+00:00","description":"Pel\u00edcula Monte culebra exhibida en la edici\u00f3n 2009 del Festival el ojO cojo. Pa\u00eds de origen, Venezuela. Dirigido por Malojillo (colectivo).","breadcrumb":{"@id":"https:\/\/elojocojo.org\/monte-culebra\/#breadcrumb"},"inLanguage":"es","potentialAction":[{"@type":"ReadAction","target":["https:\/\/elojocojo.org\/monte-culebra\/"]}]},{"@type":"ImageObject","inLanguage":"es","@id":"https:\/\/elojocojo.org\/monte-culebra\/#primaryimage","url":"https:\/\/elojocojo.org\/wp-content\/uploads\/2013\/03\/tyryrrd6.jpg","contentUrl":"https:\/\/elojocojo.org\/wp-content\/uploads\/2013\/03\/tyryrrd6.jpg","width":400,"height":300,"caption":"Un coche est\u00e1 siendo trasladado de un lado del r\u00edo a otro, a trav\u00e9s de una mini balsa de madera, por la que a ambos lados, hay varias personas que est\u00e1n tirando de ella a trav\u00e9s de unas cuerdas. Se encuentran en una selva y la luz es amplia porque es de d\u00eda."},{"@type":"BreadcrumbList","@id":"https:\/\/elojocojo.org\/monte-culebra\/#breadcrumb","itemListElement":[{"@type":"ListItem","position":1,"name":"Portada","item":"https:\/\/elojocojo.org\/"},{"@type":"ListItem","position":2,"name":"Acci\u00f3n por el clima","item":"https:\/\/elojocojo.org\/tag\/accion-por-el-clima\/"},{"@type":"ListItem","position":3,"name":"Monte Culebra, cooperativismo, agroecolog\u00eda y comunicaci\u00f3n"}]},{"@type":"WebSite","@id":"https:\/\/elojocojo.org\/#website","url":"https:\/\/elojocojo.org\/","name":"el ojO cojo","description":"Todos estamos hechos de la misma esencia","publisher":{"@id":"https:\/\/elojocojo.org\/#organization"},"potentialAction":[{"@type":"SearchAction","target":{"@type":"EntryPoint","urlTemplate":"https:\/\/elojocojo.org\/?s={search_term_string}"},"query-input":{"@type":"PropertyValueSpecification","valueRequired":true,"valueName":"search_term_string"}}],"inLanguage":"es"},{"@type":"Organization","@id":"https:\/\/elojocojo.org\/#organization","name":"Meigas da r\u00faa","url":"https:\/\/elojocojo.org\/","logo":{"@type":"ImageObject","inLanguage":"es","@id":"https:\/\/elojocojo.org\/#\/schema\/logo\/image\/","url":"https:\/\/meigasdarua.org\/wp-content\/uploads\/2020\/09\/cropped-logo-meigas-5.png","contentUrl":"https:\/\/meigasdarua.org\/wp-content\/uploads\/2020\/09\/cropped-logo-meigas-5.png","width":109,"height":200,"caption":"Meigas da r\u00faa"},"image":{"@id":"https:\/\/elojocojo.org\/#\/schema\/logo\/image\/"},"sameAs":["https:\/\/www.facebook.com\/elojocojo","https:\/\/x.com\/elojocojo","https:\/\/www.instagram.com\/elojocojo\/?hl=es","https:\/\/www.linkedin.com\/in\/el-ojo-cojo-b52b7769\/","https:\/\/www.pinterest.es\/elojocojo\/_saved\/","https:\/\/www.youtube.com\/channel\/UCkFtFTV0Bms7zH7vq8FZxZg"]},{"@type":"Person","@id":"https:\/\/elojocojo.org\/#\/schema\/person\/cba15985dd5da095cac31c1ff0d6e23e","name":"cojo","url":"https:\/\/elojocojo.org\/author\/cojo\/"}]}},"_links":{"self":[{"href":"https:\/\/elojocojo.org\/wp-json\/wp\/v2\/posts\/9895","targetHints":{"allow":["GET"]}}],"collection":[{"href":"https:\/\/elojocojo.org\/wp-json\/wp\/v2\/posts"}],"about":[{"href":"https:\/\/elojocojo.org\/wp-json\/wp\/v2\/types\/post"}],"author":[{"embeddable":true,"href":"https:\/\/elojocojo.org\/wp-json\/wp\/v2\/users\/11"}],"replies":[{"embeddable":true,"href":"https:\/\/elojocojo.org\/wp-json\/wp\/v2\/comments?post=9895"}],"version-history":[{"count":8,"href":"https:\/\/elojocojo.org\/wp-json\/wp\/v2\/posts\/9895\/revisions"}],"predecessor-version":[{"id":70020,"href":"https:\/\/elojocojo.org\/wp-json\/wp\/v2\/posts\/9895\/revisions\/70020"}],"wp:featuredmedia":[{"embeddable":true,"href":"https:\/\/elojocojo.org\/wp-json\/wp\/v2\/media\/68211"}],"wp:attachment":[{"href":"https:\/\/elojocojo.org\/wp-json\/wp\/v2\/media?parent=9895"}],"wp:term":[{"taxonomy":"category","embeddable":true,"href":"https:\/\/elojocojo.org\/wp-json\/wp\/v2\/categories?post=9895"},{"taxonomy":"post_tag","embeddable":true,"href":"https:\/\/elojocojo.org\/wp-json\/wp\/v2\/tags?post=9895"}],"curies":[{"name":"wp","href":"https:\/\/api.w.org\/{rel}","templated":true}]}}