{"id":9877,"date":"2013-03-24T08:06:33","date_gmt":"2013-03-24T15:06:33","guid":{"rendered":"http:\/\/www.elojocojo.org\/blog2\/?p=9877"},"modified":"2025-09-18T11:05:27","modified_gmt":"2025-09-18T09:05:27","slug":"bagatela","status":"publish","type":"post","link":"https:\/\/elojocojo.org\/bagatela\/","title":{"rendered":"Bagatela"},"content":{"rendered":"<p><iframe title=\"Jorge Caballero | Entrevista sobre &#039;Bagatela&#039; y &#039;Nacer. Diario de maternidad&#039;\" width=\"1140\" height=\"641\" src=\"https:\/\/www.youtube.com\/embed\/1UT_a5q9cTI?feature=oembed\" frameborder=\"0\" allow=\"accelerometer; autoplay; clipboard-write; encrypted-media; gyroscope; picture-in-picture\" allowfullscreen><\/iframe><\/p>\n<p><a href=\"https:\/\/www.youtube.com\/watch?v=1UT_a5q9cTI\">https:\/\/www.youtube.com\/watch?v=1UT_a5q9cTI<\/a><br \/>T\u00cdTULO: Bagatela<br \/>T\u00cdTULO ORIGINAL: Bagatela<br \/>A\u00d1O: 2008<\/p>\n<p>DIRECTOR: Jorge Caballero Ramos<br \/>G\u00c9NERO cinematogr\u00e1fico: Documental<br \/>DURACI\u00d3N: 74&#8242;<br \/>PA\u00cdS: Colombia<br \/>TIPO: Color<br \/>IDIOMA ORIGINAL: Castellano<br \/>PRODUCCI\u00d3N: Rosa M. Ramos, Gustavo Le\u00f3n<br \/>GUI\u00d3N:\u00a0<span class=\"nb\">Miguel Le\u00f3n Dur\u00e1n<br \/><\/span><\/p>\n<p>EDICI\u00d3N\/MONTAJE: Jorge Caballero Ramos, Carlos M. G\u00f3mez-Quintero\u00a0<br \/>DIRECCI\u00d3N DE FOTOGRAF\u00cdA: Christian Bitar<br \/>SONIDO: Luciano Specos, Alejandro Castillo<br \/>MUSICA: Santacruz Medina<\/p>\n<p style=\"padding-left: 40px;\">Sinopsis:<strong><br \/><\/strong>Vender CD\u00b4s piratas, robar un m\u00f3vil o dormir en la calle en Colombia puede implicar condenas de a\u00f1os de prisi\u00f3n.<\/p>\n<p>Palmar\u00e9s:<\/p>\n<ul>\n<li>Premio Nacional de Documental \u2013 Ministerio de Cultura de Colombia \/ Colombia.<\/li>\n<li>Mejor documental secci\u00f3n derechos humanos \u2013 BAFICI \/ Buenos Aires, Argentina.<\/li>\n<\/ul>\n<p><br \/><img decoding=\"async\" class=\"aligncenter\" src=\"https:\/\/elojocojo.org\/wp-content\/uploads\/2013\/03\/BAGATELAp001-copia-copia.jpg\" alt=\"bagatela\" width=\"382\" height=\"215\" \/><\/p>\n\n\n<p>El filme Bagatela particip\u00f3 en la edici\u00f3n <strong>2009<\/strong> del <a href=\"https:\/\/elojocojo.org\/category\/festival-2009\/\"><strong>Festival de cine el ojO cojo<\/strong> <\/a>en ese sentido nos sentimos honrados de haberla exhibido.<\/p>\n\n\n\n<p>Visita nuestro blog <a href=\"https:\/\/el-ojocojo.blogspot.com\/\">https:\/\/el-ojocojo.blogspot.com\/<\/a><\/p>\n","protected":false},"excerpt":{"rendered":"<p>Retrato de la cotidianidad de la justicia, el d\u00eda a d\u00eda de los peque\u00f1os delitos en Bogot\u00e1, una ciudad acostumbrada a la violencia y la desigualdad.<\/p>\n","protected":false},"author":11,"featured_media":9879,"comment_status":"closed","ping_status":"open","sticky":false,"template":"","format":"standard","meta":{"_monsterinsights_skip_tracking":false,"_monsterinsights_sitenote_active":false,"_monsterinsights_sitenote_note":"","_monsterinsights_sitenote_category":0,"footnotes":""},"categories":[2053,2],"tags":[1914,1888,1473,941,2047,1779,1891,1887,1893,1886,2119,1981,1982,1892,2004,1896],"class_list":{"0":"post-9877","1":"post","2":"type-post","3":"status-publish","4":"format-standard","5":"has-post-thumbnail","7":"category-documental","8":"category-festival-2009","9":"tag-1914","10":"tag-agenda-2030","11":"tag-carcel","12":"tag-cine","13":"tag-comunicacion","14":"tag-cultura","15":"tag-cultura-audiovisual","16":"tag-desarrollo-sostenible","17":"tag-educar-en-valores","18":"tag-el-ojo-cojo","19":"tag-espanol","20":"tag-festival-de-cine","21":"tag-festival-el-ojo-cojo","22":"tag-objetivos-de-desarrollo-sostenible","23":"tag-peliculas","24":"tag-videoteca","25":"czr-hentry"},"yoast_head":"<!-- This site is optimized with the Yoast SEO plugin v27.1.1 - https:\/\/yoast.com\/product\/yoast-seo-wordpress\/ -->\n<title>Bagatela - el ojO cojo<\/title>\n<meta name=\"description\" content=\"Pel\u00edcula Bagatela exhibida en la edici\u00f3n 2009 del Festival el ojO cojo. Pa\u00eds de origen, Colombia. Dirigido por Jorge Caballero Ramos.\" \/>\n<meta name=\"robots\" content=\"index, follow, max-snippet:-1, max-image-preview:large, max-video-preview:-1\" \/>\n<link rel=\"canonical\" href=\"https:\/\/elojocojo.org\/bagatela\/\" \/>\n<meta property=\"og:locale\" content=\"es_ES\" \/>\n<meta property=\"og:type\" content=\"article\" \/>\n<meta property=\"og:title\" content=\"Bagatela - el ojO cojo\" \/>\n<meta property=\"og:description\" content=\"Pel\u00edcula Bagatela exhibida en la edici\u00f3n 2009 del Festival el ojO cojo. Pa\u00eds de origen, Colombia. Dirigido por Jorge Caballero Ramos.\" \/>\n<meta property=\"og:url\" content=\"https:\/\/elojocojo.org\/bagatela\/\" \/>\n<meta property=\"og:site_name\" content=\"el ojO cojo\" \/>\n<meta property=\"article:publisher\" content=\"https:\/\/www.facebook.com\/elojocojo\" \/>\n<meta property=\"article:published_time\" content=\"2013-03-24T15:06:33+00:00\" \/>\n<meta property=\"article:modified_time\" content=\"2025-09-18T09:05:27+00:00\" \/>\n<meta property=\"og:image\" content=\"https:\/\/elojocojo.org\/wp-content\/uploads\/2013\/03\/BAGATELAp001-copia-copia.jpg\" \/>\n\t<meta property=\"og:image:width\" content=\"640\" \/>\n\t<meta property=\"og:image:height\" content=\"360\" \/>\n\t<meta property=\"og:image:type\" content=\"image\/jpeg\" \/>\n<meta name=\"author\" content=\"cojo\" \/>\n<meta name=\"twitter:card\" content=\"summary_large_image\" \/>\n<meta name=\"twitter:creator\" content=\"@elojocojo\" \/>\n<meta name=\"twitter:site\" content=\"@elojocojo\" \/>\n<meta name=\"twitter:label1\" content=\"Escrito por\" \/>\n\t<meta name=\"twitter:data1\" content=\"cojo\" \/>\n\t<meta name=\"twitter:label2\" content=\"Tiempo de lectura\" \/>\n\t<meta name=\"twitter:data2\" content=\"1 minuto\" \/>\n<script type=\"application\/ld+json\" class=\"yoast-schema-graph\">{\"@context\":\"https:\/\/schema.org\",\"@graph\":[{\"@type\":\"Article\",\"@id\":\"https:\/\/elojocojo.org\/bagatela\/#article\",\"isPartOf\":{\"@id\":\"https:\/\/elojocojo.org\/bagatela\/\"},\"author\":{\"name\":\"cojo\",\"@id\":\"https:\/\/elojocojo.org\/#\/schema\/person\/cba15985dd5da095cac31c1ff0d6e23e\"},\"headline\":\"Bagatela\",\"datePublished\":\"2013-03-24T15:06:33+00:00\",\"dateModified\":\"2025-09-18T09:05:27+00:00\",\"mainEntityOfPage\":{\"@id\":\"https:\/\/elojocojo.org\/bagatela\/\"},\"wordCount\":159,\"publisher\":{\"@id\":\"https:\/\/elojocojo.org\/#organization\"},\"image\":{\"@id\":\"https:\/\/elojocojo.org\/bagatela\/#primaryimage\"},\"thumbnailUrl\":\"https:\/\/elojocojo.org\/wp-content\/uploads\/2013\/03\/BAGATELAp001-copia-copia.jpg\",\"keywords\":[\"2009\",\"Agenda 2030\",\"c\u00e1rcel\",\"cine\",\"comunicaci\u00f3n\",\"cultura\",\"cultura audiovisual\",\"Desarrollo sostenible\",\"educar en valores\",\"el Ojo cojo\",\"espa\u00f1ol\",\"festival de cine\",\"Festival el Ojo cojo\",\"Objetivos de Desarrollo Sostenible\",\"pel\u00edculas\",\"Videoteca\"],\"articleSection\":[\"Documental\",\"Festival 2009\"],\"inLanguage\":\"es\"},{\"@type\":\"WebPage\",\"@id\":\"https:\/\/elojocojo.org\/bagatela\/\",\"url\":\"https:\/\/elojocojo.org\/bagatela\/\",\"name\":\"Bagatela - el ojO cojo\",\"isPartOf\":{\"@id\":\"https:\/\/elojocojo.org\/#website\"},\"primaryImageOfPage\":{\"@id\":\"https:\/\/elojocojo.org\/bagatela\/#primaryimage\"},\"image\":{\"@id\":\"https:\/\/elojocojo.org\/bagatela\/#primaryimage\"},\"thumbnailUrl\":\"https:\/\/elojocojo.org\/wp-content\/uploads\/2013\/03\/BAGATELAp001-copia-copia.jpg\",\"datePublished\":\"2013-03-24T15:06:33+00:00\",\"dateModified\":\"2025-09-18T09:05:27+00:00\",\"description\":\"Pel\u00edcula Bagatela exhibida en la edici\u00f3n 2009 del Festival el ojO cojo. Pa\u00eds de origen, Colombia. Dirigido por Jorge Caballero Ramos.\",\"breadcrumb\":{\"@id\":\"https:\/\/elojocojo.org\/bagatela\/#breadcrumb\"},\"inLanguage\":\"es\",\"potentialAction\":[{\"@type\":\"ReadAction\",\"target\":[\"https:\/\/elojocojo.org\/bagatela\/\"]}]},{\"@type\":\"ImageObject\",\"inLanguage\":\"es\",\"@id\":\"https:\/\/elojocojo.org\/bagatela\/#primaryimage\",\"url\":\"https:\/\/elojocojo.org\/wp-content\/uploads\/2013\/03\/BAGATELAp001-copia-copia.jpg\",\"contentUrl\":\"https:\/\/elojocojo.org\/wp-content\/uploads\/2013\/03\/BAGATELAp001-copia-copia.jpg\",\"width\":640,\"height\":360,\"caption\":\"bagatela\"},{\"@type\":\"BreadcrumbList\",\"@id\":\"https:\/\/elojocojo.org\/bagatela\/#breadcrumb\",\"itemListElement\":[{\"@type\":\"ListItem\",\"position\":1,\"name\":\"Portada\",\"item\":\"https:\/\/elojocojo.org\/\"},{\"@type\":\"ListItem\",\"position\":2,\"name\":\"2009\",\"item\":\"https:\/\/elojocojo.org\/tag\/2009\/\"},{\"@type\":\"ListItem\",\"position\":3,\"name\":\"Bagatela\"}]},{\"@type\":\"WebSite\",\"@id\":\"https:\/\/elojocojo.org\/#website\",\"url\":\"https:\/\/elojocojo.org\/\",\"name\":\"el ojO cojo\",\"description\":\"Todos estamos hechos de la misma esencia\",\"publisher\":{\"@id\":\"https:\/\/elojocojo.org\/#organization\"},\"potentialAction\":[{\"@type\":\"SearchAction\",\"target\":{\"@type\":\"EntryPoint\",\"urlTemplate\":\"https:\/\/elojocojo.org\/?s={search_term_string}\"},\"query-input\":{\"@type\":\"PropertyValueSpecification\",\"valueRequired\":true,\"valueName\":\"search_term_string\"}}],\"inLanguage\":\"es\"},{\"@type\":\"Organization\",\"@id\":\"https:\/\/elojocojo.org\/#organization\",\"name\":\"Meigas da r\u00faa\",\"url\":\"https:\/\/elojocojo.org\/\",\"logo\":{\"@type\":\"ImageObject\",\"inLanguage\":\"es\",\"@id\":\"https:\/\/elojocojo.org\/#\/schema\/logo\/image\/\",\"url\":\"https:\/\/meigasdarua.org\/wp-content\/uploads\/2020\/09\/cropped-logo-meigas-5.png\",\"contentUrl\":\"https:\/\/meigasdarua.org\/wp-content\/uploads\/2020\/09\/cropped-logo-meigas-5.png\",\"width\":109,\"height\":200,\"caption\":\"Meigas da r\u00faa\"},\"image\":{\"@id\":\"https:\/\/elojocojo.org\/#\/schema\/logo\/image\/\"},\"sameAs\":[\"https:\/\/www.facebook.com\/elojocojo\",\"https:\/\/x.com\/elojocojo\",\"https:\/\/www.instagram.com\/elojocojo\/?hl=es\",\"https:\/\/www.linkedin.com\/in\/el-ojo-cojo-b52b7769\/\",\"https:\/\/www.pinterest.es\/elojocojo\/_saved\/\",\"https:\/\/www.youtube.com\/channel\/UCkFtFTV0Bms7zH7vq8FZxZg\"]},{\"@type\":\"Person\",\"@id\":\"https:\/\/elojocojo.org\/#\/schema\/person\/cba15985dd5da095cac31c1ff0d6e23e\",\"name\":\"cojo\",\"url\":\"https:\/\/elojocojo.org\/author\/cojo\/\"}]}<\/script>\n<!-- \/ Yoast SEO plugin. -->","yoast_head_json":{"title":"Bagatela - el ojO cojo","description":"Pel\u00edcula Bagatela exhibida en la edici\u00f3n 2009 del Festival el ojO cojo. Pa\u00eds de origen, Colombia. Dirigido por Jorge Caballero Ramos.","robots":{"index":"index","follow":"follow","max-snippet":"max-snippet:-1","max-image-preview":"max-image-preview:large","max-video-preview":"max-video-preview:-1"},"canonical":"https:\/\/elojocojo.org\/bagatela\/","og_locale":"es_ES","og_type":"article","og_title":"Bagatela - el ojO cojo","og_description":"Pel\u00edcula Bagatela exhibida en la edici\u00f3n 2009 del Festival el ojO cojo. Pa\u00eds de origen, Colombia. Dirigido por Jorge Caballero Ramos.","og_url":"https:\/\/elojocojo.org\/bagatela\/","og_site_name":"el ojO cojo","article_publisher":"https:\/\/www.facebook.com\/elojocojo","article_published_time":"2013-03-24T15:06:33+00:00","article_modified_time":"2025-09-18T09:05:27+00:00","og_image":[{"width":640,"height":360,"url":"https:\/\/elojocojo.org\/wp-content\/uploads\/2013\/03\/BAGATELAp001-copia-copia.jpg","type":"image\/jpeg"}],"author":"cojo","twitter_card":"summary_large_image","twitter_creator":"@elojocojo","twitter_site":"@elojocojo","twitter_misc":{"Escrito por":"cojo","Tiempo de lectura":"1 minuto"},"schema":{"@context":"https:\/\/schema.org","@graph":[{"@type":"Article","@id":"https:\/\/elojocojo.org\/bagatela\/#article","isPartOf":{"@id":"https:\/\/elojocojo.org\/bagatela\/"},"author":{"name":"cojo","@id":"https:\/\/elojocojo.org\/#\/schema\/person\/cba15985dd5da095cac31c1ff0d6e23e"},"headline":"Bagatela","datePublished":"2013-03-24T15:06:33+00:00","dateModified":"2025-09-18T09:05:27+00:00","mainEntityOfPage":{"@id":"https:\/\/elojocojo.org\/bagatela\/"},"wordCount":159,"publisher":{"@id":"https:\/\/elojocojo.org\/#organization"},"image":{"@id":"https:\/\/elojocojo.org\/bagatela\/#primaryimage"},"thumbnailUrl":"https:\/\/elojocojo.org\/wp-content\/uploads\/2013\/03\/BAGATELAp001-copia-copia.jpg","keywords":["2009","Agenda 2030","c\u00e1rcel","cine","comunicaci\u00f3n","cultura","cultura audiovisual","Desarrollo sostenible","educar en valores","el Ojo cojo","espa\u00f1ol","festival de cine","Festival el Ojo cojo","Objetivos de Desarrollo Sostenible","pel\u00edculas","Videoteca"],"articleSection":["Documental","Festival 2009"],"inLanguage":"es"},{"@type":"WebPage","@id":"https:\/\/elojocojo.org\/bagatela\/","url":"https:\/\/elojocojo.org\/bagatela\/","name":"Bagatela - el ojO cojo","isPartOf":{"@id":"https:\/\/elojocojo.org\/#website"},"primaryImageOfPage":{"@id":"https:\/\/elojocojo.org\/bagatela\/#primaryimage"},"image":{"@id":"https:\/\/elojocojo.org\/bagatela\/#primaryimage"},"thumbnailUrl":"https:\/\/elojocojo.org\/wp-content\/uploads\/2013\/03\/BAGATELAp001-copia-copia.jpg","datePublished":"2013-03-24T15:06:33+00:00","dateModified":"2025-09-18T09:05:27+00:00","description":"Pel\u00edcula Bagatela exhibida en la edici\u00f3n 2009 del Festival el ojO cojo. Pa\u00eds de origen, Colombia. Dirigido por Jorge Caballero Ramos.","breadcrumb":{"@id":"https:\/\/elojocojo.org\/bagatela\/#breadcrumb"},"inLanguage":"es","potentialAction":[{"@type":"ReadAction","target":["https:\/\/elojocojo.org\/bagatela\/"]}]},{"@type":"ImageObject","inLanguage":"es","@id":"https:\/\/elojocojo.org\/bagatela\/#primaryimage","url":"https:\/\/elojocojo.org\/wp-content\/uploads\/2013\/03\/BAGATELAp001-copia-copia.jpg","contentUrl":"https:\/\/elojocojo.org\/wp-content\/uploads\/2013\/03\/BAGATELAp001-copia-copia.jpg","width":640,"height":360,"caption":"bagatela"},{"@type":"BreadcrumbList","@id":"https:\/\/elojocojo.org\/bagatela\/#breadcrumb","itemListElement":[{"@type":"ListItem","position":1,"name":"Portada","item":"https:\/\/elojocojo.org\/"},{"@type":"ListItem","position":2,"name":"2009","item":"https:\/\/elojocojo.org\/tag\/2009\/"},{"@type":"ListItem","position":3,"name":"Bagatela"}]},{"@type":"WebSite","@id":"https:\/\/elojocojo.org\/#website","url":"https:\/\/elojocojo.org\/","name":"el ojO cojo","description":"Todos estamos hechos de la misma esencia","publisher":{"@id":"https:\/\/elojocojo.org\/#organization"},"potentialAction":[{"@type":"SearchAction","target":{"@type":"EntryPoint","urlTemplate":"https:\/\/elojocojo.org\/?s={search_term_string}"},"query-input":{"@type":"PropertyValueSpecification","valueRequired":true,"valueName":"search_term_string"}}],"inLanguage":"es"},{"@type":"Organization","@id":"https:\/\/elojocojo.org\/#organization","name":"Meigas da r\u00faa","url":"https:\/\/elojocojo.org\/","logo":{"@type":"ImageObject","inLanguage":"es","@id":"https:\/\/elojocojo.org\/#\/schema\/logo\/image\/","url":"https:\/\/meigasdarua.org\/wp-content\/uploads\/2020\/09\/cropped-logo-meigas-5.png","contentUrl":"https:\/\/meigasdarua.org\/wp-content\/uploads\/2020\/09\/cropped-logo-meigas-5.png","width":109,"height":200,"caption":"Meigas da r\u00faa"},"image":{"@id":"https:\/\/elojocojo.org\/#\/schema\/logo\/image\/"},"sameAs":["https:\/\/www.facebook.com\/elojocojo","https:\/\/x.com\/elojocojo","https:\/\/www.instagram.com\/elojocojo\/?hl=es","https:\/\/www.linkedin.com\/in\/el-ojo-cojo-b52b7769\/","https:\/\/www.pinterest.es\/elojocojo\/_saved\/","https:\/\/www.youtube.com\/channel\/UCkFtFTV0Bms7zH7vq8FZxZg"]},{"@type":"Person","@id":"https:\/\/elojocojo.org\/#\/schema\/person\/cba15985dd5da095cac31c1ff0d6e23e","name":"cojo","url":"https:\/\/elojocojo.org\/author\/cojo\/"}]}},"_links":{"self":[{"href":"https:\/\/elojocojo.org\/wp-json\/wp\/v2\/posts\/9877","targetHints":{"allow":["GET"]}}],"collection":[{"href":"https:\/\/elojocojo.org\/wp-json\/wp\/v2\/posts"}],"about":[{"href":"https:\/\/elojocojo.org\/wp-json\/wp\/v2\/types\/post"}],"author":[{"embeddable":true,"href":"https:\/\/elojocojo.org\/wp-json\/wp\/v2\/users\/11"}],"replies":[{"embeddable":true,"href":"https:\/\/elojocojo.org\/wp-json\/wp\/v2\/comments?post=9877"}],"version-history":[{"count":2,"href":"https:\/\/elojocojo.org\/wp-json\/wp\/v2\/posts\/9877\/revisions"}],"predecessor-version":[{"id":57145,"href":"https:\/\/elojocojo.org\/wp-json\/wp\/v2\/posts\/9877\/revisions\/57145"}],"wp:featuredmedia":[{"embeddable":true,"href":"https:\/\/elojocojo.org\/wp-json\/wp\/v2\/media\/9879"}],"wp:attachment":[{"href":"https:\/\/elojocojo.org\/wp-json\/wp\/v2\/media?parent=9877"}],"wp:term":[{"taxonomy":"category","embeddable":true,"href":"https:\/\/elojocojo.org\/wp-json\/wp\/v2\/categories?post=9877"},{"taxonomy":"post_tag","embeddable":true,"href":"https:\/\/elojocojo.org\/wp-json\/wp\/v2\/tags?post=9877"}],"curies":[{"name":"wp","href":"https:\/\/api.w.org\/{rel}","templated":true}]}}