{"id":9869,"date":"2013-03-24T07:50:59","date_gmt":"2013-03-24T14:50:59","guid":{"rendered":"http:\/\/www.elojocojo.org\/blog2\/?p=9869"},"modified":"2026-02-05T20:31:03","modified_gmt":"2026-02-05T19:31:03","slug":"polillas","status":"publish","type":"post","link":"https:\/\/elojocojo.org\/polillas\/","title":{"rendered":"Polillas"},"content":{"rendered":"<h2 data-path-to-node=\"4\">Ficha t\u00e9cnica: Polillas<\/h2>\n<ul data-path-to-node=\"5\">\n<li>\n<p data-path-to-node=\"5,0,0\"><b data-path-to-node=\"5,0,0\" data-index-in-node=\"0\">T\u00cdTULO:<\/b> Polillas<\/p>\n<\/li>\n<li>\n<p data-path-to-node=\"5,1,0\"><b data-path-to-node=\"5,1,0\" data-index-in-node=\"0\">T\u00cdTULO ORIGINAL:<\/b> Polillas<\/p>\n<\/li>\n<li>\n<p data-path-to-node=\"5,2,0\"><b data-path-to-node=\"5,2,0\" data-index-in-node=\"0\">DIRECTOR:<\/b> Pedro Touceda<\/p>\n<\/li>\n<li>\n<p data-path-to-node=\"5,3,0\"><b data-path-to-node=\"5,3,0\" data-index-in-node=\"0\">A\u00d1O:<\/b> 2008<\/p>\n<\/li>\n<li>\n<p data-path-to-node=\"5,4,0\"><b data-path-to-node=\"5,4,0\" data-index-in-node=\"0\">G\u00c9NERO:<\/b> Ficci\u00f3n<\/p>\n<\/li>\n<li>\n<p data-path-to-node=\"5,5,0\"><b data-path-to-node=\"5,5,0\" data-index-in-node=\"0\">DURACI\u00d3N:<\/b> 14&#8242; 10\u00bb<\/p>\n<\/li>\n<li>\n<p data-path-to-node=\"5,6,0\"><b data-path-to-node=\"5,6,0\" data-index-in-node=\"0\">PA\u00cdS:<\/b> Espa\u00f1a<\/p>\n<\/li>\n<li>\n<p data-path-to-node=\"5,7,0\"><b data-path-to-node=\"5,7,0\" data-index-in-node=\"0\">FORMATO ORIGINAL:<\/b> HD Panavision<\/p>\n<\/li>\n<li>\n<p data-path-to-node=\"5,8,0\"><b data-path-to-node=\"5,8,0\" data-index-in-node=\"0\">TIPO:<\/b> Blanco y negro<\/p>\n<\/li>\n<li>\n<p data-path-to-node=\"5,9,0\"><b data-path-to-node=\"5,9,0\" data-index-in-node=\"0\">IDIOMA ORIGINAL:<\/b> Ruso<\/p>\n<\/li>\n<li>\n<p data-path-to-node=\"5,10,0\"><b data-path-to-node=\"5,10,0\" data-index-in-node=\"0\">INTERPRETES:<\/b> Olegar Fedoro, Ricardo Joven, Juanjo Navarro<\/p>\n<\/li>\n<li>\n<p data-path-to-node=\"5,11,0\"><b data-path-to-node=\"5,11,0\" data-index-in-node=\"0\">SUBT\u00cdTULOS:<\/b> Espa\u00f1ol, ingl\u00e9s y franc\u00e9s<\/p>\n<\/li>\n<\/ul>\n<hr data-path-to-node=\"6\" \/>\n<h2 data-path-to-node=\"7\">Sinopsis: Polillas<\/h2>\n<p data-path-to-node=\"8\">En primer lugar, <i data-path-to-node=\"8\" data-index-in-node=\"17\">Polillas<\/i> aborda de manera ir\u00f3nica la b\u00fasqueda de la felicidad a trav\u00e9s de un relato \u00edntimo y reflexivo que no deja indiferente al espectador. La pel\u00edcula explora la historia de Andrei Ivanov, un ciudadano ruso que reside en Espa\u00f1a y que atraviesa un momento de transformaci\u00f3n personal profunda. De este modo, desde el inicio del metraje, el protagonista se enfrenta a una sensaci\u00f3n persistente de vac\u00edo que lo impulsa a replantearse su vida actual.<\/p>\n<p data-path-to-node=\"9\">Adem\u00e1s, Andrei arrastra frustraciones acumuladas y expectativas incumplidas que marcan su d\u00eda a d\u00eda en un entorno que no siempre le resulta propio. En particular, intenta adaptarse a una sociedad que le ofrece oportunidades, pero que tambi\u00e9n le exige sacrificios emocionales constantes. En este contexto, su viaje no es \u00fanicamente f\u00edsico, sino tambi\u00e9n emocional, mostrando c\u00f3mo cada decisi\u00f3n implica una renuncia y, al mismo tiempo, una posibilidad de cambio. Por ello, la narrativa construye un retrato pausado de la incertidumbre contempor\u00e1nea bajo una est\u00e9tica muy cuidada.<\/p>\n<p data-path-to-node=\"10\">Por otra parte, la experiencia migratoria influye de forma directa en la identidad del protagonista y en su manera de relacionarse con los dem\u00e1s. En este sentido, el relato adquiere una dimensi\u00f3n introspectiva que logra conectar lo individual con lo universal de una forma magistral. As\u00ed, <i data-path-to-node=\"10\" data-index-in-node=\"289\">Polillas<\/i> desarrolla una propuesta visual marcada por el uso del blanco y negro, lo cual refuerza el contraste entre la fantas\u00eda y la cruda realidad. Del mismo modo, el formato HD Panavision permite que cada encuadre est\u00e9 cuidadosamente compuesto para expresar la dualidad humana.<\/p>\n<p data-path-to-node=\"11\">A medida que la historia progresa, la pel\u00edcula plantea preguntas abiertas sobre el sentido de la felicidad y los esfuerzos necesarios para alcanzarla. De hecho, Andrei se enfrenta tanto a conflictos internos como a tensiones externas que ponen a prueba su resiliencia. Por consiguiente, el guion profundiza en las contradicciones del deseo humano y la b\u00fasqueda de pertenencia. En consecuencia, la obra invita a reflexionar sobre los caminos inesperados que conducen al crecimiento personal y a la redenci\u00f3n.<\/p>\n<hr data-path-to-node=\"12\" \/>\n<h2 data-path-to-node=\"13\">Est\u00e9tica y reflexi\u00f3n tem\u00e1tica<\/h2>\n<p data-path-to-node=\"14\">La elecci\u00f3n del blanco y negro no es meramente est\u00e9tica, sino que sirve para acentuar la psicolog\u00eda del personaje principal. Esta t\u00e9cnica visual ayuda a que el espectador se sumerja en la atm\u00f3sfera de introspecci\u00f3n y soledad que rodea a Andrei durante su periplo en Espa\u00f1a.<\/p>\n<hr data-path-to-node=\"15\" \/>\n<h2 data-path-to-node=\"16\">Identidad y migraci\u00f3n en el cine<\/h2>\n<p data-path-to-node=\"17\">La pel\u00edcula pone el foco en la figura del inmigrante ruso, alej\u00e1ndose de los t\u00f3picos habituales para ofrecer una visi\u00f3n mucho m\u00e1s humana y compleja. Se explora c\u00f3mo el idioma y la cultura de origen siguen presentes en la mente del individuo, condicionando su percepci\u00f3n de la nueva realidad.<\/p>\n<hr data-path-to-node=\"18\" \/>\n<h2 data-path-to-node=\"19\">El lenguaje como puente emocional<\/h2>\n<p data-path-to-node=\"20\">Aunque el idioma original de la obra es el ruso, la universalidad de sus temas permite que cualquier espectador se sienta identificado. La b\u00fasqueda de un prop\u00f3sito y la lucha contra el des\u00e1nimo son sentimientos que trascienden las fronteras geogr\u00e1ficas y ling\u00fc\u00edsticas.<\/p>\n<hr data-path-to-node=\"21\" \/>\n<p data-path-to-node=\"23\">\u00a0<\/p>\n<p data-start=\"2341\" data-end=\"2618\"><img decoding=\"async\" class=\"wp-image-73895 aligncenter\" src=\"https:\/\/elojocojo.org\/wp-content\/uploads\/2013\/03\/Captura-315x500.jpg\" alt=\"\" width=\"241\" height=\"383\" srcset=\"https:\/\/elojocojo.org\/wp-content\/uploads\/2013\/03\/Captura-315x500.jpg 315w, https:\/\/elojocojo.org\/wp-content\/uploads\/2013\/03\/Captura-227x360.jpg 227w, https:\/\/elojocojo.org\/wp-content\/uploads\/2013\/03\/Captura-252x400.jpg 252w, https:\/\/elojocojo.org\/wp-content\/uploads\/2013\/03\/Captura.jpg 340w\" sizes=\"(max-width: 241px) 100vw, 241px\" \/><\/p>\n<p style=\"text-align: center;\" data-path-to-node=\"22\">Imagen en blanco y negro del protagonista de la pel\u00edcula Polillas. Se muestra un primer plano de un hombre maduro con bigote, cuya mirada refleja cansancio y reflexi\u00f3n profunda, con un fondo desenfocado que sugiere un entorno urbano.<\/p>\n<h2 data-path-to-node=\"22\">Palmares<\/h2>\n<p data-path-to-node=\"23\">El filme <i data-path-to-node=\"23\" data-index-in-node=\"9\">Polillas<\/i> particip\u00f3 en la edici\u00f3n <b data-path-to-node=\"23\" data-index-in-node=\"42\">2009<\/b> del <a class=\"ng-star-inserted\" href=\"http:\/\/www.elojocojo.org\" target=\"_blank\" rel=\"noopener\" data-hveid=\"0\" data-ved=\"0CAAQ_4QMahgKEwjvj8it88KSAxUAAAAAHQAAAAAQpgM\">Festival de cine el ojo cojo<\/a>. Su paso por el certamen permiti\u00f3 visibilizar una narrativa valiente sobre la salud mental y la integraci\u00f3n social, siendo un ejemplo de cine con valores \u00e9ticos.<\/p>\n<p class=\"p1\">Visita nuestro<em><a href=\"https:\/\/el-ojocojo.blogspot.com\/\"> blog <\/a><\/em><\/p>\n\n\n<p><\/p>\n","protected":false},"excerpt":{"rendered":"<p>Andrei Ivanov, un ruso que vive en Espa\u00f1a, hace tiempo que emprendi\u00f3 un singular viaje.<\/p>\n","protected":false},"author":11,"featured_media":24589,"comment_status":"closed","ping_status":"open","sticky":false,"template":"","format":"standard","meta":{"_monsterinsights_skip_tracking":false,"_monsterinsights_sitenote_active":false,"_monsterinsights_sitenote_note":"","_monsterinsights_sitenote_category":0,"footnotes":""},"categories":[1460,2,30],"tags":[1905,186,941,892,138,433,60,2004,560,1484,1128,25],"class_list":{"0":"post-9869","1":"post","2":"type-post","3":"status-publish","4":"format-standard","5":"has-post-thumbnail","7":"category-cortometraje","8":"category-festival-2009","9":"category-ficcion","10":"tag-1905","11":"tag-arte","12":"tag-cine","13":"tag-diversidad-cultural","14":"tag-espana","15":"tag-inmigrantes","16":"tag-migraciones","17":"tag-peliculas","18":"tag-rusia","19":"tag-salud-mental","20":"tag-salud-y-bienestar","21":"tag-soledad","22":"czr-hentry"},"yoast_head":"<!-- This site is optimized with the Yoast SEO plugin v27.1.1 - https:\/\/yoast.com\/product\/yoast-seo-wordpress\/ -->\n<title>Polillas - el ojO cojo<\/title>\n<meta name=\"description\" content=\"Pel\u00edcula Polillas exhibida en la edici\u00f3n 2009 del Festival el ojO cojo. Pa\u00eds de origen, Espa\u00f1a. Dirigido por Pedro Touceda.\" \/>\n<meta name=\"robots\" content=\"index, follow, max-snippet:-1, max-image-preview:large, max-video-preview:-1\" \/>\n<link rel=\"canonical\" href=\"https:\/\/elojocojo.org\/polillas\/\" \/>\n<meta property=\"og:locale\" content=\"es_ES\" \/>\n<meta property=\"og:type\" content=\"article\" \/>\n<meta property=\"og:title\" content=\"Polillas - el ojO cojo\" \/>\n<meta property=\"og:description\" content=\"Pel\u00edcula Polillas exhibida en la edici\u00f3n 2009 del Festival el ojO cojo. Pa\u00eds de origen, Espa\u00f1a. Dirigido por Pedro Touceda.\" \/>\n<meta property=\"og:url\" content=\"https:\/\/elojocojo.org\/polillas\/\" \/>\n<meta property=\"og:site_name\" content=\"el ojO cojo\" \/>\n<meta property=\"article:publisher\" content=\"https:\/\/www.facebook.com\/elojocojo\" \/>\n<meta property=\"article:published_time\" content=\"2013-03-24T14:50:59+00:00\" \/>\n<meta property=\"article:modified_time\" content=\"2026-02-05T19:31:03+00:00\" \/>\n<meta property=\"og:image\" content=\"https:\/\/elojocojo.org\/wp-content\/uploads\/2013\/03\/descarga.jpg\" \/>\n\t<meta property=\"og:image:width\" content=\"290\" \/>\n\t<meta property=\"og:image:height\" content=\"174\" \/>\n\t<meta property=\"og:image:type\" content=\"image\/jpeg\" \/>\n<meta name=\"author\" content=\"cojo\" \/>\n<meta name=\"twitter:card\" content=\"summary_large_image\" \/>\n<meta name=\"twitter:creator\" content=\"@elojocojo\" \/>\n<meta name=\"twitter:site\" content=\"@elojocojo\" \/>\n<meta name=\"twitter:label1\" content=\"Escrito por\" \/>\n\t<meta name=\"twitter:data1\" content=\"cojo\" \/>\n\t<meta name=\"twitter:label2\" content=\"Tiempo de lectura\" \/>\n\t<meta name=\"twitter:data2\" content=\"1 minuto\" \/>\n<script type=\"application\/ld+json\" class=\"yoast-schema-graph\">{\"@context\":\"https:\/\/schema.org\",\"@graph\":[{\"@type\":\"Article\",\"@id\":\"https:\/\/elojocojo.org\/polillas\/#article\",\"isPartOf\":{\"@id\":\"https:\/\/elojocojo.org\/polillas\/\"},\"author\":{\"name\":\"cojo\",\"@id\":\"https:\/\/elojocojo.org\/#\/schema\/person\/cba15985dd5da095cac31c1ff0d6e23e\"},\"headline\":\"Polillas\",\"datePublished\":\"2013-03-24T14:50:59+00:00\",\"dateModified\":\"2026-02-05T19:31:03+00:00\",\"mainEntityOfPage\":{\"@id\":\"https:\/\/elojocojo.org\/polillas\/\"},\"wordCount\":672,\"publisher\":{\"@id\":\"https:\/\/elojocojo.org\/#organization\"},\"image\":{\"@id\":\"https:\/\/elojocojo.org\/polillas\/#primaryimage\"},\"thumbnailUrl\":\"https:\/\/elojocojo.org\/wp-content\/uploads\/2013\/03\/descarga.jpg\",\"keywords\":[\"2008\",\"Arte\",\"cine\",\"diversidad cultural\",\"Espa\u00f1a\",\"inmigrantes\",\"migraciones\",\"pel\u00edculas\",\"Rusia\",\"salud mental\",\"Salud y bienestar\",\"soledad\"],\"articleSection\":[\"Cortometraje\",\"Festival 2009\",\"Ficci\u00f3n\"],\"inLanguage\":\"es\"},{\"@type\":\"WebPage\",\"@id\":\"https:\/\/elojocojo.org\/polillas\/\",\"url\":\"https:\/\/elojocojo.org\/polillas\/\",\"name\":\"Polillas - el ojO cojo\",\"isPartOf\":{\"@id\":\"https:\/\/elojocojo.org\/#website\"},\"primaryImageOfPage\":{\"@id\":\"https:\/\/elojocojo.org\/polillas\/#primaryimage\"},\"image\":{\"@id\":\"https:\/\/elojocojo.org\/polillas\/#primaryimage\"},\"thumbnailUrl\":\"https:\/\/elojocojo.org\/wp-content\/uploads\/2013\/03\/descarga.jpg\",\"datePublished\":\"2013-03-24T14:50:59+00:00\",\"dateModified\":\"2026-02-05T19:31:03+00:00\",\"description\":\"Pel\u00edcula Polillas exhibida en la edici\u00f3n 2009 del Festival el ojO cojo. Pa\u00eds de origen, Espa\u00f1a. Dirigido por Pedro Touceda.\",\"breadcrumb\":{\"@id\":\"https:\/\/elojocojo.org\/polillas\/#breadcrumb\"},\"inLanguage\":\"es\",\"potentialAction\":[{\"@type\":\"ReadAction\",\"target\":[\"https:\/\/elojocojo.org\/polillas\/\"]}]},{\"@type\":\"ImageObject\",\"inLanguage\":\"es\",\"@id\":\"https:\/\/elojocojo.org\/polillas\/#primaryimage\",\"url\":\"https:\/\/elojocojo.org\/wp-content\/uploads\/2013\/03\/descarga.jpg\",\"contentUrl\":\"https:\/\/elojocojo.org\/wp-content\/uploads\/2013\/03\/descarga.jpg\",\"width\":290,\"height\":174,\"caption\":\"polillas\"},{\"@type\":\"BreadcrumbList\",\"@id\":\"https:\/\/elojocojo.org\/polillas\/#breadcrumb\",\"itemListElement\":[{\"@type\":\"ListItem\",\"position\":1,\"name\":\"Portada\",\"item\":\"https:\/\/elojocojo.org\/\"},{\"@type\":\"ListItem\",\"position\":2,\"name\":\"2008\",\"item\":\"https:\/\/elojocojo.org\/tag\/2008\/\"},{\"@type\":\"ListItem\",\"position\":3,\"name\":\"Polillas\"}]},{\"@type\":\"WebSite\",\"@id\":\"https:\/\/elojocojo.org\/#website\",\"url\":\"https:\/\/elojocojo.org\/\",\"name\":\"el ojO cojo\",\"description\":\"Todos estamos hechos de la misma esencia\",\"publisher\":{\"@id\":\"https:\/\/elojocojo.org\/#organization\"},\"potentialAction\":[{\"@type\":\"SearchAction\",\"target\":{\"@type\":\"EntryPoint\",\"urlTemplate\":\"https:\/\/elojocojo.org\/?s={search_term_string}\"},\"query-input\":{\"@type\":\"PropertyValueSpecification\",\"valueRequired\":true,\"valueName\":\"search_term_string\"}}],\"inLanguage\":\"es\"},{\"@type\":\"Organization\",\"@id\":\"https:\/\/elojocojo.org\/#organization\",\"name\":\"Meigas da r\u00faa\",\"url\":\"https:\/\/elojocojo.org\/\",\"logo\":{\"@type\":\"ImageObject\",\"inLanguage\":\"es\",\"@id\":\"https:\/\/elojocojo.org\/#\/schema\/logo\/image\/\",\"url\":\"https:\/\/meigasdarua.org\/wp-content\/uploads\/2020\/09\/cropped-logo-meigas-5.png\",\"contentUrl\":\"https:\/\/meigasdarua.org\/wp-content\/uploads\/2020\/09\/cropped-logo-meigas-5.png\",\"width\":109,\"height\":200,\"caption\":\"Meigas da r\u00faa\"},\"image\":{\"@id\":\"https:\/\/elojocojo.org\/#\/schema\/logo\/image\/\"},\"sameAs\":[\"https:\/\/www.facebook.com\/elojocojo\",\"https:\/\/x.com\/elojocojo\",\"https:\/\/www.instagram.com\/elojocojo\/?hl=es\",\"https:\/\/www.linkedin.com\/in\/el-ojo-cojo-b52b7769\/\",\"https:\/\/www.pinterest.es\/elojocojo\/_saved\/\",\"https:\/\/www.youtube.com\/channel\/UCkFtFTV0Bms7zH7vq8FZxZg\"]},{\"@type\":\"Person\",\"@id\":\"https:\/\/elojocojo.org\/#\/schema\/person\/cba15985dd5da095cac31c1ff0d6e23e\",\"name\":\"cojo\",\"url\":\"https:\/\/elojocojo.org\/author\/cojo\/\"}]}<\/script>\n<!-- \/ Yoast SEO plugin. -->","yoast_head_json":{"title":"Polillas - el ojO cojo","description":"Pel\u00edcula Polillas exhibida en la edici\u00f3n 2009 del Festival el ojO cojo. Pa\u00eds de origen, Espa\u00f1a. Dirigido por Pedro Touceda.","robots":{"index":"index","follow":"follow","max-snippet":"max-snippet:-1","max-image-preview":"max-image-preview:large","max-video-preview":"max-video-preview:-1"},"canonical":"https:\/\/elojocojo.org\/polillas\/","og_locale":"es_ES","og_type":"article","og_title":"Polillas - el ojO cojo","og_description":"Pel\u00edcula Polillas exhibida en la edici\u00f3n 2009 del Festival el ojO cojo. Pa\u00eds de origen, Espa\u00f1a. Dirigido por Pedro Touceda.","og_url":"https:\/\/elojocojo.org\/polillas\/","og_site_name":"el ojO cojo","article_publisher":"https:\/\/www.facebook.com\/elojocojo","article_published_time":"2013-03-24T14:50:59+00:00","article_modified_time":"2026-02-05T19:31:03+00:00","og_image":[{"width":290,"height":174,"url":"https:\/\/elojocojo.org\/wp-content\/uploads\/2013\/03\/descarga.jpg","type":"image\/jpeg"}],"author":"cojo","twitter_card":"summary_large_image","twitter_creator":"@elojocojo","twitter_site":"@elojocojo","twitter_misc":{"Escrito por":"cojo","Tiempo de lectura":"1 minuto"},"schema":{"@context":"https:\/\/schema.org","@graph":[{"@type":"Article","@id":"https:\/\/elojocojo.org\/polillas\/#article","isPartOf":{"@id":"https:\/\/elojocojo.org\/polillas\/"},"author":{"name":"cojo","@id":"https:\/\/elojocojo.org\/#\/schema\/person\/cba15985dd5da095cac31c1ff0d6e23e"},"headline":"Polillas","datePublished":"2013-03-24T14:50:59+00:00","dateModified":"2026-02-05T19:31:03+00:00","mainEntityOfPage":{"@id":"https:\/\/elojocojo.org\/polillas\/"},"wordCount":672,"publisher":{"@id":"https:\/\/elojocojo.org\/#organization"},"image":{"@id":"https:\/\/elojocojo.org\/polillas\/#primaryimage"},"thumbnailUrl":"https:\/\/elojocojo.org\/wp-content\/uploads\/2013\/03\/descarga.jpg","keywords":["2008","Arte","cine","diversidad cultural","Espa\u00f1a","inmigrantes","migraciones","pel\u00edculas","Rusia","salud mental","Salud y bienestar","soledad"],"articleSection":["Cortometraje","Festival 2009","Ficci\u00f3n"],"inLanguage":"es"},{"@type":"WebPage","@id":"https:\/\/elojocojo.org\/polillas\/","url":"https:\/\/elojocojo.org\/polillas\/","name":"Polillas - el ojO cojo","isPartOf":{"@id":"https:\/\/elojocojo.org\/#website"},"primaryImageOfPage":{"@id":"https:\/\/elojocojo.org\/polillas\/#primaryimage"},"image":{"@id":"https:\/\/elojocojo.org\/polillas\/#primaryimage"},"thumbnailUrl":"https:\/\/elojocojo.org\/wp-content\/uploads\/2013\/03\/descarga.jpg","datePublished":"2013-03-24T14:50:59+00:00","dateModified":"2026-02-05T19:31:03+00:00","description":"Pel\u00edcula Polillas exhibida en la edici\u00f3n 2009 del Festival el ojO cojo. Pa\u00eds de origen, Espa\u00f1a. Dirigido por Pedro Touceda.","breadcrumb":{"@id":"https:\/\/elojocojo.org\/polillas\/#breadcrumb"},"inLanguage":"es","potentialAction":[{"@type":"ReadAction","target":["https:\/\/elojocojo.org\/polillas\/"]}]},{"@type":"ImageObject","inLanguage":"es","@id":"https:\/\/elojocojo.org\/polillas\/#primaryimage","url":"https:\/\/elojocojo.org\/wp-content\/uploads\/2013\/03\/descarga.jpg","contentUrl":"https:\/\/elojocojo.org\/wp-content\/uploads\/2013\/03\/descarga.jpg","width":290,"height":174,"caption":"polillas"},{"@type":"BreadcrumbList","@id":"https:\/\/elojocojo.org\/polillas\/#breadcrumb","itemListElement":[{"@type":"ListItem","position":1,"name":"Portada","item":"https:\/\/elojocojo.org\/"},{"@type":"ListItem","position":2,"name":"2008","item":"https:\/\/elojocojo.org\/tag\/2008\/"},{"@type":"ListItem","position":3,"name":"Polillas"}]},{"@type":"WebSite","@id":"https:\/\/elojocojo.org\/#website","url":"https:\/\/elojocojo.org\/","name":"el ojO cojo","description":"Todos estamos hechos de la misma esencia","publisher":{"@id":"https:\/\/elojocojo.org\/#organization"},"potentialAction":[{"@type":"SearchAction","target":{"@type":"EntryPoint","urlTemplate":"https:\/\/elojocojo.org\/?s={search_term_string}"},"query-input":{"@type":"PropertyValueSpecification","valueRequired":true,"valueName":"search_term_string"}}],"inLanguage":"es"},{"@type":"Organization","@id":"https:\/\/elojocojo.org\/#organization","name":"Meigas da r\u00faa","url":"https:\/\/elojocojo.org\/","logo":{"@type":"ImageObject","inLanguage":"es","@id":"https:\/\/elojocojo.org\/#\/schema\/logo\/image\/","url":"https:\/\/meigasdarua.org\/wp-content\/uploads\/2020\/09\/cropped-logo-meigas-5.png","contentUrl":"https:\/\/meigasdarua.org\/wp-content\/uploads\/2020\/09\/cropped-logo-meigas-5.png","width":109,"height":200,"caption":"Meigas da r\u00faa"},"image":{"@id":"https:\/\/elojocojo.org\/#\/schema\/logo\/image\/"},"sameAs":["https:\/\/www.facebook.com\/elojocojo","https:\/\/x.com\/elojocojo","https:\/\/www.instagram.com\/elojocojo\/?hl=es","https:\/\/www.linkedin.com\/in\/el-ojo-cojo-b52b7769\/","https:\/\/www.pinterest.es\/elojocojo\/_saved\/","https:\/\/www.youtube.com\/channel\/UCkFtFTV0Bms7zH7vq8FZxZg"]},{"@type":"Person","@id":"https:\/\/elojocojo.org\/#\/schema\/person\/cba15985dd5da095cac31c1ff0d6e23e","name":"cojo","url":"https:\/\/elojocojo.org\/author\/cojo\/"}]}},"_links":{"self":[{"href":"https:\/\/elojocojo.org\/wp-json\/wp\/v2\/posts\/9869","targetHints":{"allow":["GET"]}}],"collection":[{"href":"https:\/\/elojocojo.org\/wp-json\/wp\/v2\/posts"}],"about":[{"href":"https:\/\/elojocojo.org\/wp-json\/wp\/v2\/types\/post"}],"author":[{"embeddable":true,"href":"https:\/\/elojocojo.org\/wp-json\/wp\/v2\/users\/11"}],"replies":[{"embeddable":true,"href":"https:\/\/elojocojo.org\/wp-json\/wp\/v2\/comments?post=9869"}],"version-history":[{"count":8,"href":"https:\/\/elojocojo.org\/wp-json\/wp\/v2\/posts\/9869\/revisions"}],"predecessor-version":[{"id":73931,"href":"https:\/\/elojocojo.org\/wp-json\/wp\/v2\/posts\/9869\/revisions\/73931"}],"wp:featuredmedia":[{"embeddable":true,"href":"https:\/\/elojocojo.org\/wp-json\/wp\/v2\/media\/24589"}],"wp:attachment":[{"href":"https:\/\/elojocojo.org\/wp-json\/wp\/v2\/media?parent=9869"}],"wp:term":[{"taxonomy":"category","embeddable":true,"href":"https:\/\/elojocojo.org\/wp-json\/wp\/v2\/categories?post=9869"},{"taxonomy":"post_tag","embeddable":true,"href":"https:\/\/elojocojo.org\/wp-json\/wp\/v2\/tags?post=9869"}],"curies":[{"name":"wp","href":"https:\/\/api.w.org\/{rel}","templated":true}]}}