{"id":973,"date":"2008-09-04T17:37:27","date_gmt":"2008-09-05T00:37:27","guid":{"rendered":"http:\/\/www.elojocojo.org\/blog2\/?p=973"},"modified":"2026-03-20T11:12:16","modified_gmt":"2026-03-20T10:12:16","slug":"madrepacha","status":"publish","type":"post","link":"https:\/\/elojocojo.org\/madrepacha\/","title":{"rendered":"Madrepacha"},"content":{"rendered":"\n<figure class=\"wp-block-embed is-type-video is-provider-vimeo wp-block-embed-vimeo wp-embed-aspect-4-3 wp-has-aspect-ratio\"><div class=\"wp-block-embed__wrapper\">\n<iframe title=\"TRAILER Madrepacha\" src=\"https:\/\/player.vimeo.com\/video\/54051710?dnt=1&amp;app_id=122963\" width=\"640\" height=\"480\" frameborder=\"0\" allow=\"autoplay; fullscreen; picture-in-picture; clipboard-write; encrypted-media; web-share\" referrerpolicy=\"strict-origin-when-cross-origin\"><\/iframe>\n<\/div><\/figure>\n\n\n<p><strong>T\u00cdTULO:<\/strong> <em>Madrepacha<\/em><br \/><strong>T\u00cdTULO ORIGINAL:<\/strong> <em>Madrepacha<\/em><br \/><strong>A\u00d1O:<\/strong> 2005<br \/><strong>DIRECTOR:<\/strong> Yamila Fern\u00e1ndez Colman<br \/><strong>G\u00c9NERO:<\/strong> Documental<br \/><strong>DURACI\u00d3N:<\/strong> 44\u2019<br \/><strong>PA\u00cdS:<\/strong> Argentina<br \/><strong>FORMATO ORIGINAL:<\/strong> dvd PAL<br \/><strong>TIPO:<\/strong> color<br \/><strong>IDIOMA ORIGINAL:<\/strong> castellano<br \/><strong>PRODUCCI\u00d3N:<\/strong> Augusto Villamea<br \/><strong>GUION:<\/strong> Yamila Fern\u00e1ndez Colman<br \/><strong>EDICI\u00d3N\/MONTAJE:<\/strong> Celia Men\u00e9ndez Cervero<br \/><strong>DIRECCI\u00d3N DE FOTOGRAF\u00cdA:<\/strong> Gast\u00f3n Duarte<br \/><strong>SONIDO:<\/strong> In\u00e9s Almir\u00f3n<\/p>\n<p><strong>Opera prima<\/strong><\/p>\n<p><strong>SINOPSIS<\/strong><\/p>\n<h3 data-section-id=\"18l9cpi\" data-start=\"0\" data-end=\"39\">Un acercamiento a la Pachamama<\/h3>\n<p data-start=\"40\" data-end=\"481\"><em data-start=\"40\" data-end=\"52\">Madrepacha<\/em> (2005) introduce al espectador en el universo simb\u00f3lico de la Pachamama, divinidad venerada en el noroeste de Argentina. Desde el inicio, el documental plantea que no se trata \u00fanicamente de una figura religiosa, sino tambi\u00e9n de una forma de entender el mundo. En este sentido, se presenta una mirada que conecta lo espiritual con lo cotidiano, mostrando c\u00f3mo la naturaleza ocupa un lugar central en la vida de las comunidades.<\/p>\n<h3 data-section-id=\"di0ges\" data-start=\"483\" data-end=\"516\">M\u00e1s all\u00e1 de la tradici\u00f3n<\/h3>\n<p data-start=\"517\" data-end=\"920\">A lo largo del filme, se evidencia que la Pachamama representa mucho m\u00e1s que un rito ancestral. Adem\u00e1s, se configura como una filosof\u00eda de vida que gu\u00eda comportamientos, valores y relaciones con el entorno. Por ello, cada testimonio y cada pr\u00e1ctica reflejan una conexi\u00f3n profunda con la tierra. De este modo, el documental propone una visi\u00f3n en la que el ser humano forma parte de un equilibrio mayor.<\/p>\n<h3 data-section-id=\"fhtiej\" data-start=\"922\" data-end=\"952\">Ecolog\u00eda y conciencia<\/h3>\n<p data-start=\"953\" data-end=\"1330\">Por otro lado, la pel\u00edcula aborda de manera directa la cuesti\u00f3n ecol\u00f3gica. A trav\u00e9s de sus im\u00e1genes y relatos, se plantea una cr\u00edtica a los modelos de vida contempor\u00e1neos. En consecuencia, se invita al espectador a cuestionar h\u00e1bitos considerados normales dentro de la modernidad. Asimismo, se pone en evidencia el impacto negativo de estas pr\u00e1cticas sobre el medio ambiente.<\/p>\n<h3 data-section-id=\"10k7lm3\" data-start=\"1332\" data-end=\"1363\">Un contraste necesario<\/h3>\n<p data-start=\"1364\" data-end=\"1811\">Sin embargo, el documental no se limita a se\u00f1alar problemas, sino que establece un contraste entre dos formas de habitar el mundo. Mientras las comunidades vinculadas a la Pachamama mantienen una relaci\u00f3n respetuosa con la naturaleza, la sociedad moderna se muestra desconectada de ella. Por lo tanto, esta comparaci\u00f3n permite comprender la profundidad del conflicto ecol\u00f3gico actual. Al mismo tiempo, resalta la vigencia de saberes ancestrales.<\/p>\n<h3 data-section-id=\"1fffk21\" data-start=\"1813\" data-end=\"1843\">Una llamada al cambio<\/h3>\n<p data-start=\"1844\" data-end=\"2254\" data-is-last-node=\"\" data-is-only-node=\"\">Finalmente, <em data-start=\"1856\" data-end=\"1868\">Madrepacha<\/em> se configura como una invitaci\u00f3n a replantear nuestras conductas. A partir de lo expuesto, el espectador es llevado a considerar alternativas m\u00e1s sostenibles y conscientes. En consecuencia, el documental trasciende lo informativo para convertirse en una propuesta transformadora. En definitiva, plantea que recuperar el v\u00ednculo con la tierra no es solo posible, sino tambi\u00e9n necesario.<\/p>\n<p data-start=\"1844\" data-end=\"2254\" data-is-last-node=\"\" data-is-only-node=\"\"><img decoding=\"async\" class=\" wp-image-76058 aligncenter\" src=\"https:\/\/elojocojo.org\/wp-content\/uploads\/2008\/09\/madrepacha-1-400x348.png\" alt=\"\" width=\"255\" height=\"222\" srcset=\"https:\/\/elojocojo.org\/wp-content\/uploads\/2008\/09\/madrepacha-1-400x348.png 400w, https:\/\/elojocojo.org\/wp-content\/uploads\/2008\/09\/madrepacha-1-414x360.png 414w, https:\/\/elojocojo.org\/wp-content\/uploads\/2008\/09\/madrepacha-1-300x261.png 300w, https:\/\/elojocojo.org\/wp-content\/uploads\/2008\/09\/madrepacha-1.png 739w\" sizes=\"(max-width: 255px) 100vw, 255px\" \/><\/p>\n\n\n<p class=\"has-black-color has-text-color has-link-color wp-elements-ef96658c62834d4ad10b9521eaef8a37\">El filme <em>Madrepacha <\/em>particip\u00f3 en la edici\u00f3n <a href=\"https:\/\/elojocojo.org\/bienvenida\/festivalelojocojo\/informe\/\"><strong>2006<\/strong>&nbsp;<\/a>del <a href=\"https:\/\/elojocojo.org\/category\/festival-2006\/\"><strong>Festival de cine el ojO cojo<\/strong> <\/a>en ese sentido nos sentimos honrados de haberla exhibido.<\/p>\n\n\n\n<p class=\"has-black-color has-text-color has-link-color wp-elements-1e720bd4dca89635b6fc32ca1f98c2d3\">Visita nuestro <a href=\"https:\/\/el-ojocojo.blogspot.com\/\">blog.<\/a><\/p>\n\n\n\n<p><\/p>\n","protected":false},"excerpt":{"rendered":"<p>La Pachamama es la divinidad a quien se le rinde homenaje en el noroeste de Argentina. Es tambi\u00e9n una filosof\u00eda de vida. Un documental de Yamira Fern\u00e1ndez Colman.<\/p>\n","protected":false},"author":3,"featured_media":23546,"comment_status":"closed","ping_status":"closed","sticky":false,"template":"","format":"standard","meta":{"_monsterinsights_skip_tracking":false,"_monsterinsights_sitenote_active":false,"_monsterinsights_sitenote_note":"","_monsterinsights_sitenote_category":0,"footnotes":""},"categories":[2053,428],"tags":[1927,1257,420,1253,62,932,1981,1982,1086,1075],"class_list":{"0":"post-973","1":"post","2":"type-post","3":"status-publish","4":"format-standard","5":"has-post-thumbnail","7":"category-documental","8":"category-festival-2006","9":"tag-1927","10":"tag-accion-por-el-clima","11":"tag-argentina","12":"tag-ciudades-y-comunidades-sostenibles","13":"tag-convivencia","14":"tag-ecologia","15":"tag-festival-de-cine","16":"tag-festival-el-ojo-cojo","17":"tag-paz-y-justicia-e-instituciones-solidas","18":"tag-vida-de-ecosistemas-terrestres","19":"czr-hentry"},"yoast_head":"<!-- This site is optimized with the Yoast SEO plugin v27.1.1 - https:\/\/yoast.com\/product\/yoast-seo-wordpress\/ -->\n<title>Madrepacha - el ojO cojo<\/title>\n<meta name=\"description\" content=\"Pel\u00edcula Madrepacha exhibida en la edici\u00f3n 2006 del Festival el ojO cojo. Pa\u00eds de origen, Argentina. Dirigido por Yamila Fern\u00e1ndez Colman.\" \/>\n<meta name=\"robots\" content=\"index, follow, max-snippet:-1, max-image-preview:large, max-video-preview:-1\" \/>\n<link rel=\"canonical\" href=\"https:\/\/elojocojo.org\/madrepacha\/\" \/>\n<meta property=\"og:locale\" content=\"es_ES\" \/>\n<meta property=\"og:type\" content=\"article\" \/>\n<meta property=\"og:title\" content=\"Madrepacha - el ojO cojo\" \/>\n<meta property=\"og:description\" content=\"Pel\u00edcula Madrepacha exhibida en la edici\u00f3n 2006 del Festival el ojO cojo. Pa\u00eds de origen, Argentina. Dirigido por Yamila Fern\u00e1ndez Colman.\" \/>\n<meta property=\"og:url\" content=\"https:\/\/elojocojo.org\/madrepacha\/\" \/>\n<meta property=\"og:site_name\" content=\"el ojO cojo\" \/>\n<meta property=\"article:publisher\" content=\"https:\/\/www.facebook.com\/elojocojo\" \/>\n<meta property=\"article:published_time\" content=\"2008-09-05T00:37:27+00:00\" \/>\n<meta property=\"article:modified_time\" content=\"2026-03-20T10:12:16+00:00\" \/>\n<meta property=\"og:image\" content=\"https:\/\/elojocojo.org\/wp-content\/uploads\/2008\/09\/madrepacha.png\" \/>\n\t<meta property=\"og:image:width\" content=\"1199\" \/>\n\t<meta property=\"og:image:height\" content=\"949\" \/>\n\t<meta property=\"og:image:type\" content=\"image\/png\" \/>\n<meta name=\"twitter:card\" content=\"summary_large_image\" \/>\n<meta name=\"twitter:creator\" content=\"@elojocojo\" \/>\n<meta name=\"twitter:site\" content=\"@elojocojo\" \/>\n<meta name=\"twitter:label1\" content=\"Escrito por\" \/>\n\t<meta name=\"twitter:data1\" content=\"\" \/>\n\t<meta name=\"twitter:label2\" content=\"Tiempo de lectura\" \/>\n\t<meta name=\"twitter:data2\" content=\"2 minutos\" \/>\n<script type=\"application\/ld+json\" class=\"yoast-schema-graph\">{\"@context\":\"https:\/\/schema.org\",\"@graph\":[{\"@type\":\"Article\",\"@id\":\"https:\/\/elojocojo.org\/madrepacha\/#article\",\"isPartOf\":{\"@id\":\"https:\/\/elojocojo.org\/madrepacha\/\"},\"author\":{\"name\":\"\",\"@id\":\"\"},\"headline\":\"Madrepacha\",\"datePublished\":\"2008-09-05T00:37:27+00:00\",\"dateModified\":\"2026-03-20T10:12:16+00:00\",\"mainEntityOfPage\":{\"@id\":\"https:\/\/elojocojo.org\/madrepacha\/\"},\"wordCount\":467,\"publisher\":{\"@id\":\"https:\/\/elojocojo.org\/#organization\"},\"image\":{\"@id\":\"https:\/\/elojocojo.org\/madrepacha\/#primaryimage\"},\"thumbnailUrl\":\"https:\/\/elojocojo.org\/wp-content\/uploads\/2008\/09\/madrepacha.png\",\"keywords\":[\"2006\",\"Acci\u00f3n por el clima\",\"Argentina\",\"Ciudades y comunidades sostenibles\",\"convivencia\",\"ecolog\u00eda\",\"festival de cine\",\"Festival el Ojo cojo\",\"Paz y justicia e instituciones s\u00f3lidas\",\"Vida de ecosistemas terrestres\"],\"articleSection\":[\"Documental\",\"Festival 2006\"],\"inLanguage\":\"es\"},{\"@type\":\"WebPage\",\"@id\":\"https:\/\/elojocojo.org\/madrepacha\/\",\"url\":\"https:\/\/elojocojo.org\/madrepacha\/\",\"name\":\"Madrepacha - el ojO cojo\",\"isPartOf\":{\"@id\":\"https:\/\/elojocojo.org\/#website\"},\"primaryImageOfPage\":{\"@id\":\"https:\/\/elojocojo.org\/madrepacha\/#primaryimage\"},\"image\":{\"@id\":\"https:\/\/elojocojo.org\/madrepacha\/#primaryimage\"},\"thumbnailUrl\":\"https:\/\/elojocojo.org\/wp-content\/uploads\/2008\/09\/madrepacha.png\",\"datePublished\":\"2008-09-05T00:37:27+00:00\",\"dateModified\":\"2026-03-20T10:12:16+00:00\",\"description\":\"Pel\u00edcula Madrepacha exhibida en la edici\u00f3n 2006 del Festival el ojO cojo. Pa\u00eds de origen, Argentina. Dirigido por Yamila Fern\u00e1ndez Colman.\",\"breadcrumb\":{\"@id\":\"https:\/\/elojocojo.org\/madrepacha\/#breadcrumb\"},\"inLanguage\":\"es\",\"potentialAction\":[{\"@type\":\"ReadAction\",\"target\":[\"https:\/\/elojocojo.org\/madrepacha\/\"]}]},{\"@type\":\"ImageObject\",\"inLanguage\":\"es\",\"@id\":\"https:\/\/elojocojo.org\/madrepacha\/#primaryimage\",\"url\":\"https:\/\/elojocojo.org\/wp-content\/uploads\/2008\/09\/madrepacha.png\",\"contentUrl\":\"https:\/\/elojocojo.org\/wp-content\/uploads\/2008\/09\/madrepacha.png\",\"width\":1199,\"height\":949,\"caption\":\"Mujer adulta con un sombrero blanco, haciendo quehaceres en una zona rural junto a un rudimentario muro de piedra.\"},{\"@type\":\"BreadcrumbList\",\"@id\":\"https:\/\/elojocojo.org\/madrepacha\/#breadcrumb\",\"itemListElement\":[{\"@type\":\"ListItem\",\"position\":1,\"name\":\"Portada\",\"item\":\"https:\/\/elojocojo.org\/\"},{\"@type\":\"ListItem\",\"position\":2,\"name\":\"2006\",\"item\":\"https:\/\/elojocojo.org\/tag\/2006\/\"},{\"@type\":\"ListItem\",\"position\":3,\"name\":\"Madrepacha\"}]},{\"@type\":\"WebSite\",\"@id\":\"https:\/\/elojocojo.org\/#website\",\"url\":\"https:\/\/elojocojo.org\/\",\"name\":\"el ojO cojo\",\"description\":\"Todos estamos hechos de la misma esencia\",\"publisher\":{\"@id\":\"https:\/\/elojocojo.org\/#organization\"},\"potentialAction\":[{\"@type\":\"SearchAction\",\"target\":{\"@type\":\"EntryPoint\",\"urlTemplate\":\"https:\/\/elojocojo.org\/?s={search_term_string}\"},\"query-input\":{\"@type\":\"PropertyValueSpecification\",\"valueRequired\":true,\"valueName\":\"search_term_string\"}}],\"inLanguage\":\"es\"},{\"@type\":\"Organization\",\"@id\":\"https:\/\/elojocojo.org\/#organization\",\"name\":\"Meigas da r\u00faa\",\"url\":\"https:\/\/elojocojo.org\/\",\"logo\":{\"@type\":\"ImageObject\",\"inLanguage\":\"es\",\"@id\":\"https:\/\/elojocojo.org\/#\/schema\/logo\/image\/\",\"url\":\"https:\/\/meigasdarua.org\/wp-content\/uploads\/2020\/09\/cropped-logo-meigas-5.png\",\"contentUrl\":\"https:\/\/meigasdarua.org\/wp-content\/uploads\/2020\/09\/cropped-logo-meigas-5.png\",\"width\":109,\"height\":200,\"caption\":\"Meigas da r\u00faa\"},\"image\":{\"@id\":\"https:\/\/elojocojo.org\/#\/schema\/logo\/image\/\"},\"sameAs\":[\"https:\/\/www.facebook.com\/elojocojo\",\"https:\/\/x.com\/elojocojo\",\"https:\/\/www.instagram.com\/elojocojo\/?hl=es\",\"https:\/\/www.linkedin.com\/in\/el-ojo-cojo-b52b7769\/\",\"https:\/\/www.pinterest.es\/elojocojo\/_saved\/\",\"https:\/\/www.youtube.com\/channel\/UCkFtFTV0Bms7zH7vq8FZxZg\"]},{\"@type\":\"Person\",\"@id\":\"\",\"url\":\"https:\/\/elojocojo.org\/author\/\"}]}<\/script>\n<!-- \/ Yoast SEO plugin. -->","yoast_head_json":{"title":"Madrepacha - el ojO cojo","description":"Pel\u00edcula Madrepacha exhibida en la edici\u00f3n 2006 del Festival el ojO cojo. Pa\u00eds de origen, Argentina. Dirigido por Yamila Fern\u00e1ndez Colman.","robots":{"index":"index","follow":"follow","max-snippet":"max-snippet:-1","max-image-preview":"max-image-preview:large","max-video-preview":"max-video-preview:-1"},"canonical":"https:\/\/elojocojo.org\/madrepacha\/","og_locale":"es_ES","og_type":"article","og_title":"Madrepacha - el ojO cojo","og_description":"Pel\u00edcula Madrepacha exhibida en la edici\u00f3n 2006 del Festival el ojO cojo. Pa\u00eds de origen, Argentina. Dirigido por Yamila Fern\u00e1ndez Colman.","og_url":"https:\/\/elojocojo.org\/madrepacha\/","og_site_name":"el ojO cojo","article_publisher":"https:\/\/www.facebook.com\/elojocojo","article_published_time":"2008-09-05T00:37:27+00:00","article_modified_time":"2026-03-20T10:12:16+00:00","og_image":[{"width":1199,"height":949,"url":"https:\/\/elojocojo.org\/wp-content\/uploads\/2008\/09\/madrepacha.png","type":"image\/png"}],"twitter_card":"summary_large_image","twitter_creator":"@elojocojo","twitter_site":"@elojocojo","twitter_misc":{"Escrito por":"","Tiempo de lectura":"2 minutos"},"schema":{"@context":"https:\/\/schema.org","@graph":[{"@type":"Article","@id":"https:\/\/elojocojo.org\/madrepacha\/#article","isPartOf":{"@id":"https:\/\/elojocojo.org\/madrepacha\/"},"author":{"name":"","@id":""},"headline":"Madrepacha","datePublished":"2008-09-05T00:37:27+00:00","dateModified":"2026-03-20T10:12:16+00:00","mainEntityOfPage":{"@id":"https:\/\/elojocojo.org\/madrepacha\/"},"wordCount":467,"publisher":{"@id":"https:\/\/elojocojo.org\/#organization"},"image":{"@id":"https:\/\/elojocojo.org\/madrepacha\/#primaryimage"},"thumbnailUrl":"https:\/\/elojocojo.org\/wp-content\/uploads\/2008\/09\/madrepacha.png","keywords":["2006","Acci\u00f3n por el clima","Argentina","Ciudades y comunidades sostenibles","convivencia","ecolog\u00eda","festival de cine","Festival el Ojo cojo","Paz y justicia e instituciones s\u00f3lidas","Vida de ecosistemas terrestres"],"articleSection":["Documental","Festival 2006"],"inLanguage":"es"},{"@type":"WebPage","@id":"https:\/\/elojocojo.org\/madrepacha\/","url":"https:\/\/elojocojo.org\/madrepacha\/","name":"Madrepacha - el ojO cojo","isPartOf":{"@id":"https:\/\/elojocojo.org\/#website"},"primaryImageOfPage":{"@id":"https:\/\/elojocojo.org\/madrepacha\/#primaryimage"},"image":{"@id":"https:\/\/elojocojo.org\/madrepacha\/#primaryimage"},"thumbnailUrl":"https:\/\/elojocojo.org\/wp-content\/uploads\/2008\/09\/madrepacha.png","datePublished":"2008-09-05T00:37:27+00:00","dateModified":"2026-03-20T10:12:16+00:00","description":"Pel\u00edcula Madrepacha exhibida en la edici\u00f3n 2006 del Festival el ojO cojo. Pa\u00eds de origen, Argentina. Dirigido por Yamila Fern\u00e1ndez Colman.","breadcrumb":{"@id":"https:\/\/elojocojo.org\/madrepacha\/#breadcrumb"},"inLanguage":"es","potentialAction":[{"@type":"ReadAction","target":["https:\/\/elojocojo.org\/madrepacha\/"]}]},{"@type":"ImageObject","inLanguage":"es","@id":"https:\/\/elojocojo.org\/madrepacha\/#primaryimage","url":"https:\/\/elojocojo.org\/wp-content\/uploads\/2008\/09\/madrepacha.png","contentUrl":"https:\/\/elojocojo.org\/wp-content\/uploads\/2008\/09\/madrepacha.png","width":1199,"height":949,"caption":"Mujer adulta con un sombrero blanco, haciendo quehaceres en una zona rural junto a un rudimentario muro de piedra."},{"@type":"BreadcrumbList","@id":"https:\/\/elojocojo.org\/madrepacha\/#breadcrumb","itemListElement":[{"@type":"ListItem","position":1,"name":"Portada","item":"https:\/\/elojocojo.org\/"},{"@type":"ListItem","position":2,"name":"2006","item":"https:\/\/elojocojo.org\/tag\/2006\/"},{"@type":"ListItem","position":3,"name":"Madrepacha"}]},{"@type":"WebSite","@id":"https:\/\/elojocojo.org\/#website","url":"https:\/\/elojocojo.org\/","name":"el ojO cojo","description":"Todos estamos hechos de la misma esencia","publisher":{"@id":"https:\/\/elojocojo.org\/#organization"},"potentialAction":[{"@type":"SearchAction","target":{"@type":"EntryPoint","urlTemplate":"https:\/\/elojocojo.org\/?s={search_term_string}"},"query-input":{"@type":"PropertyValueSpecification","valueRequired":true,"valueName":"search_term_string"}}],"inLanguage":"es"},{"@type":"Organization","@id":"https:\/\/elojocojo.org\/#organization","name":"Meigas da r\u00faa","url":"https:\/\/elojocojo.org\/","logo":{"@type":"ImageObject","inLanguage":"es","@id":"https:\/\/elojocojo.org\/#\/schema\/logo\/image\/","url":"https:\/\/meigasdarua.org\/wp-content\/uploads\/2020\/09\/cropped-logo-meigas-5.png","contentUrl":"https:\/\/meigasdarua.org\/wp-content\/uploads\/2020\/09\/cropped-logo-meigas-5.png","width":109,"height":200,"caption":"Meigas da r\u00faa"},"image":{"@id":"https:\/\/elojocojo.org\/#\/schema\/logo\/image\/"},"sameAs":["https:\/\/www.facebook.com\/elojocojo","https:\/\/x.com\/elojocojo","https:\/\/www.instagram.com\/elojocojo\/?hl=es","https:\/\/www.linkedin.com\/in\/el-ojo-cojo-b52b7769\/","https:\/\/www.pinterest.es\/elojocojo\/_saved\/","https:\/\/www.youtube.com\/channel\/UCkFtFTV0Bms7zH7vq8FZxZg"]},{"@type":"Person","@id":"","url":"https:\/\/elojocojo.org\/author\/"}]}},"_links":{"self":[{"href":"https:\/\/elojocojo.org\/wp-json\/wp\/v2\/posts\/973","targetHints":{"allow":["GET"]}}],"collection":[{"href":"https:\/\/elojocojo.org\/wp-json\/wp\/v2\/posts"}],"about":[{"href":"https:\/\/elojocojo.org\/wp-json\/wp\/v2\/types\/post"}],"author":[{"embeddable":true,"href":"https:\/\/elojocojo.org\/wp-json\/wp\/v2\/users\/3"}],"replies":[{"embeddable":true,"href":"https:\/\/elojocojo.org\/wp-json\/wp\/v2\/comments?post=973"}],"version-history":[{"count":8,"href":"https:\/\/elojocojo.org\/wp-json\/wp\/v2\/posts\/973\/revisions"}],"predecessor-version":[{"id":76249,"href":"https:\/\/elojocojo.org\/wp-json\/wp\/v2\/posts\/973\/revisions\/76249"}],"wp:featuredmedia":[{"embeddable":true,"href":"https:\/\/elojocojo.org\/wp-json\/wp\/v2\/media\/23546"}],"wp:attachment":[{"href":"https:\/\/elojocojo.org\/wp-json\/wp\/v2\/media?parent=973"}],"wp:term":[{"taxonomy":"category","embeddable":true,"href":"https:\/\/elojocojo.org\/wp-json\/wp\/v2\/categories?post=973"},{"taxonomy":"post_tag","embeddable":true,"href":"https:\/\/elojocojo.org\/wp-json\/wp\/v2\/tags?post=973"}],"curies":[{"name":"wp","href":"https:\/\/api.w.org\/{rel}","templated":true}]}}