{"id":915,"date":"2008-09-04T12:35:01","date_gmt":"2008-09-04T19:35:01","guid":{"rendered":"http:\/\/www.elojocojo.org\/blog2\/?p=915"},"modified":"2025-09-23T10:47:41","modified_gmt":"2025-09-23T08:47:41","slug":"panambi","status":"publish","type":"post","link":"https:\/\/elojocojo.org\/panambi\/","title":{"rendered":"Panamb\u00ed"},"content":{"rendered":"<p>T\u00cdTULO: Panamb\u00ed<\/p>\n<p>A\u00d1O: 2006<\/p>\n<p>G\u00c9NERO: Ficci\u00f3n<\/p>\n<p>DIRECTOR: Mart\u00edn Rey &#8211; Matesanz<\/p>\n<p>INT\u00c9RPRETES: Pepe Sorolla, Manolo Melero, Enric Garc\u00eda<\/p>\n<p>FORMATO ORIGINAL: 35mm<\/p>\n<p>TIPO: color<\/p>\n<p>IDIOMA ORIGINAL: castellano<\/p>\n<p>DURACI\u00d3N: 16&#8242; 2&#8243;<\/p>\n<p>PA\u00cdS: Espa\u00f1a<\/p>\n<p>PRODUCCI\u00d3N: Mart\u00edn Rey- Matesanz<\/p>\n<p>GUI\u00d3N: Mart\u00edn Rey &#8211; Matesanz<\/p>\n<p>DIRECCI\u00d3N DE FOTOGRAF\u00cdA: Juan Manuel C\u00e9spedes<\/p>\n<p>EDICI\u00d3N\/MONTAJE: Mart\u00edn Rey &#8211; Matesanz<\/p>\n<p>SONIDO: Javier Peral. Miguel Pe\u00f1albo<\/p>\n<p>M\u00daSICA: Diego Alamar<\/p>\n<p>\u00d3PERA PRIMA<\/p>\n<p>Sinopsis<\/p>\n<p>El id\u00edlico pueblo de Panamb\u00ed, situado en la frontera entre Argentina y Brasil, se enfrenta a una inminente inundaci\u00f3n que amenaza con sepultarlo bajo el r\u00edo. La construcci\u00f3n de una represa hidroel\u00e9ctrica ha alterado la serenidad que caracterizaba a este rinc\u00f3n fronterizo, y sus habitantes ahora deben enfrentarse a la dif\u00edcil realidad de dejar atr\u00e1s sus hogares y trasladarse a un barrio precario, reci\u00e9n construido en las afueras.<\/p>\n<p>Entre ellos, se encuentran los Zucker, una familia multi\u00e9tnica y tradicional, cuya vida est\u00e1 marcada por una profunda conexi\u00f3n con su tierra y su comunidad. A medida que la represa avanza, los Zucker se ven envueltos en una encrucijada emocional y pr\u00e1ctica: \u00bfdeben emigrar a Brasil con la esperanza de un futuro mejor, o quedarse cerca de su amado pueblo, donde ya se han asentado muchos de sus vecinos? La decisi\u00f3n no es f\u00e1cil, y refleja los dilemas profundos que enfrentan quienes se ven obligados a desplazarse por el progreso.<\/p>\n\n\n<p>El filme Panamb\u00ed particip\u00f3 en la edici\u00f3n <strong>2006<\/strong>&nbsp;del <a href=\"https:\/\/elojocojo.org\/category\/festival-2006\/\"><strong>Festival de cine el ojO cojo<\/strong> <\/a>en ese sentido nos sentimos honrados de haberla exhibido.<\/p>\n\n\n\n<p>Visita nuestro <a href=\"https:\/\/el-ojocojo.blogspot.com\/\">blog<\/a><\/p>\n\n\n\n<p><\/p>\n","protected":false},"excerpt":{"rendered":"<p>T\u00cdTULO: Panamb\u00ed A\u00d1O: 2006 G\u00c9NERO: Ficci\u00f3n DIRECTOR: Mart\u00edn Rey &#8211; Matesanz INT\u00c9RPRETES: Pepe Sorolla, Manolo Melero, Enric Garc\u00eda FORMATO ORIGINAL: 35mm TIPO: color IDIOMA ORIGINAL: castellano DURACI\u00d3N: 16&#8242; 2&#8243; PA\u00cdS: Espa\u00f1a PRODUCCI\u00d3N: Mart\u00edn Rey- Matesanz GUI\u00d3N: Mart\u00edn Rey &#8211; Matesanz DIRECCI\u00d3N DE FOTOGRAF\u00cdA: Juan Manuel C\u00e9spedes EDICI\u00d3N\/MONTAJE: Mart\u00edn Rey &#8211; Matesanz SONIDO: Javier Peral. Miguel [&hellip;]<\/p>\n","protected":false},"author":3,"featured_media":0,"comment_status":"closed","ping_status":"closed","sticky":false,"template":"","format":"standard","meta":{"_monsterinsights_skip_tracking":false,"_monsterinsights_sitenote_active":false,"_monsterinsights_sitenote_note":"","_monsterinsights_sitenote_category":0,"footnotes":""},"categories":[1460,428,30],"tags":[1927,1126,186,936,960,138,1981,1982,1086],"class_list":{"0":"post-915","1":"post","2":"type-post","3":"status-publish","4":"format-standard","6":"category-cortometraje","7":"category-festival-2006","8":"category-ficcion","9":"tag-1927","10":"tag-alianzas-para-lograr-objetivos","11":"tag-arte","12":"tag-artista","13":"tag-creatividad","14":"tag-espana","15":"tag-festival-de-cine","16":"tag-festival-el-ojo-cojo","17":"tag-paz-y-justicia-e-instituciones-solidas","18":"czr-hentry"},"yoast_head":"<!-- This site is optimized with the Yoast SEO plugin v27.1.1 - https:\/\/yoast.com\/product\/yoast-seo-wordpress\/ -->\n<title>Panamb\u00ed - el ojO cojo<\/title>\n<meta name=\"description\" content=\"Pel\u00edcula Panamb\u00ed exhibida en la edici\u00f3n 2006 del Festival el ojO cojo. Pa\u00eds de origen, Espa\u00f1a. Dirigido por Mart\u00edn Rey - Matesanz.\" \/>\n<meta name=\"robots\" content=\"index, follow, max-snippet:-1, max-image-preview:large, max-video-preview:-1\" \/>\n<link rel=\"canonical\" href=\"https:\/\/elojocojo.org\/panambi\/\" \/>\n<meta property=\"og:locale\" content=\"es_ES\" \/>\n<meta property=\"og:type\" content=\"article\" \/>\n<meta property=\"og:title\" content=\"Panamb\u00ed - el ojO cojo\" \/>\n<meta property=\"og:description\" content=\"Pel\u00edcula Panamb\u00ed exhibida en la edici\u00f3n 2006 del Festival el ojO cojo. Pa\u00eds de origen, Espa\u00f1a. Dirigido por Mart\u00edn Rey - Matesanz.\" \/>\n<meta property=\"og:url\" content=\"https:\/\/elojocojo.org\/panambi\/\" \/>\n<meta property=\"og:site_name\" content=\"el ojO cojo\" \/>\n<meta property=\"article:publisher\" content=\"https:\/\/www.facebook.com\/elojocojo\" \/>\n<meta property=\"article:published_time\" content=\"2008-09-04T19:35:01+00:00\" \/>\n<meta property=\"article:modified_time\" content=\"2025-09-23T08:47:41+00:00\" \/>\n<meta property=\"og:image\" content=\"https:\/\/elojocojo.org\/wp-content\/uploads\/2020\/09\/cropped-logo-meigas-5.png\" \/>\n\t<meta property=\"og:image:width\" content=\"109\" \/>\n\t<meta property=\"og:image:height\" content=\"200\" \/>\n\t<meta property=\"og:image:type\" content=\"image\/png\" \/>\n<meta name=\"twitter:card\" content=\"summary_large_image\" \/>\n<meta name=\"twitter:creator\" content=\"@elojocojo\" \/>\n<meta name=\"twitter:site\" content=\"@elojocojo\" \/>\n<meta name=\"twitter:label1\" content=\"Escrito por\" \/>\n\t<meta name=\"twitter:data1\" content=\"\" \/>\n\t<meta name=\"twitter:label2\" content=\"Tiempo de lectura\" \/>\n\t<meta name=\"twitter:data2\" content=\"1 minuto\" \/>\n<script type=\"application\/ld+json\" class=\"yoast-schema-graph\">{\"@context\":\"https:\/\/schema.org\",\"@graph\":[{\"@type\":\"Article\",\"@id\":\"https:\/\/elojocojo.org\/panambi\/#article\",\"isPartOf\":{\"@id\":\"https:\/\/elojocojo.org\/panambi\/\"},\"author\":{\"name\":\"\",\"@id\":\"\"},\"headline\":\"Panamb\u00ed\",\"datePublished\":\"2008-09-04T19:35:01+00:00\",\"dateModified\":\"2025-09-23T08:47:41+00:00\",\"mainEntityOfPage\":{\"@id\":\"https:\/\/elojocojo.org\/panambi\/\"},\"wordCount\":282,\"publisher\":{\"@id\":\"https:\/\/elojocojo.org\/#organization\"},\"keywords\":[\"2006\",\"Alianzas para lograr objetivos\",\"Arte\",\"artista\",\"creatividad\",\"Espa\u00f1a\",\"festival de cine\",\"Festival el Ojo cojo\",\"Paz y justicia e instituciones s\u00f3lidas\"],\"articleSection\":[\"Cortometraje\",\"Festival 2006\",\"Ficci\u00f3n\"],\"inLanguage\":\"es\"},{\"@type\":\"WebPage\",\"@id\":\"https:\/\/elojocojo.org\/panambi\/\",\"url\":\"https:\/\/elojocojo.org\/panambi\/\",\"name\":\"Panamb\u00ed - el ojO cojo\",\"isPartOf\":{\"@id\":\"https:\/\/elojocojo.org\/#website\"},\"datePublished\":\"2008-09-04T19:35:01+00:00\",\"dateModified\":\"2025-09-23T08:47:41+00:00\",\"description\":\"Pel\u00edcula Panamb\u00ed exhibida en la edici\u00f3n 2006 del Festival el ojO cojo. Pa\u00eds de origen, Espa\u00f1a. Dirigido por Mart\u00edn Rey - Matesanz.\",\"breadcrumb\":{\"@id\":\"https:\/\/elojocojo.org\/panambi\/#breadcrumb\"},\"inLanguage\":\"es\",\"potentialAction\":[{\"@type\":\"ReadAction\",\"target\":[\"https:\/\/elojocojo.org\/panambi\/\"]}]},{\"@type\":\"BreadcrumbList\",\"@id\":\"https:\/\/elojocojo.org\/panambi\/#breadcrumb\",\"itemListElement\":[{\"@type\":\"ListItem\",\"position\":1,\"name\":\"Portada\",\"item\":\"https:\/\/elojocojo.org\/\"},{\"@type\":\"ListItem\",\"position\":2,\"name\":\"2006\",\"item\":\"https:\/\/elojocojo.org\/tag\/2006\/\"},{\"@type\":\"ListItem\",\"position\":3,\"name\":\"Panamb\u00ed\"}]},{\"@type\":\"WebSite\",\"@id\":\"https:\/\/elojocojo.org\/#website\",\"url\":\"https:\/\/elojocojo.org\/\",\"name\":\"el ojO cojo\",\"description\":\"Todos estamos hechos de la misma esencia\",\"publisher\":{\"@id\":\"https:\/\/elojocojo.org\/#organization\"},\"potentialAction\":[{\"@type\":\"SearchAction\",\"target\":{\"@type\":\"EntryPoint\",\"urlTemplate\":\"https:\/\/elojocojo.org\/?s={search_term_string}\"},\"query-input\":{\"@type\":\"PropertyValueSpecification\",\"valueRequired\":true,\"valueName\":\"search_term_string\"}}],\"inLanguage\":\"es\"},{\"@type\":\"Organization\",\"@id\":\"https:\/\/elojocojo.org\/#organization\",\"name\":\"Meigas da r\u00faa\",\"url\":\"https:\/\/elojocojo.org\/\",\"logo\":{\"@type\":\"ImageObject\",\"inLanguage\":\"es\",\"@id\":\"https:\/\/elojocojo.org\/#\/schema\/logo\/image\/\",\"url\":\"https:\/\/meigasdarua.org\/wp-content\/uploads\/2020\/09\/cropped-logo-meigas-5.png\",\"contentUrl\":\"https:\/\/meigasdarua.org\/wp-content\/uploads\/2020\/09\/cropped-logo-meigas-5.png\",\"width\":109,\"height\":200,\"caption\":\"Meigas da r\u00faa\"},\"image\":{\"@id\":\"https:\/\/elojocojo.org\/#\/schema\/logo\/image\/\"},\"sameAs\":[\"https:\/\/www.facebook.com\/elojocojo\",\"https:\/\/x.com\/elojocojo\",\"https:\/\/www.instagram.com\/elojocojo\/?hl=es\",\"https:\/\/www.linkedin.com\/in\/el-ojo-cojo-b52b7769\/\",\"https:\/\/www.pinterest.es\/elojocojo\/_saved\/\",\"https:\/\/www.youtube.com\/channel\/UCkFtFTV0Bms7zH7vq8FZxZg\"]},{\"@type\":\"Person\",\"@id\":\"\",\"url\":\"https:\/\/elojocojo.org\/author\/\"}]}<\/script>\n<!-- \/ Yoast SEO plugin. -->","yoast_head_json":{"title":"Panamb\u00ed - el ojO cojo","description":"Pel\u00edcula Panamb\u00ed exhibida en la edici\u00f3n 2006 del Festival el ojO cojo. Pa\u00eds de origen, Espa\u00f1a. Dirigido por Mart\u00edn Rey - Matesanz.","robots":{"index":"index","follow":"follow","max-snippet":"max-snippet:-1","max-image-preview":"max-image-preview:large","max-video-preview":"max-video-preview:-1"},"canonical":"https:\/\/elojocojo.org\/panambi\/","og_locale":"es_ES","og_type":"article","og_title":"Panamb\u00ed - el ojO cojo","og_description":"Pel\u00edcula Panamb\u00ed exhibida en la edici\u00f3n 2006 del Festival el ojO cojo. Pa\u00eds de origen, Espa\u00f1a. Dirigido por Mart\u00edn Rey - Matesanz.","og_url":"https:\/\/elojocojo.org\/panambi\/","og_site_name":"el ojO cojo","article_publisher":"https:\/\/www.facebook.com\/elojocojo","article_published_time":"2008-09-04T19:35:01+00:00","article_modified_time":"2025-09-23T08:47:41+00:00","og_image":[{"width":109,"height":200,"url":"https:\/\/elojocojo.org\/wp-content\/uploads\/2020\/09\/cropped-logo-meigas-5.png","type":"image\/png"}],"twitter_card":"summary_large_image","twitter_creator":"@elojocojo","twitter_site":"@elojocojo","twitter_misc":{"Escrito por":"","Tiempo de lectura":"1 minuto"},"schema":{"@context":"https:\/\/schema.org","@graph":[{"@type":"Article","@id":"https:\/\/elojocojo.org\/panambi\/#article","isPartOf":{"@id":"https:\/\/elojocojo.org\/panambi\/"},"author":{"name":"","@id":""},"headline":"Panamb\u00ed","datePublished":"2008-09-04T19:35:01+00:00","dateModified":"2025-09-23T08:47:41+00:00","mainEntityOfPage":{"@id":"https:\/\/elojocojo.org\/panambi\/"},"wordCount":282,"publisher":{"@id":"https:\/\/elojocojo.org\/#organization"},"keywords":["2006","Alianzas para lograr objetivos","Arte","artista","creatividad","Espa\u00f1a","festival de cine","Festival el Ojo cojo","Paz y justicia e instituciones s\u00f3lidas"],"articleSection":["Cortometraje","Festival 2006","Ficci\u00f3n"],"inLanguage":"es"},{"@type":"WebPage","@id":"https:\/\/elojocojo.org\/panambi\/","url":"https:\/\/elojocojo.org\/panambi\/","name":"Panamb\u00ed - el ojO cojo","isPartOf":{"@id":"https:\/\/elojocojo.org\/#website"},"datePublished":"2008-09-04T19:35:01+00:00","dateModified":"2025-09-23T08:47:41+00:00","description":"Pel\u00edcula Panamb\u00ed exhibida en la edici\u00f3n 2006 del Festival el ojO cojo. Pa\u00eds de origen, Espa\u00f1a. Dirigido por Mart\u00edn Rey - Matesanz.","breadcrumb":{"@id":"https:\/\/elojocojo.org\/panambi\/#breadcrumb"},"inLanguage":"es","potentialAction":[{"@type":"ReadAction","target":["https:\/\/elojocojo.org\/panambi\/"]}]},{"@type":"BreadcrumbList","@id":"https:\/\/elojocojo.org\/panambi\/#breadcrumb","itemListElement":[{"@type":"ListItem","position":1,"name":"Portada","item":"https:\/\/elojocojo.org\/"},{"@type":"ListItem","position":2,"name":"2006","item":"https:\/\/elojocojo.org\/tag\/2006\/"},{"@type":"ListItem","position":3,"name":"Panamb\u00ed"}]},{"@type":"WebSite","@id":"https:\/\/elojocojo.org\/#website","url":"https:\/\/elojocojo.org\/","name":"el ojO cojo","description":"Todos estamos hechos de la misma esencia","publisher":{"@id":"https:\/\/elojocojo.org\/#organization"},"potentialAction":[{"@type":"SearchAction","target":{"@type":"EntryPoint","urlTemplate":"https:\/\/elojocojo.org\/?s={search_term_string}"},"query-input":{"@type":"PropertyValueSpecification","valueRequired":true,"valueName":"search_term_string"}}],"inLanguage":"es"},{"@type":"Organization","@id":"https:\/\/elojocojo.org\/#organization","name":"Meigas da r\u00faa","url":"https:\/\/elojocojo.org\/","logo":{"@type":"ImageObject","inLanguage":"es","@id":"https:\/\/elojocojo.org\/#\/schema\/logo\/image\/","url":"https:\/\/meigasdarua.org\/wp-content\/uploads\/2020\/09\/cropped-logo-meigas-5.png","contentUrl":"https:\/\/meigasdarua.org\/wp-content\/uploads\/2020\/09\/cropped-logo-meigas-5.png","width":109,"height":200,"caption":"Meigas da r\u00faa"},"image":{"@id":"https:\/\/elojocojo.org\/#\/schema\/logo\/image\/"},"sameAs":["https:\/\/www.facebook.com\/elojocojo","https:\/\/x.com\/elojocojo","https:\/\/www.instagram.com\/elojocojo\/?hl=es","https:\/\/www.linkedin.com\/in\/el-ojo-cojo-b52b7769\/","https:\/\/www.pinterest.es\/elojocojo\/_saved\/","https:\/\/www.youtube.com\/channel\/UCkFtFTV0Bms7zH7vq8FZxZg"]},{"@type":"Person","@id":"","url":"https:\/\/elojocojo.org\/author\/"}]}},"_links":{"self":[{"href":"https:\/\/elojocojo.org\/wp-json\/wp\/v2\/posts\/915","targetHints":{"allow":["GET"]}}],"collection":[{"href":"https:\/\/elojocojo.org\/wp-json\/wp\/v2\/posts"}],"about":[{"href":"https:\/\/elojocojo.org\/wp-json\/wp\/v2\/types\/post"}],"author":[{"embeddable":true,"href":"https:\/\/elojocojo.org\/wp-json\/wp\/v2\/users\/3"}],"replies":[{"embeddable":true,"href":"https:\/\/elojocojo.org\/wp-json\/wp\/v2\/comments?post=915"}],"version-history":[{"count":5,"href":"https:\/\/elojocojo.org\/wp-json\/wp\/v2\/posts\/915\/revisions"}],"predecessor-version":[{"id":57692,"href":"https:\/\/elojocojo.org\/wp-json\/wp\/v2\/posts\/915\/revisions\/57692"}],"wp:attachment":[{"href":"https:\/\/elojocojo.org\/wp-json\/wp\/v2\/media?parent=915"}],"wp:term":[{"taxonomy":"category","embeddable":true,"href":"https:\/\/elojocojo.org\/wp-json\/wp\/v2\/categories?post=915"},{"taxonomy":"post_tag","embeddable":true,"href":"https:\/\/elojocojo.org\/wp-json\/wp\/v2\/tags?post=915"}],"curies":[{"name":"wp","href":"https:\/\/api.w.org\/{rel}","templated":true}]}}