{"id":8925,"date":"2012-09-15T15:39:08","date_gmt":"2012-09-15T22:39:08","guid":{"rendered":"http:\/\/www.elojocojo.org\/blog2\/?p=8925"},"modified":"2025-09-25T16:58:00","modified_gmt":"2025-09-25T14:58:00","slug":"ngutu","status":"publish","type":"post","link":"https:\/\/elojocojo.org\/ngutu\/","title":{"rendered":"Ngutu"},"content":{"rendered":"<p><span style=\"color: #222222;\"><span style=\"font-family: arial, sans-serif;\"><span style=\"font-size: small;\"><img decoding=\"async\" class=\"alignnone size-full wp-image-15022\" src=\"https:\/\/www.elojocojo.org\/wp-content\/uploads\/2012\/09\/Ngutu.jpg\" alt=\"\" width=\"300\" height=\"168\" \/><br \/>\nT\u00cdTULO EN INGL\u00c9S: Ngutu<br \/>\n<\/span><\/span><\/span><span style=\"color: #222222;\"><span style=\"font-family: arial, sans-serif;\"><span style=\"font-size: small;\">A\u00d1O: 2012<br \/>\nDIRECTORES:<\/span><\/span><\/span> <span style=\"color: #000000;\"><span style=\"font-family: Arial, Helvetica, sans-serif;\"><span style=\"font-size: small;\">Felipe del Olmo &amp; Daniel Valledor<br \/>\n<\/span><\/span><\/span><span style=\"color: #222222;\"><span style=\"font-family: arial, sans-serif;\"><span style=\"font-size: small;\">GENERO CINEMATOGRAFICO: Ficci\u00f3n<br \/>\n<\/span><\/span><\/span><span style=\"color: #222222;\"><span style=\"font-family: arial, sans-serif;\"><span style=\"font-size: small;\">DURACION: 4&#8242;<br \/>\n<\/span><\/span><\/span><span style=\"color: #222222;\"><span style=\"font-family: arial, sans-serif;\"><span style=\"font-size: small;\">PAIS: Espa\u00f1a<br \/>\n<\/span><\/span><\/span><span style=\"color: #222222;\"><span style=\"font-family: arial, sans-serif;\"><span style=\"font-size: small;\">FORMATO ORIGINAL: <\/span><\/span><\/span><span style=\"color: #000000;\"><span style=\"font-family: Arial, Helvetica, sans-serif;\"><span style=\"font-size: small;\">HDCAM<br \/>\n<\/span><\/span><\/span><span style=\"color: #000000;\"><span style=\"font-family: arial, sans-serif;\"><span style=\"font-size: small;\">TIPO: Color<br \/>\n<\/span><\/span><\/span><span style=\"color: #000000;\"><span style=\"font-family: arial, sans-serif;\"><span style=\"font-size: small;\">IDIOMA ORIGINAL: Castellano<br \/>\n<\/span><\/span><\/span><span style=\"color: #000000;\"><span style=\"font-family: arial, sans-serif;\"><span style=\"font-size: small;\">SUBTITULOS: <\/span><\/span><\/span><span style=\"color: #000000;\"><span style=\"font-size: small;\">\u00a0<\/span><\/span><span style=\"color: #000000;\"><span style=\"font-family: Arial, Helvetica, sans-serif;\"><span style=\"font-size: small;\">Ingl\u00e9s, Franc\u00e9s e Italiano<br \/>\n<\/span><\/span><\/span><span style=\"color: #000000;\"><span style=\"font-family: arial, sans-serif;\"><span style=\"font-size: small;\">INTERPRETES:Malcom Sit\u00e9, Ram\u00f3n Mart\u00ednez Ram\u00edrez,Lope Barral, Norberto Arribas,Raquel Sanchez Cama, Mar\u00eda Sanchez Cama<br \/>\nPRODUCCION<\/span><\/span><\/span><span style=\"color: #222222;\"><span style=\"font-family: arial, sans-serif;\"><span style=\"font-size: small;\">: David Rodriguez Opium Films<br \/>\n<\/span><\/span><\/span><span style=\"color: #222222;\"><span style=\"font-family: arial, sans-serif;\"><span style=\"font-size: small;\">GUION:<\/span><\/span><\/span><span style=\"color: #000000;\"><span style=\"font-family: arial, sans-serif;\"><span style=\"font-size: small;\">\u00a0<\/span><\/span><\/span><span style=\"color: #000000;\"><span style=\"font-family: Arial, Helvetica, sans-serif;\"><span style=\"font-size: small;\">Felipe del Olmo &amp; Daniel Valledor<br \/>\n<\/span><\/span><\/span><span style=\"color: #222222;\"><span style=\"font-family: arial, sans-serif;\"><span style=\"font-size: small;\">DIRECCION DE FOTOGRAFIA: Daniel Valledor<\/span><\/span><\/span><br \/>\n<span style=\"color: #222222;\"><span style=\"font-family: arial, sans-serif;\"><span style=\"font-size: small;\">EDICION \/ MONTAJE:<\/span><\/span><\/span> <span style=\"color: #000000;\"><span style=\"font-family: Arial, Helvetica, sans-serif;\"><span style=\"font-size: small;\">Daniel Valledor<br \/>\n<\/span><\/span><\/span><span style=\"color: #222222;\"><span style=\"font-family: arial, sans-serif;\"><span style=\"font-size: small;\">SONIDO:<\/span><\/span><\/span><span style=\"color: #000000;\"><span style=\"font-family: Arial, Helvetica, sans-serif;\"><span style=\"font-size: small;\">Juan Montoto<br \/>\n<\/span><\/span><\/span><span style=\"color: #222222;\"><span style=\"font-family: arial, sans-serif;\"><span style=\"font-size: small;\">MUSICA: Bossa Dorado: Comp. by Levy Fest Played by the Rosenberg Trio <\/span><\/span><\/span><span style=\"color: #222222;\"><span style=\"font-family: arial, sans-serif;\"><span style=\"font-size: small;\">Seresta: Comp. by Dorado Schmitt Played by the Rosenberg Trio <\/span><\/span><\/span><span style=\"color: #222222;\"><span style=\"font-family: arial, sans-serif;\"><span style=\"font-size: small;\">Wonderful You: Comp. by Fred Sharp Played by Fapy Lafertin<\/span><\/span><\/span><\/p>\n<p><span style=\"color: #222222;\"><span style=\"font-family: arial, sans-serif;\"><span style=\"font-size: small;\"><br \/>\nSINOPSIS:<br \/>\nNgutu es un vendedor de peri\u00f3dicos ambulante que apenas vende ejemplares. Indignado, se dedica a observar detenidamente a los peatones para poder progresar en su negocio<\/span><\/span><\/span><span style=\"color: #000000;\"><span style=\"font-family: Arial, Helvetica, sans-serif;\"><span style=\"font-size: medium;\">.<\/span><\/span><\/span><\/p>\n<p style=\"text-align: justify;\"><span style=\"color: #500050;\"><span style=\"font-family: arial, sans-serif;\"><span style=\"font-size: small;\"><br \/>\nPALMARES:<br \/>\n<\/span><\/span><\/span><em><span style=\"color: #000000;\"><span style=\"font-family: Arial, Helvetica, sans-serif;\"><span style=\"font-size: small;\">Festival de cortometrajes Pacas 2.0\u00a0(Espa\u00f1a)<\/span><\/span><\/span><\/em><span style=\"color: #000000;\"><span style=\"font-family: Arial, Helvetica, sans-serif;\"><span style=\"font-size: small;\">\u00a0 Mejor cortometraje<br \/>\n<\/span><\/span><\/span><em><span style=\"color: #000000;\"><span style=\"font-family: Arial, Helvetica, sans-serif;\"><span style=\"font-size: small;\">Acquedolci Independent film festival &#8211; concorso internazionale per cortometraggi indipendenti (italy)<\/span><\/span><\/span><\/em><span style=\"color: #000000;\"><span style=\"font-family: Arial, Helvetica, sans-serif;\"><span style=\"font-size: small;\">\u00a0 Mercer premio al mejor cortometraje<br \/>\n<\/span><\/span><\/span><em><span style=\"color: #000000;\"><span style=\"font-family: Arial, Helvetica, sans-serif;\"><span style=\"font-size: small;\">Moondance international film festival (EE.UU.)<\/span><\/span><\/span><\/em><span style=\"color: #000000;\"><span style=\"font-family: Arial, Helvetica, sans-serif;\"><span style=\"font-size: small;\">\u00a0 Mejor cortometraje<br \/>\n<\/span><\/span><\/span><em><span style=\"color: #000000;\"><span style=\"font-family: Arial, Helvetica, sans-serif;\"><span style=\"font-size: small;\">Festival \u00abmiaque cortos\u00bb de Porcuna (Espa\u00f1a)<\/span><\/span><\/span><\/em><span style=\"color: #000000;\"><span style=\"font-family: Arial, Helvetica, sans-serif;\"><span style=\"font-size: small;\">\u00a0 mejor cortometraje<br \/>\n<\/span><\/span><\/span><em><span style=\"color: #000000;\"><span style=\"font-family: Arial, Helvetica, sans-serif;\"><span style=\"font-size: small;\">Certamen de cortometrajes de Viladecans (Espa\u00f1a)<\/span><\/span><\/span><\/em><span style=\"color: #000000;\"><span style=\"font-family: Arial, Helvetica, sans-serif;\"><span style=\"font-size: small;\"> mejor cortometraje<\/span><\/span><\/span><\/p>\n<p class=\"p1\">El filme Ngutu particip\u00f3 en la edici\u00f3n <span class=\"s1\"><b>2012<\/b><\/span> del <a href=\"https:\/\/elojocojo.org\/category\/festival-2012\/\"><span class=\"s1\"><b>Festival de cine el ojO cojo<\/b> <\/span><\/a>en ese sentido nos sentimos honrados de haberla exhibido.<\/p>\n<p class=\"p1\">Visita nuestro blog <a href=\"https:\/\/el-ojocojo.blogspot.com\/\">https:\/\/el-ojocojo.blogspot.com\/<\/a><\/p>\n","protected":false},"excerpt":{"rendered":"<p>T\u00cdTULO EN INGL\u00c9S: Ngutu A\u00d1O: 2012 DIRECTORES: Felipe del Olmo &amp; Daniel Valledor GENERO CINEMATOGRAFICO: Ficci\u00f3n DURACION: 4&#8242; PAIS: Espa\u00f1a FORMATO ORIGINAL: HDCAM TIPO: Color IDIOMA ORIGINAL: Castellano SUBTITULOS: \u00a0Ingl\u00e9s, Franc\u00e9s e Italiano INTERPRETES:Malcom Sit\u00e9, Ram\u00f3n Mart\u00ednez Ram\u00edrez,Lope Barral, Norberto Arribas,Raquel Sanchez Cama, Mar\u00eda Sanchez Cama PRODUCCION: David Rodriguez Opium Films GUION:\u00a0Felipe del Olmo &amp; [&hellip;]<\/p>\n","protected":false},"author":11,"featured_media":15022,"comment_status":"closed","ping_status":"open","sticky":false,"template":"","format":"standard","meta":{"_monsterinsights_skip_tracking":false,"_monsterinsights_sitenote_active":false,"_monsterinsights_sitenote_note":"","_monsterinsights_sitenote_category":0,"footnotes":""},"categories":[1460,5,30],"tags":[1943,66,1067,138,2119,2378,900,1981,1982,1628,1092,2118,433,1057],"class_list":{"0":"post-8925","1":"post","2":"type-post","3":"status-publish","4":"format-standard","5":"has-post-thumbnail","7":"category-cortometraje","8":"category-festival-2012","9":"category-ficcion","10":"tag-1943","11":"tag-africa","12":"tag-economia","13":"tag-espana","14":"tag-espanol","15":"tag-etica","16":"tag-europa","17":"tag-festival-de-cine","18":"tag-festival-el-ojo-cojo","19":"tag-ficcion","20":"tag-fin-de-la-pobreza","21":"tag-ingles","22":"tag-inmigrantes","23":"tag-trabajo-decente-y-crecimiento-economico","24":"czr-hentry"},"yoast_head":"<!-- This site is optimized with the Yoast SEO plugin v27.1.1 - https:\/\/yoast.com\/product\/yoast-seo-wordpress\/ -->\n<title>Ngutu - el ojO cojo<\/title>\n<meta name=\"description\" content=\"Cortometraje Ngutu exhibido en la edici\u00f3n 2012 del Festival el ojO cojo. Pa\u00eds de origen, Espa\u00f1a. Dirigido por Felipe del Olmo &amp; Daniel Valledor.\" \/>\n<meta name=\"robots\" content=\"index, follow, max-snippet:-1, max-image-preview:large, max-video-preview:-1\" \/>\n<link rel=\"canonical\" href=\"https:\/\/elojocojo.org\/ngutu\/\" \/>\n<meta property=\"og:locale\" content=\"es_ES\" \/>\n<meta property=\"og:type\" content=\"article\" \/>\n<meta property=\"og:title\" content=\"Ngutu - el ojO cojo\" \/>\n<meta property=\"og:description\" content=\"Cortometraje Ngutu exhibido en la edici\u00f3n 2012 del Festival el ojO cojo. Pa\u00eds de origen, Espa\u00f1a. Dirigido por Felipe del Olmo &amp; Daniel Valledor.\" \/>\n<meta property=\"og:url\" content=\"https:\/\/elojocojo.org\/ngutu\/\" \/>\n<meta property=\"og:site_name\" content=\"el ojO cojo\" \/>\n<meta property=\"article:publisher\" content=\"https:\/\/www.facebook.com\/elojocojo\" \/>\n<meta property=\"article:published_time\" content=\"2012-09-15T22:39:08+00:00\" \/>\n<meta property=\"article:modified_time\" content=\"2025-09-25T14:58:00+00:00\" \/>\n<meta property=\"og:image\" content=\"https:\/\/elojocojo.org\/wp-content\/uploads\/2012\/09\/Ngutu.jpg\" \/>\n\t<meta property=\"og:image:width\" content=\"300\" \/>\n\t<meta property=\"og:image:height\" content=\"168\" \/>\n\t<meta property=\"og:image:type\" content=\"image\/jpeg\" \/>\n<meta name=\"author\" content=\"cojo\" \/>\n<meta name=\"twitter:card\" content=\"summary_large_image\" \/>\n<meta name=\"twitter:creator\" content=\"@elojocojo\" \/>\n<meta name=\"twitter:site\" content=\"@elojocojo\" \/>\n<meta name=\"twitter:label1\" content=\"Escrito por\" \/>\n\t<meta name=\"twitter:data1\" content=\"cojo\" \/>\n\t<meta name=\"twitter:label2\" content=\"Tiempo de lectura\" \/>\n\t<meta name=\"twitter:data2\" content=\"1 minuto\" \/>\n<script type=\"application\/ld+json\" class=\"yoast-schema-graph\">{\"@context\":\"https:\/\/schema.org\",\"@graph\":[{\"@type\":\"Article\",\"@id\":\"https:\/\/elojocojo.org\/ngutu\/#article\",\"isPartOf\":{\"@id\":\"https:\/\/elojocojo.org\/ngutu\/\"},\"author\":{\"name\":\"cojo\",\"@id\":\"https:\/\/elojocojo.org\/#\/schema\/person\/cba15985dd5da095cac31c1ff0d6e23e\"},\"headline\":\"Ngutu\",\"datePublished\":\"2012-09-15T22:39:08+00:00\",\"dateModified\":\"2025-09-25T14:58:00+00:00\",\"mainEntityOfPage\":{\"@id\":\"https:\/\/elojocojo.org\/ngutu\/\"},\"wordCount\":225,\"publisher\":{\"@id\":\"https:\/\/elojocojo.org\/#organization\"},\"image\":{\"@id\":\"https:\/\/elojocojo.org\/ngutu\/#primaryimage\"},\"thumbnailUrl\":\"https:\/\/elojocojo.org\/wp-content\/uploads\/2012\/09\/Ngutu.jpg\",\"keywords\":[\"2012\",\"\u00c1frica\",\"econom\u00eda\",\"Espa\u00f1a\",\"espa\u00f1ol\",\"\u00e9tica\",\"Europa\",\"festival de cine\",\"Festival el Ojo cojo\",\"ficci\u00f3n\",\"Fin de la pobreza\",\"ingl\u00e9s\",\"inmigrantes\",\"Trabajo decente y crecimiento econ\u00f3mico\"],\"articleSection\":[\"Cortometraje\",\"Festival 2012\",\"Ficci\u00f3n\"],\"inLanguage\":\"es\"},{\"@type\":\"WebPage\",\"@id\":\"https:\/\/elojocojo.org\/ngutu\/\",\"url\":\"https:\/\/elojocojo.org\/ngutu\/\",\"name\":\"Ngutu - el ojO cojo\",\"isPartOf\":{\"@id\":\"https:\/\/elojocojo.org\/#website\"},\"primaryImageOfPage\":{\"@id\":\"https:\/\/elojocojo.org\/ngutu\/#primaryimage\"},\"image\":{\"@id\":\"https:\/\/elojocojo.org\/ngutu\/#primaryimage\"},\"thumbnailUrl\":\"https:\/\/elojocojo.org\/wp-content\/uploads\/2012\/09\/Ngutu.jpg\",\"datePublished\":\"2012-09-15T22:39:08+00:00\",\"dateModified\":\"2025-09-25T14:58:00+00:00\",\"description\":\"Cortometraje Ngutu exhibido en la edici\u00f3n 2012 del Festival el ojO cojo. Pa\u00eds de origen, Espa\u00f1a. Dirigido por Felipe del Olmo & Daniel Valledor.\",\"breadcrumb\":{\"@id\":\"https:\/\/elojocojo.org\/ngutu\/#breadcrumb\"},\"inLanguage\":\"es\",\"potentialAction\":[{\"@type\":\"ReadAction\",\"target\":[\"https:\/\/elojocojo.org\/ngutu\/\"]}]},{\"@type\":\"ImageObject\",\"inLanguage\":\"es\",\"@id\":\"https:\/\/elojocojo.org\/ngutu\/#primaryimage\",\"url\":\"https:\/\/elojocojo.org\/wp-content\/uploads\/2012\/09\/Ngutu.jpg\",\"contentUrl\":\"https:\/\/elojocojo.org\/wp-content\/uploads\/2012\/09\/Ngutu.jpg\",\"width\":300,\"height\":168},{\"@type\":\"BreadcrumbList\",\"@id\":\"https:\/\/elojocojo.org\/ngutu\/#breadcrumb\",\"itemListElement\":[{\"@type\":\"ListItem\",\"position\":1,\"name\":\"Portada\",\"item\":\"https:\/\/elojocojo.org\/\"},{\"@type\":\"ListItem\",\"position\":2,\"name\":\"2012\",\"item\":\"https:\/\/elojocojo.org\/tag\/2012\/\"},{\"@type\":\"ListItem\",\"position\":3,\"name\":\"Ngutu\"}]},{\"@type\":\"WebSite\",\"@id\":\"https:\/\/elojocojo.org\/#website\",\"url\":\"https:\/\/elojocojo.org\/\",\"name\":\"el ojO cojo\",\"description\":\"Todos estamos hechos de la misma esencia\",\"publisher\":{\"@id\":\"https:\/\/elojocojo.org\/#organization\"},\"potentialAction\":[{\"@type\":\"SearchAction\",\"target\":{\"@type\":\"EntryPoint\",\"urlTemplate\":\"https:\/\/elojocojo.org\/?s={search_term_string}\"},\"query-input\":{\"@type\":\"PropertyValueSpecification\",\"valueRequired\":true,\"valueName\":\"search_term_string\"}}],\"inLanguage\":\"es\"},{\"@type\":\"Organization\",\"@id\":\"https:\/\/elojocojo.org\/#organization\",\"name\":\"Meigas da r\u00faa\",\"url\":\"https:\/\/elojocojo.org\/\",\"logo\":{\"@type\":\"ImageObject\",\"inLanguage\":\"es\",\"@id\":\"https:\/\/elojocojo.org\/#\/schema\/logo\/image\/\",\"url\":\"https:\/\/meigasdarua.org\/wp-content\/uploads\/2020\/09\/cropped-logo-meigas-5.png\",\"contentUrl\":\"https:\/\/meigasdarua.org\/wp-content\/uploads\/2020\/09\/cropped-logo-meigas-5.png\",\"width\":109,\"height\":200,\"caption\":\"Meigas da r\u00faa\"},\"image\":{\"@id\":\"https:\/\/elojocojo.org\/#\/schema\/logo\/image\/\"},\"sameAs\":[\"https:\/\/www.facebook.com\/elojocojo\",\"https:\/\/x.com\/elojocojo\",\"https:\/\/www.instagram.com\/elojocojo\/?hl=es\",\"https:\/\/www.linkedin.com\/in\/el-ojo-cojo-b52b7769\/\",\"https:\/\/www.pinterest.es\/elojocojo\/_saved\/\",\"https:\/\/www.youtube.com\/channel\/UCkFtFTV0Bms7zH7vq8FZxZg\"]},{\"@type\":\"Person\",\"@id\":\"https:\/\/elojocojo.org\/#\/schema\/person\/cba15985dd5da095cac31c1ff0d6e23e\",\"name\":\"cojo\",\"url\":\"https:\/\/elojocojo.org\/author\/cojo\/\"}]}<\/script>\n<!-- \/ Yoast SEO plugin. -->","yoast_head_json":{"title":"Ngutu - el ojO cojo","description":"Cortometraje Ngutu exhibido en la edici\u00f3n 2012 del Festival el ojO cojo. Pa\u00eds de origen, Espa\u00f1a. Dirigido por Felipe del Olmo & Daniel Valledor.","robots":{"index":"index","follow":"follow","max-snippet":"max-snippet:-1","max-image-preview":"max-image-preview:large","max-video-preview":"max-video-preview:-1"},"canonical":"https:\/\/elojocojo.org\/ngutu\/","og_locale":"es_ES","og_type":"article","og_title":"Ngutu - el ojO cojo","og_description":"Cortometraje Ngutu exhibido en la edici\u00f3n 2012 del Festival el ojO cojo. Pa\u00eds de origen, Espa\u00f1a. Dirigido por Felipe del Olmo & Daniel Valledor.","og_url":"https:\/\/elojocojo.org\/ngutu\/","og_site_name":"el ojO cojo","article_publisher":"https:\/\/www.facebook.com\/elojocojo","article_published_time":"2012-09-15T22:39:08+00:00","article_modified_time":"2025-09-25T14:58:00+00:00","og_image":[{"width":300,"height":168,"url":"https:\/\/elojocojo.org\/wp-content\/uploads\/2012\/09\/Ngutu.jpg","type":"image\/jpeg"}],"author":"cojo","twitter_card":"summary_large_image","twitter_creator":"@elojocojo","twitter_site":"@elojocojo","twitter_misc":{"Escrito por":"cojo","Tiempo de lectura":"1 minuto"},"schema":{"@context":"https:\/\/schema.org","@graph":[{"@type":"Article","@id":"https:\/\/elojocojo.org\/ngutu\/#article","isPartOf":{"@id":"https:\/\/elojocojo.org\/ngutu\/"},"author":{"name":"cojo","@id":"https:\/\/elojocojo.org\/#\/schema\/person\/cba15985dd5da095cac31c1ff0d6e23e"},"headline":"Ngutu","datePublished":"2012-09-15T22:39:08+00:00","dateModified":"2025-09-25T14:58:00+00:00","mainEntityOfPage":{"@id":"https:\/\/elojocojo.org\/ngutu\/"},"wordCount":225,"publisher":{"@id":"https:\/\/elojocojo.org\/#organization"},"image":{"@id":"https:\/\/elojocojo.org\/ngutu\/#primaryimage"},"thumbnailUrl":"https:\/\/elojocojo.org\/wp-content\/uploads\/2012\/09\/Ngutu.jpg","keywords":["2012","\u00c1frica","econom\u00eda","Espa\u00f1a","espa\u00f1ol","\u00e9tica","Europa","festival de cine","Festival el Ojo cojo","ficci\u00f3n","Fin de la pobreza","ingl\u00e9s","inmigrantes","Trabajo decente y crecimiento econ\u00f3mico"],"articleSection":["Cortometraje","Festival 2012","Ficci\u00f3n"],"inLanguage":"es"},{"@type":"WebPage","@id":"https:\/\/elojocojo.org\/ngutu\/","url":"https:\/\/elojocojo.org\/ngutu\/","name":"Ngutu - el ojO cojo","isPartOf":{"@id":"https:\/\/elojocojo.org\/#website"},"primaryImageOfPage":{"@id":"https:\/\/elojocojo.org\/ngutu\/#primaryimage"},"image":{"@id":"https:\/\/elojocojo.org\/ngutu\/#primaryimage"},"thumbnailUrl":"https:\/\/elojocojo.org\/wp-content\/uploads\/2012\/09\/Ngutu.jpg","datePublished":"2012-09-15T22:39:08+00:00","dateModified":"2025-09-25T14:58:00+00:00","description":"Cortometraje Ngutu exhibido en la edici\u00f3n 2012 del Festival el ojO cojo. Pa\u00eds de origen, Espa\u00f1a. Dirigido por Felipe del Olmo & Daniel Valledor.","breadcrumb":{"@id":"https:\/\/elojocojo.org\/ngutu\/#breadcrumb"},"inLanguage":"es","potentialAction":[{"@type":"ReadAction","target":["https:\/\/elojocojo.org\/ngutu\/"]}]},{"@type":"ImageObject","inLanguage":"es","@id":"https:\/\/elojocojo.org\/ngutu\/#primaryimage","url":"https:\/\/elojocojo.org\/wp-content\/uploads\/2012\/09\/Ngutu.jpg","contentUrl":"https:\/\/elojocojo.org\/wp-content\/uploads\/2012\/09\/Ngutu.jpg","width":300,"height":168},{"@type":"BreadcrumbList","@id":"https:\/\/elojocojo.org\/ngutu\/#breadcrumb","itemListElement":[{"@type":"ListItem","position":1,"name":"Portada","item":"https:\/\/elojocojo.org\/"},{"@type":"ListItem","position":2,"name":"2012","item":"https:\/\/elojocojo.org\/tag\/2012\/"},{"@type":"ListItem","position":3,"name":"Ngutu"}]},{"@type":"WebSite","@id":"https:\/\/elojocojo.org\/#website","url":"https:\/\/elojocojo.org\/","name":"el ojO cojo","description":"Todos estamos hechos de la misma esencia","publisher":{"@id":"https:\/\/elojocojo.org\/#organization"},"potentialAction":[{"@type":"SearchAction","target":{"@type":"EntryPoint","urlTemplate":"https:\/\/elojocojo.org\/?s={search_term_string}"},"query-input":{"@type":"PropertyValueSpecification","valueRequired":true,"valueName":"search_term_string"}}],"inLanguage":"es"},{"@type":"Organization","@id":"https:\/\/elojocojo.org\/#organization","name":"Meigas da r\u00faa","url":"https:\/\/elojocojo.org\/","logo":{"@type":"ImageObject","inLanguage":"es","@id":"https:\/\/elojocojo.org\/#\/schema\/logo\/image\/","url":"https:\/\/meigasdarua.org\/wp-content\/uploads\/2020\/09\/cropped-logo-meigas-5.png","contentUrl":"https:\/\/meigasdarua.org\/wp-content\/uploads\/2020\/09\/cropped-logo-meigas-5.png","width":109,"height":200,"caption":"Meigas da r\u00faa"},"image":{"@id":"https:\/\/elojocojo.org\/#\/schema\/logo\/image\/"},"sameAs":["https:\/\/www.facebook.com\/elojocojo","https:\/\/x.com\/elojocojo","https:\/\/www.instagram.com\/elojocojo\/?hl=es","https:\/\/www.linkedin.com\/in\/el-ojo-cojo-b52b7769\/","https:\/\/www.pinterest.es\/elojocojo\/_saved\/","https:\/\/www.youtube.com\/channel\/UCkFtFTV0Bms7zH7vq8FZxZg"]},{"@type":"Person","@id":"https:\/\/elojocojo.org\/#\/schema\/person\/cba15985dd5da095cac31c1ff0d6e23e","name":"cojo","url":"https:\/\/elojocojo.org\/author\/cojo\/"}]}},"_links":{"self":[{"href":"https:\/\/elojocojo.org\/wp-json\/wp\/v2\/posts\/8925","targetHints":{"allow":["GET"]}}],"collection":[{"href":"https:\/\/elojocojo.org\/wp-json\/wp\/v2\/posts"}],"about":[{"href":"https:\/\/elojocojo.org\/wp-json\/wp\/v2\/types\/post"}],"author":[{"embeddable":true,"href":"https:\/\/elojocojo.org\/wp-json\/wp\/v2\/users\/11"}],"replies":[{"embeddable":true,"href":"https:\/\/elojocojo.org\/wp-json\/wp\/v2\/comments?post=8925"}],"version-history":[{"count":3,"href":"https:\/\/elojocojo.org\/wp-json\/wp\/v2\/posts\/8925\/revisions"}],"predecessor-version":[{"id":58406,"href":"https:\/\/elojocojo.org\/wp-json\/wp\/v2\/posts\/8925\/revisions\/58406"}],"wp:featuredmedia":[{"embeddable":true,"href":"https:\/\/elojocojo.org\/wp-json\/wp\/v2\/media\/15022"}],"wp:attachment":[{"href":"https:\/\/elojocojo.org\/wp-json\/wp\/v2\/media?parent=8925"}],"wp:term":[{"taxonomy":"category","embeddable":true,"href":"https:\/\/elojocojo.org\/wp-json\/wp\/v2\/categories?post=8925"},{"taxonomy":"post_tag","embeddable":true,"href":"https:\/\/elojocojo.org\/wp-json\/wp\/v2\/tags?post=8925"}],"curies":[{"name":"wp","href":"https:\/\/api.w.org\/{rel}","templated":true}]}}