{"id":8898,"date":"2012-09-15T13:49:31","date_gmt":"2012-09-15T20:49:31","guid":{"rendered":"http:\/\/www.elojocojo.org\/blog2\/?p=8898"},"modified":"2026-03-20T11:20:49","modified_gmt":"2026-03-20T10:20:49","slug":"encapotado","status":"publish","type":"post","link":"https:\/\/elojocojo.org\/encapotado\/","title":{"rendered":"Encapotado"},"content":{"rendered":"\n<figure class=\"wp-block-embed is-type-video is-provider-youtube wp-block-embed-youtube wp-embed-aspect-16-9 wp-has-aspect-ratio\"><div class=\"wp-block-embed__wrapper\">\n<iframe title=\"Overcast\" width=\"1140\" height=\"641\" src=\"https:\/\/www.youtube.com\/embed\/qtFdqneIxss?feature=oembed\" frameborder=\"0\" allow=\"accelerometer; autoplay; clipboard-write; encrypted-media; gyroscope; picture-in-picture; web-share\" referrerpolicy=\"strict-origin-when-cross-origin\" allowfullscreen><\/iframe>\n<\/div><\/figure>\n\n\n<p><span style=\"font-family: arial, sans-serif;\"><span style=\"font-size: small;\"><br \/>TITULO: <em>Encapotado<\/em><br \/><\/span><\/span><span style=\"font-family: arial, sans-serif;\"><span style=\"font-size: small;\">TITULO ORIGINAL: <em>Overcast<\/em><br \/>A\u00d1O: 2011<br \/>DIRECTOR: Velislav Kazakov<br \/>GENERO CINEMATOGRAFICO: Ficci\u00f3n\/Animaci\u00f3n<br \/>DURACION: 9 &#8217;25\u00bb<br \/>PAIS: Canad\u00e1<br \/>TIPO: Color<br \/>IDIOMA ORIGINAL: Ingl\u00e9s<br \/>FORMATO ORIGINAL: 35mm<br \/><\/span><\/span><span style=\"font-family: arial, sans-serif;\"><span style=\"font-size: small;\">PRODUCCION: Velislav Kazakov<br \/>GUION: Velislav Kazakov<br \/>INTERPRETES: Ivaylo Founev<br \/>SONIDO: Erick Gendron<br \/>EDICION \/ MONTAJE: <\/span><\/span><span style=\"font-family: arial, sans-serif;\"><span style=\"font-size: small;\">Velislav Kazakov<br \/><\/span><\/span><\/p>\n<p><span style=\"font-family: arial, sans-serif;\"><span style=\"font-size: small;\">SINOPSIS:<br \/><\/span><\/span><\/p>\n<h3 data-section-id=\"1o0iofc\" data-start=\"0\" data-end=\"32\">Un accidente inesperado<\/h3>\n<p data-start=\"33\" data-end=\"369\"><em data-start=\"33\" data-end=\"45\">Encapotado<\/em> arranca con un suceso repentino: un hombre cae desde un techo, desencadenando una situaci\u00f3n tan tr\u00e1gica como absurda. Desde ese momento, la historia toma un rumbo imprevisible. Adem\u00e1s, lo que podr\u00eda haber sido un incidente aislado se convierte en el punto de partida de una serie de acontecimientos cada vez m\u00e1s extra\u00f1os.<\/p>\n<h3 data-section-id=\"f4nvid\" data-start=\"371\" data-end=\"407\">El inicio del encubrimiento<\/h3>\n<p data-start=\"408\" data-end=\"792\">Sin embargo, lejos de resolverse con normalidad, la ca\u00edda da lugar a intentos desesperados por ocultar lo ocurrido. A medida que avanza la narraci\u00f3n, los personajes implicados comienzan a tomar decisiones impulsivas. Por ello, cada acci\u00f3n destinada a encubrir el accidente solo agrava la situaci\u00f3n. De este modo, el relato se adentra en una din\u00e1mica donde el caos crece sin control.<\/p>\n<h3 data-section-id=\"10ljwir\" data-start=\"794\" data-end=\"825\">Una cadena de absurdos<\/h3>\n<p data-start=\"826\" data-end=\"1234\">Por otro lado, la pel\u00edcula construye una sucesi\u00f3n de episodios marcados por el humor negro y lo absurdo. Mientras los personajes intentan manejar el cuerpo, este es \u201cmuerto\u201d repetidamente en distintas circunstancias. En consecuencia, cada nuevo intento de resolver el problema genera un desenlace a\u00fan m\u00e1s inveros\u00edmil. Asimismo, la l\u00f3gica queda desplazada por una serie de situaciones cada vez m\u00e1s extremas.<\/p>\n<h3 data-section-id=\"148a6yt\" data-start=\"1236\" data-end=\"1270\">El peso de las decisiones<\/h3>\n<p data-start=\"1271\" data-end=\"1674\">Al mismo tiempo, las acciones de los personajes revelan una incapacidad para afrontar la realidad. Por un lado, buscan evitar las consecuencias de lo sucedido; por otro lado, terminan atrapados en sus propios errores. Sin embargo, esta acumulaci\u00f3n de decisiones equivocadas intensifica el tono ir\u00f3nico del filme. Por lo tanto, la historia se convierte en una cr\u00edtica a la evasi\u00f3n de responsabilidades.<\/p>\n<h3 data-section-id=\"1lbtx8p\" data-start=\"1676\" data-end=\"1704\">Un final inevitable<\/h3>\n<p data-start=\"1705\" data-end=\"2168\" data-is-last-node=\"\" data-is-only-node=\"\">Finalmente, tras una serie de peripecias, el cuerpo llega a una cl\u00ednica, cerrando as\u00ed el recorrido marcado por el absurdo. Aunque el objetivo inicial parec\u00eda sencillo, el camino recorrido lo transforma por completo. En consecuencia, la pel\u00edcula muestra c\u00f3mo una situaci\u00f3n puede desbordarse hasta l\u00edmites insospechados. En definitiva, <em data-start=\"2039\" data-end=\"2051\">Encapotado<\/em> ofrece una narraci\u00f3n donde el humor y lo grotesco se combinan para retratar lo imprevisible de las acciones humanas.<\/p>\n<p><span style=\"font-family: arial, sans-serif;\"><span style=\"font-size: small;\"><br \/><\/span><\/span><span style=\"font-family: arial, sans-serif;\"><span style=\"font-size: small;\">PALMAR\u00c9S:\u00a0<br \/>World Film Festival 2011, Montreal, Premio al Mejor Corto Canadiense<br \/>Oro Kuker Sof\u00eda, 2011-Sofia, Bulgaria, Premio Especial<br \/>Animax Skopje Fest 2011, Skopje, Macedonia, Segundo Premio \u00abSilver\u00a0 Brick\u00bb<br \/><\/span><\/span><\/p>\n<p><span style=\"font-family: arial, sans-serif;\"><span style=\"font-size: small;\"><img decoding=\"async\" class=\"aligncenter wp-image-21853\" src=\"https:\/\/www.elojocojo.org\/wp-content\/uploads\/2012\/09\/Overcast_C-102753172-large-386x500.jpg\" alt=\"\" width=\"190\" height=\"246\" \/><\/span><\/span><\/p>\n<p class=\"p1\">El filme <em>Encapotado<\/em> particip\u00f3 en la edici\u00f3n <a href=\"https:\/\/elojocojo.org\/bienvenida\/festivalelojocojo\/edicion-2015\/\"><span class=\"s1\"><b>2012<\/b><\/span> <\/a>del <a href=\"https:\/\/elojocojo.org\/category\/festival-2012\/\"><span class=\"s1\"><b>Festival de cine el ojO cojo<\/b> <\/span><\/a>en ese sentido nos sentimos honrados de haberla exhibido.<\/p>\n<p class=\"p1\">Visita nuestro blog<\/p>","protected":false},"excerpt":{"rendered":"<p>Un hombre se cae del techo y se sumerge en una cadena de acontecimientos absurdos. Filme de Velislav Kazatov.<\/p>\n","protected":false},"author":11,"featured_media":15051,"comment_status":"closed","ping_status":"open","sticky":false,"template":"","format":"standard","meta":{"_monsterinsights_skip_tracking":false,"_monsterinsights_sitenote_active":false,"_monsterinsights_sitenote_note":"","_monsterinsights_sitenote_category":0,"footnotes":""},"categories":[32,1460,5,30],"tags":[1943,1833,872,1468,1981,1982,1628,2448,2118,1600,2449],"class_list":{"0":"post-8898","1":"post","2":"type-post","3":"status-publish","4":"format-standard","5":"has-post-thumbnail","7":"category-animacion","8":"category-cortometraje","9":"category-festival-2012","10":"category-ficcion","11":"tag-1943","12":"tag-animacion","13":"tag-canada","14":"tag-cortometraje","15":"tag-festival-de-cine","16":"tag-festival-el-ojo-cojo","17":"tag-ficcion","18":"tag-humor","19":"tag-ingles","20":"tag-muerte","21":"tag-satira","22":"czr-hentry"},"yoast_head":"<!-- This site is optimized with the Yoast SEO plugin v27.1.1 - https:\/\/yoast.com\/product\/yoast-seo-wordpress\/ -->\n<title>Encapotado - el ojO cojo<\/title>\n<meta name=\"description\" content=\"Cortometraje Encapotado exhibido en la edici\u00f3n 2012 del Festival el ojO cojo. Pa\u00eds de origen, Canad\u00e1. Dirigido por Velislav Kazakov.\" \/>\n<meta name=\"robots\" content=\"index, follow, max-snippet:-1, max-image-preview:large, max-video-preview:-1\" \/>\n<link rel=\"canonical\" href=\"https:\/\/elojocojo.org\/encapotado\/\" \/>\n<meta property=\"og:locale\" content=\"es_ES\" \/>\n<meta property=\"og:type\" content=\"article\" \/>\n<meta property=\"og:title\" content=\"Encapotado - el ojO cojo\" \/>\n<meta property=\"og:description\" content=\"Cortometraje Encapotado exhibido en la edici\u00f3n 2012 del Festival el ojO cojo. Pa\u00eds de origen, Canad\u00e1. Dirigido por Velislav Kazakov.\" \/>\n<meta property=\"og:url\" content=\"https:\/\/elojocojo.org\/encapotado\/\" \/>\n<meta property=\"og:site_name\" content=\"el ojO cojo\" \/>\n<meta property=\"article:publisher\" content=\"https:\/\/www.facebook.com\/elojocojo\" \/>\n<meta property=\"article:published_time\" content=\"2012-09-15T20:49:31+00:00\" \/>\n<meta property=\"article:modified_time\" content=\"2026-03-20T10:20:49+00:00\" \/>\n<meta property=\"og:image\" content=\"https:\/\/elojocojo.org\/wp-content\/uploads\/2012\/09\/Overcast.jpg\" \/>\n\t<meta property=\"og:image:width\" content=\"300\" \/>\n\t<meta property=\"og:image:height\" content=\"168\" \/>\n\t<meta property=\"og:image:type\" content=\"image\/jpeg\" \/>\n<meta name=\"author\" content=\"cojo\" \/>\n<meta name=\"twitter:card\" content=\"summary_large_image\" \/>\n<meta name=\"twitter:creator\" content=\"@elojocojo\" \/>\n<meta name=\"twitter:site\" content=\"@elojocojo\" \/>\n<meta name=\"twitter:label1\" content=\"Escrito por\" \/>\n\t<meta name=\"twitter:data1\" content=\"cojo\" \/>\n\t<meta name=\"twitter:label2\" content=\"Tiempo de lectura\" \/>\n\t<meta name=\"twitter:data2\" content=\"2 minutos\" \/>\n<script type=\"application\/ld+json\" class=\"yoast-schema-graph\">{\"@context\":\"https:\/\/schema.org\",\"@graph\":[{\"@type\":\"Article\",\"@id\":\"https:\/\/elojocojo.org\/encapotado\/#article\",\"isPartOf\":{\"@id\":\"https:\/\/elojocojo.org\/encapotado\/\"},\"author\":{\"name\":\"cojo\",\"@id\":\"https:\/\/elojocojo.org\/#\/schema\/person\/cba15985dd5da095cac31c1ff0d6e23e\"},\"headline\":\"Encapotado\",\"datePublished\":\"2012-09-15T20:49:31+00:00\",\"dateModified\":\"2026-03-20T10:20:49+00:00\",\"mainEntityOfPage\":{\"@id\":\"https:\/\/elojocojo.org\/encapotado\/\"},\"wordCount\":451,\"publisher\":{\"@id\":\"https:\/\/elojocojo.org\/#organization\"},\"image\":{\"@id\":\"https:\/\/elojocojo.org\/encapotado\/#primaryimage\"},\"thumbnailUrl\":\"https:\/\/elojocojo.org\/wp-content\/uploads\/2012\/09\/Overcast.jpg\",\"keywords\":[\"2012\",\"animaci\u00f3n\",\"Canad\u00e1\",\"cortometraje\",\"festival de cine\",\"Festival el Ojo cojo\",\"ficci\u00f3n\",\"humor\",\"ingl\u00e9s\",\"muerte\",\"s\u00e1tira\"],\"articleSection\":[\"Animaci\u00f3n\",\"Cortometraje\",\"Festival 2012\",\"Ficci\u00f3n\"],\"inLanguage\":\"es\"},{\"@type\":\"WebPage\",\"@id\":\"https:\/\/elojocojo.org\/encapotado\/\",\"url\":\"https:\/\/elojocojo.org\/encapotado\/\",\"name\":\"Encapotado - el ojO cojo\",\"isPartOf\":{\"@id\":\"https:\/\/elojocojo.org\/#website\"},\"primaryImageOfPage\":{\"@id\":\"https:\/\/elojocojo.org\/encapotado\/#primaryimage\"},\"image\":{\"@id\":\"https:\/\/elojocojo.org\/encapotado\/#primaryimage\"},\"thumbnailUrl\":\"https:\/\/elojocojo.org\/wp-content\/uploads\/2012\/09\/Overcast.jpg\",\"datePublished\":\"2012-09-15T20:49:31+00:00\",\"dateModified\":\"2026-03-20T10:20:49+00:00\",\"description\":\"Cortometraje Encapotado exhibido en la edici\u00f3n 2012 del Festival el ojO cojo. Pa\u00eds de origen, Canad\u00e1. Dirigido por Velislav Kazakov.\",\"breadcrumb\":{\"@id\":\"https:\/\/elojocojo.org\/encapotado\/#breadcrumb\"},\"inLanguage\":\"es\",\"potentialAction\":[{\"@type\":\"ReadAction\",\"target\":[\"https:\/\/elojocojo.org\/encapotado\/\"]}]},{\"@type\":\"ImageObject\",\"inLanguage\":\"es\",\"@id\":\"https:\/\/elojocojo.org\/encapotado\/#primaryimage\",\"url\":\"https:\/\/elojocojo.org\/wp-content\/uploads\/2012\/09\/Overcast.jpg\",\"contentUrl\":\"https:\/\/elojocojo.org\/wp-content\/uploads\/2012\/09\/Overcast.jpg\",\"width\":300,\"height\":168,\"caption\":\"Hombre pelirrojo mirando por la ventana hacia una calle nevada.\"},{\"@type\":\"BreadcrumbList\",\"@id\":\"https:\/\/elojocojo.org\/encapotado\/#breadcrumb\",\"itemListElement\":[{\"@type\":\"ListItem\",\"position\":1,\"name\":\"Portada\",\"item\":\"https:\/\/elojocojo.org\/\"},{\"@type\":\"ListItem\",\"position\":2,\"name\":\"2012\",\"item\":\"https:\/\/elojocojo.org\/tag\/2012\/\"},{\"@type\":\"ListItem\",\"position\":3,\"name\":\"Encapotado\"}]},{\"@type\":\"WebSite\",\"@id\":\"https:\/\/elojocojo.org\/#website\",\"url\":\"https:\/\/elojocojo.org\/\",\"name\":\"el ojO cojo\",\"description\":\"Todos estamos hechos de la misma esencia\",\"publisher\":{\"@id\":\"https:\/\/elojocojo.org\/#organization\"},\"potentialAction\":[{\"@type\":\"SearchAction\",\"target\":{\"@type\":\"EntryPoint\",\"urlTemplate\":\"https:\/\/elojocojo.org\/?s={search_term_string}\"},\"query-input\":{\"@type\":\"PropertyValueSpecification\",\"valueRequired\":true,\"valueName\":\"search_term_string\"}}],\"inLanguage\":\"es\"},{\"@type\":\"Organization\",\"@id\":\"https:\/\/elojocojo.org\/#organization\",\"name\":\"Meigas da r\u00faa\",\"url\":\"https:\/\/elojocojo.org\/\",\"logo\":{\"@type\":\"ImageObject\",\"inLanguage\":\"es\",\"@id\":\"https:\/\/elojocojo.org\/#\/schema\/logo\/image\/\",\"url\":\"https:\/\/meigasdarua.org\/wp-content\/uploads\/2020\/09\/cropped-logo-meigas-5.png\",\"contentUrl\":\"https:\/\/meigasdarua.org\/wp-content\/uploads\/2020\/09\/cropped-logo-meigas-5.png\",\"width\":109,\"height\":200,\"caption\":\"Meigas da r\u00faa\"},\"image\":{\"@id\":\"https:\/\/elojocojo.org\/#\/schema\/logo\/image\/\"},\"sameAs\":[\"https:\/\/www.facebook.com\/elojocojo\",\"https:\/\/x.com\/elojocojo\",\"https:\/\/www.instagram.com\/elojocojo\/?hl=es\",\"https:\/\/www.linkedin.com\/in\/el-ojo-cojo-b52b7769\/\",\"https:\/\/www.pinterest.es\/elojocojo\/_saved\/\",\"https:\/\/www.youtube.com\/channel\/UCkFtFTV0Bms7zH7vq8FZxZg\"]},{\"@type\":\"Person\",\"@id\":\"https:\/\/elojocojo.org\/#\/schema\/person\/cba15985dd5da095cac31c1ff0d6e23e\",\"name\":\"cojo\",\"url\":\"https:\/\/elojocojo.org\/author\/cojo\/\"}]}<\/script>\n<!-- \/ Yoast SEO plugin. -->","yoast_head_json":{"title":"Encapotado - el ojO cojo","description":"Cortometraje Encapotado exhibido en la edici\u00f3n 2012 del Festival el ojO cojo. Pa\u00eds de origen, Canad\u00e1. Dirigido por Velislav Kazakov.","robots":{"index":"index","follow":"follow","max-snippet":"max-snippet:-1","max-image-preview":"max-image-preview:large","max-video-preview":"max-video-preview:-1"},"canonical":"https:\/\/elojocojo.org\/encapotado\/","og_locale":"es_ES","og_type":"article","og_title":"Encapotado - el ojO cojo","og_description":"Cortometraje Encapotado exhibido en la edici\u00f3n 2012 del Festival el ojO cojo. Pa\u00eds de origen, Canad\u00e1. Dirigido por Velislav Kazakov.","og_url":"https:\/\/elojocojo.org\/encapotado\/","og_site_name":"el ojO cojo","article_publisher":"https:\/\/www.facebook.com\/elojocojo","article_published_time":"2012-09-15T20:49:31+00:00","article_modified_time":"2026-03-20T10:20:49+00:00","og_image":[{"width":300,"height":168,"url":"https:\/\/elojocojo.org\/wp-content\/uploads\/2012\/09\/Overcast.jpg","type":"image\/jpeg"}],"author":"cojo","twitter_card":"summary_large_image","twitter_creator":"@elojocojo","twitter_site":"@elojocojo","twitter_misc":{"Escrito por":"cojo","Tiempo de lectura":"2 minutos"},"schema":{"@context":"https:\/\/schema.org","@graph":[{"@type":"Article","@id":"https:\/\/elojocojo.org\/encapotado\/#article","isPartOf":{"@id":"https:\/\/elojocojo.org\/encapotado\/"},"author":{"name":"cojo","@id":"https:\/\/elojocojo.org\/#\/schema\/person\/cba15985dd5da095cac31c1ff0d6e23e"},"headline":"Encapotado","datePublished":"2012-09-15T20:49:31+00:00","dateModified":"2026-03-20T10:20:49+00:00","mainEntityOfPage":{"@id":"https:\/\/elojocojo.org\/encapotado\/"},"wordCount":451,"publisher":{"@id":"https:\/\/elojocojo.org\/#organization"},"image":{"@id":"https:\/\/elojocojo.org\/encapotado\/#primaryimage"},"thumbnailUrl":"https:\/\/elojocojo.org\/wp-content\/uploads\/2012\/09\/Overcast.jpg","keywords":["2012","animaci\u00f3n","Canad\u00e1","cortometraje","festival de cine","Festival el Ojo cojo","ficci\u00f3n","humor","ingl\u00e9s","muerte","s\u00e1tira"],"articleSection":["Animaci\u00f3n","Cortometraje","Festival 2012","Ficci\u00f3n"],"inLanguage":"es"},{"@type":"WebPage","@id":"https:\/\/elojocojo.org\/encapotado\/","url":"https:\/\/elojocojo.org\/encapotado\/","name":"Encapotado - el ojO cojo","isPartOf":{"@id":"https:\/\/elojocojo.org\/#website"},"primaryImageOfPage":{"@id":"https:\/\/elojocojo.org\/encapotado\/#primaryimage"},"image":{"@id":"https:\/\/elojocojo.org\/encapotado\/#primaryimage"},"thumbnailUrl":"https:\/\/elojocojo.org\/wp-content\/uploads\/2012\/09\/Overcast.jpg","datePublished":"2012-09-15T20:49:31+00:00","dateModified":"2026-03-20T10:20:49+00:00","description":"Cortometraje Encapotado exhibido en la edici\u00f3n 2012 del Festival el ojO cojo. Pa\u00eds de origen, Canad\u00e1. Dirigido por Velislav Kazakov.","breadcrumb":{"@id":"https:\/\/elojocojo.org\/encapotado\/#breadcrumb"},"inLanguage":"es","potentialAction":[{"@type":"ReadAction","target":["https:\/\/elojocojo.org\/encapotado\/"]}]},{"@type":"ImageObject","inLanguage":"es","@id":"https:\/\/elojocojo.org\/encapotado\/#primaryimage","url":"https:\/\/elojocojo.org\/wp-content\/uploads\/2012\/09\/Overcast.jpg","contentUrl":"https:\/\/elojocojo.org\/wp-content\/uploads\/2012\/09\/Overcast.jpg","width":300,"height":168,"caption":"Hombre pelirrojo mirando por la ventana hacia una calle nevada."},{"@type":"BreadcrumbList","@id":"https:\/\/elojocojo.org\/encapotado\/#breadcrumb","itemListElement":[{"@type":"ListItem","position":1,"name":"Portada","item":"https:\/\/elojocojo.org\/"},{"@type":"ListItem","position":2,"name":"2012","item":"https:\/\/elojocojo.org\/tag\/2012\/"},{"@type":"ListItem","position":3,"name":"Encapotado"}]},{"@type":"WebSite","@id":"https:\/\/elojocojo.org\/#website","url":"https:\/\/elojocojo.org\/","name":"el ojO cojo","description":"Todos estamos hechos de la misma esencia","publisher":{"@id":"https:\/\/elojocojo.org\/#organization"},"potentialAction":[{"@type":"SearchAction","target":{"@type":"EntryPoint","urlTemplate":"https:\/\/elojocojo.org\/?s={search_term_string}"},"query-input":{"@type":"PropertyValueSpecification","valueRequired":true,"valueName":"search_term_string"}}],"inLanguage":"es"},{"@type":"Organization","@id":"https:\/\/elojocojo.org\/#organization","name":"Meigas da r\u00faa","url":"https:\/\/elojocojo.org\/","logo":{"@type":"ImageObject","inLanguage":"es","@id":"https:\/\/elojocojo.org\/#\/schema\/logo\/image\/","url":"https:\/\/meigasdarua.org\/wp-content\/uploads\/2020\/09\/cropped-logo-meigas-5.png","contentUrl":"https:\/\/meigasdarua.org\/wp-content\/uploads\/2020\/09\/cropped-logo-meigas-5.png","width":109,"height":200,"caption":"Meigas da r\u00faa"},"image":{"@id":"https:\/\/elojocojo.org\/#\/schema\/logo\/image\/"},"sameAs":["https:\/\/www.facebook.com\/elojocojo","https:\/\/x.com\/elojocojo","https:\/\/www.instagram.com\/elojocojo\/?hl=es","https:\/\/www.linkedin.com\/in\/el-ojo-cojo-b52b7769\/","https:\/\/www.pinterest.es\/elojocojo\/_saved\/","https:\/\/www.youtube.com\/channel\/UCkFtFTV0Bms7zH7vq8FZxZg"]},{"@type":"Person","@id":"https:\/\/elojocojo.org\/#\/schema\/person\/cba15985dd5da095cac31c1ff0d6e23e","name":"cojo","url":"https:\/\/elojocojo.org\/author\/cojo\/"}]}},"_links":{"self":[{"href":"https:\/\/elojocojo.org\/wp-json\/wp\/v2\/posts\/8898","targetHints":{"allow":["GET"]}}],"collection":[{"href":"https:\/\/elojocojo.org\/wp-json\/wp\/v2\/posts"}],"about":[{"href":"https:\/\/elojocojo.org\/wp-json\/wp\/v2\/types\/post"}],"author":[{"embeddable":true,"href":"https:\/\/elojocojo.org\/wp-json\/wp\/v2\/users\/11"}],"replies":[{"embeddable":true,"href":"https:\/\/elojocojo.org\/wp-json\/wp\/v2\/comments?post=8898"}],"version-history":[{"count":8,"href":"https:\/\/elojocojo.org\/wp-json\/wp\/v2\/posts\/8898\/revisions"}],"predecessor-version":[{"id":76263,"href":"https:\/\/elojocojo.org\/wp-json\/wp\/v2\/posts\/8898\/revisions\/76263"}],"wp:featuredmedia":[{"embeddable":true,"href":"https:\/\/elojocojo.org\/wp-json\/wp\/v2\/media\/15051"}],"wp:attachment":[{"href":"https:\/\/elojocojo.org\/wp-json\/wp\/v2\/media?parent=8898"}],"wp:term":[{"taxonomy":"category","embeddable":true,"href":"https:\/\/elojocojo.org\/wp-json\/wp\/v2\/categories?post=8898"},{"taxonomy":"post_tag","embeddable":true,"href":"https:\/\/elojocojo.org\/wp-json\/wp\/v2\/tags?post=8898"}],"curies":[{"name":"wp","href":"https:\/\/api.w.org\/{rel}","templated":true}]}}