{"id":869,"date":"2008-09-04T12:03:07","date_gmt":"2008-09-04T19:03:07","guid":{"rendered":"http:\/\/www.elojocojo.org\/blog2\/?p=869"},"modified":"2025-09-23T10:47:47","modified_gmt":"2025-09-23T08:47:47","slug":"sommer","status":"publish","type":"post","link":"https:\/\/elojocojo.org\/sommer\/","title":{"rendered":"Sommer"},"content":{"rendered":"<p><img decoding=\"async\" class=\"alignnone  wp-image-26067\" src=\"https:\/\/elojocojo.org\/wp-content\/uploads\/2008\/09\/Sommer-director.jpg\" alt=\"\" width=\"115\" height=\"163\" \/><\/p>\n<p><iframe title=\"DIMENSION DOCUMENTAL 9 JULIO IAMMARINO - SOMMER- BLOQUE 1\" width=\"1140\" height=\"855\" src=\"https:\/\/www.youtube.com\/embed\/qFjrNAN-34Q?feature=oembed\" frameborder=\"0\" allow=\"accelerometer; autoplay; clipboard-write; encrypted-media; gyroscope; picture-in-picture; web-share\" referrerpolicy=\"strict-origin-when-cross-origin\" allowfullscreen><\/iframe><\/p>\n<p>TITULO: Sommer<\/p>\n<p>A\u00d1O: 2005<br \/>\nG\u00c9NERO: Documental<br \/>\nDIRECTOR: Julio Iammarino<br \/>\nFORMATO ORIGINAL: MINI DVCAM<br \/>\nTIPO: Color<br \/>\nIDIOMA ORIGINAL: Castellano<br \/>\nDURACI\u00d3N: 72\u2019<br \/>\nPA\u00cdS: Argentina<br \/>\nPRODUCCI\u00d3N: Julio Iammarino<br \/>\nGUI\u00d3N: Julio Iammarino<br \/>\nEDICI\u00d3N\/MONTAJE: Lorena Moriconi<br \/>\nSONIDO: Luis Ernesto Corazza<\/p>\n<p>Opera prima<\/p>\n<h4>SINOPSIS<\/h4>\n<p><strong>Sommer es un documental de 2005 dirigido por Julio Iammarino<\/strong> que explora la vida y el legado del destacado violinista argentino Alberto Lysy, conocido por su colaboraci\u00f3n con el famoso violinista Yehudi Menuhin y por su influencia en la m\u00fasica cl\u00e1sica. A trav\u00e9s de entrevistas, grabaciones de actuaciones y material de archivo, el documental ofrece una mirada profunda a la carrera y la personalidad de Lysy.<\/p>\n<h3>Introducci\u00f3n a Alberto Lysy en \u00abSommer\u00bb<\/h3>\n<p>Para empezar, \u00abSommer\u00bb introduce a Lysy en su entorno profesional y personal, mostrando tanto su maestr\u00eda musical como su dedicaci\u00f3n a la ense\u00f1anza. Desde muy joven, Lysy mostr\u00f3 un talento excepcional para el viol\u00edn, lo que lo llev\u00f3 a estudiar con grandes maestros y eventualmente a colaborar con Menuhin. Esta relaci\u00f3n, por ejemplo, no solo enriqueci\u00f3 su carrera, sino que tambi\u00e9n le permiti\u00f3 desarrollar su propio estilo distintivo.<\/p>\n<p>A medida que avanza el documental, se destacan momentos clave de la carrera de Lysy, incluyendo sus giras internacionales y sus contribuciones a la difusi\u00f3n de la m\u00fasica cl\u00e1sica en Am\u00e9rica Latina. Adem\u00e1s, el film subraya su compromiso con la educaci\u00f3n musical, fundando la Camerata Lysy en Suiza y dedicando gran parte de su vida a la formaci\u00f3n de j\u00f3venes m\u00fasicos.<\/p>\n<p>Por otro lado, las entrevistas con colegas, alumnos y familiares de Lysy aportan una visi\u00f3n \u00edntima de su car\u00e1cter y sus logros. Estas entrevistas, adem\u00e1s, revelan la influencia duradera que tuvo en quienes lo rodeaban, tanto en t\u00e9rminos personales como profesionales. A trav\u00e9s de estos testimonios, emergen temas de pasi\u00f3n, dedicaci\u00f3n y el impacto transformador de la m\u00fasica.<\/p>\n<p>Adem\u00e1s, la cinematograf\u00eda de \u00abSommer\u00bb captura la esencia de los conciertos y ensayos, mostrando la intensidad y la emoci\u00f3n de las interpretaciones de Lysy. La m\u00fasica y la edici\u00f3n, por consiguiente, complementan la narrativa, creando una atm\u00f3sfera que celebra la belleza y el poder de la m\u00fasica cl\u00e1sica.<\/p>\n<h3>Resumen y Legado de Alberto Lysy<\/h3>\n<p>En resumen, \u00abSommer\u00bb es un homenaje conmovedor a Alberto Lysy, un artista cuya vida y obra dejaron una huella indeleble en la m\u00fasica cl\u00e1sica. A trav\u00e9s de la direcci\u00f3n sensible de Julio Iammarino, el documental no solo celebra su legado, sino que tambi\u00e9n inspira a futuras generaciones de m\u00fasicos y amantes de la m\u00fasica.<\/p>\n<p class=\"p1\">El filme Sommer particip\u00f3 en la edici\u00f3n <span class=\"s1\"><b>2006<\/b><\/span>\u00a0del <a href=\"https:\/\/elojocojo.org\/category\/festival-2006\/\"><span class=\"s1\"><b>Festival de cine el ojO cojo<\/b> <\/span><\/a>en ese sentido nos sentimos honrados de haberla exhibido.<\/p>\n<p class=\"p1\">Visita nuestro <a href=\"https:\/\/el-ojocojo.blogspot.com\/\">blog\u00a0<\/a><\/p>\n","protected":false},"excerpt":{"rendered":"<p>TITULO: Sommer A\u00d1O: 2005 G\u00c9NERO: Documental DIRECTOR: Julio Iammarino FORMATO ORIGINAL: MINI DVCAM TIPO: Color IDIOMA ORIGINAL: Castellano DURACI\u00d3N: 72\u2019 PA\u00cdS: Argentina PRODUCCI\u00d3N: Julio Iammarino GUI\u00d3N: Julio Iammarino EDICI\u00d3N\/MONTAJE: Lorena Moriconi SONIDO: Luis Ernesto Corazza Opera prima SINOPSIS Sommer es un documental de 2005 dirigido por Julio Iammarino que explora la vida y el legado [&hellip;]<\/p>\n","protected":false},"author":3,"featured_media":25291,"comment_status":"closed","ping_status":"closed","sticky":false,"template":"","format":"standard","meta":{"_monsterinsights_skip_tracking":false,"_monsterinsights_sitenote_active":false,"_monsterinsights_sitenote_note":"","_monsterinsights_sitenote_category":0,"footnotes":""},"categories":[2053,428],"tags":[1927,420,1981,1982,1128,1013],"class_list":{"0":"post-869","1":"post","2":"type-post","3":"status-publish","4":"format-standard","5":"has-post-thumbnail","7":"category-documental","8":"category-festival-2006","9":"tag-1927","10":"tag-argentina","11":"tag-festival-de-cine","12":"tag-festival-el-ojo-cojo","13":"tag-salud-y-bienestar","14":"tag-vida-cotidiana","15":"czr-hentry"},"yoast_head":"<!-- This site is optimized with the Yoast SEO plugin v27.1.1 - https:\/\/yoast.com\/product\/yoast-seo-wordpress\/ -->\n<title>Sommer - el ojO cojo<\/title>\n<meta name=\"description\" content=\"Pel\u00edcula Sommer exhibida en la edici\u00f3n 2006 del Festival el ojO cojo. Pa\u00eds de origen, Argentina. Dirigido por Julio Iammarino.\" \/>\n<meta name=\"robots\" content=\"index, follow, max-snippet:-1, max-image-preview:large, max-video-preview:-1\" \/>\n<link rel=\"canonical\" href=\"https:\/\/elojocojo.org\/sommer\/\" \/>\n<meta property=\"og:locale\" content=\"es_ES\" \/>\n<meta property=\"og:type\" content=\"article\" \/>\n<meta property=\"og:title\" content=\"Sommer - el ojO cojo\" \/>\n<meta property=\"og:description\" content=\"Pel\u00edcula Sommer exhibida en la edici\u00f3n 2006 del Festival el ojO cojo. Pa\u00eds de origen, Argentina. Dirigido por Julio Iammarino.\" \/>\n<meta property=\"og:url\" content=\"https:\/\/elojocojo.org\/sommer\/\" \/>\n<meta property=\"og:site_name\" content=\"el ojO cojo\" \/>\n<meta property=\"article:publisher\" content=\"https:\/\/www.facebook.com\/elojocojo\" \/>\n<meta property=\"article:published_time\" content=\"2008-09-04T19:03:07+00:00\" \/>\n<meta property=\"article:modified_time\" content=\"2025-09-23T08:47:47+00:00\" \/>\n<meta property=\"og:image\" content=\"https:\/\/elojocojo.org\/wp-content\/uploads\/2008\/09\/sommer-620x3371-1.png\" \/>\n\t<meta property=\"og:image:width\" content=\"608\" \/>\n\t<meta property=\"og:image:height\" content=\"213\" \/>\n\t<meta property=\"og:image:type\" content=\"image\/png\" \/>\n<meta name=\"twitter:card\" content=\"summary_large_image\" \/>\n<meta name=\"twitter:creator\" content=\"@elojocojo\" \/>\n<meta name=\"twitter:site\" content=\"@elojocojo\" \/>\n<meta name=\"twitter:label1\" content=\"Escrito por\" \/>\n\t<meta name=\"twitter:data1\" content=\"\" \/>\n\t<meta name=\"twitter:label2\" content=\"Tiempo de lectura\" \/>\n\t<meta name=\"twitter:data2\" content=\"2 minutos\" \/>\n<script type=\"application\/ld+json\" class=\"yoast-schema-graph\">{\"@context\":\"https:\/\/schema.org\",\"@graph\":[{\"@type\":\"Article\",\"@id\":\"https:\/\/elojocojo.org\/sommer\/#article\",\"isPartOf\":{\"@id\":\"https:\/\/elojocojo.org\/sommer\/\"},\"author\":{\"name\":\"\",\"@id\":\"\"},\"headline\":\"Sommer\",\"datePublished\":\"2008-09-04T19:03:07+00:00\",\"dateModified\":\"2025-09-23T08:47:47+00:00\",\"mainEntityOfPage\":{\"@id\":\"https:\/\/elojocojo.org\/sommer\/\"},\"wordCount\":490,\"publisher\":{\"@id\":\"https:\/\/elojocojo.org\/#organization\"},\"image\":{\"@id\":\"https:\/\/elojocojo.org\/sommer\/#primaryimage\"},\"thumbnailUrl\":\"https:\/\/elojocojo.org\/wp-content\/uploads\/2008\/09\/sommer-620x3371-1.png\",\"keywords\":[\"2006\",\"Argentina\",\"festival de cine\",\"Festival el Ojo cojo\",\"Salud y bienestar\",\"vida cotidiana\"],\"articleSection\":[\"Documental\",\"Festival 2006\"],\"inLanguage\":\"es\"},{\"@type\":\"WebPage\",\"@id\":\"https:\/\/elojocojo.org\/sommer\/\",\"url\":\"https:\/\/elojocojo.org\/sommer\/\",\"name\":\"Sommer - el ojO cojo\",\"isPartOf\":{\"@id\":\"https:\/\/elojocojo.org\/#website\"},\"primaryImageOfPage\":{\"@id\":\"https:\/\/elojocojo.org\/sommer\/#primaryimage\"},\"image\":{\"@id\":\"https:\/\/elojocojo.org\/sommer\/#primaryimage\"},\"thumbnailUrl\":\"https:\/\/elojocojo.org\/wp-content\/uploads\/2008\/09\/sommer-620x3371-1.png\",\"datePublished\":\"2008-09-04T19:03:07+00:00\",\"dateModified\":\"2025-09-23T08:47:47+00:00\",\"description\":\"Pel\u00edcula Sommer exhibida en la edici\u00f3n 2006 del Festival el ojO cojo. Pa\u00eds de origen, Argentina. Dirigido por Julio Iammarino.\",\"breadcrumb\":{\"@id\":\"https:\/\/elojocojo.org\/sommer\/#breadcrumb\"},\"inLanguage\":\"es\",\"potentialAction\":[{\"@type\":\"ReadAction\",\"target\":[\"https:\/\/elojocojo.org\/sommer\/\"]}]},{\"@type\":\"ImageObject\",\"inLanguage\":\"es\",\"@id\":\"https:\/\/elojocojo.org\/sommer\/#primaryimage\",\"url\":\"https:\/\/elojocojo.org\/wp-content\/uploads\/2008\/09\/sommer-620x3371-1.png\",\"contentUrl\":\"https:\/\/elojocojo.org\/wp-content\/uploads\/2008\/09\/sommer-620x3371-1.png\",\"width\":608,\"height\":213},{\"@type\":\"BreadcrumbList\",\"@id\":\"https:\/\/elojocojo.org\/sommer\/#breadcrumb\",\"itemListElement\":[{\"@type\":\"ListItem\",\"position\":1,\"name\":\"Portada\",\"item\":\"https:\/\/elojocojo.org\/\"},{\"@type\":\"ListItem\",\"position\":2,\"name\":\"2006\",\"item\":\"https:\/\/elojocojo.org\/tag\/2006\/\"},{\"@type\":\"ListItem\",\"position\":3,\"name\":\"Sommer\"}]},{\"@type\":\"WebSite\",\"@id\":\"https:\/\/elojocojo.org\/#website\",\"url\":\"https:\/\/elojocojo.org\/\",\"name\":\"el ojO cojo\",\"description\":\"Todos estamos hechos de la misma esencia\",\"publisher\":{\"@id\":\"https:\/\/elojocojo.org\/#organization\"},\"potentialAction\":[{\"@type\":\"SearchAction\",\"target\":{\"@type\":\"EntryPoint\",\"urlTemplate\":\"https:\/\/elojocojo.org\/?s={search_term_string}\"},\"query-input\":{\"@type\":\"PropertyValueSpecification\",\"valueRequired\":true,\"valueName\":\"search_term_string\"}}],\"inLanguage\":\"es\"},{\"@type\":\"Organization\",\"@id\":\"https:\/\/elojocojo.org\/#organization\",\"name\":\"Meigas da r\u00faa\",\"url\":\"https:\/\/elojocojo.org\/\",\"logo\":{\"@type\":\"ImageObject\",\"inLanguage\":\"es\",\"@id\":\"https:\/\/elojocojo.org\/#\/schema\/logo\/image\/\",\"url\":\"https:\/\/meigasdarua.org\/wp-content\/uploads\/2020\/09\/cropped-logo-meigas-5.png\",\"contentUrl\":\"https:\/\/meigasdarua.org\/wp-content\/uploads\/2020\/09\/cropped-logo-meigas-5.png\",\"width\":109,\"height\":200,\"caption\":\"Meigas da r\u00faa\"},\"image\":{\"@id\":\"https:\/\/elojocojo.org\/#\/schema\/logo\/image\/\"},\"sameAs\":[\"https:\/\/www.facebook.com\/elojocojo\",\"https:\/\/x.com\/elojocojo\",\"https:\/\/www.instagram.com\/elojocojo\/?hl=es\",\"https:\/\/www.linkedin.com\/in\/el-ojo-cojo-b52b7769\/\",\"https:\/\/www.pinterest.es\/elojocojo\/_saved\/\",\"https:\/\/www.youtube.com\/channel\/UCkFtFTV0Bms7zH7vq8FZxZg\"]},{\"@type\":\"Person\",\"@id\":\"\",\"url\":\"https:\/\/elojocojo.org\/author\/\"}]}<\/script>\n<!-- \/ Yoast SEO plugin. -->","yoast_head_json":{"title":"Sommer - el ojO cojo","description":"Pel\u00edcula Sommer exhibida en la edici\u00f3n 2006 del Festival el ojO cojo. Pa\u00eds de origen, Argentina. Dirigido por Julio Iammarino.","robots":{"index":"index","follow":"follow","max-snippet":"max-snippet:-1","max-image-preview":"max-image-preview:large","max-video-preview":"max-video-preview:-1"},"canonical":"https:\/\/elojocojo.org\/sommer\/","og_locale":"es_ES","og_type":"article","og_title":"Sommer - el ojO cojo","og_description":"Pel\u00edcula Sommer exhibida en la edici\u00f3n 2006 del Festival el ojO cojo. Pa\u00eds de origen, Argentina. Dirigido por Julio Iammarino.","og_url":"https:\/\/elojocojo.org\/sommer\/","og_site_name":"el ojO cojo","article_publisher":"https:\/\/www.facebook.com\/elojocojo","article_published_time":"2008-09-04T19:03:07+00:00","article_modified_time":"2025-09-23T08:47:47+00:00","og_image":[{"width":608,"height":213,"url":"https:\/\/elojocojo.org\/wp-content\/uploads\/2008\/09\/sommer-620x3371-1.png","type":"image\/png"}],"twitter_card":"summary_large_image","twitter_creator":"@elojocojo","twitter_site":"@elojocojo","twitter_misc":{"Escrito por":"","Tiempo de lectura":"2 minutos"},"schema":{"@context":"https:\/\/schema.org","@graph":[{"@type":"Article","@id":"https:\/\/elojocojo.org\/sommer\/#article","isPartOf":{"@id":"https:\/\/elojocojo.org\/sommer\/"},"author":{"name":"","@id":""},"headline":"Sommer","datePublished":"2008-09-04T19:03:07+00:00","dateModified":"2025-09-23T08:47:47+00:00","mainEntityOfPage":{"@id":"https:\/\/elojocojo.org\/sommer\/"},"wordCount":490,"publisher":{"@id":"https:\/\/elojocojo.org\/#organization"},"image":{"@id":"https:\/\/elojocojo.org\/sommer\/#primaryimage"},"thumbnailUrl":"https:\/\/elojocojo.org\/wp-content\/uploads\/2008\/09\/sommer-620x3371-1.png","keywords":["2006","Argentina","festival de cine","Festival el Ojo cojo","Salud y bienestar","vida cotidiana"],"articleSection":["Documental","Festival 2006"],"inLanguage":"es"},{"@type":"WebPage","@id":"https:\/\/elojocojo.org\/sommer\/","url":"https:\/\/elojocojo.org\/sommer\/","name":"Sommer - el ojO cojo","isPartOf":{"@id":"https:\/\/elojocojo.org\/#website"},"primaryImageOfPage":{"@id":"https:\/\/elojocojo.org\/sommer\/#primaryimage"},"image":{"@id":"https:\/\/elojocojo.org\/sommer\/#primaryimage"},"thumbnailUrl":"https:\/\/elojocojo.org\/wp-content\/uploads\/2008\/09\/sommer-620x3371-1.png","datePublished":"2008-09-04T19:03:07+00:00","dateModified":"2025-09-23T08:47:47+00:00","description":"Pel\u00edcula Sommer exhibida en la edici\u00f3n 2006 del Festival el ojO cojo. Pa\u00eds de origen, Argentina. Dirigido por Julio Iammarino.","breadcrumb":{"@id":"https:\/\/elojocojo.org\/sommer\/#breadcrumb"},"inLanguage":"es","potentialAction":[{"@type":"ReadAction","target":["https:\/\/elojocojo.org\/sommer\/"]}]},{"@type":"ImageObject","inLanguage":"es","@id":"https:\/\/elojocojo.org\/sommer\/#primaryimage","url":"https:\/\/elojocojo.org\/wp-content\/uploads\/2008\/09\/sommer-620x3371-1.png","contentUrl":"https:\/\/elojocojo.org\/wp-content\/uploads\/2008\/09\/sommer-620x3371-1.png","width":608,"height":213},{"@type":"BreadcrumbList","@id":"https:\/\/elojocojo.org\/sommer\/#breadcrumb","itemListElement":[{"@type":"ListItem","position":1,"name":"Portada","item":"https:\/\/elojocojo.org\/"},{"@type":"ListItem","position":2,"name":"2006","item":"https:\/\/elojocojo.org\/tag\/2006\/"},{"@type":"ListItem","position":3,"name":"Sommer"}]},{"@type":"WebSite","@id":"https:\/\/elojocojo.org\/#website","url":"https:\/\/elojocojo.org\/","name":"el ojO cojo","description":"Todos estamos hechos de la misma esencia","publisher":{"@id":"https:\/\/elojocojo.org\/#organization"},"potentialAction":[{"@type":"SearchAction","target":{"@type":"EntryPoint","urlTemplate":"https:\/\/elojocojo.org\/?s={search_term_string}"},"query-input":{"@type":"PropertyValueSpecification","valueRequired":true,"valueName":"search_term_string"}}],"inLanguage":"es"},{"@type":"Organization","@id":"https:\/\/elojocojo.org\/#organization","name":"Meigas da r\u00faa","url":"https:\/\/elojocojo.org\/","logo":{"@type":"ImageObject","inLanguage":"es","@id":"https:\/\/elojocojo.org\/#\/schema\/logo\/image\/","url":"https:\/\/meigasdarua.org\/wp-content\/uploads\/2020\/09\/cropped-logo-meigas-5.png","contentUrl":"https:\/\/meigasdarua.org\/wp-content\/uploads\/2020\/09\/cropped-logo-meigas-5.png","width":109,"height":200,"caption":"Meigas da r\u00faa"},"image":{"@id":"https:\/\/elojocojo.org\/#\/schema\/logo\/image\/"},"sameAs":["https:\/\/www.facebook.com\/elojocojo","https:\/\/x.com\/elojocojo","https:\/\/www.instagram.com\/elojocojo\/?hl=es","https:\/\/www.linkedin.com\/in\/el-ojo-cojo-b52b7769\/","https:\/\/www.pinterest.es\/elojocojo\/_saved\/","https:\/\/www.youtube.com\/channel\/UCkFtFTV0Bms7zH7vq8FZxZg"]},{"@type":"Person","@id":"","url":"https:\/\/elojocojo.org\/author\/"}]}},"_links":{"self":[{"href":"https:\/\/elojocojo.org\/wp-json\/wp\/v2\/posts\/869","targetHints":{"allow":["GET"]}}],"collection":[{"href":"https:\/\/elojocojo.org\/wp-json\/wp\/v2\/posts"}],"about":[{"href":"https:\/\/elojocojo.org\/wp-json\/wp\/v2\/types\/post"}],"author":[{"embeddable":true,"href":"https:\/\/elojocojo.org\/wp-json\/wp\/v2\/users\/3"}],"replies":[{"embeddable":true,"href":"https:\/\/elojocojo.org\/wp-json\/wp\/v2\/comments?post=869"}],"version-history":[{"count":4,"href":"https:\/\/elojocojo.org\/wp-json\/wp\/v2\/posts\/869\/revisions"}],"predecessor-version":[{"id":57689,"href":"https:\/\/elojocojo.org\/wp-json\/wp\/v2\/posts\/869\/revisions\/57689"}],"wp:featuredmedia":[{"embeddable":true,"href":"https:\/\/elojocojo.org\/wp-json\/wp\/v2\/media\/25291"}],"wp:attachment":[{"href":"https:\/\/elojocojo.org\/wp-json\/wp\/v2\/media?parent=869"}],"wp:term":[{"taxonomy":"category","embeddable":true,"href":"https:\/\/elojocojo.org\/wp-json\/wp\/v2\/categories?post=869"},{"taxonomy":"post_tag","embeddable":true,"href":"https:\/\/elojocojo.org\/wp-json\/wp\/v2\/tags?post=869"}],"curies":[{"name":"wp","href":"https:\/\/api.w.org\/{rel}","templated":true}]}}