{"id":832,"date":"2008-09-04T11:38:39","date_gmt":"2008-09-04T18:38:39","guid":{"rendered":"http:\/\/www.elojocojo.org\/blog2\/?p=832"},"modified":"2025-09-30T19:10:25","modified_gmt":"2025-09-30T17:10:25","slug":"un-tal-eusebi","status":"publish","type":"post","link":"https:\/\/elojocojo.org\/un-tal-eusebi\/","title":{"rendered":"Un tal Eusebi"},"content":{"rendered":"\n<figure class=\"wp-block-embed is-type-video is-provider-youtube wp-block-embed-youtube MsoNormal wp-embed-aspect-4-3 wp-has-aspect-ratio\"><div class=\"wp-block-embed__wrapper\">\n<iframe title=\"Trailer &quot;Un tal Eusebi&quot;\" width=\"1140\" height=\"855\" src=\"https:\/\/www.youtube.com\/embed\/2TYqD9KbA7g?feature=oembed\" frameborder=\"0\" allow=\"accelerometer; autoplay; clipboard-write; encrypted-media; gyroscope; picture-in-picture; web-share\" referrerpolicy=\"strict-origin-when-cross-origin\" allowfullscreen><\/iframe>\n<\/div><\/figure>\n\n\n\n<div class=\"wp-block-group is-vertical is-layout-flex wp-container-core-group-is-layout-8cf370e7 wp-block-group-is-layout-flex\" style=\"font-size:16px\">\n<p class=\"MsoNormal\"><span lang=\"IT\" style=\"font-size: 10pt; font-family: Arial;\"><strong>T\u00cdTULO ORIGINAL:<\/strong> Un tal eusebi&nbsp;<\/span><\/p>\n\n\n\n<p class=\"MsoNormal\"><span lang=\"IT\" style=\"font-size: 10pt; font-family: Arial;\"><strong>A\u00d1O:<\/strong> 2003<\/span><\/p>\n\n\n\n<p class=\"MsoNormal\"><span lang=\"IT\" style=\"font-size: 10pt; font-family: Arial;\"><strong>G\u00c9NERO:<\/strong> Documental<\/span><\/p>\n\n\n\n<p class=\"MsoNormal\"><span lang=\"IT\" style=\"font-size: 10pt; font-family: Arial;\"><strong>DIRECTOR:<\/strong> Iban del Campo<\/span><\/p>\n\n\n\n<p class=\"MsoNormal\"><span lang=\"IT\" style=\"font-size: 10pt; font-family: Arial;\"><strong>INT\u00c9RPRETES:<\/strong> Sr. Eusebi<\/span><\/p>\n\n\n\n<p class=\"MsoNormal\"><span lang=\"IT\" style=\"font-size: 10pt; font-family: Arial;\"><strong>FORMATO ORIGINAL:<\/strong> DVD Europeo<\/span><\/p>\n\n\n\n<p class=\"MsoNormal\"><span lang=\"IT\" style=\"font-size: 10pt; font-family: Arial;\"><strong>TIPO:<\/strong> color<\/span><\/p>\n\n\n\n<p class=\"MsoNormal\"><span lang=\"IT\" style=\"font-size: 10pt; font-family: Arial;\"><strong>IDIOMA ORIGINAL:<\/strong> espa\u00f1ol<\/span><\/p>\n\n\n\n<p class=\"MsoNormal\"><span lang=\"IT\" style=\"font-size: 10pt; font-family: Arial;\"><strong>DURACION:<\/strong> 27\u2019<\/span><\/p>\n\n\n\n<p class=\"MsoNormal\"><span lang=\"IT\" style=\"font-size: 10pt; font-family: Arial;\"><strong>PA\u00cdS:<\/strong> Espa\u00f1a<\/span><\/p>\n\n\n\n<p class=\"MsoNormal\"><span lang=\"IT\" style=\"font-size: 10pt; font-family: Arial;\"><strong>PRODUCCI\u00d3N:<\/strong> Iban del Campo, Lluis Ventos<\/span><\/p>\n\n\n\n<p class=\"MsoNormal\"><span lang=\"IT\" style=\"font-size: 10pt; font-family: Arial;\"><strong>GUI\u00d3N:<\/strong> Iban Del Campo<\/span><\/p>\n\n\n\n<p class=\"MsoNormal\"><span lang=\"IT\" style=\"font-size: 10pt; font-family: Arial;\"><strong>DIRECCI\u00d3N DE FOTOGRAF\u00cdA:<\/strong> Iban Del Campo<\/span><\/p>\n\n\n\n<p class=\"MsoNormal\"><span lang=\"IT\" style=\"font-size: 10pt; font-family: Arial;\"><strong>EDICI\u00d3N:<\/strong> Lluis Ventos<\/span><\/p>\n\n\n\n<p class=\"MsoNormal\"><span lang=\"IT\" style=\"font-size: 10pt; font-family: Arial;\"><strong>SONIDO:<\/strong> Juan Carlos Yegres<\/span><\/p>\n\n\n\n<p class=\"MsoNormal\"><span lang=\"IT\" style=\"font-size: 10pt; font-family: Arial;\"><strong>M\u00daSICA:<\/strong> Pau Torres<\/span><\/p>\n<\/div>\n\n\n\n<h2 class=\"wp-block-heading MsoNormal\"><span lang=\"IT\" style=\"font-size: 10pt; font-family: Arial;\">&nbsp;<\/span>SINOPSIS: <\/h2>\n\n\n\n<div class=\"wp-block-group\" style=\"font-size:16px\"><div class=\"wp-block-group__inner-container is-layout-constrained wp-block-group-is-layout-constrained\">\n<div class=\"wp-block-group has-black-color has-text-color has-link-color wp-elements-2aae7beab4eff99d1def4c2936f1e675\"><div class=\"wp-block-group__inner-container is-layout-constrained wp-block-group-is-layout-constrained\">\n<p style=\"font-size:16px\">\u201cCuando me jubilaron me quer\u00eda suicidar, pero una voz gloriosa me dijo: \u00a1No hombre, no! T\u00fa tienes alma de artista, vu\u00e9lcate a ello y ya ver\u00e1s que ser\u00e1s feliz. Y as\u00ed ha sido, y hasta que me muera seguir\u00e9 haci\u00e9ndolo\u2026\u201d<\/p>\n\n\n\n<h3 class=\"wp-block-heading\">El nacimiento de un artista marginal<\/h3>\n\n\n\n<p><em>Un tal Eusebi<\/em> es un emotivo documental dirigido por Iban del Campo que narra la vida del artista autodidacta Eusebi, un hombre que, a\u00fan viviendo en la marginalidad social, logr\u00f3 cautivar al barrio de Gracia en Barcelona con su arte y personalidad \u00fanicas.<\/p>\n\n\n\n<h3 class=\"wp-block-heading\">Una mirada entra\u00f1able a la autenticidad<\/h3>\n\n\n\n<p>A trav\u00e9s de una mirada cercana y entra\u00f1able, la pel\u00edcula ofrece el retrato de un hombre que, con 80 a\u00f1os, se convirti\u00f3 en un referente local gracias a su autenticidad y pasi\u00f3n por la vida. Eusebi, a pesar de que viv\u00eda en una habitaci\u00f3n modesta y subsist\u00eda con muy poco, transform\u00f3 su d\u00eda a d\u00eda en un acto creativo.<\/p>\n\n\n\n<h3 class=\"wp-block-heading\">El arte como forma de vida<\/h3>\n\n\n\n<p>Sus dibujos, realizados con materiales reciclados, no solo decoraban las calles sino que tambi\u00e9n serv\u00edan como medio de conexi\u00f3n con su entorno. El documental captura su singular forma de ver el mundo, con la que el humor, la ternura y la cr\u00edtica social se entrelazan.<\/p>\n\n\n\n<h3 class=\"wp-block-heading\">Un legado humano y art\u00edstico<\/h3>\n\n\n\n<p style=\"font-size:16px\">A trav\u00e9s de entrevistas, escenas cotidianas y momentos espont\u00e1neos, Iban del Campo nos revela no solo la figura del artista, sino tambi\u00e9n la del ser humano que hay detr\u00e1s: vulnerable, generoso y lleno de vida. Por tanto, este retrato \u00edntimo invita al espectador a reflexionar sobre el valor del arte fuera de los circuitos convencionales y sobre la capacidad de una sola persona para dejar huella en una comunidad.<\/p>\n\n\n\n<h2 class=\"wp-block-heading MsoNormal has-large-font-size\">PALMARES:<\/h2>\n\n\n\n<p><strong>2003<\/strong><br \/>Festival Internacional de Documentales de Barcelona- Premio del P\u00fablico<\/p>\n\n\n\n<p>Festival Internacional de Cine de Bilbao (ZINEBI)-  Premio al Mejor Documental<\/p>\n<\/div><\/div>\n\n\n\n<p>Festival Internacional de Cine de Gij\u00f3n- Menci\u00f3n especial. <\/p>\n<\/div><\/div>\n\n\n\n<div class=\"wp-block-group has-text-color has-link-color wp-elements-07a5c55130ff680186645cfef6da6ba9\" style=\"color:#ddaf6a\"><div class=\"wp-block-group__inner-container is-layout-constrained wp-block-group-is-layout-constrained\"><div class=\"wp-block-image\">\n<figure class=\"aligncenter size-large\"><img decoding=\"async\" width=\"255\" height=\"360\" src=\"https:\/\/elojocojo.org\/wp-content\/uploads\/2008\/09\/Captura-de-pantalla-2025-05-31-104010-255x360.jpg\" alt=\"cartel del documental un tal eusebi\" class=\"wp-image-70239\" srcset=\"https:\/\/elojocojo.org\/wp-content\/uploads\/2008\/09\/Captura-de-pantalla-2025-05-31-104010-255x360.jpg 255w, https:\/\/elojocojo.org\/wp-content\/uploads\/2008\/09\/Captura-de-pantalla-2025-05-31-104010-354x500.jpg 354w, https:\/\/elojocojo.org\/wp-content\/uploads\/2008\/09\/Captura-de-pantalla-2025-05-31-104010-283x400.jpg 283w, https:\/\/elojocojo.org\/wp-content\/uploads\/2008\/09\/Captura-de-pantalla-2025-05-31-104010-150x212.jpg 150w, https:\/\/elojocojo.org\/wp-content\/uploads\/2008\/09\/Captura-de-pantalla-2025-05-31-104010.jpg 366w\" sizes=\"(max-width: 255px) 100vw, 255px\" \/><\/figure>\n<\/div><\/div><\/div>\n\n\n\n<p class=\"p1\" style=\"font-size:16px\">El filme Un tal Eusebi particip\u00f3 en la edici\u00f3n <span class=\"s1\"><b>2006<\/b><\/span>&nbsp;del <a href=\"https:\/\/elojocojo.org\/category\/festival-2006\/\"><span class=\"s1\"><b>Festival de cine el ojO cojo<\/b> <\/span><\/a>en ese sentido nos sentimos honrados de haberla exhibido.<\/p>\n\n\n\n<p class=\"p1\" style=\"font-size:16px\">Visita nuestro<a href=\"https:\/\/el-ojocojo.blogspot.com\/\"> blog <\/a><\/p>\n\n\n\n<p class=\"MsoNormal\"><span lang=\"IT\" style=\"font-size: 10pt; font-family: Arial;\">&nbsp;<\/span><\/p>\n\n\n\n<p class=\"MsoNormal\"><span lang=\"IT\" style=\"font-size: 10pt; font-family: Arial;\">&nbsp;<\/span><\/p>\n\n\n\n<p><\/p>\n","protected":false},"excerpt":{"rendered":"<p>Un documental que da voz a una historia olvidada, retrata con sensibilidad la vida de Eusebi Mill\u00e1n, un hombre com\u00fan con un compromiso extraordinario con su comunidad. Una obra sobre memoria, humanidad y resistencia.<\/p>\n","protected":false},"author":3,"featured_media":70241,"comment_status":"closed","ping_status":"closed","sticky":false,"template":"","format":"standard","meta":{"_monsterinsights_skip_tracking":false,"_monsterinsights_sitenote_active":false,"_monsterinsights_sitenote_note":"","_monsterinsights_sitenote_category":0,"footnotes":""},"categories":[2053,428],"tags":[1930,1927,1126,936,138,2119,2391,1982,73],"class_list":{"0":"post-832","1":"post","2":"type-post","3":"status-publish","4":"format-standard","5":"has-post-thumbnail","7":"category-documental","8":"category-festival-2006","9":"tag-1930","10":"tag-1927","11":"tag-alianzas-para-lograr-objetivos","12":"tag-artista","13":"tag-espana","14":"tag-espanol","15":"tag-espaol","16":"tag-festival-el-ojo-cojo","17":"tag-tercera-edad","18":"czr-hentry"},"yoast_head":"<!-- This site is optimized with the Yoast SEO plugin v27.1.1 - https:\/\/yoast.com\/product\/yoast-seo-wordpress\/ -->\n<title>Un tal Eusebi - el ojO cojo<\/title>\n<meta name=\"description\" content=\"Un tal Eusebi es un documental que explora la vida de Eusebi, un personaje an\u00f3nimo con una historia extraordinaria por descubrir.\" \/>\n<meta name=\"robots\" content=\"index, follow, max-snippet:-1, max-image-preview:large, max-video-preview:-1\" \/>\n<link rel=\"canonical\" href=\"https:\/\/elojocojo.org\/un-tal-eusebi\/\" \/>\n<meta property=\"og:locale\" content=\"es_ES\" \/>\n<meta property=\"og:type\" content=\"article\" \/>\n<meta property=\"og:title\" content=\"Un tal Eusebi - el ojO cojo\" \/>\n<meta property=\"og:description\" content=\"Un tal Eusebi es un documental que explora la vida de Eusebi, un personaje an\u00f3nimo con una historia extraordinaria por descubrir.\" \/>\n<meta property=\"og:url\" content=\"https:\/\/elojocojo.org\/un-tal-eusebi\/\" \/>\n<meta property=\"og:site_name\" content=\"el ojO cojo\" \/>\n<meta property=\"article:publisher\" content=\"https:\/\/www.facebook.com\/elojocojo\" \/>\n<meta property=\"article:published_time\" content=\"2008-09-04T18:38:39+00:00\" \/>\n<meta property=\"article:modified_time\" content=\"2025-09-30T17:10:25+00:00\" \/>\n<meta property=\"og:image\" content=\"https:\/\/elojocojo.org\/wp-content\/uploads\/2008\/09\/627694c9-90c9-4438-83f6-3a0d716e4a8c_16-9-aspect-ratio_default_0-e1748681404664.webp\" \/>\n\t<meta property=\"og:image:width\" content=\"880\" \/>\n\t<meta property=\"og:image:height\" content=\"309\" \/>\n\t<meta property=\"og:image:type\" content=\"image\/webp\" \/>\n<meta name=\"twitter:card\" content=\"summary_large_image\" \/>\n<meta name=\"twitter:creator\" content=\"@elojocojo\" \/>\n<meta name=\"twitter:site\" content=\"@elojocojo\" \/>\n<meta name=\"twitter:label1\" content=\"Escrito por\" \/>\n\t<meta name=\"twitter:data1\" content=\"\" \/>\n\t<meta name=\"twitter:label2\" content=\"Tiempo de lectura\" \/>\n\t<meta name=\"twitter:data2\" content=\"2 minutos\" \/>\n<script type=\"application\/ld+json\" class=\"yoast-schema-graph\">{\"@context\":\"https:\/\/schema.org\",\"@graph\":[{\"@type\":\"Article\",\"@id\":\"https:\/\/elojocojo.org\/un-tal-eusebi\/#article\",\"isPartOf\":{\"@id\":\"https:\/\/elojocojo.org\/un-tal-eusebi\/\"},\"author\":{\"name\":\"\",\"@id\":\"\"},\"headline\":\"Un tal Eusebi\",\"datePublished\":\"2008-09-04T18:38:39+00:00\",\"dateModified\":\"2025-09-30T17:10:25+00:00\",\"mainEntityOfPage\":{\"@id\":\"https:\/\/elojocojo.org\/un-tal-eusebi\/\"},\"wordCount\":447,\"publisher\":{\"@id\":\"https:\/\/elojocojo.org\/#organization\"},\"image\":{\"@id\":\"https:\/\/elojocojo.org\/un-tal-eusebi\/#primaryimage\"},\"thumbnailUrl\":\"https:\/\/elojocojo.org\/wp-content\/uploads\/2008\/09\/627694c9-90c9-4438-83f6-3a0d716e4a8c_16-9-aspect-ratio_default_0-e1748681404664.webp\",\"keywords\":[\"2003\",\"2006\",\"Alianzas para lograr objetivos\",\"artista\",\"Espa\u00f1a\",\"espa\u00f1ol\",\"espa\u00b1ol\",\"Festival el Ojo cojo\",\"tercera edad\"],\"articleSection\":[\"Documental\",\"Festival 2006\"],\"inLanguage\":\"es\"},{\"@type\":\"WebPage\",\"@id\":\"https:\/\/elojocojo.org\/un-tal-eusebi\/\",\"url\":\"https:\/\/elojocojo.org\/un-tal-eusebi\/\",\"name\":\"Un tal Eusebi - el ojO cojo\",\"isPartOf\":{\"@id\":\"https:\/\/elojocojo.org\/#website\"},\"primaryImageOfPage\":{\"@id\":\"https:\/\/elojocojo.org\/un-tal-eusebi\/#primaryimage\"},\"image\":{\"@id\":\"https:\/\/elojocojo.org\/un-tal-eusebi\/#primaryimage\"},\"thumbnailUrl\":\"https:\/\/elojocojo.org\/wp-content\/uploads\/2008\/09\/627694c9-90c9-4438-83f6-3a0d716e4a8c_16-9-aspect-ratio_default_0-e1748681404664.webp\",\"datePublished\":\"2008-09-04T18:38:39+00:00\",\"dateModified\":\"2025-09-30T17:10:25+00:00\",\"description\":\"Un tal Eusebi es un documental que explora la vida de Eusebi, un personaje an\u00f3nimo con una historia extraordinaria por descubrir.\",\"breadcrumb\":{\"@id\":\"https:\/\/elojocojo.org\/un-tal-eusebi\/#breadcrumb\"},\"inLanguage\":\"es\",\"potentialAction\":[{\"@type\":\"ReadAction\",\"target\":[\"https:\/\/elojocojo.org\/un-tal-eusebi\/\"]}]},{\"@type\":\"ImageObject\",\"inLanguage\":\"es\",\"@id\":\"https:\/\/elojocojo.org\/un-tal-eusebi\/#primaryimage\",\"url\":\"https:\/\/elojocojo.org\/wp-content\/uploads\/2008\/09\/627694c9-90c9-4438-83f6-3a0d716e4a8c_16-9-aspect-ratio_default_0-e1748681404664.webp\",\"contentUrl\":\"https:\/\/elojocojo.org\/wp-content\/uploads\/2008\/09\/627694c9-90c9-4438-83f6-3a0d716e4a8c_16-9-aspect-ratio_default_0-e1748681404664.webp\",\"width\":880,\"height\":309,\"caption\":\"imagen del artitsta Eusebi\"},{\"@type\":\"BreadcrumbList\",\"@id\":\"https:\/\/elojocojo.org\/un-tal-eusebi\/#breadcrumb\",\"itemListElement\":[{\"@type\":\"ListItem\",\"position\":1,\"name\":\"Portada\",\"item\":\"https:\/\/elojocojo.org\/\"},{\"@type\":\"ListItem\",\"position\":2,\"name\":\"2003\",\"item\":\"https:\/\/elojocojo.org\/tag\/2003\/\"},{\"@type\":\"ListItem\",\"position\":3,\"name\":\"Un tal Eusebi\"}]},{\"@type\":\"WebSite\",\"@id\":\"https:\/\/elojocojo.org\/#website\",\"url\":\"https:\/\/elojocojo.org\/\",\"name\":\"el ojO cojo\",\"description\":\"Todos estamos hechos de la misma esencia\",\"publisher\":{\"@id\":\"https:\/\/elojocojo.org\/#organization\"},\"potentialAction\":[{\"@type\":\"SearchAction\",\"target\":{\"@type\":\"EntryPoint\",\"urlTemplate\":\"https:\/\/elojocojo.org\/?s={search_term_string}\"},\"query-input\":{\"@type\":\"PropertyValueSpecification\",\"valueRequired\":true,\"valueName\":\"search_term_string\"}}],\"inLanguage\":\"es\"},{\"@type\":\"Organization\",\"@id\":\"https:\/\/elojocojo.org\/#organization\",\"name\":\"Meigas da r\u00faa\",\"url\":\"https:\/\/elojocojo.org\/\",\"logo\":{\"@type\":\"ImageObject\",\"inLanguage\":\"es\",\"@id\":\"https:\/\/elojocojo.org\/#\/schema\/logo\/image\/\",\"url\":\"https:\/\/meigasdarua.org\/wp-content\/uploads\/2020\/09\/cropped-logo-meigas-5.png\",\"contentUrl\":\"https:\/\/meigasdarua.org\/wp-content\/uploads\/2020\/09\/cropped-logo-meigas-5.png\",\"width\":109,\"height\":200,\"caption\":\"Meigas da r\u00faa\"},\"image\":{\"@id\":\"https:\/\/elojocojo.org\/#\/schema\/logo\/image\/\"},\"sameAs\":[\"https:\/\/www.facebook.com\/elojocojo\",\"https:\/\/x.com\/elojocojo\",\"https:\/\/www.instagram.com\/elojocojo\/?hl=es\",\"https:\/\/www.linkedin.com\/in\/el-ojo-cojo-b52b7769\/\",\"https:\/\/www.pinterest.es\/elojocojo\/_saved\/\",\"https:\/\/www.youtube.com\/channel\/UCkFtFTV0Bms7zH7vq8FZxZg\"]},{\"@type\":\"Person\",\"@id\":\"\",\"url\":\"https:\/\/elojocojo.org\/author\/\"}]}<\/script>\n<!-- \/ Yoast SEO plugin. -->","yoast_head_json":{"title":"Un tal Eusebi - el ojO cojo","description":"Un tal Eusebi es un documental que explora la vida de Eusebi, un personaje an\u00f3nimo con una historia extraordinaria por descubrir.","robots":{"index":"index","follow":"follow","max-snippet":"max-snippet:-1","max-image-preview":"max-image-preview:large","max-video-preview":"max-video-preview:-1"},"canonical":"https:\/\/elojocojo.org\/un-tal-eusebi\/","og_locale":"es_ES","og_type":"article","og_title":"Un tal Eusebi - el ojO cojo","og_description":"Un tal Eusebi es un documental que explora la vida de Eusebi, un personaje an\u00f3nimo con una historia extraordinaria por descubrir.","og_url":"https:\/\/elojocojo.org\/un-tal-eusebi\/","og_site_name":"el ojO cojo","article_publisher":"https:\/\/www.facebook.com\/elojocojo","article_published_time":"2008-09-04T18:38:39+00:00","article_modified_time":"2025-09-30T17:10:25+00:00","og_image":[{"width":880,"height":309,"url":"https:\/\/elojocojo.org\/wp-content\/uploads\/2008\/09\/627694c9-90c9-4438-83f6-3a0d716e4a8c_16-9-aspect-ratio_default_0-e1748681404664.webp","type":"image\/webp"}],"twitter_card":"summary_large_image","twitter_creator":"@elojocojo","twitter_site":"@elojocojo","twitter_misc":{"Escrito por":"","Tiempo de lectura":"2 minutos"},"schema":{"@context":"https:\/\/schema.org","@graph":[{"@type":"Article","@id":"https:\/\/elojocojo.org\/un-tal-eusebi\/#article","isPartOf":{"@id":"https:\/\/elojocojo.org\/un-tal-eusebi\/"},"author":{"name":"","@id":""},"headline":"Un tal Eusebi","datePublished":"2008-09-04T18:38:39+00:00","dateModified":"2025-09-30T17:10:25+00:00","mainEntityOfPage":{"@id":"https:\/\/elojocojo.org\/un-tal-eusebi\/"},"wordCount":447,"publisher":{"@id":"https:\/\/elojocojo.org\/#organization"},"image":{"@id":"https:\/\/elojocojo.org\/un-tal-eusebi\/#primaryimage"},"thumbnailUrl":"https:\/\/elojocojo.org\/wp-content\/uploads\/2008\/09\/627694c9-90c9-4438-83f6-3a0d716e4a8c_16-9-aspect-ratio_default_0-e1748681404664.webp","keywords":["2003","2006","Alianzas para lograr objetivos","artista","Espa\u00f1a","espa\u00f1ol","espa\u00b1ol","Festival el Ojo cojo","tercera edad"],"articleSection":["Documental","Festival 2006"],"inLanguage":"es"},{"@type":"WebPage","@id":"https:\/\/elojocojo.org\/un-tal-eusebi\/","url":"https:\/\/elojocojo.org\/un-tal-eusebi\/","name":"Un tal Eusebi - el ojO cojo","isPartOf":{"@id":"https:\/\/elojocojo.org\/#website"},"primaryImageOfPage":{"@id":"https:\/\/elojocojo.org\/un-tal-eusebi\/#primaryimage"},"image":{"@id":"https:\/\/elojocojo.org\/un-tal-eusebi\/#primaryimage"},"thumbnailUrl":"https:\/\/elojocojo.org\/wp-content\/uploads\/2008\/09\/627694c9-90c9-4438-83f6-3a0d716e4a8c_16-9-aspect-ratio_default_0-e1748681404664.webp","datePublished":"2008-09-04T18:38:39+00:00","dateModified":"2025-09-30T17:10:25+00:00","description":"Un tal Eusebi es un documental que explora la vida de Eusebi, un personaje an\u00f3nimo con una historia extraordinaria por descubrir.","breadcrumb":{"@id":"https:\/\/elojocojo.org\/un-tal-eusebi\/#breadcrumb"},"inLanguage":"es","potentialAction":[{"@type":"ReadAction","target":["https:\/\/elojocojo.org\/un-tal-eusebi\/"]}]},{"@type":"ImageObject","inLanguage":"es","@id":"https:\/\/elojocojo.org\/un-tal-eusebi\/#primaryimage","url":"https:\/\/elojocojo.org\/wp-content\/uploads\/2008\/09\/627694c9-90c9-4438-83f6-3a0d716e4a8c_16-9-aspect-ratio_default_0-e1748681404664.webp","contentUrl":"https:\/\/elojocojo.org\/wp-content\/uploads\/2008\/09\/627694c9-90c9-4438-83f6-3a0d716e4a8c_16-9-aspect-ratio_default_0-e1748681404664.webp","width":880,"height":309,"caption":"imagen del artitsta Eusebi"},{"@type":"BreadcrumbList","@id":"https:\/\/elojocojo.org\/un-tal-eusebi\/#breadcrumb","itemListElement":[{"@type":"ListItem","position":1,"name":"Portada","item":"https:\/\/elojocojo.org\/"},{"@type":"ListItem","position":2,"name":"2003","item":"https:\/\/elojocojo.org\/tag\/2003\/"},{"@type":"ListItem","position":3,"name":"Un tal Eusebi"}]},{"@type":"WebSite","@id":"https:\/\/elojocojo.org\/#website","url":"https:\/\/elojocojo.org\/","name":"el ojO cojo","description":"Todos estamos hechos de la misma esencia","publisher":{"@id":"https:\/\/elojocojo.org\/#organization"},"potentialAction":[{"@type":"SearchAction","target":{"@type":"EntryPoint","urlTemplate":"https:\/\/elojocojo.org\/?s={search_term_string}"},"query-input":{"@type":"PropertyValueSpecification","valueRequired":true,"valueName":"search_term_string"}}],"inLanguage":"es"},{"@type":"Organization","@id":"https:\/\/elojocojo.org\/#organization","name":"Meigas da r\u00faa","url":"https:\/\/elojocojo.org\/","logo":{"@type":"ImageObject","inLanguage":"es","@id":"https:\/\/elojocojo.org\/#\/schema\/logo\/image\/","url":"https:\/\/meigasdarua.org\/wp-content\/uploads\/2020\/09\/cropped-logo-meigas-5.png","contentUrl":"https:\/\/meigasdarua.org\/wp-content\/uploads\/2020\/09\/cropped-logo-meigas-5.png","width":109,"height":200,"caption":"Meigas da r\u00faa"},"image":{"@id":"https:\/\/elojocojo.org\/#\/schema\/logo\/image\/"},"sameAs":["https:\/\/www.facebook.com\/elojocojo","https:\/\/x.com\/elojocojo","https:\/\/www.instagram.com\/elojocojo\/?hl=es","https:\/\/www.linkedin.com\/in\/el-ojo-cojo-b52b7769\/","https:\/\/www.pinterest.es\/elojocojo\/_saved\/","https:\/\/www.youtube.com\/channel\/UCkFtFTV0Bms7zH7vq8FZxZg"]},{"@type":"Person","@id":"","url":"https:\/\/elojocojo.org\/author\/"}]}},"_links":{"self":[{"href":"https:\/\/elojocojo.org\/wp-json\/wp\/v2\/posts\/832","targetHints":{"allow":["GET"]}}],"collection":[{"href":"https:\/\/elojocojo.org\/wp-json\/wp\/v2\/posts"}],"about":[{"href":"https:\/\/elojocojo.org\/wp-json\/wp\/v2\/types\/post"}],"author":[{"embeddable":true,"href":"https:\/\/elojocojo.org\/wp-json\/wp\/v2\/users\/3"}],"replies":[{"embeddable":true,"href":"https:\/\/elojocojo.org\/wp-json\/wp\/v2\/comments?post=832"}],"version-history":[{"count":26,"href":"https:\/\/elojocojo.org\/wp-json\/wp\/v2\/posts\/832\/revisions"}],"predecessor-version":[{"id":71668,"href":"https:\/\/elojocojo.org\/wp-json\/wp\/v2\/posts\/832\/revisions\/71668"}],"wp:featuredmedia":[{"embeddable":true,"href":"https:\/\/elojocojo.org\/wp-json\/wp\/v2\/media\/70241"}],"wp:attachment":[{"href":"https:\/\/elojocojo.org\/wp-json\/wp\/v2\/media?parent=832"}],"wp:term":[{"taxonomy":"category","embeddable":true,"href":"https:\/\/elojocojo.org\/wp-json\/wp\/v2\/categories?post=832"},{"taxonomy":"post_tag","embeddable":true,"href":"https:\/\/elojocojo.org\/wp-json\/wp\/v2\/tags?post=832"}],"curies":[{"name":"wp","href":"https:\/\/api.w.org\/{rel}","templated":true}]}}