{"id":7990,"date":"2012-03-17T12:50:45","date_gmt":"2012-03-17T19:50:45","guid":{"rendered":"http:\/\/www.elojocojo.org\/blog2\/?p=7990"},"modified":"2025-09-30T18:57:42","modified_gmt":"2025-09-30T16:57:42","slug":"celuloide-colectivo","status":"publish","type":"post","link":"https:\/\/elojocojo.org\/celuloide-colectivo\/","title":{"rendered":"Celuloide colectivo. El cine en guerra"},"content":{"rendered":"<p><span style=\"font-family: Microsoft Sans Serif, sans-serif;\"><span style=\"font-size: x-small;\"><a class=\"thickbox\" title=\"Celuloide_colectivo-412435451-large.jpg\" href=\"http:\/\/lh4.ggpht.com\/-7jf55pCeUYk\/T14_MmgHWvI\/AAAAAAAAFVE\/lx4wAo3q8ag\/Celuloide_colectivo-412435451-large.jpg\"><img decoding=\"async\" class=\"alignleft\" title=\"Celuloide_colectivo-412435451-large.jpg\" src=\"http:\/\/lh4.ggpht.com\/-7jf55pCeUYk\/T14_MmgHWvI\/AAAAAAAAFVE\/lx4wAo3q8ag\/s150-c\/Celuloide_colectivo-412435451-large.jpg\" alt=\"Celuloide_colectivo-412435451-large.jpg\" width=\"320\" height=\"362\" \/><\/a><\/span><\/span><\/p>\n<p><iframe src=\"https:\/\/www.youtube.com\/embed\/Pd-rwi-8Uoo\" width=\"560\" height=\"315\" frameborder=\"0\" allowfullscreen=\"allowfullscreen\"><\/iframe><span style=\"font-family: Microsoft Sans Serif, sans-serif;\"><span style=\"font-size: x-small;\"><br \/>\nT\u00cdTULO ORIGINAL: Celuloide colectivo. El cine en guerra<br \/>\n<\/span><\/span><span style=\"font-family: Microsoft Sans Serif, sans-serif;\"><span style=\"font-size: x-small;\">A\u00d1O: 2009<br \/>\nDIRECTOR: \u00d3scar Mart\u00edn<br \/>\nG\u00c9NERO cinematogr\u00e1fico: documental-largometraje<br \/>\nDURACI\u00d3N: 84&#8242;<br \/>\nPA\u00cdS: Espa\u00f1a<br \/>\nFORMATO ORIGINAL: HD, Ultra Estereo<br \/>\n<\/span><\/span><span style=\"font-family: Microsoft Sans Serif, sans-serif;\"><span style=\"font-size: x-small;\">TIPO: Color<br \/>\n<\/span><\/span><span style=\"font-family: Microsoft Sans Serif, sans-serif;\"><span style=\"font-size: x-small;\">IDIOMA ORIGINAL: Espa\u00f1ol<br \/>\n<\/span><\/span><span style=\"font-family: Microsoft Sans Serif, sans-serif;\"><span style=\"font-size: x-small;\">INT\u00c9RPRETES: Juan Marin\u00e9, Vicenta Est\u00edvalis, Basilio Mart\u00edn Patino, Luis Rubio Chamorro,Ken Loach, Jos\u00e9 Mar\u00eda Claver Esteban, Rom\u00e1n Gubern, Juan Antonio R\u00edos Carratal\u00e1, Alfonso Del Amo, Just Casas, Julio P\u00e9rez Perucha, Albert Girona, Jos\u00e9 Mar\u00eda Caparr\u00f3s Lera, Josep Lluis Sirera, Emeterio Diez Puertas, Concha Garc\u00eda-Bragado Ac\u00edn, Colette Durruti, Ram\u00f3n Garc\u00eda-Bragado Ac\u00edn, Heleno Sa\u00f1a, Merc\u00e8 Ibarz, Alejandro Montiel, Manuel Vicent<br \/>\n<\/span><\/span><span style=\"font-family: Microsoft Sans Serif, sans-serif;\"><span style=\"font-size: x-small;\">PRODUCCI\u00d3N: Nadie es perfecto \/ Just Films \/ ICAA \/ UJI<br \/>\n<\/span><\/span><span style=\"font-family: Microsoft Sans Serif, sans-serif;\"><span style=\"font-size: x-small;\">GUI\u00d3N: \u00d3scar Mart\u00edn, David Mart\u00edn<br \/>\n<\/span><\/span><span style=\"font-family: Microsoft Sans Serif, sans-serif;\"><span style=\"font-size: x-small;\">EDICI\u00d3N\/MONTAJE: David Mart\u00edn<br \/>\nDIRECCI\u00d3N DE FOTOGRAF\u00cdA: Juan Plasencia<br \/>\n<\/span><\/span><span style=\"font-family: Microsoft Sans Serif, sans-serif;\"><span style=\"font-size: x-small;\">NARRADOR: <span style=\"font-family: Microsoft Sans Serif;\">Enrique Garc\u00eda Jord\u00e1<\/span> , Susana Merino<br \/>\n<\/span><\/span><span style=\"font-family: Microsoft Sans Serif, sans-serif;\"><span style=\"font-size: x-small;\">M\u00daSICA: Javier Ib\u00e1\u00f1ez, Guillermo Torres<\/span><\/span><\/p>\n<p>Sinopsis<\/p>\n<p><span style=\"color: #000000;\"><span style=\"font-family: Microsoft Sans Serif, sans-serif;\"><span style=\"font-size: x-small;\">En julio de 1936 tiene lugar el levantamiento militar contra la Rep\u00fablica inici\u00e1ndose la terrible Guerra Civil Espa\u00f1ola. La calles son tomadas por la clase trabajadora y para los anarquistas empieza la revoluci\u00f3n social. En este encuadre, surge un modelo de producci\u00f3n y exhibici\u00f3n de pel\u00edculas visto por primera vez en historia del cine.<\/span><\/span><\/span><\/p>\n<p class=\"p1\">El filme Celuloide colectivo. El cine en guerra particip\u00f3 en la edici\u00f3n <span class=\"s1\"><b>2012<\/b><\/span> del <a href=\"https:\/\/elojocojo.org\/category\/festival-2012\/\"><span class=\"s1\"><b>Festival de cine el ojO cojo<\/b> <\/span><\/a>en ese sentido nos sentimos honrados de haberla exhibido.<\/p>\n<p class=\"p1\">Visita nuestro blog <a href=\"https:\/\/el-ojocojo.blogspot.com\/\">https:\/\/el-ojocojo.blogspot.com\/<\/a><\/p>\n","protected":false},"excerpt":{"rendered":"<p>T\u00cdTULO ORIGINAL: Celuloide colectivo. El cine en guerra A\u00d1O: 2009 DIRECTOR: \u00d3scar Mart\u00edn G\u00c9NERO cinematogr\u00e1fico: documental-largometraje DURACI\u00d3N: 84&#8242; PA\u00cdS: Espa\u00f1a FORMATO ORIGINAL: HD, Ultra Estereo TIPO: Color IDIOMA ORIGINAL: Espa\u00f1ol INT\u00c9RPRETES: Juan Marin\u00e9, Vicenta Est\u00edvalis, Basilio Mart\u00edn Patino, Luis Rubio Chamorro,Ken Loach, Jos\u00e9 Mar\u00eda Claver Esteban, Rom\u00e1n Gubern, Juan Antonio R\u00edos Carratal\u00e1, Alfonso Del Amo, [&hellip;]<\/p>\n","protected":false},"author":11,"featured_media":0,"comment_status":"open","ping_status":"open","sticky":false,"template":"","format":"standard","meta":{"_monsterinsights_skip_tracking":false,"_monsterinsights_sitenote_active":false,"_monsterinsights_sitenote_note":"","_monsterinsights_sitenote_category":0,"footnotes":""},"categories":[2053,5],"tags":[1943,19,186,941,138,2119,2391,900,1981,1982,1547,1086],"class_list":{"0":"post-7990","1":"post","2":"type-post","3":"status-publish","4":"format-standard","6":"category-documental","7":"category-festival-2012","8":"tag-1943","9":"tag-activismo-cultural","10":"tag-arte","11":"tag-cine","12":"tag-espana","13":"tag-espanol","14":"tag-espaol","15":"tag-europa","16":"tag-festival-de-cine","17":"tag-festival-el-ojo-cojo","18":"tag-guerra","19":"tag-paz-y-justicia-e-instituciones-solidas","20":"czr-hentry"},"yoast_head":"<!-- This site is optimized with the Yoast SEO plugin v27.1.1 - https:\/\/yoast.com\/product\/yoast-seo-wordpress\/ -->\n<title>Celuloide colectivo. El cine en guerra - el ojO cojo<\/title>\n<meta name=\"description\" content=\"Pel\u00edcula Celuloide colectivo. El cine en guerra exhibida en la edici\u00f3n 2012 del Festival el ojO cojo. Pa\u00eds de origen, Espa\u00f1a. Dirigido por \u00d3scar Mart\u00edn.\" \/>\n<meta name=\"robots\" content=\"index, follow, max-snippet:-1, max-image-preview:large, max-video-preview:-1\" \/>\n<link rel=\"canonical\" href=\"https:\/\/elojocojo.org\/celuloide-colectivo\/\" \/>\n<meta property=\"og:locale\" content=\"es_ES\" \/>\n<meta property=\"og:type\" content=\"article\" \/>\n<meta property=\"og:title\" content=\"Celuloide colectivo. El cine en guerra - el ojO cojo\" \/>\n<meta property=\"og:description\" content=\"Pel\u00edcula Celuloide colectivo. El cine en guerra exhibida en la edici\u00f3n 2012 del Festival el ojO cojo. Pa\u00eds de origen, Espa\u00f1a. Dirigido por \u00d3scar Mart\u00edn.\" \/>\n<meta property=\"og:url\" content=\"https:\/\/elojocojo.org\/celuloide-colectivo\/\" \/>\n<meta property=\"og:site_name\" content=\"el ojO cojo\" \/>\n<meta property=\"article:publisher\" content=\"https:\/\/www.facebook.com\/elojocojo\" \/>\n<meta property=\"article:published_time\" content=\"2012-03-17T19:50:45+00:00\" \/>\n<meta property=\"article:modified_time\" content=\"2025-09-30T16:57:42+00:00\" \/>\n<meta property=\"og:image\" content=\"http:\/\/lh4.ggpht.com\/-7jf55pCeUYk\/T14_MmgHWvI\/AAAAAAAAFVE\/lx4wAo3q8ag\/s150-c\/Celuloide_colectivo-412435451-large.jpg\" \/>\n<meta name=\"author\" content=\"cojo\" \/>\n<meta name=\"twitter:card\" content=\"summary_large_image\" \/>\n<meta name=\"twitter:creator\" content=\"@elojocojo\" \/>\n<meta name=\"twitter:site\" content=\"@elojocojo\" \/>\n<meta name=\"twitter:label1\" content=\"Escrito por\" \/>\n\t<meta name=\"twitter:data1\" content=\"cojo\" \/>\n\t<meta name=\"twitter:label2\" content=\"Tiempo de lectura\" \/>\n\t<meta name=\"twitter:data2\" content=\"1 minuto\" \/>\n<script type=\"application\/ld+json\" class=\"yoast-schema-graph\">{\"@context\":\"https:\/\/schema.org\",\"@graph\":[{\"@type\":\"Article\",\"@id\":\"https:\/\/elojocojo.org\/celuloide-colectivo\/#article\",\"isPartOf\":{\"@id\":\"https:\/\/elojocojo.org\/celuloide-colectivo\/\"},\"author\":{\"name\":\"cojo\",\"@id\":\"https:\/\/elojocojo.org\/#\/schema\/person\/cba15985dd5da095cac31c1ff0d6e23e\"},\"headline\":\"Celuloide colectivo. El cine en guerra\",\"datePublished\":\"2012-03-17T19:50:45+00:00\",\"dateModified\":\"2025-09-30T16:57:42+00:00\",\"mainEntityOfPage\":{\"@id\":\"https:\/\/elojocojo.org\/celuloide-colectivo\/\"},\"wordCount\":258,\"commentCount\":0,\"publisher\":{\"@id\":\"https:\/\/elojocojo.org\/#organization\"},\"image\":{\"@id\":\"https:\/\/elojocojo.org\/celuloide-colectivo\/#primaryimage\"},\"thumbnailUrl\":\"http:\/\/lh4.ggpht.com\/-7jf55pCeUYk\/T14_MmgHWvI\/AAAAAAAAFVE\/lx4wAo3q8ag\/s150-c\/Celuloide_colectivo-412435451-large.jpg\",\"keywords\":[\"2012\",\"activismo cultural\",\"Arte\",\"cine\",\"Espa\u00f1a\",\"espa\u00f1ol\",\"espa\u00b1ol\",\"Europa\",\"festival de cine\",\"Festival el Ojo cojo\",\"guerra\",\"Paz y justicia e instituciones s\u00f3lidas\"],\"articleSection\":[\"Documental\",\"Festival 2012\"],\"inLanguage\":\"es\",\"potentialAction\":[{\"@type\":\"CommentAction\",\"name\":\"Comment\",\"target\":[\"https:\/\/elojocojo.org\/celuloide-colectivo\/#respond\"]}]},{\"@type\":\"WebPage\",\"@id\":\"https:\/\/elojocojo.org\/celuloide-colectivo\/\",\"url\":\"https:\/\/elojocojo.org\/celuloide-colectivo\/\",\"name\":\"Celuloide colectivo. El cine en guerra - el ojO cojo\",\"isPartOf\":{\"@id\":\"https:\/\/elojocojo.org\/#website\"},\"primaryImageOfPage\":{\"@id\":\"https:\/\/elojocojo.org\/celuloide-colectivo\/#primaryimage\"},\"image\":{\"@id\":\"https:\/\/elojocojo.org\/celuloide-colectivo\/#primaryimage\"},\"thumbnailUrl\":\"http:\/\/lh4.ggpht.com\/-7jf55pCeUYk\/T14_MmgHWvI\/AAAAAAAAFVE\/lx4wAo3q8ag\/s150-c\/Celuloide_colectivo-412435451-large.jpg\",\"datePublished\":\"2012-03-17T19:50:45+00:00\",\"dateModified\":\"2025-09-30T16:57:42+00:00\",\"description\":\"Pel\u00edcula Celuloide colectivo. El cine en guerra exhibida en la edici\u00f3n 2012 del Festival el ojO cojo. Pa\u00eds de origen, Espa\u00f1a. Dirigido por \u00d3scar Mart\u00edn.\",\"breadcrumb\":{\"@id\":\"https:\/\/elojocojo.org\/celuloide-colectivo\/#breadcrumb\"},\"inLanguage\":\"es\",\"potentialAction\":[{\"@type\":\"ReadAction\",\"target\":[\"https:\/\/elojocojo.org\/celuloide-colectivo\/\"]}]},{\"@type\":\"ImageObject\",\"inLanguage\":\"es\",\"@id\":\"https:\/\/elojocojo.org\/celuloide-colectivo\/#primaryimage\",\"url\":\"http:\/\/lh4.ggpht.com\/-7jf55pCeUYk\/T14_MmgHWvI\/AAAAAAAAFVE\/lx4wAo3q8ag\/s150-c\/Celuloide_colectivo-412435451-large.jpg\",\"contentUrl\":\"http:\/\/lh4.ggpht.com\/-7jf55pCeUYk\/T14_MmgHWvI\/AAAAAAAAFVE\/lx4wAo3q8ag\/s150-c\/Celuloide_colectivo-412435451-large.jpg\"},{\"@type\":\"BreadcrumbList\",\"@id\":\"https:\/\/elojocojo.org\/celuloide-colectivo\/#breadcrumb\",\"itemListElement\":[{\"@type\":\"ListItem\",\"position\":1,\"name\":\"Portada\",\"item\":\"https:\/\/elojocojo.org\/\"},{\"@type\":\"ListItem\",\"position\":2,\"name\":\"2012\",\"item\":\"https:\/\/elojocojo.org\/tag\/2012\/\"},{\"@type\":\"ListItem\",\"position\":3,\"name\":\"Celuloide colectivo. El cine en guerra\"}]},{\"@type\":\"WebSite\",\"@id\":\"https:\/\/elojocojo.org\/#website\",\"url\":\"https:\/\/elojocojo.org\/\",\"name\":\"el ojO cojo\",\"description\":\"Todos estamos hechos de la misma esencia\",\"publisher\":{\"@id\":\"https:\/\/elojocojo.org\/#organization\"},\"potentialAction\":[{\"@type\":\"SearchAction\",\"target\":{\"@type\":\"EntryPoint\",\"urlTemplate\":\"https:\/\/elojocojo.org\/?s={search_term_string}\"},\"query-input\":{\"@type\":\"PropertyValueSpecification\",\"valueRequired\":true,\"valueName\":\"search_term_string\"}}],\"inLanguage\":\"es\"},{\"@type\":\"Organization\",\"@id\":\"https:\/\/elojocojo.org\/#organization\",\"name\":\"Meigas da r\u00faa\",\"url\":\"https:\/\/elojocojo.org\/\",\"logo\":{\"@type\":\"ImageObject\",\"inLanguage\":\"es\",\"@id\":\"https:\/\/elojocojo.org\/#\/schema\/logo\/image\/\",\"url\":\"https:\/\/meigasdarua.org\/wp-content\/uploads\/2020\/09\/cropped-logo-meigas-5.png\",\"contentUrl\":\"https:\/\/meigasdarua.org\/wp-content\/uploads\/2020\/09\/cropped-logo-meigas-5.png\",\"width\":109,\"height\":200,\"caption\":\"Meigas da r\u00faa\"},\"image\":{\"@id\":\"https:\/\/elojocojo.org\/#\/schema\/logo\/image\/\"},\"sameAs\":[\"https:\/\/www.facebook.com\/elojocojo\",\"https:\/\/x.com\/elojocojo\",\"https:\/\/www.instagram.com\/elojocojo\/?hl=es\",\"https:\/\/www.linkedin.com\/in\/el-ojo-cojo-b52b7769\/\",\"https:\/\/www.pinterest.es\/elojocojo\/_saved\/\",\"https:\/\/www.youtube.com\/channel\/UCkFtFTV0Bms7zH7vq8FZxZg\"]},{\"@type\":\"Person\",\"@id\":\"https:\/\/elojocojo.org\/#\/schema\/person\/cba15985dd5da095cac31c1ff0d6e23e\",\"name\":\"cojo\",\"url\":\"https:\/\/elojocojo.org\/author\/cojo\/\"}]}<\/script>\n<!-- \/ Yoast SEO plugin. -->","yoast_head_json":{"title":"Celuloide colectivo. El cine en guerra - el ojO cojo","description":"Pel\u00edcula Celuloide colectivo. El cine en guerra exhibida en la edici\u00f3n 2012 del Festival el ojO cojo. Pa\u00eds de origen, Espa\u00f1a. Dirigido por \u00d3scar Mart\u00edn.","robots":{"index":"index","follow":"follow","max-snippet":"max-snippet:-1","max-image-preview":"max-image-preview:large","max-video-preview":"max-video-preview:-1"},"canonical":"https:\/\/elojocojo.org\/celuloide-colectivo\/","og_locale":"es_ES","og_type":"article","og_title":"Celuloide colectivo. El cine en guerra - el ojO cojo","og_description":"Pel\u00edcula Celuloide colectivo. El cine en guerra exhibida en la edici\u00f3n 2012 del Festival el ojO cojo. Pa\u00eds de origen, Espa\u00f1a. Dirigido por \u00d3scar Mart\u00edn.","og_url":"https:\/\/elojocojo.org\/celuloide-colectivo\/","og_site_name":"el ojO cojo","article_publisher":"https:\/\/www.facebook.com\/elojocojo","article_published_time":"2012-03-17T19:50:45+00:00","article_modified_time":"2025-09-30T16:57:42+00:00","og_image":[{"url":"http:\/\/lh4.ggpht.com\/-7jf55pCeUYk\/T14_MmgHWvI\/AAAAAAAAFVE\/lx4wAo3q8ag\/s150-c\/Celuloide_colectivo-412435451-large.jpg","type":"","width":"","height":""}],"author":"cojo","twitter_card":"summary_large_image","twitter_creator":"@elojocojo","twitter_site":"@elojocojo","twitter_misc":{"Escrito por":"cojo","Tiempo de lectura":"1 minuto"},"schema":{"@context":"https:\/\/schema.org","@graph":[{"@type":"Article","@id":"https:\/\/elojocojo.org\/celuloide-colectivo\/#article","isPartOf":{"@id":"https:\/\/elojocojo.org\/celuloide-colectivo\/"},"author":{"name":"cojo","@id":"https:\/\/elojocojo.org\/#\/schema\/person\/cba15985dd5da095cac31c1ff0d6e23e"},"headline":"Celuloide colectivo. El cine en guerra","datePublished":"2012-03-17T19:50:45+00:00","dateModified":"2025-09-30T16:57:42+00:00","mainEntityOfPage":{"@id":"https:\/\/elojocojo.org\/celuloide-colectivo\/"},"wordCount":258,"commentCount":0,"publisher":{"@id":"https:\/\/elojocojo.org\/#organization"},"image":{"@id":"https:\/\/elojocojo.org\/celuloide-colectivo\/#primaryimage"},"thumbnailUrl":"http:\/\/lh4.ggpht.com\/-7jf55pCeUYk\/T14_MmgHWvI\/AAAAAAAAFVE\/lx4wAo3q8ag\/s150-c\/Celuloide_colectivo-412435451-large.jpg","keywords":["2012","activismo cultural","Arte","cine","Espa\u00f1a","espa\u00f1ol","espa\u00b1ol","Europa","festival de cine","Festival el Ojo cojo","guerra","Paz y justicia e instituciones s\u00f3lidas"],"articleSection":["Documental","Festival 2012"],"inLanguage":"es","potentialAction":[{"@type":"CommentAction","name":"Comment","target":["https:\/\/elojocojo.org\/celuloide-colectivo\/#respond"]}]},{"@type":"WebPage","@id":"https:\/\/elojocojo.org\/celuloide-colectivo\/","url":"https:\/\/elojocojo.org\/celuloide-colectivo\/","name":"Celuloide colectivo. El cine en guerra - el ojO cojo","isPartOf":{"@id":"https:\/\/elojocojo.org\/#website"},"primaryImageOfPage":{"@id":"https:\/\/elojocojo.org\/celuloide-colectivo\/#primaryimage"},"image":{"@id":"https:\/\/elojocojo.org\/celuloide-colectivo\/#primaryimage"},"thumbnailUrl":"http:\/\/lh4.ggpht.com\/-7jf55pCeUYk\/T14_MmgHWvI\/AAAAAAAAFVE\/lx4wAo3q8ag\/s150-c\/Celuloide_colectivo-412435451-large.jpg","datePublished":"2012-03-17T19:50:45+00:00","dateModified":"2025-09-30T16:57:42+00:00","description":"Pel\u00edcula Celuloide colectivo. El cine en guerra exhibida en la edici\u00f3n 2012 del Festival el ojO cojo. Pa\u00eds de origen, Espa\u00f1a. Dirigido por \u00d3scar Mart\u00edn.","breadcrumb":{"@id":"https:\/\/elojocojo.org\/celuloide-colectivo\/#breadcrumb"},"inLanguage":"es","potentialAction":[{"@type":"ReadAction","target":["https:\/\/elojocojo.org\/celuloide-colectivo\/"]}]},{"@type":"ImageObject","inLanguage":"es","@id":"https:\/\/elojocojo.org\/celuloide-colectivo\/#primaryimage","url":"http:\/\/lh4.ggpht.com\/-7jf55pCeUYk\/T14_MmgHWvI\/AAAAAAAAFVE\/lx4wAo3q8ag\/s150-c\/Celuloide_colectivo-412435451-large.jpg","contentUrl":"http:\/\/lh4.ggpht.com\/-7jf55pCeUYk\/T14_MmgHWvI\/AAAAAAAAFVE\/lx4wAo3q8ag\/s150-c\/Celuloide_colectivo-412435451-large.jpg"},{"@type":"BreadcrumbList","@id":"https:\/\/elojocojo.org\/celuloide-colectivo\/#breadcrumb","itemListElement":[{"@type":"ListItem","position":1,"name":"Portada","item":"https:\/\/elojocojo.org\/"},{"@type":"ListItem","position":2,"name":"2012","item":"https:\/\/elojocojo.org\/tag\/2012\/"},{"@type":"ListItem","position":3,"name":"Celuloide colectivo. El cine en guerra"}]},{"@type":"WebSite","@id":"https:\/\/elojocojo.org\/#website","url":"https:\/\/elojocojo.org\/","name":"el ojO cojo","description":"Todos estamos hechos de la misma esencia","publisher":{"@id":"https:\/\/elojocojo.org\/#organization"},"potentialAction":[{"@type":"SearchAction","target":{"@type":"EntryPoint","urlTemplate":"https:\/\/elojocojo.org\/?s={search_term_string}"},"query-input":{"@type":"PropertyValueSpecification","valueRequired":true,"valueName":"search_term_string"}}],"inLanguage":"es"},{"@type":"Organization","@id":"https:\/\/elojocojo.org\/#organization","name":"Meigas da r\u00faa","url":"https:\/\/elojocojo.org\/","logo":{"@type":"ImageObject","inLanguage":"es","@id":"https:\/\/elojocojo.org\/#\/schema\/logo\/image\/","url":"https:\/\/meigasdarua.org\/wp-content\/uploads\/2020\/09\/cropped-logo-meigas-5.png","contentUrl":"https:\/\/meigasdarua.org\/wp-content\/uploads\/2020\/09\/cropped-logo-meigas-5.png","width":109,"height":200,"caption":"Meigas da r\u00faa"},"image":{"@id":"https:\/\/elojocojo.org\/#\/schema\/logo\/image\/"},"sameAs":["https:\/\/www.facebook.com\/elojocojo","https:\/\/x.com\/elojocojo","https:\/\/www.instagram.com\/elojocojo\/?hl=es","https:\/\/www.linkedin.com\/in\/el-ojo-cojo-b52b7769\/","https:\/\/www.pinterest.es\/elojocojo\/_saved\/","https:\/\/www.youtube.com\/channel\/UCkFtFTV0Bms7zH7vq8FZxZg"]},{"@type":"Person","@id":"https:\/\/elojocojo.org\/#\/schema\/person\/cba15985dd5da095cac31c1ff0d6e23e","name":"cojo","url":"https:\/\/elojocojo.org\/author\/cojo\/"}]}},"_links":{"self":[{"href":"https:\/\/elojocojo.org\/wp-json\/wp\/v2\/posts\/7990","targetHints":{"allow":["GET"]}}],"collection":[{"href":"https:\/\/elojocojo.org\/wp-json\/wp\/v2\/posts"}],"about":[{"href":"https:\/\/elojocojo.org\/wp-json\/wp\/v2\/types\/post"}],"author":[{"embeddable":true,"href":"https:\/\/elojocojo.org\/wp-json\/wp\/v2\/users\/11"}],"replies":[{"embeddable":true,"href":"https:\/\/elojocojo.org\/wp-json\/wp\/v2\/comments?post=7990"}],"version-history":[{"count":2,"href":"https:\/\/elojocojo.org\/wp-json\/wp\/v2\/posts\/7990\/revisions"}],"predecessor-version":[{"id":57845,"href":"https:\/\/elojocojo.org\/wp-json\/wp\/v2\/posts\/7990\/revisions\/57845"}],"wp:attachment":[{"href":"https:\/\/elojocojo.org\/wp-json\/wp\/v2\/media?parent=7990"}],"wp:term":[{"taxonomy":"category","embeddable":true,"href":"https:\/\/elojocojo.org\/wp-json\/wp\/v2\/categories?post=7990"},{"taxonomy":"post_tag","embeddable":true,"href":"https:\/\/elojocojo.org\/wp-json\/wp\/v2\/tags?post=7990"}],"curies":[{"name":"wp","href":"https:\/\/api.w.org\/{rel}","templated":true}]}}