{"id":774,"date":"2008-09-03T23:48:17","date_gmt":"2008-09-04T06:48:17","guid":{"rendered":"http:\/\/www.elojocojo.org\/blog2\/?p=774"},"modified":"2024-06-19T11:55:06","modified_gmt":"2024-06-19T09:55:06","slug":"urbana","status":"publish","type":"post","link":"https:\/\/elojocojo.org\/urbana\/","title":{"rendered":"Urbana"},"content":{"rendered":"<p><strong>T\u00cdTULO: <\/strong>Urbana<strong><br \/>\nA\u00d1O: <\/strong>2002<strong><br \/>\nDIRECTOR: <\/strong>Santiago Calle<strong><br \/>\nG\u00c9NERO cinematogr\u00e1fico: <\/strong>Documental, animaci\u00f3n<strong><br \/>\nDURACI\u00d3N: <\/strong>6&#8242;<strong><br \/>\nPA\u00cdS:<\/strong> Colombia<br \/>\n<strong>IDIOMA:<\/strong> castellano<br \/>\n<strong>FORMATO:<\/strong> mini DV<br \/>\n<strong>FORMATO DE EXHIBICI\u00d3N:<\/strong> DVD<br \/>\n<strong>GUI\u00d3N:<\/strong>\u00a0Santiago Calle<br \/>\n<strong>EDICI\u00d3N\/MONTAJE:<\/strong> Santiago Calle<br \/>\n<strong>M\u00daSICA:<\/strong> Daniel Carvajalino<\/p>\n<h2><strong>Sinopsis<\/strong><\/h2>\n<p>El cortometraje \u00abUrbana\u00bb (2002), dirigido por Santiago Calle, es una exploraci\u00f3n profunda de las relaciones entre la ciudad y el individuo, presentada a trav\u00e9s de met\u00e1foras visuales y narrativas. Filmado en Colombia en formato mini DV y con una duraci\u00f3n de apenas 6 minutos, combina elementos documentales y de animaci\u00f3n para capturar la dualidad de un entorno urbano que es tanto vibrante como alienante.<\/p>\n<p>El gui\u00f3n, tambi\u00e9n a cargo de Santiago Calle, y su habilidad en la edici\u00f3n y montaje, permiten que la pel\u00edcula transmita de manera efectiva las experiencias emocionales y psicol\u00f3gicas de los habitantes urbanos. La m\u00fasica de Daniel Carvajalino complementa esta narrativa visual, a\u00f1adiendo capas de significado y profundidad a las im\u00e1genes.<\/p>\n<p>\u00abUrbana\u00bb invita al espectador a reflexionar sobre c\u00f3mo la ciudad moldea y afecta la experiencia humana, representando simb\u00f3licamente las tensiones y contrastes entre la vida comunitaria y la individualidad. Es un estudio \u00edntimo que examina la din\u00e1mica compleja entre el entorno urbano y el ser humano, revelando tanto la vitalidad como la desconexi\u00f3n que pueden surgir de esta relaci\u00f3n fundamental en la vida moderna<\/p>\n<p class=\"p1\">El filme Urbana particip\u00f3 en la edici\u00f3n<span class=\"s1\"><b> 2005<\/b><\/span>\u00a0del <a href=\"https:\/\/elojocojo.org\/category\/festival-2005\/\"><span class=\"s1\"><b>Festival de cine el ojO cojo<\/b> <\/span><\/a>en ese sentido nos sentimos honrados de haberla exhibido.<\/p>\n<p class=\"p1\">Visita nuestro<em><a href=\"https:\/\/el-ojocojo.blogspot.com\/\"> blog<\/a><\/em><\/p>\n","protected":false},"excerpt":{"rendered":"<p>T\u00cdTULO: Urbana A\u00d1O: 2002 DIRECTOR: Santiago Calle G\u00c9NERO cinematogr\u00e1fico: Documental, animaci\u00f3n DURACI\u00d3N: 6&#8242; PA\u00cdS: Colombia IDIOMA: castellano FORMATO: mini DV FORMATO DE EXHIBICI\u00d3N: DVD GUI\u00d3N:\u00a0Santiago Calle EDICI\u00d3N\/MONTAJE: Santiago Calle M\u00daSICA: Daniel Carvajalino Sinopsis El cortometraje \u00abUrbana\u00bb (2002), dirigido por Santiago Calle, es una exploraci\u00f3n profunda de las relaciones entre la ciudad y el individuo, presentada [&hellip;]<\/p>\n","protected":false},"author":3,"featured_media":0,"comment_status":"closed","ping_status":"open","sticky":false,"template":"","format":"standard","meta":{"_monsterinsights_skip_tracking":false,"_monsterinsights_sitenote_active":false,"_monsterinsights_sitenote_note":"","_monsterinsights_sitenote_category":0,"footnotes":""},"categories":[32,1460,429],"tags":[1937,1936,1257,1893,1982,1896],"class_list":{"0":"post-774","1":"post","2":"type-post","3":"status-publish","4":"format-standard","6":"category-animacion","7":"category-cortometraje","8":"category-festival-2005","9":"tag-1937","10":"tag-1936","11":"tag-accion-por-el-clima","12":"tag-educar-en-valores","13":"tag-festival-el-ojo-cojo","14":"tag-videoteca","15":"czr-hentry"},"yoast_head":"<!-- This site is optimized with the Yoast SEO plugin v27.1.1 - https:\/\/yoast.com\/product\/yoast-seo-wordpress\/ -->\n<title>Urbana - el ojO cojo<\/title>\n<meta name=\"description\" content=\"Pel\u00edcula Urbana exhibida en la edici\u00f3n 2005 del Festival el ojO cojo. Pa\u00eds de origen, Colombia. Dirigido por Santiago Calle.\" \/>\n<meta name=\"robots\" content=\"index, follow, max-snippet:-1, max-image-preview:large, max-video-preview:-1\" \/>\n<link rel=\"canonical\" href=\"https:\/\/elojocojo.org\/urbana\/\" \/>\n<meta property=\"og:locale\" content=\"es_ES\" \/>\n<meta property=\"og:type\" content=\"article\" \/>\n<meta property=\"og:title\" content=\"Urbana - el ojO cojo\" \/>\n<meta property=\"og:description\" content=\"Pel\u00edcula Urbana exhibida en la edici\u00f3n 2005 del Festival el ojO cojo. Pa\u00eds de origen, Colombia. Dirigido por Santiago Calle.\" \/>\n<meta property=\"og:url\" content=\"https:\/\/elojocojo.org\/urbana\/\" \/>\n<meta property=\"og:site_name\" content=\"el ojO cojo\" \/>\n<meta property=\"article:publisher\" content=\"https:\/\/www.facebook.com\/elojocojo\" \/>\n<meta property=\"article:published_time\" content=\"2008-09-04T06:48:17+00:00\" \/>\n<meta property=\"article:modified_time\" content=\"2024-06-19T09:55:06+00:00\" \/>\n<meta property=\"og:image\" content=\"https:\/\/elojocojo.org\/wp-content\/uploads\/2020\/09\/cropped-logo-meigas-5.png\" \/>\n\t<meta property=\"og:image:width\" content=\"109\" \/>\n\t<meta property=\"og:image:height\" content=\"200\" \/>\n\t<meta property=\"og:image:type\" content=\"image\/png\" \/>\n<meta name=\"twitter:card\" content=\"summary_large_image\" \/>\n<meta name=\"twitter:creator\" content=\"@elojocojo\" \/>\n<meta name=\"twitter:site\" content=\"@elojocojo\" \/>\n<meta name=\"twitter:label1\" content=\"Escrito por\" \/>\n\t<meta name=\"twitter:data1\" content=\"\" \/>\n\t<meta name=\"twitter:label2\" content=\"Tiempo de lectura\" \/>\n\t<meta name=\"twitter:data2\" content=\"1 minuto\" \/>\n<script type=\"application\/ld+json\" class=\"yoast-schema-graph\">{\"@context\":\"https:\/\/schema.org\",\"@graph\":[{\"@type\":\"Article\",\"@id\":\"https:\/\/elojocojo.org\/urbana\/#article\",\"isPartOf\":{\"@id\":\"https:\/\/elojocojo.org\/urbana\/\"},\"author\":{\"name\":\"\",\"@id\":\"\"},\"headline\":\"Urbana\",\"datePublished\":\"2008-09-04T06:48:17+00:00\",\"dateModified\":\"2024-06-19T09:55:06+00:00\",\"mainEntityOfPage\":{\"@id\":\"https:\/\/elojocojo.org\/urbana\/\"},\"wordCount\":267,\"publisher\":{\"@id\":\"https:\/\/elojocojo.org\/#organization\"},\"keywords\":[\"2002\",\"2005\",\"Acci\u00f3n por el clima\",\"educar en valores\",\"Festival el Ojo cojo\",\"Videoteca\"],\"articleSection\":[\"Animaci\u00f3n\",\"Cortometraje\",\"Festival 2005\"],\"inLanguage\":\"es\"},{\"@type\":\"WebPage\",\"@id\":\"https:\/\/elojocojo.org\/urbana\/\",\"url\":\"https:\/\/elojocojo.org\/urbana\/\",\"name\":\"Urbana - el ojO cojo\",\"isPartOf\":{\"@id\":\"https:\/\/elojocojo.org\/#website\"},\"datePublished\":\"2008-09-04T06:48:17+00:00\",\"dateModified\":\"2024-06-19T09:55:06+00:00\",\"description\":\"Pel\u00edcula Urbana exhibida en la edici\u00f3n 2005 del Festival el ojO cojo. Pa\u00eds de origen, Colombia. Dirigido por Santiago Calle.\",\"breadcrumb\":{\"@id\":\"https:\/\/elojocojo.org\/urbana\/#breadcrumb\"},\"inLanguage\":\"es\",\"potentialAction\":[{\"@type\":\"ReadAction\",\"target\":[\"https:\/\/elojocojo.org\/urbana\/\"]}]},{\"@type\":\"BreadcrumbList\",\"@id\":\"https:\/\/elojocojo.org\/urbana\/#breadcrumb\",\"itemListElement\":[{\"@type\":\"ListItem\",\"position\":1,\"name\":\"Portada\",\"item\":\"https:\/\/elojocojo.org\/\"},{\"@type\":\"ListItem\",\"position\":2,\"name\":\"2002\",\"item\":\"https:\/\/elojocojo.org\/tag\/2002\/\"},{\"@type\":\"ListItem\",\"position\":3,\"name\":\"Urbana\"}]},{\"@type\":\"WebSite\",\"@id\":\"https:\/\/elojocojo.org\/#website\",\"url\":\"https:\/\/elojocojo.org\/\",\"name\":\"el ojO cojo\",\"description\":\"Todos estamos hechos de la misma esencia\",\"publisher\":{\"@id\":\"https:\/\/elojocojo.org\/#organization\"},\"potentialAction\":[{\"@type\":\"SearchAction\",\"target\":{\"@type\":\"EntryPoint\",\"urlTemplate\":\"https:\/\/elojocojo.org\/?s={search_term_string}\"},\"query-input\":{\"@type\":\"PropertyValueSpecification\",\"valueRequired\":true,\"valueName\":\"search_term_string\"}}],\"inLanguage\":\"es\"},{\"@type\":\"Organization\",\"@id\":\"https:\/\/elojocojo.org\/#organization\",\"name\":\"Meigas da r\u00faa\",\"url\":\"https:\/\/elojocojo.org\/\",\"logo\":{\"@type\":\"ImageObject\",\"inLanguage\":\"es\",\"@id\":\"https:\/\/elojocojo.org\/#\/schema\/logo\/image\/\",\"url\":\"https:\/\/meigasdarua.org\/wp-content\/uploads\/2020\/09\/cropped-logo-meigas-5.png\",\"contentUrl\":\"https:\/\/meigasdarua.org\/wp-content\/uploads\/2020\/09\/cropped-logo-meigas-5.png\",\"width\":109,\"height\":200,\"caption\":\"Meigas da r\u00faa\"},\"image\":{\"@id\":\"https:\/\/elojocojo.org\/#\/schema\/logo\/image\/\"},\"sameAs\":[\"https:\/\/www.facebook.com\/elojocojo\",\"https:\/\/x.com\/elojocojo\",\"https:\/\/www.instagram.com\/elojocojo\/?hl=es\",\"https:\/\/www.linkedin.com\/in\/el-ojo-cojo-b52b7769\/\",\"https:\/\/www.pinterest.es\/elojocojo\/_saved\/\",\"https:\/\/www.youtube.com\/channel\/UCkFtFTV0Bms7zH7vq8FZxZg\"]},{\"@type\":\"Person\",\"@id\":\"\",\"url\":\"https:\/\/elojocojo.org\/author\/\"}]}<\/script>\n<!-- \/ Yoast SEO plugin. -->","yoast_head_json":{"title":"Urbana - el ojO cojo","description":"Pel\u00edcula Urbana exhibida en la edici\u00f3n 2005 del Festival el ojO cojo. Pa\u00eds de origen, Colombia. Dirigido por Santiago Calle.","robots":{"index":"index","follow":"follow","max-snippet":"max-snippet:-1","max-image-preview":"max-image-preview:large","max-video-preview":"max-video-preview:-1"},"canonical":"https:\/\/elojocojo.org\/urbana\/","og_locale":"es_ES","og_type":"article","og_title":"Urbana - el ojO cojo","og_description":"Pel\u00edcula Urbana exhibida en la edici\u00f3n 2005 del Festival el ojO cojo. Pa\u00eds de origen, Colombia. Dirigido por Santiago Calle.","og_url":"https:\/\/elojocojo.org\/urbana\/","og_site_name":"el ojO cojo","article_publisher":"https:\/\/www.facebook.com\/elojocojo","article_published_time":"2008-09-04T06:48:17+00:00","article_modified_time":"2024-06-19T09:55:06+00:00","og_image":[{"width":109,"height":200,"url":"https:\/\/elojocojo.org\/wp-content\/uploads\/2020\/09\/cropped-logo-meigas-5.png","type":"image\/png"}],"twitter_card":"summary_large_image","twitter_creator":"@elojocojo","twitter_site":"@elojocojo","twitter_misc":{"Escrito por":"","Tiempo de lectura":"1 minuto"},"schema":{"@context":"https:\/\/schema.org","@graph":[{"@type":"Article","@id":"https:\/\/elojocojo.org\/urbana\/#article","isPartOf":{"@id":"https:\/\/elojocojo.org\/urbana\/"},"author":{"name":"","@id":""},"headline":"Urbana","datePublished":"2008-09-04T06:48:17+00:00","dateModified":"2024-06-19T09:55:06+00:00","mainEntityOfPage":{"@id":"https:\/\/elojocojo.org\/urbana\/"},"wordCount":267,"publisher":{"@id":"https:\/\/elojocojo.org\/#organization"},"keywords":["2002","2005","Acci\u00f3n por el clima","educar en valores","Festival el Ojo cojo","Videoteca"],"articleSection":["Animaci\u00f3n","Cortometraje","Festival 2005"],"inLanguage":"es"},{"@type":"WebPage","@id":"https:\/\/elojocojo.org\/urbana\/","url":"https:\/\/elojocojo.org\/urbana\/","name":"Urbana - el ojO cojo","isPartOf":{"@id":"https:\/\/elojocojo.org\/#website"},"datePublished":"2008-09-04T06:48:17+00:00","dateModified":"2024-06-19T09:55:06+00:00","description":"Pel\u00edcula Urbana exhibida en la edici\u00f3n 2005 del Festival el ojO cojo. Pa\u00eds de origen, Colombia. Dirigido por Santiago Calle.","breadcrumb":{"@id":"https:\/\/elojocojo.org\/urbana\/#breadcrumb"},"inLanguage":"es","potentialAction":[{"@type":"ReadAction","target":["https:\/\/elojocojo.org\/urbana\/"]}]},{"@type":"BreadcrumbList","@id":"https:\/\/elojocojo.org\/urbana\/#breadcrumb","itemListElement":[{"@type":"ListItem","position":1,"name":"Portada","item":"https:\/\/elojocojo.org\/"},{"@type":"ListItem","position":2,"name":"2002","item":"https:\/\/elojocojo.org\/tag\/2002\/"},{"@type":"ListItem","position":3,"name":"Urbana"}]},{"@type":"WebSite","@id":"https:\/\/elojocojo.org\/#website","url":"https:\/\/elojocojo.org\/","name":"el ojO cojo","description":"Todos estamos hechos de la misma esencia","publisher":{"@id":"https:\/\/elojocojo.org\/#organization"},"potentialAction":[{"@type":"SearchAction","target":{"@type":"EntryPoint","urlTemplate":"https:\/\/elojocojo.org\/?s={search_term_string}"},"query-input":{"@type":"PropertyValueSpecification","valueRequired":true,"valueName":"search_term_string"}}],"inLanguage":"es"},{"@type":"Organization","@id":"https:\/\/elojocojo.org\/#organization","name":"Meigas da r\u00faa","url":"https:\/\/elojocojo.org\/","logo":{"@type":"ImageObject","inLanguage":"es","@id":"https:\/\/elojocojo.org\/#\/schema\/logo\/image\/","url":"https:\/\/meigasdarua.org\/wp-content\/uploads\/2020\/09\/cropped-logo-meigas-5.png","contentUrl":"https:\/\/meigasdarua.org\/wp-content\/uploads\/2020\/09\/cropped-logo-meigas-5.png","width":109,"height":200,"caption":"Meigas da r\u00faa"},"image":{"@id":"https:\/\/elojocojo.org\/#\/schema\/logo\/image\/"},"sameAs":["https:\/\/www.facebook.com\/elojocojo","https:\/\/x.com\/elojocojo","https:\/\/www.instagram.com\/elojocojo\/?hl=es","https:\/\/www.linkedin.com\/in\/el-ojo-cojo-b52b7769\/","https:\/\/www.pinterest.es\/elojocojo\/_saved\/","https:\/\/www.youtube.com\/channel\/UCkFtFTV0Bms7zH7vq8FZxZg"]},{"@type":"Person","@id":"","url":"https:\/\/elojocojo.org\/author\/"}]}},"_links":{"self":[{"href":"https:\/\/elojocojo.org\/wp-json\/wp\/v2\/posts\/774","targetHints":{"allow":["GET"]}}],"collection":[{"href":"https:\/\/elojocojo.org\/wp-json\/wp\/v2\/posts"}],"about":[{"href":"https:\/\/elojocojo.org\/wp-json\/wp\/v2\/types\/post"}],"author":[{"embeddable":true,"href":"https:\/\/elojocojo.org\/wp-json\/wp\/v2\/users\/3"}],"replies":[{"embeddable":true,"href":"https:\/\/elojocojo.org\/wp-json\/wp\/v2\/comments?post=774"}],"version-history":[{"count":3,"href":"https:\/\/elojocojo.org\/wp-json\/wp\/v2\/posts\/774\/revisions"}],"predecessor-version":[{"id":57892,"href":"https:\/\/elojocojo.org\/wp-json\/wp\/v2\/posts\/774\/revisions\/57892"}],"wp:attachment":[{"href":"https:\/\/elojocojo.org\/wp-json\/wp\/v2\/media?parent=774"}],"wp:term":[{"taxonomy":"category","embeddable":true,"href":"https:\/\/elojocojo.org\/wp-json\/wp\/v2\/categories?post=774"},{"taxonomy":"post_tag","embeddable":true,"href":"https:\/\/elojocojo.org\/wp-json\/wp\/v2\/tags?post=774"}],"curies":[{"name":"wp","href":"https:\/\/api.w.org\/{rel}","templated":true}]}}