{"id":75313,"date":"2026-02-18T13:17:28","date_gmt":"2026-02-18T12:17:28","guid":{"rendered":"https:\/\/elojocojo.org\/?p=75313"},"modified":"2026-03-11T14:18:21","modified_gmt":"2026-03-11T13:18:21","slug":"guerrillero","status":"publish","type":"post","link":"https:\/\/elojocojo.org\/guerrillero\/","title":{"rendered":"Guerrillero"},"content":{"rendered":"\n<p>T\u00edtulo: Guerrillero<\/p>\n\n\n\n<p>A\u00f1o: 2026<\/p>\n\n\n\n<p>Director: Joan Gamero<\/p>\n\n\n\n<p>G\u00e9nero: Documental<\/p>\n\n\n\n<p>Pa\u00eds: Espa\u00f1a<\/p>\n\n\n\n<p>Duraci\u00f3n: 91\u2032<\/p>\n\n\n\n<p>Tipo: Color<\/p>\n\n\n\n<p>Idioma: Espa\u00f1ol<\/p>\n\n\n\n<h2 class=\"wp-block-heading\">Sinopsis<\/h2>\n\n\n\n<h3 class=\"wp-block-heading\">Historias de lucha<\/h3>\n\n\n\n<p>Desde el inicio, el documental sigue al ultimo supervivientes de la guerrilla antifranquista que particip\u00f3 en movimientos de resistencia y guerrilla, mostrando sus vivencias y decisiones. Adem\u00e1s, se exploran tanto los logros como las dificultades que enfrentaron en contextos de represi\u00f3n. Sin embargo, la pel\u00edcula no busca glorificar la violencia, sino comprender sus motivaciones y consecuencias.<\/p>\n\n\n\n<h3 class=\"wp-block-heading\">Memoria y testimonio<\/h3>\n\n\n\n<p>Por otra parte, los protagonistas relatan experiencias personales que permiten reconstruir hechos hist\u00f3ricos. Asimismo, los testimonios reflejan tensiones pol\u00edticas, dilemas \u00e9ticos y la vida cotidiana durante los conflictos. En cambio, la narraci\u00f3n mantiene un tono cercano y respetuoso, de modo que el espectador conecta con las vivencias humanas. De este modo, la memoria se convierte en un acto de reflexi\u00f3n y responsabilidad.<\/p>\n\n\n\n<h3 class=\"wp-block-heading\">Estrategias y supervivencia<\/h3>\n\n\n\n<p>A medida que avanza la historia, se muestran las estrategias adoptadas para sobrevivir en entornos hostiles. No obstante, tambi\u00e9n se evidencia el impacto psicol\u00f3gico y social de la lucha armada para combatir la dictadura franquista. En consecuencia, cada decisi\u00f3n y acci\u00f3n adquiere un peso narrativo importante. Adem\u00e1s, la pel\u00edcula subraya la complejidad de la historia individual frente a la historia colectiva.<\/p>\n\n\n\n<h3 class=\"wp-block-heading\">Paisaje y contexto<\/h3>\n\n\n\n<p>Mientras tanto, los escenarios f\u00edsicos y sociales se convierten en un reflejo de los retos enfrentados. Por ello, la geograf\u00eda y las comunidades locales aportan contexto y profundidad. A la vez, la c\u00e1mara captura detalles que conectan pasado y presente. Igualmente, el filme muestra c\u00f3mo la historia se mantiene viva a trav\u00e9s de los recuerdos de sus protagonistas.<\/p>\n\n\n\n<h3 class=\"wp-block-heading\">Reflexi\u00f3n final<\/h3>\n\n\n\n<p>Finalmente, <em>Guerrillero <\/em>invita a reflexionar sobre resistencia, \u00e9tica y memoria hist\u00f3rica. En definitiva, el documental propone pensar en las implicaciones humanas y pol\u00edticas de los conflictos y en el valor de preservar la memoria colectiva.<\/p>\n\n\n\n<h2 class=\"wp-block-heading\">Palmar\u00e9s<\/h2>\n\n\n\n<p><strong>2025<\/strong><\/p>\n\n\n\n<ul class=\"wp-block-list\">\n<li>Festival de Cine Documental Baj\u00edo \u2013 Premio al Mejor Largometraje Documental Internacional<\/li>\n\n\n\n<li>Festival Internacional de Cine Samhain Baucogna \u2013 Premio al Mejor Largometraje Documental<\/li>\n<\/ul>\n\n\n<div class=\"wp-block-image\">\n<figure class=\"aligncenter size-large\"><img decoding=\"async\" width=\"256\" height=\"360\" src=\"https:\/\/elojocojo.org\/wp-content\/uploads\/2026\/02\/69c7dc6f7a-poster-256x360.jpg\" alt=\"P\u00f3ster de Guerrillero en el que aparece un hombre canoso de espaldas. En la parte inferior, hay un camino nevado en el campo.\" class=\"wp-image-75315\" srcset=\"https:\/\/elojocojo.org\/wp-content\/uploads\/2026\/02\/69c7dc6f7a-poster-256x360.jpg 256w, https:\/\/elojocojo.org\/wp-content\/uploads\/2026\/02\/69c7dc6f7a-poster-355x500.jpg 355w, https:\/\/elojocojo.org\/wp-content\/uploads\/2026\/02\/69c7dc6f7a-poster-284x400.jpg 284w, https:\/\/elojocojo.org\/wp-content\/uploads\/2026\/02\/69c7dc6f7a-poster.jpg 568w\" sizes=\"(max-width: 256px) 100vw, 256px\" \/><\/figure>\n<\/div>\n\n\n<p>El filme&nbsp;<em>Guerrillero<\/em>&nbsp;particip\u00f3 en la edici\u00f3n&nbsp;<a href=\"https:\/\/elojocojo.org\/category\/festival-2026\/\">2026&nbsp;<\/a>del <a href=\"https:\/\/elojocojo.org\/bienvenida\/festivalelojocojo\/\" target=\"_blank\" rel=\"noreferrer noopener\">Festival de cine el ojO cojo<\/a> en ese sentido nos sentimos honrados de haberla exhibido.<\/p>\n\n\n\n<p>Visita nuestro <a href=\"https:\/\/el-ojocojo.blogspot.com\">blog<\/a>.<\/p>\n","protected":false},"excerpt":{"rendered":"<p>Guerrillero (2026), dirigido por Joan Gamero, es un documental espa\u00f1ol que retrata la vida de quienes participaron en movimientos de resistencia, explorando memoria, \u00e9tica y supervivencia.<\/p>\n","protected":false},"author":73,"featured_media":75317,"comment_status":"closed","ping_status":"closed","sticky":false,"template":"","format":"standard","meta":{"_monsterinsights_skip_tracking":false,"_monsterinsights_sitenote_active":false,"_monsterinsights_sitenote_note":"","_monsterinsights_sitenote_category":0,"footnotes":""},"categories":[2053,2433],"tags":[2434,1434,1193,1470,138,2119,900,1981,1982,878,1023,2442,2417,1013],"class_list":{"0":"post-75313","1":"post","2":"type-post","3":"status-publish","4":"format-standard","5":"has-post-thumbnail","7":"category-documental","8":"category-festival-2026","9":"tag-2434","10":"tag-conflicto","11":"tag-derechos-humanos","12":"tag-documental","13":"tag-espana","14":"tag-espanol","15":"tag-europa","16":"tag-festival-de-cine","17":"tag-festival-el-ojo-cojo","18":"tag-historia","19":"tag-memoria-historica","20":"tag-resistencia","21":"tag-sociedad","22":"tag-vida-cotidiana","23":"czr-hentry"},"yoast_head":"<!-- This site is optimized with the Yoast SEO plugin v27.1.1 - https:\/\/yoast.com\/product\/yoast-seo-wordpress\/ -->\n<title>Guerrillero - el ojO cojo<\/title>\n<meta name=\"description\" content=\"Guerrillero es un documental espa\u00f1ol sobre memoria hist\u00f3rica, resistencia y las decisiones de quienes participaron en conflictos armados.\" \/>\n<meta name=\"robots\" content=\"index, follow, max-snippet:-1, max-image-preview:large, max-video-preview:-1\" \/>\n<link rel=\"canonical\" href=\"https:\/\/elojocojo.org\/guerrillero\/\" \/>\n<meta property=\"og:locale\" content=\"es_ES\" \/>\n<meta property=\"og:type\" content=\"article\" \/>\n<meta property=\"og:title\" content=\"Guerrillero - el ojO cojo\" \/>\n<meta property=\"og:description\" content=\"Guerrillero es un documental espa\u00f1ol sobre memoria hist\u00f3rica, resistencia y las decisiones de quienes participaron en conflictos armados.\" \/>\n<meta property=\"og:url\" content=\"https:\/\/elojocojo.org\/guerrillero\/\" \/>\n<meta property=\"og:site_name\" content=\"el ojO cojo\" \/>\n<meta property=\"article:publisher\" content=\"https:\/\/www.facebook.com\/elojocojo\" \/>\n<meta property=\"article:published_time\" content=\"2026-02-18T12:17:28+00:00\" \/>\n<meta property=\"article:modified_time\" content=\"2026-03-11T13:18:21+00:00\" \/>\n<meta property=\"og:image\" content=\"https:\/\/elojocojo.org\/wp-content\/uploads\/2026\/02\/quico42.webp\" \/>\n\t<meta property=\"og:image:width\" content=\"1920\" \/>\n\t<meta property=\"og:image:height\" content=\"1080\" \/>\n\t<meta property=\"og:image:type\" content=\"image\/webp\" \/>\n<meta name=\"author\" content=\"Pastora Laguna\" \/>\n<meta name=\"twitter:card\" content=\"summary_large_image\" \/>\n<meta name=\"twitter:creator\" content=\"@elojocojo\" \/>\n<meta name=\"twitter:site\" content=\"@elojocojo\" \/>\n<meta name=\"twitter:label1\" content=\"Escrito por\" \/>\n\t<meta name=\"twitter:data1\" content=\"Pastora Laguna\" \/>\n\t<meta name=\"twitter:label2\" content=\"Tiempo de lectura\" \/>\n\t<meta name=\"twitter:data2\" content=\"2 minutos\" \/>\n<script type=\"application\/ld+json\" class=\"yoast-schema-graph\">{\"@context\":\"https:\/\/schema.org\",\"@graph\":[{\"@type\":\"Article\",\"@id\":\"https:\/\/elojocojo.org\/guerrillero\/#article\",\"isPartOf\":{\"@id\":\"https:\/\/elojocojo.org\/guerrillero\/\"},\"author\":{\"name\":\"Pastora Laguna\",\"@id\":\"https:\/\/elojocojo.org\/#\/schema\/person\/0eebd75cb4d855e3f2b18abd9f7b9876\"},\"headline\":\"Guerrillero\",\"datePublished\":\"2026-02-18T12:17:28+00:00\",\"dateModified\":\"2026-03-11T13:18:21+00:00\",\"mainEntityOfPage\":{\"@id\":\"https:\/\/elojocojo.org\/guerrillero\/\"},\"wordCount\":387,\"publisher\":{\"@id\":\"https:\/\/elojocojo.org\/#organization\"},\"image\":{\"@id\":\"https:\/\/elojocojo.org\/guerrillero\/#primaryimage\"},\"thumbnailUrl\":\"https:\/\/elojocojo.org\/wp-content\/uploads\/2026\/02\/quico42.webp\",\"keywords\":[\"2026\",\"conflicto\",\"Derechos Humanos\",\"documental\",\"Espa\u00f1a\",\"espa\u00f1ol\",\"Europa\",\"festival de cine\",\"Festival el Ojo cojo\",\"historia\",\"memoria hist\u00f3rica\",\"resistencia\",\"sociedad\",\"vida cotidiana\"],\"articleSection\":[\"Documental\",\"Festival 2026\"],\"inLanguage\":\"es\"},{\"@type\":\"WebPage\",\"@id\":\"https:\/\/elojocojo.org\/guerrillero\/\",\"url\":\"https:\/\/elojocojo.org\/guerrillero\/\",\"name\":\"Guerrillero - el ojO cojo\",\"isPartOf\":{\"@id\":\"https:\/\/elojocojo.org\/#website\"},\"primaryImageOfPage\":{\"@id\":\"https:\/\/elojocojo.org\/guerrillero\/#primaryimage\"},\"image\":{\"@id\":\"https:\/\/elojocojo.org\/guerrillero\/#primaryimage\"},\"thumbnailUrl\":\"https:\/\/elojocojo.org\/wp-content\/uploads\/2026\/02\/quico42.webp\",\"datePublished\":\"2026-02-18T12:17:28+00:00\",\"dateModified\":\"2026-03-11T13:18:21+00:00\",\"description\":\"Guerrillero es un documental espa\u00f1ol sobre memoria hist\u00f3rica, resistencia y las decisiones de quienes participaron en conflictos armados.\",\"breadcrumb\":{\"@id\":\"https:\/\/elojocojo.org\/guerrillero\/#breadcrumb\"},\"inLanguage\":\"es\",\"potentialAction\":[{\"@type\":\"ReadAction\",\"target\":[\"https:\/\/elojocojo.org\/guerrillero\/\"]}]},{\"@type\":\"ImageObject\",\"inLanguage\":\"es\",\"@id\":\"https:\/\/elojocojo.org\/guerrillero\/#primaryimage\",\"url\":\"https:\/\/elojocojo.org\/wp-content\/uploads\/2026\/02\/quico42.webp\",\"contentUrl\":\"https:\/\/elojocojo.org\/wp-content\/uploads\/2026\/02\/quico42.webp\",\"width\":1920,\"height\":1080,\"caption\":\"Fotograma de Guerrillero en el que aparece un hombre canoso sentado en un parque y mirando hacia la derecha.\"},{\"@type\":\"BreadcrumbList\",\"@id\":\"https:\/\/elojocojo.org\/guerrillero\/#breadcrumb\",\"itemListElement\":[{\"@type\":\"ListItem\",\"position\":1,\"name\":\"Portada\",\"item\":\"https:\/\/elojocojo.org\/\"},{\"@type\":\"ListItem\",\"position\":2,\"name\":\"2026\",\"item\":\"https:\/\/elojocojo.org\/tag\/2026\/\"},{\"@type\":\"ListItem\",\"position\":3,\"name\":\"Guerrillero\"}]},{\"@type\":\"WebSite\",\"@id\":\"https:\/\/elojocojo.org\/#website\",\"url\":\"https:\/\/elojocojo.org\/\",\"name\":\"el ojO cojo\",\"description\":\"Todos estamos hechos de la misma esencia\",\"publisher\":{\"@id\":\"https:\/\/elojocojo.org\/#organization\"},\"potentialAction\":[{\"@type\":\"SearchAction\",\"target\":{\"@type\":\"EntryPoint\",\"urlTemplate\":\"https:\/\/elojocojo.org\/?s={search_term_string}\"},\"query-input\":{\"@type\":\"PropertyValueSpecification\",\"valueRequired\":true,\"valueName\":\"search_term_string\"}}],\"inLanguage\":\"es\"},{\"@type\":\"Organization\",\"@id\":\"https:\/\/elojocojo.org\/#organization\",\"name\":\"Meigas da r\u00faa\",\"url\":\"https:\/\/elojocojo.org\/\",\"logo\":{\"@type\":\"ImageObject\",\"inLanguage\":\"es\",\"@id\":\"https:\/\/elojocojo.org\/#\/schema\/logo\/image\/\",\"url\":\"https:\/\/meigasdarua.org\/wp-content\/uploads\/2020\/09\/cropped-logo-meigas-5.png\",\"contentUrl\":\"https:\/\/meigasdarua.org\/wp-content\/uploads\/2020\/09\/cropped-logo-meigas-5.png\",\"width\":109,\"height\":200,\"caption\":\"Meigas da r\u00faa\"},\"image\":{\"@id\":\"https:\/\/elojocojo.org\/#\/schema\/logo\/image\/\"},\"sameAs\":[\"https:\/\/www.facebook.com\/elojocojo\",\"https:\/\/x.com\/elojocojo\",\"https:\/\/www.instagram.com\/elojocojo\/?hl=es\",\"https:\/\/www.linkedin.com\/in\/el-ojo-cojo-b52b7769\/\",\"https:\/\/www.pinterest.es\/elojocojo\/_saved\/\",\"https:\/\/www.youtube.com\/channel\/UCkFtFTV0Bms7zH7vq8FZxZg\"]},{\"@type\":\"Person\",\"@id\":\"https:\/\/elojocojo.org\/#\/schema\/person\/0eebd75cb4d855e3f2b18abd9f7b9876\",\"name\":\"Pastora Laguna\",\"url\":\"https:\/\/elojocojo.org\/author\/pastora\/\"}]}<\/script>\n<!-- \/ Yoast SEO plugin. -->","yoast_head_json":{"title":"Guerrillero - el ojO cojo","description":"Guerrillero es un documental espa\u00f1ol sobre memoria hist\u00f3rica, resistencia y las decisiones de quienes participaron en conflictos armados.","robots":{"index":"index","follow":"follow","max-snippet":"max-snippet:-1","max-image-preview":"max-image-preview:large","max-video-preview":"max-video-preview:-1"},"canonical":"https:\/\/elojocojo.org\/guerrillero\/","og_locale":"es_ES","og_type":"article","og_title":"Guerrillero - el ojO cojo","og_description":"Guerrillero es un documental espa\u00f1ol sobre memoria hist\u00f3rica, resistencia y las decisiones de quienes participaron en conflictos armados.","og_url":"https:\/\/elojocojo.org\/guerrillero\/","og_site_name":"el ojO cojo","article_publisher":"https:\/\/www.facebook.com\/elojocojo","article_published_time":"2026-02-18T12:17:28+00:00","article_modified_time":"2026-03-11T13:18:21+00:00","og_image":[{"width":1920,"height":1080,"url":"https:\/\/elojocojo.org\/wp-content\/uploads\/2026\/02\/quico42.webp","type":"image\/webp"}],"author":"Pastora Laguna","twitter_card":"summary_large_image","twitter_creator":"@elojocojo","twitter_site":"@elojocojo","twitter_misc":{"Escrito por":"Pastora Laguna","Tiempo de lectura":"2 minutos"},"schema":{"@context":"https:\/\/schema.org","@graph":[{"@type":"Article","@id":"https:\/\/elojocojo.org\/guerrillero\/#article","isPartOf":{"@id":"https:\/\/elojocojo.org\/guerrillero\/"},"author":{"name":"Pastora Laguna","@id":"https:\/\/elojocojo.org\/#\/schema\/person\/0eebd75cb4d855e3f2b18abd9f7b9876"},"headline":"Guerrillero","datePublished":"2026-02-18T12:17:28+00:00","dateModified":"2026-03-11T13:18:21+00:00","mainEntityOfPage":{"@id":"https:\/\/elojocojo.org\/guerrillero\/"},"wordCount":387,"publisher":{"@id":"https:\/\/elojocojo.org\/#organization"},"image":{"@id":"https:\/\/elojocojo.org\/guerrillero\/#primaryimage"},"thumbnailUrl":"https:\/\/elojocojo.org\/wp-content\/uploads\/2026\/02\/quico42.webp","keywords":["2026","conflicto","Derechos Humanos","documental","Espa\u00f1a","espa\u00f1ol","Europa","festival de cine","Festival el Ojo cojo","historia","memoria hist\u00f3rica","resistencia","sociedad","vida cotidiana"],"articleSection":["Documental","Festival 2026"],"inLanguage":"es"},{"@type":"WebPage","@id":"https:\/\/elojocojo.org\/guerrillero\/","url":"https:\/\/elojocojo.org\/guerrillero\/","name":"Guerrillero - el ojO cojo","isPartOf":{"@id":"https:\/\/elojocojo.org\/#website"},"primaryImageOfPage":{"@id":"https:\/\/elojocojo.org\/guerrillero\/#primaryimage"},"image":{"@id":"https:\/\/elojocojo.org\/guerrillero\/#primaryimage"},"thumbnailUrl":"https:\/\/elojocojo.org\/wp-content\/uploads\/2026\/02\/quico42.webp","datePublished":"2026-02-18T12:17:28+00:00","dateModified":"2026-03-11T13:18:21+00:00","description":"Guerrillero es un documental espa\u00f1ol sobre memoria hist\u00f3rica, resistencia y las decisiones de quienes participaron en conflictos armados.","breadcrumb":{"@id":"https:\/\/elojocojo.org\/guerrillero\/#breadcrumb"},"inLanguage":"es","potentialAction":[{"@type":"ReadAction","target":["https:\/\/elojocojo.org\/guerrillero\/"]}]},{"@type":"ImageObject","inLanguage":"es","@id":"https:\/\/elojocojo.org\/guerrillero\/#primaryimage","url":"https:\/\/elojocojo.org\/wp-content\/uploads\/2026\/02\/quico42.webp","contentUrl":"https:\/\/elojocojo.org\/wp-content\/uploads\/2026\/02\/quico42.webp","width":1920,"height":1080,"caption":"Fotograma de Guerrillero en el que aparece un hombre canoso sentado en un parque y mirando hacia la derecha."},{"@type":"BreadcrumbList","@id":"https:\/\/elojocojo.org\/guerrillero\/#breadcrumb","itemListElement":[{"@type":"ListItem","position":1,"name":"Portada","item":"https:\/\/elojocojo.org\/"},{"@type":"ListItem","position":2,"name":"2026","item":"https:\/\/elojocojo.org\/tag\/2026\/"},{"@type":"ListItem","position":3,"name":"Guerrillero"}]},{"@type":"WebSite","@id":"https:\/\/elojocojo.org\/#website","url":"https:\/\/elojocojo.org\/","name":"el ojO cojo","description":"Todos estamos hechos de la misma esencia","publisher":{"@id":"https:\/\/elojocojo.org\/#organization"},"potentialAction":[{"@type":"SearchAction","target":{"@type":"EntryPoint","urlTemplate":"https:\/\/elojocojo.org\/?s={search_term_string}"},"query-input":{"@type":"PropertyValueSpecification","valueRequired":true,"valueName":"search_term_string"}}],"inLanguage":"es"},{"@type":"Organization","@id":"https:\/\/elojocojo.org\/#organization","name":"Meigas da r\u00faa","url":"https:\/\/elojocojo.org\/","logo":{"@type":"ImageObject","inLanguage":"es","@id":"https:\/\/elojocojo.org\/#\/schema\/logo\/image\/","url":"https:\/\/meigasdarua.org\/wp-content\/uploads\/2020\/09\/cropped-logo-meigas-5.png","contentUrl":"https:\/\/meigasdarua.org\/wp-content\/uploads\/2020\/09\/cropped-logo-meigas-5.png","width":109,"height":200,"caption":"Meigas da r\u00faa"},"image":{"@id":"https:\/\/elojocojo.org\/#\/schema\/logo\/image\/"},"sameAs":["https:\/\/www.facebook.com\/elojocojo","https:\/\/x.com\/elojocojo","https:\/\/www.instagram.com\/elojocojo\/?hl=es","https:\/\/www.linkedin.com\/in\/el-ojo-cojo-b52b7769\/","https:\/\/www.pinterest.es\/elojocojo\/_saved\/","https:\/\/www.youtube.com\/channel\/UCkFtFTV0Bms7zH7vq8FZxZg"]},{"@type":"Person","@id":"https:\/\/elojocojo.org\/#\/schema\/person\/0eebd75cb4d855e3f2b18abd9f7b9876","name":"Pastora Laguna","url":"https:\/\/elojocojo.org\/author\/pastora\/"}]}},"_links":{"self":[{"href":"https:\/\/elojocojo.org\/wp-json\/wp\/v2\/posts\/75313","targetHints":{"allow":["GET"]}}],"collection":[{"href":"https:\/\/elojocojo.org\/wp-json\/wp\/v2\/posts"}],"about":[{"href":"https:\/\/elojocojo.org\/wp-json\/wp\/v2\/types\/post"}],"author":[{"embeddable":true,"href":"https:\/\/elojocojo.org\/wp-json\/wp\/v2\/users\/73"}],"replies":[{"embeddable":true,"href":"https:\/\/elojocojo.org\/wp-json\/wp\/v2\/comments?post=75313"}],"version-history":[{"count":4,"href":"https:\/\/elojocojo.org\/wp-json\/wp\/v2\/posts\/75313\/revisions"}],"predecessor-version":[{"id":76047,"href":"https:\/\/elojocojo.org\/wp-json\/wp\/v2\/posts\/75313\/revisions\/76047"}],"wp:featuredmedia":[{"embeddable":true,"href":"https:\/\/elojocojo.org\/wp-json\/wp\/v2\/media\/75317"}],"wp:attachment":[{"href":"https:\/\/elojocojo.org\/wp-json\/wp\/v2\/media?parent=75313"}],"wp:term":[{"taxonomy":"category","embeddable":true,"href":"https:\/\/elojocojo.org\/wp-json\/wp\/v2\/categories?post=75313"},{"taxonomy":"post_tag","embeddable":true,"href":"https:\/\/elojocojo.org\/wp-json\/wp\/v2\/tags?post=75313"}],"curies":[{"name":"wp","href":"https:\/\/api.w.org\/{rel}","templated":true}]}}