{"id":75269,"date":"2026-02-18T10:47:30","date_gmt":"2026-02-18T09:47:30","guid":{"rendered":"https:\/\/elojocojo.org\/?p=75269"},"modified":"2026-02-20T09:40:51","modified_gmt":"2026-02-20T08:40:51","slug":"as","status":"publish","type":"post","link":"https:\/\/elojocojo.org\/as\/","title":{"rendered":"As"},"content":{"rendered":"\n<figure class=\"wp-block-embed is-type-video is-provider-vimeo wp-block-embed-vimeo wp-embed-aspect-16-9 wp-has-aspect-ratio\"><div class=\"wp-block-embed__wrapper\">\n<iframe title=\"ACE TRAILER\" src=\"https:\/\/player.vimeo.com\/video\/1063799901?dnt=1&amp;app_id=122963\" width=\"1140\" height=\"641\" frameborder=\"0\" allow=\"autoplay; fullscreen; picture-in-picture; clipboard-write; encrypted-media; web-share\" referrerpolicy=\"strict-origin-when-cross-origin\"><\/iframe>\n<\/div><\/figure>\n\n\n\n<p>T\u00edtulo en castellano: As<\/p>\n\n\n\n<p>T\u00edtulo original: Ace<\/p>\n\n\n\n<p>A\u00f1o: 2024<\/p>\n\n\n\n<p>Director: Raymond Edwards<\/p>\n\n\n\n<p>G\u00e9nero: Ficci\u00f3n<\/p>\n\n\n\n<p>Pa\u00eds: Reino Unido<\/p>\n\n\n\n<p>Duraci\u00f3n: 14\u2032<\/p>\n\n\n\n<p>Tipo: Color<\/p>\n\n\n\n<p>Idioma: Ingl\u00e9s<\/p>\n\n\n\n<h2 class=\"wp-block-heading\">Sinopsis<\/h2>\n\n\n\n<h3 class=\"wp-block-heading\">Juventud en tensi\u00f3n<\/h3>\n\n\n\n<p>Desde el inicio, el cortometraje se centra en un joven que enfrenta un momento decisivo en su entorno cotidiano. Adem\u00e1s, la historia se construye a partir de peque\u00f1os gestos y silencios que revelan conflictos internos. Sin embargo, el relato evita explicaciones directas, dejando que la atm\u00f3sfera hable por s\u00ed misma.<\/p>\n\n\n\n<h3 class=\"wp-block-heading\">Presi\u00f3n y expectativas<\/h3>\n\n\n\n<p>Por otra parte, el protagonista se mueve en un contexto donde las expectativas sociales y personales generan una tensi\u00f3n constante. Asimismo, las relaciones con su entorno influyen en sus decisiones. En cambio, la pel\u00edcula opta por una mirada \u00edntima, de modo que el conflicto se percibe desde la experiencia emocional del personaje. De este modo, la presi\u00f3n se convierte en el motor narrativo.<\/p>\n\n\n\n<h3 class=\"wp-block-heading\">Espacios cotidianos<\/h3>\n\n\n\n<p>A medida que avanza la historia, los escenarios habituales adquieren un significado simb\u00f3lico. No obstante, la sencillez visual refuerza el realismo de la propuesta. En consecuencia, cada escena aporta matices sobre el estado an\u00edmico del protagonista. Adem\u00e1s, la puesta en escena mantiene un tono contenido que potencia la intensidad dram\u00e1tica.<\/p>\n\n\n\n<h3 class=\"wp-block-heading\">Identidad y elecci\u00f3n<\/h3>\n\n\n\n<p>Mientras tanto, el cortometraje sugiere que cada decisi\u00f3n puede marcar un punto de inflexi\u00f3n. Por ello, el conflicto principal gira en torno a la identidad y la b\u00fasqueda de afirmaci\u00f3n personal. A la vez, el ritmo pausado permite al espectador conectar con el dilema interno. Igualmente, la narrativa apuesta por la sutileza en lugar del dramatismo expl\u00edcito.<\/p>\n\n\n\n<h3 class=\"wp-block-heading\">Un cierre abierto<\/h3>\n\n\n\n<p>Finalmente, <em>As <\/em>conduce a un desenlace que deja espacio para la interpretaci\u00f3n. En definitiva, el cortometraje propone una reflexi\u00f3n sobre juventud, presi\u00f3n social y las peque\u00f1as decisiones que pueden definir un futuro.<\/p>\n\n\n<div class=\"wp-block-image\">\n<figure class=\"aligncenter size-large\"><img decoding=\"async\" width=\"292\" height=\"360\" src=\"https:\/\/elojocojo.org\/wp-content\/uploads\/2026\/02\/f16641ee64-poster-292x360.webp\" alt=\"P\u00f3ster de As en el que aparece un ni\u00f1o con un casco puesto en blanco y negro. El t\u00edtulo aparece en letras negras.\" class=\"wp-image-75270\" srcset=\"https:\/\/elojocojo.org\/wp-content\/uploads\/2026\/02\/f16641ee64-poster-292x360.webp 292w, https:\/\/elojocojo.org\/wp-content\/uploads\/2026\/02\/f16641ee64-poster-400x494.webp 400w, https:\/\/elojocojo.org\/wp-content\/uploads\/2026\/02\/f16641ee64-poster-300x370.webp 300w, https:\/\/elojocojo.org\/wp-content\/uploads\/2026\/02\/f16641ee64-poster.webp 648w\" sizes=\"(max-width: 292px) 100vw, 292px\" \/><\/figure>\n<\/div>\n\n\n<p>El filme&nbsp;<em>As<\/em>&nbsp;particip\u00f3 en la edici\u00f3n&nbsp;<a href=\"https:\/\/elojocojo.org\/category\/festival-2026\/\">2026&nbsp;<\/a>del <a href=\"https:\/\/elojocojo.org\/bienvenida\/festivalelojocojo\/\" target=\"_blank\" rel=\"noreferrer noopener\">Festival de cine el ojO cojo<\/a> en ese sentido nos sentimos honrados de haberla exhibido.<\/p>\n\n\n\n<p>Visita nuestro <a href=\"https:\/\/el-ojocojo.blogspot.com\">blog<\/a>.<\/p>\n","protected":false},"excerpt":{"rendered":"<p>As, dirigido por Raymond Edwards, es un cortometraje de ficci\u00f3n que explora la presi\u00f3n social y las decisiones cruciales en la vida de un joven.<\/p>\n","protected":false},"author":73,"featured_media":75271,"comment_status":"closed","ping_status":"closed","sticky":false,"template":"","format":"standard","meta":{"_monsterinsights_skip_tracking":false,"_monsterinsights_sitenote_active":false,"_monsterinsights_sitenote_note":"","_monsterinsights_sitenote_category":0,"footnotes":""},"categories":[1460,2433],"tags":[2109,2434,1434,1468,2413,2119,900,1981,1982,1628,2147,2118,2412,1231,134,2417,1013],"class_list":{"0":"post-75269","1":"post","2":"type-post","3":"status-publish","4":"format-standard","5":"has-post-thumbnail","7":"category-cortometraje","8":"category-festival-2026","9":"tag-2109","10":"tag-2434","11":"tag-conflicto","12":"tag-cortometraje","13":"tag-emociones","14":"tag-espanol","15":"tag-europa","16":"tag-festival-de-cine","17":"tag-festival-el-ojo-cojo","18":"tag-ficcion","19":"tag-identidad","20":"tag-ingles","21":"tag-juventud","22":"tag-reduccion-de-las-desigualdades","23":"tag-reino-unido","24":"tag-sociedad","25":"tag-vida-cotidiana","26":"czr-hentry"},"yoast_head":"<!-- This site is optimized with the Yoast SEO plugin v27.1.1 - https:\/\/yoast.com\/product\/yoast-seo-wordpress\/ -->\n<title>As - el ojO cojo<\/title>\n<meta name=\"description\" content=\"As (2024), de Raymond Edwards, es un cortometraje brit\u00e1nico de ficci\u00f3n sobre juventud, presi\u00f3n social e identidad.\" \/>\n<meta name=\"robots\" content=\"index, follow, max-snippet:-1, max-image-preview:large, max-video-preview:-1\" \/>\n<link rel=\"canonical\" href=\"https:\/\/elojocojo.org\/as\/\" \/>\n<meta property=\"og:locale\" content=\"es_ES\" \/>\n<meta property=\"og:type\" content=\"article\" \/>\n<meta property=\"og:title\" content=\"As - el ojO cojo\" \/>\n<meta property=\"og:description\" content=\"As (2024), de Raymond Edwards, es un cortometraje brit\u00e1nico de ficci\u00f3n sobre juventud, presi\u00f3n social e identidad.\" \/>\n<meta property=\"og:url\" content=\"https:\/\/elojocojo.org\/as\/\" \/>\n<meta property=\"og:site_name\" content=\"el ojO cojo\" \/>\n<meta property=\"article:publisher\" content=\"https:\/\/www.facebook.com\/elojocojo\" \/>\n<meta property=\"article:published_time\" content=\"2026-02-18T09:47:30+00:00\" \/>\n<meta property=\"article:modified_time\" content=\"2026-02-20T08:40:51+00:00\" \/>\n<meta property=\"og:image\" content=\"https:\/\/elojocojo.org\/wp-content\/uploads\/2026\/02\/Captura-de-pantalla-2026-02-18-103848.png\" \/>\n\t<meta property=\"og:image:width\" content=\"1486\" \/>\n\t<meta property=\"og:image:height\" content=\"718\" \/>\n\t<meta property=\"og:image:type\" content=\"image\/png\" \/>\n<meta name=\"author\" content=\"Pastora Laguna\" \/>\n<meta name=\"twitter:card\" content=\"summary_large_image\" \/>\n<meta name=\"twitter:creator\" content=\"@elojocojo\" \/>\n<meta name=\"twitter:site\" content=\"@elojocojo\" \/>\n<meta name=\"twitter:label1\" content=\"Escrito por\" \/>\n\t<meta name=\"twitter:data1\" content=\"Pastora Laguna\" \/>\n\t<meta name=\"twitter:label2\" content=\"Tiempo de lectura\" \/>\n\t<meta name=\"twitter:data2\" content=\"2 minutos\" \/>\n<script type=\"application\/ld+json\" class=\"yoast-schema-graph\">{\"@context\":\"https:\/\/schema.org\",\"@graph\":[{\"@type\":\"Article\",\"@id\":\"https:\/\/elojocojo.org\/as\/#article\",\"isPartOf\":{\"@id\":\"https:\/\/elojocojo.org\/as\/\"},\"author\":{\"name\":\"Pastora Laguna\",\"@id\":\"https:\/\/elojocojo.org\/#\/schema\/person\/0eebd75cb4d855e3f2b18abd9f7b9876\"},\"headline\":\"As\",\"datePublished\":\"2026-02-18T09:47:30+00:00\",\"dateModified\":\"2026-02-20T08:40:51+00:00\",\"mainEntityOfPage\":{\"@id\":\"https:\/\/elojocojo.org\/as\/\"},\"wordCount\":358,\"publisher\":{\"@id\":\"https:\/\/elojocojo.org\/#organization\"},\"image\":{\"@id\":\"https:\/\/elojocojo.org\/as\/#primaryimage\"},\"thumbnailUrl\":\"https:\/\/elojocojo.org\/wp-content\/uploads\/2026\/02\/Captura-de-pantalla-2026-02-18-103848.png\",\"keywords\":[\"2024\",\"2026\",\"conflicto\",\"cortometraje\",\"emociones\",\"espa\u00f1ol\",\"Europa\",\"festival de cine\",\"Festival el Ojo cojo\",\"ficci\u00f3n\",\"identidad\",\"ingl\u00e9s\",\"juventud\",\"Reducci\u00f3n de las desigualdades\",\"Reino Unido\",\"sociedad\",\"vida cotidiana\"],\"articleSection\":[\"Cortometraje\",\"Festival 2026\"],\"inLanguage\":\"es\"},{\"@type\":\"WebPage\",\"@id\":\"https:\/\/elojocojo.org\/as\/\",\"url\":\"https:\/\/elojocojo.org\/as\/\",\"name\":\"As - el ojO cojo\",\"isPartOf\":{\"@id\":\"https:\/\/elojocojo.org\/#website\"},\"primaryImageOfPage\":{\"@id\":\"https:\/\/elojocojo.org\/as\/#primaryimage\"},\"image\":{\"@id\":\"https:\/\/elojocojo.org\/as\/#primaryimage\"},\"thumbnailUrl\":\"https:\/\/elojocojo.org\/wp-content\/uploads\/2026\/02\/Captura-de-pantalla-2026-02-18-103848.png\",\"datePublished\":\"2026-02-18T09:47:30+00:00\",\"dateModified\":\"2026-02-20T08:40:51+00:00\",\"description\":\"As (2024), de Raymond Edwards, es un cortometraje brit\u00e1nico de ficci\u00f3n sobre juventud, presi\u00f3n social e identidad.\",\"breadcrumb\":{\"@id\":\"https:\/\/elojocojo.org\/as\/#breadcrumb\"},\"inLanguage\":\"es\",\"potentialAction\":[{\"@type\":\"ReadAction\",\"target\":[\"https:\/\/elojocojo.org\/as\/\"]}]},{\"@type\":\"ImageObject\",\"inLanguage\":\"es\",\"@id\":\"https:\/\/elojocojo.org\/as\/#primaryimage\",\"url\":\"https:\/\/elojocojo.org\/wp-content\/uploads\/2026\/02\/Captura-de-pantalla-2026-02-18-103848.png\",\"contentUrl\":\"https:\/\/elojocojo.org\/wp-content\/uploads\/2026\/02\/Captura-de-pantalla-2026-02-18-103848.png\",\"width\":1486,\"height\":718,\"caption\":\"Fotograma de As en el que aparece un ni\u00f1o mirando a c\u00e1mara con una luz tenue.\"},{\"@type\":\"BreadcrumbList\",\"@id\":\"https:\/\/elojocojo.org\/as\/#breadcrumb\",\"itemListElement\":[{\"@type\":\"ListItem\",\"position\":1,\"name\":\"Portada\",\"item\":\"https:\/\/elojocojo.org\/\"},{\"@type\":\"ListItem\",\"position\":2,\"name\":\"2024\",\"item\":\"https:\/\/elojocojo.org\/tag\/2024\/\"},{\"@type\":\"ListItem\",\"position\":3,\"name\":\"As\"}]},{\"@type\":\"WebSite\",\"@id\":\"https:\/\/elojocojo.org\/#website\",\"url\":\"https:\/\/elojocojo.org\/\",\"name\":\"el ojO cojo\",\"description\":\"Todos estamos hechos de la misma esencia\",\"publisher\":{\"@id\":\"https:\/\/elojocojo.org\/#organization\"},\"potentialAction\":[{\"@type\":\"SearchAction\",\"target\":{\"@type\":\"EntryPoint\",\"urlTemplate\":\"https:\/\/elojocojo.org\/?s={search_term_string}\"},\"query-input\":{\"@type\":\"PropertyValueSpecification\",\"valueRequired\":true,\"valueName\":\"search_term_string\"}}],\"inLanguage\":\"es\"},{\"@type\":\"Organization\",\"@id\":\"https:\/\/elojocojo.org\/#organization\",\"name\":\"Meigas da r\u00faa\",\"url\":\"https:\/\/elojocojo.org\/\",\"logo\":{\"@type\":\"ImageObject\",\"inLanguage\":\"es\",\"@id\":\"https:\/\/elojocojo.org\/#\/schema\/logo\/image\/\",\"url\":\"https:\/\/meigasdarua.org\/wp-content\/uploads\/2020\/09\/cropped-logo-meigas-5.png\",\"contentUrl\":\"https:\/\/meigasdarua.org\/wp-content\/uploads\/2020\/09\/cropped-logo-meigas-5.png\",\"width\":109,\"height\":200,\"caption\":\"Meigas da r\u00faa\"},\"image\":{\"@id\":\"https:\/\/elojocojo.org\/#\/schema\/logo\/image\/\"},\"sameAs\":[\"https:\/\/www.facebook.com\/elojocojo\",\"https:\/\/x.com\/elojocojo\",\"https:\/\/www.instagram.com\/elojocojo\/?hl=es\",\"https:\/\/www.linkedin.com\/in\/el-ojo-cojo-b52b7769\/\",\"https:\/\/www.pinterest.es\/elojocojo\/_saved\/\",\"https:\/\/www.youtube.com\/channel\/UCkFtFTV0Bms7zH7vq8FZxZg\"]},{\"@type\":\"Person\",\"@id\":\"https:\/\/elojocojo.org\/#\/schema\/person\/0eebd75cb4d855e3f2b18abd9f7b9876\",\"name\":\"Pastora Laguna\",\"url\":\"https:\/\/elojocojo.org\/author\/pastora\/\"}]}<\/script>\n<!-- \/ Yoast SEO plugin. -->","yoast_head_json":{"title":"As - el ojO cojo","description":"As (2024), de Raymond Edwards, es un cortometraje brit\u00e1nico de ficci\u00f3n sobre juventud, presi\u00f3n social e identidad.","robots":{"index":"index","follow":"follow","max-snippet":"max-snippet:-1","max-image-preview":"max-image-preview:large","max-video-preview":"max-video-preview:-1"},"canonical":"https:\/\/elojocojo.org\/as\/","og_locale":"es_ES","og_type":"article","og_title":"As - el ojO cojo","og_description":"As (2024), de Raymond Edwards, es un cortometraje brit\u00e1nico de ficci\u00f3n sobre juventud, presi\u00f3n social e identidad.","og_url":"https:\/\/elojocojo.org\/as\/","og_site_name":"el ojO cojo","article_publisher":"https:\/\/www.facebook.com\/elojocojo","article_published_time":"2026-02-18T09:47:30+00:00","article_modified_time":"2026-02-20T08:40:51+00:00","og_image":[{"width":1486,"height":718,"url":"https:\/\/elojocojo.org\/wp-content\/uploads\/2026\/02\/Captura-de-pantalla-2026-02-18-103848.png","type":"image\/png"}],"author":"Pastora Laguna","twitter_card":"summary_large_image","twitter_creator":"@elojocojo","twitter_site":"@elojocojo","twitter_misc":{"Escrito por":"Pastora Laguna","Tiempo de lectura":"2 minutos"},"schema":{"@context":"https:\/\/schema.org","@graph":[{"@type":"Article","@id":"https:\/\/elojocojo.org\/as\/#article","isPartOf":{"@id":"https:\/\/elojocojo.org\/as\/"},"author":{"name":"Pastora Laguna","@id":"https:\/\/elojocojo.org\/#\/schema\/person\/0eebd75cb4d855e3f2b18abd9f7b9876"},"headline":"As","datePublished":"2026-02-18T09:47:30+00:00","dateModified":"2026-02-20T08:40:51+00:00","mainEntityOfPage":{"@id":"https:\/\/elojocojo.org\/as\/"},"wordCount":358,"publisher":{"@id":"https:\/\/elojocojo.org\/#organization"},"image":{"@id":"https:\/\/elojocojo.org\/as\/#primaryimage"},"thumbnailUrl":"https:\/\/elojocojo.org\/wp-content\/uploads\/2026\/02\/Captura-de-pantalla-2026-02-18-103848.png","keywords":["2024","2026","conflicto","cortometraje","emociones","espa\u00f1ol","Europa","festival de cine","Festival el Ojo cojo","ficci\u00f3n","identidad","ingl\u00e9s","juventud","Reducci\u00f3n de las desigualdades","Reino Unido","sociedad","vida cotidiana"],"articleSection":["Cortometraje","Festival 2026"],"inLanguage":"es"},{"@type":"WebPage","@id":"https:\/\/elojocojo.org\/as\/","url":"https:\/\/elojocojo.org\/as\/","name":"As - el ojO cojo","isPartOf":{"@id":"https:\/\/elojocojo.org\/#website"},"primaryImageOfPage":{"@id":"https:\/\/elojocojo.org\/as\/#primaryimage"},"image":{"@id":"https:\/\/elojocojo.org\/as\/#primaryimage"},"thumbnailUrl":"https:\/\/elojocojo.org\/wp-content\/uploads\/2026\/02\/Captura-de-pantalla-2026-02-18-103848.png","datePublished":"2026-02-18T09:47:30+00:00","dateModified":"2026-02-20T08:40:51+00:00","description":"As (2024), de Raymond Edwards, es un cortometraje brit\u00e1nico de ficci\u00f3n sobre juventud, presi\u00f3n social e identidad.","breadcrumb":{"@id":"https:\/\/elojocojo.org\/as\/#breadcrumb"},"inLanguage":"es","potentialAction":[{"@type":"ReadAction","target":["https:\/\/elojocojo.org\/as\/"]}]},{"@type":"ImageObject","inLanguage":"es","@id":"https:\/\/elojocojo.org\/as\/#primaryimage","url":"https:\/\/elojocojo.org\/wp-content\/uploads\/2026\/02\/Captura-de-pantalla-2026-02-18-103848.png","contentUrl":"https:\/\/elojocojo.org\/wp-content\/uploads\/2026\/02\/Captura-de-pantalla-2026-02-18-103848.png","width":1486,"height":718,"caption":"Fotograma de As en el que aparece un ni\u00f1o mirando a c\u00e1mara con una luz tenue."},{"@type":"BreadcrumbList","@id":"https:\/\/elojocojo.org\/as\/#breadcrumb","itemListElement":[{"@type":"ListItem","position":1,"name":"Portada","item":"https:\/\/elojocojo.org\/"},{"@type":"ListItem","position":2,"name":"2024","item":"https:\/\/elojocojo.org\/tag\/2024\/"},{"@type":"ListItem","position":3,"name":"As"}]},{"@type":"WebSite","@id":"https:\/\/elojocojo.org\/#website","url":"https:\/\/elojocojo.org\/","name":"el ojO cojo","description":"Todos estamos hechos de la misma esencia","publisher":{"@id":"https:\/\/elojocojo.org\/#organization"},"potentialAction":[{"@type":"SearchAction","target":{"@type":"EntryPoint","urlTemplate":"https:\/\/elojocojo.org\/?s={search_term_string}"},"query-input":{"@type":"PropertyValueSpecification","valueRequired":true,"valueName":"search_term_string"}}],"inLanguage":"es"},{"@type":"Organization","@id":"https:\/\/elojocojo.org\/#organization","name":"Meigas da r\u00faa","url":"https:\/\/elojocojo.org\/","logo":{"@type":"ImageObject","inLanguage":"es","@id":"https:\/\/elojocojo.org\/#\/schema\/logo\/image\/","url":"https:\/\/meigasdarua.org\/wp-content\/uploads\/2020\/09\/cropped-logo-meigas-5.png","contentUrl":"https:\/\/meigasdarua.org\/wp-content\/uploads\/2020\/09\/cropped-logo-meigas-5.png","width":109,"height":200,"caption":"Meigas da r\u00faa"},"image":{"@id":"https:\/\/elojocojo.org\/#\/schema\/logo\/image\/"},"sameAs":["https:\/\/www.facebook.com\/elojocojo","https:\/\/x.com\/elojocojo","https:\/\/www.instagram.com\/elojocojo\/?hl=es","https:\/\/www.linkedin.com\/in\/el-ojo-cojo-b52b7769\/","https:\/\/www.pinterest.es\/elojocojo\/_saved\/","https:\/\/www.youtube.com\/channel\/UCkFtFTV0Bms7zH7vq8FZxZg"]},{"@type":"Person","@id":"https:\/\/elojocojo.org\/#\/schema\/person\/0eebd75cb4d855e3f2b18abd9f7b9876","name":"Pastora Laguna","url":"https:\/\/elojocojo.org\/author\/pastora\/"}]}},"_links":{"self":[{"href":"https:\/\/elojocojo.org\/wp-json\/wp\/v2\/posts\/75269","targetHints":{"allow":["GET"]}}],"collection":[{"href":"https:\/\/elojocojo.org\/wp-json\/wp\/v2\/posts"}],"about":[{"href":"https:\/\/elojocojo.org\/wp-json\/wp\/v2\/types\/post"}],"author":[{"embeddable":true,"href":"https:\/\/elojocojo.org\/wp-json\/wp\/v2\/users\/73"}],"replies":[{"embeddable":true,"href":"https:\/\/elojocojo.org\/wp-json\/wp\/v2\/comments?post=75269"}],"version-history":[{"count":4,"href":"https:\/\/elojocojo.org\/wp-json\/wp\/v2\/posts\/75269\/revisions"}],"predecessor-version":[{"id":75466,"href":"https:\/\/elojocojo.org\/wp-json\/wp\/v2\/posts\/75269\/revisions\/75466"}],"wp:featuredmedia":[{"embeddable":true,"href":"https:\/\/elojocojo.org\/wp-json\/wp\/v2\/media\/75271"}],"wp:attachment":[{"href":"https:\/\/elojocojo.org\/wp-json\/wp\/v2\/media?parent=75269"}],"wp:term":[{"taxonomy":"category","embeddable":true,"href":"https:\/\/elojocojo.org\/wp-json\/wp\/v2\/categories?post=75269"},{"taxonomy":"post_tag","embeddable":true,"href":"https:\/\/elojocojo.org\/wp-json\/wp\/v2\/tags?post=75269"}],"curies":[{"name":"wp","href":"https:\/\/api.w.org\/{rel}","templated":true}]}}