{"id":731,"date":"2008-09-03T23:04:57","date_gmt":"2008-09-04T06:04:57","guid":{"rendered":"http:\/\/www.elojocojo.org\/blog2\/?p=731"},"modified":"2025-09-30T19:11:15","modified_gmt":"2025-09-30T17:11:15","slug":"por-ella","status":"publish","type":"post","link":"https:\/\/elojocojo.org\/por-ella\/","title":{"rendered":"Por ella"},"content":{"rendered":"<p><strong>DIRECTOR\/PRODUCTOR: <\/strong>Albert Xavier<strong><br \/>ASSISTENTE DIRECTOR: <\/strong>Albert Carvajal<strong><br \/>ESCRITORES: <\/strong>Albert Xavier y Amy-Jo Mikiel<br \/><strong>EDITOR: <\/strong>Monica Patino<strong><br \/>CAMARAS: <\/strong>Ray Hungria y Albert Xavier<strong><br \/>SFX: <\/strong>Treasure Kyn<strong><br \/>DIRECTOR DE ARTE: <\/strong>Mariluz Acosta<strong><br \/>MAQUILLAJE: <\/strong>Meredith Grech<strong><br \/>ACTORES: <\/strong>Roy Arias, Mariluz Acosta y Amy-Jo Mikiel<br \/><strong>SUBTITULADO: <\/strong>Ingles y Espanol<strong><br \/>DURACI\u00d3N: <\/strong>15 mins<strong><br \/>FORMATO: <\/strong>Digital 24p,<strong><br \/>PEL\u00cdCULADO: <\/strong>Nueva York<strong><br \/>FECHA DE PRODUCCI\u00d3N: <\/strong>2003<\/p>\n<h2>Sinopsis<\/h2>\n<p>Una llamada telef\u00f3nica que nunca llega desencadena un conflicto interior en el protagonista. As\u00ed, Por ella plantea una reflexi\u00f3n sobre la dependencia emocional y la necesidad de encontrar sentido en las conexiones humanas. Adem\u00e1s, el cortometraje retrata c\u00f3mo la ausencia de comunicaci\u00f3n puede abrir heridas invisibles pero persistentes. De este modo, ofrece un retrato \u00edntimo de la soledad y el vac\u00edo que deja una palabra no dicha. Finalmente, sugiere que enfrentar la p\u00e9rdida puede convertirse en una forma de redescubrirse a uno mismo, aunque el proceso sea doloroso.<\/p>\n<h2>El peso de la espera<\/h2>\n<p>El tiempo suspendido se convierte en un espacio donde la mente reconstruye temores y esperanzas, atrapando al protagonista en su propio laberinto emocional.<br \/>Asimismo, la espera prolongada act\u00faa como un espejo que amplifica sus inseguridades m\u00e1s profundas.<\/p>\n<h2>La fragilidad de los v\u00ednculos<\/h2>\n<p>La falta de respuestas revela la vulnerabilidad inherente a cualquier relaci\u00f3n humana, donde la incertidumbre puede ser m\u00e1s devastadora que la propia ruptura.<br \/>Adem\u00e1s, deja al descubierto la inestabilidad de los afectos construidos sobre expectativas no cumplidas.<\/p>\n<h2>La b\u00fasqueda de sentido<\/h2>\n<p>Enfrentado a la ausencia, el protagonista emprende una b\u00fasqueda silenciosa que lo lleva a replantearse sus emociones, su identidad y su capacidad de seguir adelante.<br \/>As\u00ed, la historia sugiere que el dolor tambi\u00e9n puede ser un motor de transformaci\u00f3n interior.<\/p>\n<p class=\"p1\">El filme <strong>\u00ab<\/strong>Por ella<strong>\u00bb<\/strong> particip\u00f3 en la edici\u00f3n<span class=\"s1\"><b> 2005<\/b><\/span>\u00a0del <a href=\"https:\/\/elojocojo.org\/category\/festival-2005\/\"><span class=\"s1\"><b>Festival de cine el ojO cojo<\/b> <\/span><\/a>en ese sentido nos sentimos honrados de haberla exhibido.<\/p>\n<p class=\"p1\">Visita nuestro <a href=\"https:\/\/el-ojocojo.blogspot.com\/\">blog<\/a>.<\/p>\n\n\n<p><\/p>\n","protected":false},"excerpt":{"rendered":"<p>DIRECTOR\/PRODUCTOR: Albert XavierASSISTENTE DIRECTOR: Albert CarvajalESCRITORES: Albert Xavier y Amy-Jo MikielEDITOR: Monica PatinoCAMARAS: Ray Hungria y Albert XavierSFX: Treasure KynDIRECTOR DE ARTE: Mariluz AcostaMAQUILLAJE: Meredith GrechACTORES: Roy Arias, Mariluz Acosta y Amy-Jo MikielSUBTITULADO: Ingles y EspanolDURACI\u00d3N: 15 minsFORMATO: Digital 24p,PEL\u00cdCULADO: Nueva YorkFECHA DE PRODUCCI\u00d3N: 2003 Sinopsis Una llamada telef\u00f3nica que nunca llega desencadena un conflicto [&hellip;]<\/p>\n","protected":false},"author":3,"featured_media":59462,"comment_status":"closed","ping_status":"open","sticky":false,"template":"","format":"standard","meta":{"_monsterinsights_skip_tracking":false,"_monsterinsights_sitenote_active":false,"_monsterinsights_sitenote_note":"","_monsterinsights_sitenote_category":0,"footnotes":""},"categories":[1460,429],"tags":[1936,112,1893,2119,2391,1982,1484,1128,25],"class_list":{"0":"post-731","1":"post","2":"type-post","3":"status-publish","4":"format-standard","5":"has-post-thumbnail","7":"category-cortometraje","8":"category-festival-2005","9":"tag-1936","10":"tag-amor","11":"tag-educar-en-valores","12":"tag-espanol","13":"tag-espaol","14":"tag-festival-el-ojo-cojo","15":"tag-salud-mental","16":"tag-salud-y-bienestar","17":"tag-soledad","18":"czr-hentry"},"yoast_head":"<!-- This site is optimized with the Yoast SEO plugin v27.1.1 - https:\/\/yoast.com\/product\/yoast-seo-wordpress\/ -->\n<title>Por ella - el ojO cojo<\/title>\n<meta name=\"description\" content=\"Pel\u00edcula Por ella exhibida en la edici\u00f3n 2005 del Festival el ojO cojo. Pa\u00eds de origen, Rep\u00fablica Dominicana. Dirigido por Albert Xavier.\" \/>\n<meta name=\"robots\" content=\"index, follow, max-snippet:-1, max-image-preview:large, max-video-preview:-1\" \/>\n<link rel=\"canonical\" href=\"https:\/\/elojocojo.org\/por-ella\/\" \/>\n<meta property=\"og:locale\" content=\"es_ES\" \/>\n<meta property=\"og:type\" content=\"article\" \/>\n<meta property=\"og:title\" content=\"Por ella - el ojO cojo\" \/>\n<meta property=\"og:description\" content=\"Pel\u00edcula Por ella exhibida en la edici\u00f3n 2005 del Festival el ojO cojo. Pa\u00eds de origen, Rep\u00fablica Dominicana. Dirigido por Albert Xavier.\" \/>\n<meta property=\"og:url\" content=\"https:\/\/elojocojo.org\/por-ella\/\" \/>\n<meta property=\"og:site_name\" content=\"el ojO cojo\" \/>\n<meta property=\"article:publisher\" content=\"https:\/\/www.facebook.com\/elojocojo\" \/>\n<meta property=\"article:published_time\" content=\"2008-09-04T06:04:57+00:00\" \/>\n<meta property=\"article:modified_time\" content=\"2025-09-30T17:11:15+00:00\" \/>\n<meta property=\"og:image\" content=\"https:\/\/elojocojo.org\/wp-content\/uploads\/2008\/09\/por_ella.jpg\" \/>\n\t<meta property=\"og:image:width\" content=\"1507\" \/>\n\t<meta property=\"og:image:height\" content=\"841\" \/>\n\t<meta property=\"og:image:type\" content=\"image\/jpeg\" \/>\n<meta name=\"twitter:card\" content=\"summary_large_image\" \/>\n<meta name=\"twitter:creator\" content=\"@elojocojo\" \/>\n<meta name=\"twitter:site\" content=\"@elojocojo\" \/>\n<meta name=\"twitter:label1\" content=\"Escrito por\" \/>\n\t<meta name=\"twitter:data1\" content=\"\" \/>\n\t<meta name=\"twitter:label2\" content=\"Tiempo de lectura\" \/>\n\t<meta name=\"twitter:data2\" content=\"2 minutos\" \/>\n<script type=\"application\/ld+json\" class=\"yoast-schema-graph\">{\"@context\":\"https:\/\/schema.org\",\"@graph\":[{\"@type\":\"Article\",\"@id\":\"https:\/\/elojocojo.org\/por-ella\/#article\",\"isPartOf\":{\"@id\":\"https:\/\/elojocojo.org\/por-ella\/\"},\"author\":{\"name\":\"\",\"@id\":\"\"},\"headline\":\"Por ella\",\"datePublished\":\"2008-09-04T06:04:57+00:00\",\"dateModified\":\"2025-09-30T17:11:15+00:00\",\"mainEntityOfPage\":{\"@id\":\"https:\/\/elojocojo.org\/por-ella\/\"},\"wordCount\":324,\"publisher\":{\"@id\":\"https:\/\/elojocojo.org\/#organization\"},\"image\":{\"@id\":\"https:\/\/elojocojo.org\/por-ella\/#primaryimage\"},\"thumbnailUrl\":\"https:\/\/elojocojo.org\/wp-content\/uploads\/2008\/09\/por_ella.jpg\",\"keywords\":[\"2005\",\"amor\",\"educar en valores\",\"espa\u00f1ol\",\"espa\u00b1ol\",\"Festival el Ojo cojo\",\"salud mental\",\"Salud y bienestar\",\"soledad\"],\"articleSection\":[\"Cortometraje\",\"Festival 2005\"],\"inLanguage\":\"es\"},{\"@type\":\"WebPage\",\"@id\":\"https:\/\/elojocojo.org\/por-ella\/\",\"url\":\"https:\/\/elojocojo.org\/por-ella\/\",\"name\":\"Por ella - el ojO cojo\",\"isPartOf\":{\"@id\":\"https:\/\/elojocojo.org\/#website\"},\"primaryImageOfPage\":{\"@id\":\"https:\/\/elojocojo.org\/por-ella\/#primaryimage\"},\"image\":{\"@id\":\"https:\/\/elojocojo.org\/por-ella\/#primaryimage\"},\"thumbnailUrl\":\"https:\/\/elojocojo.org\/wp-content\/uploads\/2008\/09\/por_ella.jpg\",\"datePublished\":\"2008-09-04T06:04:57+00:00\",\"dateModified\":\"2025-09-30T17:11:15+00:00\",\"description\":\"Pel\u00edcula Por ella exhibida en la edici\u00f3n 2005 del Festival el ojO cojo. Pa\u00eds de origen, Rep\u00fablica Dominicana. Dirigido por Albert Xavier.\",\"breadcrumb\":{\"@id\":\"https:\/\/elojocojo.org\/por-ella\/#breadcrumb\"},\"inLanguage\":\"es\",\"potentialAction\":[{\"@type\":\"ReadAction\",\"target\":[\"https:\/\/elojocojo.org\/por-ella\/\"]}]},{\"@type\":\"ImageObject\",\"inLanguage\":\"es\",\"@id\":\"https:\/\/elojocojo.org\/por-ella\/#primaryimage\",\"url\":\"https:\/\/elojocojo.org\/wp-content\/uploads\/2008\/09\/por_ella.jpg\",\"contentUrl\":\"https:\/\/elojocojo.org\/wp-content\/uploads\/2008\/09\/por_ella.jpg\",\"width\":1507,\"height\":841,\"caption\":\"Imagen de Por ella\"},{\"@type\":\"BreadcrumbList\",\"@id\":\"https:\/\/elojocojo.org\/por-ella\/#breadcrumb\",\"itemListElement\":[{\"@type\":\"ListItem\",\"position\":1,\"name\":\"Portada\",\"item\":\"https:\/\/elojocojo.org\/\"},{\"@type\":\"ListItem\",\"position\":2,\"name\":\"2005\",\"item\":\"https:\/\/elojocojo.org\/tag\/2005\/\"},{\"@type\":\"ListItem\",\"position\":3,\"name\":\"Por ella\"}]},{\"@type\":\"WebSite\",\"@id\":\"https:\/\/elojocojo.org\/#website\",\"url\":\"https:\/\/elojocojo.org\/\",\"name\":\"el ojO cojo\",\"description\":\"Todos estamos hechos de la misma esencia\",\"publisher\":{\"@id\":\"https:\/\/elojocojo.org\/#organization\"},\"potentialAction\":[{\"@type\":\"SearchAction\",\"target\":{\"@type\":\"EntryPoint\",\"urlTemplate\":\"https:\/\/elojocojo.org\/?s={search_term_string}\"},\"query-input\":{\"@type\":\"PropertyValueSpecification\",\"valueRequired\":true,\"valueName\":\"search_term_string\"}}],\"inLanguage\":\"es\"},{\"@type\":\"Organization\",\"@id\":\"https:\/\/elojocojo.org\/#organization\",\"name\":\"Meigas da r\u00faa\",\"url\":\"https:\/\/elojocojo.org\/\",\"logo\":{\"@type\":\"ImageObject\",\"inLanguage\":\"es\",\"@id\":\"https:\/\/elojocojo.org\/#\/schema\/logo\/image\/\",\"url\":\"https:\/\/meigasdarua.org\/wp-content\/uploads\/2020\/09\/cropped-logo-meigas-5.png\",\"contentUrl\":\"https:\/\/meigasdarua.org\/wp-content\/uploads\/2020\/09\/cropped-logo-meigas-5.png\",\"width\":109,\"height\":200,\"caption\":\"Meigas da r\u00faa\"},\"image\":{\"@id\":\"https:\/\/elojocojo.org\/#\/schema\/logo\/image\/\"},\"sameAs\":[\"https:\/\/www.facebook.com\/elojocojo\",\"https:\/\/x.com\/elojocojo\",\"https:\/\/www.instagram.com\/elojocojo\/?hl=es\",\"https:\/\/www.linkedin.com\/in\/el-ojo-cojo-b52b7769\/\",\"https:\/\/www.pinterest.es\/elojocojo\/_saved\/\",\"https:\/\/www.youtube.com\/channel\/UCkFtFTV0Bms7zH7vq8FZxZg\"]},{\"@type\":\"Person\",\"@id\":\"\",\"url\":\"https:\/\/elojocojo.org\/author\/\"}]}<\/script>\n<!-- \/ Yoast SEO plugin. -->","yoast_head_json":{"title":"Por ella - el ojO cojo","description":"Pel\u00edcula Por ella exhibida en la edici\u00f3n 2005 del Festival el ojO cojo. Pa\u00eds de origen, Rep\u00fablica Dominicana. Dirigido por Albert Xavier.","robots":{"index":"index","follow":"follow","max-snippet":"max-snippet:-1","max-image-preview":"max-image-preview:large","max-video-preview":"max-video-preview:-1"},"canonical":"https:\/\/elojocojo.org\/por-ella\/","og_locale":"es_ES","og_type":"article","og_title":"Por ella - el ojO cojo","og_description":"Pel\u00edcula Por ella exhibida en la edici\u00f3n 2005 del Festival el ojO cojo. Pa\u00eds de origen, Rep\u00fablica Dominicana. Dirigido por Albert Xavier.","og_url":"https:\/\/elojocojo.org\/por-ella\/","og_site_name":"el ojO cojo","article_publisher":"https:\/\/www.facebook.com\/elojocojo","article_published_time":"2008-09-04T06:04:57+00:00","article_modified_time":"2025-09-30T17:11:15+00:00","og_image":[{"width":1507,"height":841,"url":"https:\/\/elojocojo.org\/wp-content\/uploads\/2008\/09\/por_ella.jpg","type":"image\/jpeg"}],"twitter_card":"summary_large_image","twitter_creator":"@elojocojo","twitter_site":"@elojocojo","twitter_misc":{"Escrito por":"","Tiempo de lectura":"2 minutos"},"schema":{"@context":"https:\/\/schema.org","@graph":[{"@type":"Article","@id":"https:\/\/elojocojo.org\/por-ella\/#article","isPartOf":{"@id":"https:\/\/elojocojo.org\/por-ella\/"},"author":{"name":"","@id":""},"headline":"Por ella","datePublished":"2008-09-04T06:04:57+00:00","dateModified":"2025-09-30T17:11:15+00:00","mainEntityOfPage":{"@id":"https:\/\/elojocojo.org\/por-ella\/"},"wordCount":324,"publisher":{"@id":"https:\/\/elojocojo.org\/#organization"},"image":{"@id":"https:\/\/elojocojo.org\/por-ella\/#primaryimage"},"thumbnailUrl":"https:\/\/elojocojo.org\/wp-content\/uploads\/2008\/09\/por_ella.jpg","keywords":["2005","amor","educar en valores","espa\u00f1ol","espa\u00b1ol","Festival el Ojo cojo","salud mental","Salud y bienestar","soledad"],"articleSection":["Cortometraje","Festival 2005"],"inLanguage":"es"},{"@type":"WebPage","@id":"https:\/\/elojocojo.org\/por-ella\/","url":"https:\/\/elojocojo.org\/por-ella\/","name":"Por ella - el ojO cojo","isPartOf":{"@id":"https:\/\/elojocojo.org\/#website"},"primaryImageOfPage":{"@id":"https:\/\/elojocojo.org\/por-ella\/#primaryimage"},"image":{"@id":"https:\/\/elojocojo.org\/por-ella\/#primaryimage"},"thumbnailUrl":"https:\/\/elojocojo.org\/wp-content\/uploads\/2008\/09\/por_ella.jpg","datePublished":"2008-09-04T06:04:57+00:00","dateModified":"2025-09-30T17:11:15+00:00","description":"Pel\u00edcula Por ella exhibida en la edici\u00f3n 2005 del Festival el ojO cojo. Pa\u00eds de origen, Rep\u00fablica Dominicana. Dirigido por Albert Xavier.","breadcrumb":{"@id":"https:\/\/elojocojo.org\/por-ella\/#breadcrumb"},"inLanguage":"es","potentialAction":[{"@type":"ReadAction","target":["https:\/\/elojocojo.org\/por-ella\/"]}]},{"@type":"ImageObject","inLanguage":"es","@id":"https:\/\/elojocojo.org\/por-ella\/#primaryimage","url":"https:\/\/elojocojo.org\/wp-content\/uploads\/2008\/09\/por_ella.jpg","contentUrl":"https:\/\/elojocojo.org\/wp-content\/uploads\/2008\/09\/por_ella.jpg","width":1507,"height":841,"caption":"Imagen de Por ella"},{"@type":"BreadcrumbList","@id":"https:\/\/elojocojo.org\/por-ella\/#breadcrumb","itemListElement":[{"@type":"ListItem","position":1,"name":"Portada","item":"https:\/\/elojocojo.org\/"},{"@type":"ListItem","position":2,"name":"2005","item":"https:\/\/elojocojo.org\/tag\/2005\/"},{"@type":"ListItem","position":3,"name":"Por ella"}]},{"@type":"WebSite","@id":"https:\/\/elojocojo.org\/#website","url":"https:\/\/elojocojo.org\/","name":"el ojO cojo","description":"Todos estamos hechos de la misma esencia","publisher":{"@id":"https:\/\/elojocojo.org\/#organization"},"potentialAction":[{"@type":"SearchAction","target":{"@type":"EntryPoint","urlTemplate":"https:\/\/elojocojo.org\/?s={search_term_string}"},"query-input":{"@type":"PropertyValueSpecification","valueRequired":true,"valueName":"search_term_string"}}],"inLanguage":"es"},{"@type":"Organization","@id":"https:\/\/elojocojo.org\/#organization","name":"Meigas da r\u00faa","url":"https:\/\/elojocojo.org\/","logo":{"@type":"ImageObject","inLanguage":"es","@id":"https:\/\/elojocojo.org\/#\/schema\/logo\/image\/","url":"https:\/\/meigasdarua.org\/wp-content\/uploads\/2020\/09\/cropped-logo-meigas-5.png","contentUrl":"https:\/\/meigasdarua.org\/wp-content\/uploads\/2020\/09\/cropped-logo-meigas-5.png","width":109,"height":200,"caption":"Meigas da r\u00faa"},"image":{"@id":"https:\/\/elojocojo.org\/#\/schema\/logo\/image\/"},"sameAs":["https:\/\/www.facebook.com\/elojocojo","https:\/\/x.com\/elojocojo","https:\/\/www.instagram.com\/elojocojo\/?hl=es","https:\/\/www.linkedin.com\/in\/el-ojo-cojo-b52b7769\/","https:\/\/www.pinterest.es\/elojocojo\/_saved\/","https:\/\/www.youtube.com\/channel\/UCkFtFTV0Bms7zH7vq8FZxZg"]},{"@type":"Person","@id":"","url":"https:\/\/elojocojo.org\/author\/"}]}},"_links":{"self":[{"href":"https:\/\/elojocojo.org\/wp-json\/wp\/v2\/posts\/731","targetHints":{"allow":["GET"]}}],"collection":[{"href":"https:\/\/elojocojo.org\/wp-json\/wp\/v2\/posts"}],"about":[{"href":"https:\/\/elojocojo.org\/wp-json\/wp\/v2\/types\/post"}],"author":[{"embeddable":true,"href":"https:\/\/elojocojo.org\/wp-json\/wp\/v2\/users\/3"}],"replies":[{"embeddable":true,"href":"https:\/\/elojocojo.org\/wp-json\/wp\/v2\/comments?post=731"}],"version-history":[{"count":5,"href":"https:\/\/elojocojo.org\/wp-json\/wp\/v2\/posts\/731\/revisions"}],"predecessor-version":[{"id":59490,"href":"https:\/\/elojocojo.org\/wp-json\/wp\/v2\/posts\/731\/revisions\/59490"}],"wp:featuredmedia":[{"embeddable":true,"href":"https:\/\/elojocojo.org\/wp-json\/wp\/v2\/media\/59462"}],"wp:attachment":[{"href":"https:\/\/elojocojo.org\/wp-json\/wp\/v2\/media?parent=731"}],"wp:term":[{"taxonomy":"category","embeddable":true,"href":"https:\/\/elojocojo.org\/wp-json\/wp\/v2\/categories?post=731"},{"taxonomy":"post_tag","embeddable":true,"href":"https:\/\/elojocojo.org\/wp-json\/wp\/v2\/tags?post=731"}],"curies":[{"name":"wp","href":"https:\/\/api.w.org\/{rel}","templated":true}]}}