{"id":723,"date":"2008-09-03T22:58:19","date_gmt":"2008-09-04T05:58:19","guid":{"rendered":"http:\/\/www.elojocojo.org\/blog2\/?p=723"},"modified":"2023-08-29T18:29:23","modified_gmt":"2023-08-29T16:29:23","slug":"manito","status":"publish","type":"post","link":"https:\/\/elojocojo.org\/manito\/","title":{"rendered":"Manito"},"content":{"rendered":"\n<iframe width=\"560\" height=\"315\" src=\"https:\/\/www.youtube.com\/embed\/yrCAg7yHltc\" title=\"YouTube video player\" frameborder=\"0\" allow=\"accelerometer; autoplay; clipboard-write; encrypted-media; gyroscope; picture-in-picture\" allowfullscreen=\"\"><\/iframe>\n\n\n\n<figure class=\"wp-block-image\"><img decoding=\"async\" width=\"337\" height=\"500\" src=\"https:\/\/www.elojocojo.org\/wp-content\/uploads\/2008\/09\/MV5BMTc0MTAwNzUwOV5BMl5BanBnXkFtZTcwNDU0NjgyMQ@@._V1_-1-337x500.jpg\" alt=\"portada de Manito\" class=\"wp-image-24919\" srcset=\"https:\/\/elojocojo.org\/wp-content\/uploads\/2008\/09\/MV5BMTc0MTAwNzUwOV5BMl5BanBnXkFtZTcwNDU0NjgyMQ@@._V1_-1-337x500.jpg 337w, https:\/\/elojocojo.org\/wp-content\/uploads\/2008\/09\/MV5BMTc0MTAwNzUwOV5BMl5BanBnXkFtZTcwNDU0NjgyMQ@@._V1_-1-243x360.jpg 243w, https:\/\/elojocojo.org\/wp-content\/uploads\/2008\/09\/MV5BMTc0MTAwNzUwOV5BMl5BanBnXkFtZTcwNDU0NjgyMQ@@._V1_-1-270x400.jpg 270w, https:\/\/elojocojo.org\/wp-content\/uploads\/2008\/09\/MV5BMTc0MTAwNzUwOV5BMl5BanBnXkFtZTcwNDU0NjgyMQ@@._V1_-1.jpg 450w\" sizes=\"(max-width: 337px) 100vw, 337px\" \/><\/figure>\n\n\n\n<p><strong>Director: <\/strong>Eric Eason<\/p>\n\n\n\n<p><strong style=\"font-size: inherit;\">Pa\u00eds:<\/strong><span style=\"font-size: inherit;\"> Estados Unidos<\/span><strong><br \/>T\u00edtulo original: <\/strong>Manito<br \/><strong>Duraci\u00f3n:<\/strong> 77 min.<br \/><strong>Categor\u00eda:<\/strong> ficci\u00f3n<br \/><strong>Formato:<\/strong> 35mm<br \/><strong>Tipo:<\/strong> color<br \/><strong>Gui\u00f3n:<\/strong> Eric Eason<br \/><strong>Int\u00e9rpretes:<\/strong> Leo Minaya, Franky G; Manuel Cabral , Julissa Lopez, Jessica Morales , Jeff Asencio, Edwin De Leon, Panchito Gomez , Hector Gonzalez, Adreal Irizarr, Yovanna Jose, Casper Martinez, Petra Quinones, Lavidania Ramirez ,Tiffany Yates.<br \/><strong>Fotograf\u00eda:<\/strong> Didier Gertsch<br \/><strong>M\u00fasica:<\/strong> Saudi Wilson<br \/><strong>Productores:<\/strong>Jes\u00e9 Scolaro; Allen Bain<br \/><strong>A\u00f1o de producci\u00f3n:<\/strong> 2001<\/p>\n\n\n\n<h3 class=\"wp-block-heading\"><strong>Sinopsis:<\/strong> Manito<\/h3>\n\n\n\n<p>Es una pel\u00edcula independiente norteamericana, \u00f3pera prima del realizador Eric Eason.<br \/>Manito disurre en un  Washington Heights, barrio que antes conocido como la capital de la coca\u00edna y que ahora acoge a una importante comunidad hispanohablante.<\/p>\n\n\n\n<p>El film nos cuenta la historia de los hermanos Moreno: Junior (Frankie G), un ex-convicto que lucha por recuperar su antigua vida y Manny (Leo Minaya), un aplicado estudiante que est\u00e1 a punto de graduarse en el instituto. Dos personalidades muy distintas en un barrio, que si bien ya no es lo que era antes, la droga y el crimen sigue estando muy presente en la vida de sus vecinos.<\/p>\n\n\n\n<p><strong>Palmar\u00e9s:<\/strong><br \/>-Especial del Jurado, Festival Internacional de Cine de Santo Domingo-2002<br \/>-Especial del Jurado, Festival de Cine de Atlanta -2002<br \/>-Premio Especial del Jurado, Festival de Cine de Miami -2002<br \/>-Premio Especial del Jurado, Festival de Cine Sundance-2002<br \/>-Grand Premio Especial del Jurado, Festival de Cine Sundance -2002<br \/>-Premio Especial del Jurado,Festival de Cine Urbanworld-2002<br \/>-Mejor Pel\u00edcula Estadounidense, Festival de Cine Avignon -2002<br \/>-Open Palm premio, Premios Gotham -2002<br \/>-Nominaci\u00f3n al premio Independent Spirit, Mejor Producci\u00f3n, Premio Someone to Watch -2002<br \/>-Gran Premio del Jurado, Festival de Cine SXSW -2002<br \/>-Mejor cineasta emergente, Festival de Cine Tribeca -2002<\/p>\n\n\n\n<p>El filme Manito particip\u00f3 en la edici\u00f3n <a href=\"https:\/\/elojocojo.org\/category\/festival-2004\/\"><span class=\"s1\"><b>2004&nbsp;<\/b><\/span><\/a>del <a href=\"https:\/\/elojocojo.org\/category\/festival-2004\/\"><span class=\"s1\"><b>Festival de cine el ojO cojo<\/b> <\/span><\/a>en ese sentido nos sentimos honrados de haberla exhibido.<\/p>\n\n\n\n<p><a href=\"https:\/\/el-ojocojo.blogspot.com\/\">Visita nuestro blog<\/a> <\/p>\n\n\n","protected":false},"excerpt":{"rendered":"<p>Director: Eric Eason Pa\u00eds: Estados UnidosT\u00edtulo original: ManitoDuraci\u00f3n: 77 min.Categor\u00eda: ficci\u00f3nFormato: 35mmTipo: colorGui\u00f3n: Eric EasonInt\u00e9rpretes: Leo Minaya, Franky G; Manuel Cabral , Julissa Lopez, Jessica Morales , Jeff Asencio, Edwin De Leon, Panchito Gomez , Hector Gonzalez, Adreal Irizarr, Yovanna Jose, Casper Martinez, Petra Quinones, Lavidania Ramirez ,Tiffany Yates.Fotograf\u00eda: Didier GertschM\u00fasica: Saudi WilsonProductores:Jes\u00e9 Scolaro; Allen [&hellip;]<\/p>\n","protected":false},"author":3,"featured_media":24919,"comment_status":"closed","ping_status":"open","sticky":false,"template":"","format":"standard","meta":{"_monsterinsights_skip_tracking":false,"_monsterinsights_sitenote_active":false,"_monsterinsights_sitenote_note":"","_monsterinsights_sitenote_category":0,"footnotes":""},"categories":[430,30],"tags":[1929,1253,62,1440,15,1982,998,1057],"class_list":{"0":"post-723","1":"post","2":"type-post","3":"status-publish","4":"format-standard","5":"has-post-thumbnail","7":"category-festival-2004","8":"category-ficcion","9":"tag-1929","10":"tag-ciudades-y-comunidades-sostenibles","11":"tag-convivencia","12":"tag-estados-unidos","13":"tag-familia","14":"tag-festival-el-ojo-cojo","15":"tag-interculturalidad","16":"tag-trabajo-decente-y-crecimiento-economico","17":"czr-hentry"},"yoast_head":"<!-- This site is optimized with the Yoast SEO plugin v27.1.1 - https:\/\/yoast.com\/product\/yoast-seo-wordpress\/ -->\n<title>Manito - el ojO cojo<\/title>\n<meta name=\"description\" content=\"Manito, Un d\u00eda en la vida de dos hermanos latinos sirve para capturar las m\u00faltiples facetas de un barrio neoyorquino y sus habitantes\" \/>\n<meta name=\"robots\" content=\"index, follow, max-snippet:-1, max-image-preview:large, max-video-preview:-1\" \/>\n<link rel=\"canonical\" href=\"https:\/\/elojocojo.org\/manito\/\" \/>\n<meta property=\"og:locale\" content=\"es_ES\" \/>\n<meta property=\"og:type\" content=\"article\" \/>\n<meta property=\"og:title\" content=\"Manito - el ojO cojo\" \/>\n<meta property=\"og:description\" content=\"Manito, Un d\u00eda en la vida de dos hermanos latinos sirve para capturar las m\u00faltiples facetas de un barrio neoyorquino y sus habitantes\" \/>\n<meta property=\"og:url\" content=\"https:\/\/elojocojo.org\/manito\/\" \/>\n<meta property=\"og:site_name\" content=\"el ojO cojo\" \/>\n<meta property=\"article:publisher\" content=\"https:\/\/www.facebook.com\/elojocojo\" \/>\n<meta property=\"article:published_time\" content=\"2008-09-04T05:58:19+00:00\" \/>\n<meta property=\"article:modified_time\" content=\"2023-08-29T16:29:23+00:00\" \/>\n<meta property=\"og:image\" content=\"https:\/\/elojocojo.org\/wp-content\/uploads\/2008\/09\/MV5BMTc0MTAwNzUwOV5BMl5BanBnXkFtZTcwNDU0NjgyMQ@@._V1_-1.jpg\" \/>\n\t<meta property=\"og:image:width\" content=\"450\" \/>\n\t<meta property=\"og:image:height\" content=\"667\" \/>\n\t<meta property=\"og:image:type\" content=\"image\/jpeg\" \/>\n<meta name=\"twitter:card\" content=\"summary_large_image\" \/>\n<meta name=\"twitter:creator\" content=\"@elojocojo\" \/>\n<meta name=\"twitter:site\" content=\"@elojocojo\" \/>\n<meta name=\"twitter:label1\" content=\"Escrito por\" \/>\n\t<meta name=\"twitter:data1\" content=\"\" \/>\n\t<meta name=\"twitter:label2\" content=\"Tiempo de lectura\" \/>\n\t<meta name=\"twitter:data2\" content=\"2 minutos\" \/>\n<script type=\"application\/ld+json\" class=\"yoast-schema-graph\">{\"@context\":\"https:\/\/schema.org\",\"@graph\":[{\"@type\":\"Article\",\"@id\":\"https:\/\/elojocojo.org\/manito\/#article\",\"isPartOf\":{\"@id\":\"https:\/\/elojocojo.org\/manito\/\"},\"author\":{\"name\":\"\",\"@id\":\"\"},\"headline\":\"Manito\",\"datePublished\":\"2008-09-04T05:58:19+00:00\",\"dateModified\":\"2023-08-29T16:29:23+00:00\",\"mainEntityOfPage\":{\"@id\":\"https:\/\/elojocojo.org\/manito\/\"},\"wordCount\":319,\"publisher\":{\"@id\":\"https:\/\/elojocojo.org\/#organization\"},\"image\":{\"@id\":\"https:\/\/elojocojo.org\/manito\/#primaryimage\"},\"thumbnailUrl\":\"https:\/\/elojocojo.org\/wp-content\/uploads\/2008\/09\/MV5BMTc0MTAwNzUwOV5BMl5BanBnXkFtZTcwNDU0NjgyMQ@@._V1_-1.jpg\",\"keywords\":[\"2004\",\"Ciudades y comunidades sostenibles\",\"convivencia\",\"Estados Unidos\",\"familia\",\"Festival el Ojo cojo\",\"interculturalidad\",\"Trabajo decente y crecimiento econ\u00f3mico\"],\"articleSection\":[\"Festival 2004\",\"Ficci\u00f3n\"],\"inLanguage\":\"es\"},{\"@type\":\"WebPage\",\"@id\":\"https:\/\/elojocojo.org\/manito\/\",\"url\":\"https:\/\/elojocojo.org\/manito\/\",\"name\":\"Manito - el ojO cojo\",\"isPartOf\":{\"@id\":\"https:\/\/elojocojo.org\/#website\"},\"primaryImageOfPage\":{\"@id\":\"https:\/\/elojocojo.org\/manito\/#primaryimage\"},\"image\":{\"@id\":\"https:\/\/elojocojo.org\/manito\/#primaryimage\"},\"thumbnailUrl\":\"https:\/\/elojocojo.org\/wp-content\/uploads\/2008\/09\/MV5BMTc0MTAwNzUwOV5BMl5BanBnXkFtZTcwNDU0NjgyMQ@@._V1_-1.jpg\",\"datePublished\":\"2008-09-04T05:58:19+00:00\",\"dateModified\":\"2023-08-29T16:29:23+00:00\",\"description\":\"Manito, Un d\u00eda en la vida de dos hermanos latinos sirve para capturar las m\u00faltiples facetas de un barrio neoyorquino y sus habitantes\",\"breadcrumb\":{\"@id\":\"https:\/\/elojocojo.org\/manito\/#breadcrumb\"},\"inLanguage\":\"es\",\"potentialAction\":[{\"@type\":\"ReadAction\",\"target\":[\"https:\/\/elojocojo.org\/manito\/\"]}]},{\"@type\":\"ImageObject\",\"inLanguage\":\"es\",\"@id\":\"https:\/\/elojocojo.org\/manito\/#primaryimage\",\"url\":\"https:\/\/elojocojo.org\/wp-content\/uploads\/2008\/09\/MV5BMTc0MTAwNzUwOV5BMl5BanBnXkFtZTcwNDU0NjgyMQ@@._V1_-1.jpg\",\"contentUrl\":\"https:\/\/elojocojo.org\/wp-content\/uploads\/2008\/09\/MV5BMTc0MTAwNzUwOV5BMl5BanBnXkFtZTcwNDU0NjgyMQ@@._V1_-1.jpg\",\"width\":450,\"height\":667,\"caption\":\"portada de Manito\"},{\"@type\":\"BreadcrumbList\",\"@id\":\"https:\/\/elojocojo.org\/manito\/#breadcrumb\",\"itemListElement\":[{\"@type\":\"ListItem\",\"position\":1,\"name\":\"Portada\",\"item\":\"https:\/\/elojocojo.org\/\"},{\"@type\":\"ListItem\",\"position\":2,\"name\":\"2004\",\"item\":\"https:\/\/elojocojo.org\/tag\/2004\/\"},{\"@type\":\"ListItem\",\"position\":3,\"name\":\"Manito\"}]},{\"@type\":\"WebSite\",\"@id\":\"https:\/\/elojocojo.org\/#website\",\"url\":\"https:\/\/elojocojo.org\/\",\"name\":\"el ojO cojo\",\"description\":\"Todos estamos hechos de la misma esencia\",\"publisher\":{\"@id\":\"https:\/\/elojocojo.org\/#organization\"},\"potentialAction\":[{\"@type\":\"SearchAction\",\"target\":{\"@type\":\"EntryPoint\",\"urlTemplate\":\"https:\/\/elojocojo.org\/?s={search_term_string}\"},\"query-input\":{\"@type\":\"PropertyValueSpecification\",\"valueRequired\":true,\"valueName\":\"search_term_string\"}}],\"inLanguage\":\"es\"},{\"@type\":\"Organization\",\"@id\":\"https:\/\/elojocojo.org\/#organization\",\"name\":\"Meigas da r\u00faa\",\"url\":\"https:\/\/elojocojo.org\/\",\"logo\":{\"@type\":\"ImageObject\",\"inLanguage\":\"es\",\"@id\":\"https:\/\/elojocojo.org\/#\/schema\/logo\/image\/\",\"url\":\"https:\/\/meigasdarua.org\/wp-content\/uploads\/2020\/09\/cropped-logo-meigas-5.png\",\"contentUrl\":\"https:\/\/meigasdarua.org\/wp-content\/uploads\/2020\/09\/cropped-logo-meigas-5.png\",\"width\":109,\"height\":200,\"caption\":\"Meigas da r\u00faa\"},\"image\":{\"@id\":\"https:\/\/elojocojo.org\/#\/schema\/logo\/image\/\"},\"sameAs\":[\"https:\/\/www.facebook.com\/elojocojo\",\"https:\/\/x.com\/elojocojo\",\"https:\/\/www.instagram.com\/elojocojo\/?hl=es\",\"https:\/\/www.linkedin.com\/in\/el-ojo-cojo-b52b7769\/\",\"https:\/\/www.pinterest.es\/elojocojo\/_saved\/\",\"https:\/\/www.youtube.com\/channel\/UCkFtFTV0Bms7zH7vq8FZxZg\"]},{\"@type\":\"Person\",\"@id\":\"\",\"url\":\"https:\/\/elojocojo.org\/author\/\"}]}<\/script>\n<!-- \/ Yoast SEO plugin. -->","yoast_head_json":{"title":"Manito - el ojO cojo","description":"Manito, Un d\u00eda en la vida de dos hermanos latinos sirve para capturar las m\u00faltiples facetas de un barrio neoyorquino y sus habitantes","robots":{"index":"index","follow":"follow","max-snippet":"max-snippet:-1","max-image-preview":"max-image-preview:large","max-video-preview":"max-video-preview:-1"},"canonical":"https:\/\/elojocojo.org\/manito\/","og_locale":"es_ES","og_type":"article","og_title":"Manito - el ojO cojo","og_description":"Manito, Un d\u00eda en la vida de dos hermanos latinos sirve para capturar las m\u00faltiples facetas de un barrio neoyorquino y sus habitantes","og_url":"https:\/\/elojocojo.org\/manito\/","og_site_name":"el ojO cojo","article_publisher":"https:\/\/www.facebook.com\/elojocojo","article_published_time":"2008-09-04T05:58:19+00:00","article_modified_time":"2023-08-29T16:29:23+00:00","og_image":[{"width":450,"height":667,"url":"https:\/\/elojocojo.org\/wp-content\/uploads\/2008\/09\/MV5BMTc0MTAwNzUwOV5BMl5BanBnXkFtZTcwNDU0NjgyMQ@@._V1_-1.jpg","type":"image\/jpeg"}],"twitter_card":"summary_large_image","twitter_creator":"@elojocojo","twitter_site":"@elojocojo","twitter_misc":{"Escrito por":"","Tiempo de lectura":"2 minutos"},"schema":{"@context":"https:\/\/schema.org","@graph":[{"@type":"Article","@id":"https:\/\/elojocojo.org\/manito\/#article","isPartOf":{"@id":"https:\/\/elojocojo.org\/manito\/"},"author":{"name":"","@id":""},"headline":"Manito","datePublished":"2008-09-04T05:58:19+00:00","dateModified":"2023-08-29T16:29:23+00:00","mainEntityOfPage":{"@id":"https:\/\/elojocojo.org\/manito\/"},"wordCount":319,"publisher":{"@id":"https:\/\/elojocojo.org\/#organization"},"image":{"@id":"https:\/\/elojocojo.org\/manito\/#primaryimage"},"thumbnailUrl":"https:\/\/elojocojo.org\/wp-content\/uploads\/2008\/09\/MV5BMTc0MTAwNzUwOV5BMl5BanBnXkFtZTcwNDU0NjgyMQ@@._V1_-1.jpg","keywords":["2004","Ciudades y comunidades sostenibles","convivencia","Estados Unidos","familia","Festival el Ojo cojo","interculturalidad","Trabajo decente y crecimiento econ\u00f3mico"],"articleSection":["Festival 2004","Ficci\u00f3n"],"inLanguage":"es"},{"@type":"WebPage","@id":"https:\/\/elojocojo.org\/manito\/","url":"https:\/\/elojocojo.org\/manito\/","name":"Manito - el ojO cojo","isPartOf":{"@id":"https:\/\/elojocojo.org\/#website"},"primaryImageOfPage":{"@id":"https:\/\/elojocojo.org\/manito\/#primaryimage"},"image":{"@id":"https:\/\/elojocojo.org\/manito\/#primaryimage"},"thumbnailUrl":"https:\/\/elojocojo.org\/wp-content\/uploads\/2008\/09\/MV5BMTc0MTAwNzUwOV5BMl5BanBnXkFtZTcwNDU0NjgyMQ@@._V1_-1.jpg","datePublished":"2008-09-04T05:58:19+00:00","dateModified":"2023-08-29T16:29:23+00:00","description":"Manito, Un d\u00eda en la vida de dos hermanos latinos sirve para capturar las m\u00faltiples facetas de un barrio neoyorquino y sus habitantes","breadcrumb":{"@id":"https:\/\/elojocojo.org\/manito\/#breadcrumb"},"inLanguage":"es","potentialAction":[{"@type":"ReadAction","target":["https:\/\/elojocojo.org\/manito\/"]}]},{"@type":"ImageObject","inLanguage":"es","@id":"https:\/\/elojocojo.org\/manito\/#primaryimage","url":"https:\/\/elojocojo.org\/wp-content\/uploads\/2008\/09\/MV5BMTc0MTAwNzUwOV5BMl5BanBnXkFtZTcwNDU0NjgyMQ@@._V1_-1.jpg","contentUrl":"https:\/\/elojocojo.org\/wp-content\/uploads\/2008\/09\/MV5BMTc0MTAwNzUwOV5BMl5BanBnXkFtZTcwNDU0NjgyMQ@@._V1_-1.jpg","width":450,"height":667,"caption":"portada de Manito"},{"@type":"BreadcrumbList","@id":"https:\/\/elojocojo.org\/manito\/#breadcrumb","itemListElement":[{"@type":"ListItem","position":1,"name":"Portada","item":"https:\/\/elojocojo.org\/"},{"@type":"ListItem","position":2,"name":"2004","item":"https:\/\/elojocojo.org\/tag\/2004\/"},{"@type":"ListItem","position":3,"name":"Manito"}]},{"@type":"WebSite","@id":"https:\/\/elojocojo.org\/#website","url":"https:\/\/elojocojo.org\/","name":"el ojO cojo","description":"Todos estamos hechos de la misma esencia","publisher":{"@id":"https:\/\/elojocojo.org\/#organization"},"potentialAction":[{"@type":"SearchAction","target":{"@type":"EntryPoint","urlTemplate":"https:\/\/elojocojo.org\/?s={search_term_string}"},"query-input":{"@type":"PropertyValueSpecification","valueRequired":true,"valueName":"search_term_string"}}],"inLanguage":"es"},{"@type":"Organization","@id":"https:\/\/elojocojo.org\/#organization","name":"Meigas da r\u00faa","url":"https:\/\/elojocojo.org\/","logo":{"@type":"ImageObject","inLanguage":"es","@id":"https:\/\/elojocojo.org\/#\/schema\/logo\/image\/","url":"https:\/\/meigasdarua.org\/wp-content\/uploads\/2020\/09\/cropped-logo-meigas-5.png","contentUrl":"https:\/\/meigasdarua.org\/wp-content\/uploads\/2020\/09\/cropped-logo-meigas-5.png","width":109,"height":200,"caption":"Meigas da r\u00faa"},"image":{"@id":"https:\/\/elojocojo.org\/#\/schema\/logo\/image\/"},"sameAs":["https:\/\/www.facebook.com\/elojocojo","https:\/\/x.com\/elojocojo","https:\/\/www.instagram.com\/elojocojo\/?hl=es","https:\/\/www.linkedin.com\/in\/el-ojo-cojo-b52b7769\/","https:\/\/www.pinterest.es\/elojocojo\/_saved\/","https:\/\/www.youtube.com\/channel\/UCkFtFTV0Bms7zH7vq8FZxZg"]},{"@type":"Person","@id":"","url":"https:\/\/elojocojo.org\/author\/"}]}},"_links":{"self":[{"href":"https:\/\/elojocojo.org\/wp-json\/wp\/v2\/posts\/723","targetHints":{"allow":["GET"]}}],"collection":[{"href":"https:\/\/elojocojo.org\/wp-json\/wp\/v2\/posts"}],"about":[{"href":"https:\/\/elojocojo.org\/wp-json\/wp\/v2\/types\/post"}],"author":[{"embeddable":true,"href":"https:\/\/elojocojo.org\/wp-json\/wp\/v2\/users\/3"}],"replies":[{"embeddable":true,"href":"https:\/\/elojocojo.org\/wp-json\/wp\/v2\/comments?post=723"}],"version-history":[{"count":11,"href":"https:\/\/elojocojo.org\/wp-json\/wp\/v2\/posts\/723\/revisions"}],"predecessor-version":[{"id":58244,"href":"https:\/\/elojocojo.org\/wp-json\/wp\/v2\/posts\/723\/revisions\/58244"}],"wp:featuredmedia":[{"embeddable":true,"href":"https:\/\/elojocojo.org\/wp-json\/wp\/v2\/media\/24919"}],"wp:attachment":[{"href":"https:\/\/elojocojo.org\/wp-json\/wp\/v2\/media?parent=723"}],"wp:term":[{"taxonomy":"category","embeddable":true,"href":"https:\/\/elojocojo.org\/wp-json\/wp\/v2\/categories?post=723"},{"taxonomy":"post_tag","embeddable":true,"href":"https:\/\/elojocojo.org\/wp-json\/wp\/v2\/tags?post=723"}],"curies":[{"name":"wp","href":"https:\/\/api.w.org\/{rel}","templated":true}]}}