{"id":72208,"date":"2025-09-25T15:23:47","date_gmt":"2025-09-25T13:23:47","guid":{"rendered":"https:\/\/elojocojo.org\/?p=72208"},"modified":"2025-10-09T16:33:04","modified_gmt":"2025-10-09T14:33:04","slug":"hojas-caidas","status":"publish","type":"post","link":"https:\/\/elojocojo.org\/hojas-caidas\/","title":{"rendered":"Hojas ca\u00eddas"},"content":{"rendered":"\n<figure class=\"wp-block-embed is-type-video is-provider-youtube wp-block-embed-youtube wp-embed-aspect-16-9 wp-has-aspect-ratio\"><div class=\"wp-block-embed__wrapper\">\n<iframe title=\"FALLEN LEAVES featured song | Syntynyt suruun ja puettu pettymyksin - Maustetyt\u00f6t | Aki Kaurism\u00e4ki\" width=\"1140\" height=\"641\" src=\"https:\/\/www.youtube.com\/embed\/Ulrss-bwRVk?feature=oembed\" frameborder=\"0\" allow=\"accelerometer; autoplay; clipboard-write; encrypted-media; gyroscope; picture-in-picture; web-share\" referrerpolicy=\"strict-origin-when-cross-origin\" allowfullscreen><\/iframe>\n<\/div><\/figure>\n\n\n\n<p class=\"has-black-color has-text-color has-link-color wp-elements-7822b5453188533841c5e1a553533388\"><strong>T\u00cdTULO<\/strong>: Hojas ca\u00eddas<\/p>\n\n\n\n<p class=\"has-black-color has-text-color has-link-color wp-elements-fd011bba7434ba0e249cedb3bd4fa77f\"><strong>T\u00cdTULO ORIGINAL<\/strong>: Fallen Leaves<\/p>\n\n\n\n<p class=\"has-black-color has-text-color has-link-color wp-elements-62ea9b2f481b35d8ace08aa70e27ad99\"><strong>A\u00d1O<\/strong>: 2023<\/p>\n\n\n\n<p class=\"has-black-color has-text-color has-link-color wp-elements-2f6c07d29a63c18486c5ac0b0f54c4c2\"><strong>DIRECTOR<\/strong>: Aki Kaurism\u00e4ki<\/p>\n\n\n\n<p class=\"has-black-color has-text-color has-link-color wp-elements-1d867813228df7559a1e7124af2b0464\"><strong>DURACI\u00d3N<\/strong>: 141&#8242;<\/p>\n\n\n\n<p class=\"has-black-color has-text-color has-link-color wp-elements-e58f4a9b93cfee0180ab05de7ef485dc\"><strong>PA\u00cdS<\/strong>: Finlandia<\/p>\n\n\n\n<p class=\"has-black-color has-text-color has-link-color has-medium-font-size wp-elements-647be698ccc22e04de081bd50a97ca81\"><strong>Sinopsis<\/strong><\/p>\n\n\n\n<p class=\"has-black-color has-text-color has-link-color has-medium-font-size wp-elements-8d08658ae51c68fce45670dbde37c2b4\"><strong>La soledad y su transformaci\u00f3n<\/strong><\/p>\n\n\n\n<p class=\"has-black-color has-text-color has-link-color wp-elements-b66922771881d72a90c6e128c628041f\">Al inicio, ambos personajes viven aislados, enfrentando la rutina con escasa interacci\u00f3n. Adem\u00e1s, la historia muestra c\u00f3mo la soledad puede transformarse en aprendizaje y autoconocimiento. Por lo tanto, cada encuentro y conversaci\u00f3n adquiere un valor especial que fortalece sus v\u00ednculos. Asimismo, incluso los momentos de incomodidad o conflicto se convierten en oportunidades para crecer juntos. De hecho, cada paso hacia la comprensi\u00f3n mutua refuerza la conexi\u00f3n entre ambos. Del mismo modo, la paciencia y la reflexi\u00f3n permiten que los protagonistas desarrollen confianza y cercan\u00eda gradualmente.<\/p>\n\n\n\n<p class=\"has-black-color has-text-color has-link-color has-medium-font-size wp-elements-b6a102507ce035893e082f6b4507409a\"><strong>La importancia del esfuerzo cotidiano<\/strong><\/p>\n\n\n\n<p class=\"has-black-color has-text-color has-link-color wp-elements-d0f0ea55492f23e56ff2af357fb67df4\">Cada d\u00eda, los trabajadores enfrentan tareas que requieren disciplina y dedicaci\u00f3n. Adem\u00e1s, la constancia en el esfuerzo demuestra c\u00f3mo la rutina puede generar sentido y prop\u00f3sito. De esta manera, el trabajo diario se convierte en una fuente de orgullo y autoestima. Asimismo, incluso los peque\u00f1os logros refuerzan su motivaci\u00f3n y cohesi\u00f3n. Por consiguiente, la perseverancia diaria se transforma en un motor para la resiliencia personal y colectiva. Adem\u00e1s, los desaf\u00edos se convierten en oportunidades para aprender, adaptarse y crecer.<\/p>\n\n\n\n<p class=\"has-black-color has-text-color has-link-color has-medium-font-size wp-elements-f6fe5b9629c31b394f1dd9bc3ebabd94\"><strong>Dignidad en el trabajo<\/strong><\/p>\n\n\n\n<p class=\"has-black-color has-text-color has-link-color wp-elements-ff20a5f1f7b538b8b20c51e7481d5ed4\">Incluso en las labores m\u00e1s simples, se evidencia la dignidad de cada acci\u00f3n realizada. Por lo tanto, la pel\u00edcula enfatiza que cada contribuci\u00f3n tiene valor y merece reconocimiento. Adem\u00e1s, este enfoque refuerza los ideales de justicia y respeto en la comunidad laboral. Asimismo, la historia demuestra que mantener la integridad y la \u00e9tica fortalece las relaciones interpersonales. De hecho, cada acto consciente y responsable contribuye a un ambiente m\u00e1s humano y respetuoso. Del mismo modo, la \u00e9tica y la responsabilidad gu\u00edan todas las decisiones importantes de los protagonistas.<\/p>\n\n\n\n<p class=\"has-black-color has-text-color has-link-color has-medium-font-size wp-elements-ab8d3ce546f707bdc0cba9cd4b6897ab\"><strong>Solidaridad y colaboraci\u00f3n<\/strong><\/p>\n\n\n\n<p class=\"has-black-color has-text-color has-link-color wp-elements-8da59b9471e77865aea0e725e67afd4e\">La relaci\u00f3n entre los protagonistas se fortalece mediante apoyo mutuo y cooperaci\u00f3n. Adem\u00e1s, la solidaridad demuestra que compartir responsabilidades y ofrecer ayuda en momentos cr\u00edticos genera confianza y uni\u00f3n. Por consiguiente, la historia subraya c\u00f3mo la colaboraci\u00f3n es esencial para superar dificultades. Asimismo, incluso los peque\u00f1os gestos de ayuda se convierten en lecciones de humanidad y civismo. De hecho, la interacci\u00f3n constante fomenta un sentido profundo de comunidad y pertenencia. Del mismo modo, trabajar en equipo permite que los desaf\u00edos se enfrenten con mayor eficacia y armon\u00eda.<\/p>\n\n\n\n<p class=\"has-black-color has-text-color has-link-color has-medium-font-size wp-elements-2890ae3c941666f23df1028309beb837\"><strong>Valores europeos en la vida cotidiana<\/strong><\/p>\n\n\n\n<p class=\"has-black-color has-text-color has-link-color wp-elements-4b95b5461bc01943de401ecd52ec2b60\">Finalmente, la pel\u00edcula conecta la experiencia individual con valores universales de esfuerzo, solidaridad y dignidad. Adem\u00e1s, inspira a los espectadores a reconocer la importancia de la compa\u00f1\u00eda y del trabajo responsable. Por lo tanto, los espectadores pueden apreciar c\u00f3mo la uni\u00f3n y los valores compartidos trascienden fronteras culturales. Asimismo, incluso los gestos cotidianos de apoyo y comprensi\u00f3n se convierten en ejemplos de civismo y cooperaci\u00f3n. De hecho, la historia demuestra que la empat\u00eda, la colaboraci\u00f3n y la constancia son esenciales para el bienestar colectivo. Del mismo modo, cada acci\u00f3n consciente contribuye a reforzar los valores universales y la cohesi\u00f3n social.<\/p>\n\n\n\n<p class=\"has-black-color has-text-color has-link-color wp-elements-ae943e2275145f5f5ed9a7e1a75c0aca\"><strong>CC Valdebernardo<\/strong> 30\/10\/2025 <strong>19:00<\/strong><\/p>\n\n\n<div class=\"wp-block-image\">\n<figure class=\"aligncenter size-large\"><img decoding=\"async\" width=\"255\" height=\"360\" src=\"https:\/\/elojocojo.org\/wp-content\/uploads\/2025\/09\/hojas-caidas-2-255x360.jpg\" alt=\"\" class=\"wp-image-72435\" srcset=\"https:\/\/elojocojo.org\/wp-content\/uploads\/2025\/09\/hojas-caidas-2-255x360.jpg 255w, https:\/\/elojocojo.org\/wp-content\/uploads\/2025\/09\/hojas-caidas-2-354x500.jpg 354w, https:\/\/elojocojo.org\/wp-content\/uploads\/2025\/09\/hojas-caidas-2-283x400.jpg 283w, https:\/\/elojocojo.org\/wp-content\/uploads\/2025\/09\/hojas-caidas-2.jpg 621w\" sizes=\"(max-width: 255px) 100vw, 255px\" \/><\/figure>\n<\/div>\n\n\n<p class=\"has-black-color has-text-color has-link-color has-medium-font-size wp-elements-d6687077e3612c31d957569d5ac1f579\"><strong>Palmar\u00e9s<\/strong><\/p>\n\n\n\n<p class=\"has-black-color has-text-color has-link-color wp-elements-eaefedc3ba8a7d688afd64f3f3c236de\">2023:<\/p>\n\n\n\n<ul class=\"wp-block-list\">\n<li class=\"has-black-color has-text-color has-link-color wp-elements-1c2f90f90f466d5cd1dc2128e2c84ede\">Festival de Cine de Cannes: Premio del Jurado<\/li>\n\n\n\n<li class=\"has-black-color has-text-color has-link-color wp-elements-6d52423bcdd5ce57f15c6bbb76811343\">Federaci\u00f3n Internacional de Cr\u00edticos de Cine (FIPRESCI): Gran Premio FIPRESCI 2023<\/li>\n\n\n\n<li class=\"has-black-color has-text-color has-link-color wp-elements-a8dbb69a05e26f87ea30e8d56af468c7\">Festival Internacional de Cine de Chicago: Silver Hugo al Mejor Director (Aki Kaurism\u00e4ki)<\/li>\n\n\n\n<li class=\"has-black-color has-text-color has-link-color wp-elements-3c03fd21e096913570cd0243ed2247d0\">Festival Internacional de Cine de Morelia: Premio del P\u00fablico \u2013 Mejor Pel\u00edcula Internacional<\/li>\n\n\n\n<li class=\"has-black-color has-text-color has-link-color wp-elements-57e03856dadf1f65e9f590a8391b4c3a\">Premios del Cine Europeo (EFA):\n<ul class=\"wp-block-list\">\n<li>Mejor Pel\u00edcula Europea<\/li>\n\n\n\n<li>Mejor Director Europeo (Aki Kaurism\u00e4ki)<\/li>\n\n\n\n<li>Mejor Guion Europeo (Aki Kaurism\u00e4ki)<\/li>\n\n\n\n<li>Mejor Actor Europeo (Jussi Vatanen)<\/li>\n\n\n\n<li>Mejor Actriz Europea (Alma P\u00f6ysti)<\/li>\n<\/ul>\n<\/li>\n\n\n\n<li class=\"has-black-color has-text-color has-link-color wp-elements-04783ffd2b0481683c254b29a7a91e61\">Premios de la Cr\u00edtica de Washington D.C. (NSFC): Mejor Pel\u00edcula de Habla No Inglesa<\/li>\n\n\n\n<li class=\"has-black-color has-text-color has-link-color wp-elements-1bda1cb311d1d504faca58dd73c238b9\">Premios del Cine Independiente Brit\u00e1nico (BIFA): Mejor Pel\u00edcula Internacional Independiente<\/li>\n\n\n\n<li class=\"has-black-color has-text-color has-link-color wp-elements-1bda1cb311d1d504faca58dd73c238b9\">Premios del Cine Independiente Brit\u00e1nico (BIFA): Mejor Pel\u00edcula Internacional Independiente<\/li>\n<\/ul>\n\n\n\n<p class=\"has-black-color has-text-color has-link-color wp-elements-96db0ca4f4745e323735194df1a49d39\">2024:<\/p>\n\n\n\n<ul class=\"wp-block-list\">\n<li class=\"has-black-color has-text-color has-link-color wp-elements-d61130abc12d8dfaf45bf8e635f9dc86\">Premios Globo de Oro:\n<ul class=\"wp-block-list\">\n<li>Mejor Pel\u00edcula en Lengua No Inglesa<\/li>\n\n\n\n<li>Mejor Actriz en Comedia o Musical (Alma P\u00f6ysti)<\/li>\n<\/ul>\n<\/li>\n\n\n\n<li class=\"has-black-color has-text-color has-link-color wp-elements-f905ae2cccaa2a057051e9a8804d3dfc\">Premios de la Cr\u00edtica de Chicago Internacional: Mejor Guion (Aki Kaurism\u00e4ki)<\/li>\n\n\n\n<li class=\"has-black-color has-text-color has-link-color wp-elements-3a4342c1f28594e33127a6191e98d5b6\">Premios de la Cr\u00edtica de Houston: Mejor Pel\u00edcula Extranjera<\/li>\n\n\n\n<li class=\"has-black-color has-text-color has-link-color wp-elements-430f4c092392b8d0328c078223be9865\">Premios de la Cr\u00edtica de Georgia:\n<ul class=\"wp-block-list\">\n<li>Mejor Guion Original (Aki Kaurism\u00e4ki)<\/li>\n\n\n\n<li>Mejor Pel\u00edcula Internacional<\/li>\n<\/ul>\n<\/li>\n\n\n\n<li class=\"has-black-color has-text-color has-link-color wp-elements-65bb32598db75cfa5c1aa0a8cd4b3baf\">Premios Lumi\u00e8re: Mejor Coproducci\u00f3n Internacional<\/li>\n\n\n\n<li class=\"has-black-color has-text-color has-link-color wp-elements-e96303b5615fa825cef1985a9df8773d\">Premios Cinema for Peace: Pel\u00edcula M\u00e1s Valiosa del A\u00f1o<\/li>\n\n\n\n<li class=\"has-black-color has-text-color has-link-color wp-elements-f905ae2cccaa2a057051e9a8804d3dfc\">Premios de la Cr\u00edtica de Chicago Internacional: Mejor Guion (Aki Kaurism\u00e4ki)<\/li>\n\n\n\n<li class=\"has-black-color has-text-color has-link-color wp-elements-3a4342c1f28594e33127a6191e98d5b6\">Premios de la Cr\u00edtica de Houston: Mejor Pel\u00edcula Extranjera<\/li>\n\n\n\n<li class=\"has-black-color has-text-color has-link-color wp-elements-430f4c092392b8d0328c078223be9865\">Premios de la Cr\u00edtica de Georgia:\n<ul class=\"wp-block-list\">\n<li>Mejor Guion Original (Aki Kaurism\u00e4ki)<\/li>\n\n\n\n<li>Mejor Pel\u00edcula Internacional<\/li>\n<\/ul>\n<\/li>\n<\/ul>\n\n\n\n<p class=\"has-black-color has-text-color has-link-color wp-elements-95149d3484e2d6fc806361316f456c0f\">2025:<\/p>\n\n\n\n<ul class=\"wp-block-list\">\n<li class=\"has-black-color has-text-color has-link-color wp-elements-3bb0b6b4e109099aee7af2a9cc1dd080\">Premios Magritte: Mejor M\u00fasica Original (Fr\u00e9d\u00e9ric Vercheval)<\/li>\n<\/ul>\n\n\n\n<p class=\"has-black-color has-text-color has-link-color wp-elements-e70a691e7527ebde958f2cbdf3950642\">Puntuaci\u00f3n en <a href=\"https:\/\/www.imdb.com\/es-es\/title\/tt21027780\/?ref_=nv_sr_srsg_0_tt_2_nm_0_in_0_q_hojas%2520caidas\">IMDb<\/a>: 7,3\/10<\/p>\n\n\n\n<p class=\"has-black-color has-text-color has-link-color wp-elements-786b5cb254738b2edd0368c5f22390c0\">Visita nuestro <a href=\"https:\/\/elojocojo.org\/bienvenida\/cineu\/\">blog<\/a><\/p>\n","protected":false},"excerpt":{"rendered":"<p>Dos trabajadores solitarios en Helsinki descubren la importancia de la compa\u00f1\u00eda y del esfuerzo cotidiano. A trav\u00e9s de su experiencia, se muestran las peque\u00f1as victorias diarias y c\u00f3mo estas fortalecen la resiliencia personal y la conexi\u00f3n con los dem\u00e1s.<\/p>\n","protected":false},"author":73,"featured_media":72433,"comment_status":"closed","ping_status":"closed","sticky":false,"template":"","format":"standard","meta":{"_monsterinsights_skip_tracking":false,"_monsterinsights_sitenote_active":false,"_monsterinsights_sitenote_note":"","_monsterinsights_sitenote_category":0,"footnotes":""},"categories":[2392],"tags":[2089,941,15,998,74,1057],"class_list":{"0":"post-72208","1":"post","2":"type-post","3":"status-publish","4":"format-standard","5":"has-post-thumbnail","7":"category-cineu","8":"tag-2089","9":"tag-cine","10":"tag-familia","11":"tag-interculturalidad","12":"tag-solidaridad","13":"tag-trabajo-decente-y-crecimiento-economico","14":"czr-hentry"},"yoast_head":"<!-- This site is optimized with the Yoast SEO plugin v27.1.1 - https:\/\/yoast.com\/product\/yoast-seo-wordpress\/ -->\n<title>Hojas ca\u00eddas - el ojO cojo<\/title>\n<meta name=\"description\" content=\"C\u00f3mo la dedicaci\u00f3n al trabajo y la solidaridad reflejan valores fundamentales de la tradici\u00f3n europea. Dirigida por Aki Kaurism\u00e4ki.\" \/>\n<meta name=\"robots\" content=\"index, follow, max-snippet:-1, max-image-preview:large, max-video-preview:-1\" \/>\n<link rel=\"canonical\" href=\"https:\/\/elojocojo.org\/hojas-caidas\/\" \/>\n<meta property=\"og:locale\" content=\"es_ES\" \/>\n<meta property=\"og:type\" content=\"article\" \/>\n<meta property=\"og:title\" content=\"Hojas ca\u00eddas - el ojO cojo\" \/>\n<meta property=\"og:description\" content=\"C\u00f3mo la dedicaci\u00f3n al trabajo y la solidaridad reflejan valores fundamentales de la tradici\u00f3n europea. Dirigida por Aki Kaurism\u00e4ki.\" \/>\n<meta property=\"og:url\" content=\"https:\/\/elojocojo.org\/hojas-caidas\/\" \/>\n<meta property=\"og:site_name\" content=\"el ojO cojo\" \/>\n<meta property=\"article:publisher\" content=\"https:\/\/www.facebook.com\/elojocojo\" \/>\n<meta property=\"article:published_time\" content=\"2025-09-25T13:23:47+00:00\" \/>\n<meta property=\"article:modified_time\" content=\"2025-10-09T14:33:04+00:00\" \/>\n<meta property=\"og:image\" content=\"https:\/\/elojocojo.org\/wp-content\/uploads\/2025\/09\/hojas-caidas-1.jpg\" \/>\n\t<meta property=\"og:image:width\" content=\"1312\" \/>\n\t<meta property=\"og:image:height\" content=\"867\" \/>\n\t<meta property=\"og:image:type\" content=\"image\/jpeg\" \/>\n<meta name=\"author\" content=\"Pastora Laguna\" \/>\n<meta name=\"twitter:card\" content=\"summary_large_image\" \/>\n<meta name=\"twitter:creator\" content=\"@elojocojo\" \/>\n<meta name=\"twitter:site\" content=\"@elojocojo\" \/>\n<meta name=\"twitter:label1\" content=\"Escrito por\" \/>\n\t<meta name=\"twitter:data1\" content=\"Pastora Laguna\" \/>\n\t<meta name=\"twitter:label2\" content=\"Tiempo de lectura\" \/>\n\t<meta name=\"twitter:data2\" content=\"4 minutos\" \/>\n<script type=\"application\/ld+json\" class=\"yoast-schema-graph\">{\"@context\":\"https:\/\/schema.org\",\"@graph\":[{\"@type\":\"Article\",\"@id\":\"https:\/\/elojocojo.org\/hojas-caidas\/#article\",\"isPartOf\":{\"@id\":\"https:\/\/elojocojo.org\/hojas-caidas\/\"},\"author\":{\"name\":\"Pastora Laguna\",\"@id\":\"https:\/\/elojocojo.org\/#\/schema\/person\/0eebd75cb4d855e3f2b18abd9f7b9876\"},\"headline\":\"Hojas ca\u00eddas\",\"datePublished\":\"2025-09-25T13:23:47+00:00\",\"dateModified\":\"2025-10-09T14:33:04+00:00\",\"mainEntityOfPage\":{\"@id\":\"https:\/\/elojocojo.org\/hojas-caidas\/\"},\"wordCount\":807,\"publisher\":{\"@id\":\"https:\/\/elojocojo.org\/#organization\"},\"image\":{\"@id\":\"https:\/\/elojocojo.org\/hojas-caidas\/#primaryimage\"},\"thumbnailUrl\":\"https:\/\/elojocojo.org\/wp-content\/uploads\/2025\/09\/hojas-caidas-1.jpg\",\"keywords\":[\"2023\",\"cine\",\"familia\",\"interculturalidad\",\"solidaridad\",\"Trabajo decente y crecimiento econ\u00f3mico\"],\"articleSection\":[\"CINEU\"],\"inLanguage\":\"es\"},{\"@type\":\"WebPage\",\"@id\":\"https:\/\/elojocojo.org\/hojas-caidas\/\",\"url\":\"https:\/\/elojocojo.org\/hojas-caidas\/\",\"name\":\"Hojas ca\u00eddas - el ojO cojo\",\"isPartOf\":{\"@id\":\"https:\/\/elojocojo.org\/#website\"},\"primaryImageOfPage\":{\"@id\":\"https:\/\/elojocojo.org\/hojas-caidas\/#primaryimage\"},\"image\":{\"@id\":\"https:\/\/elojocojo.org\/hojas-caidas\/#primaryimage\"},\"thumbnailUrl\":\"https:\/\/elojocojo.org\/wp-content\/uploads\/2025\/09\/hojas-caidas-1.jpg\",\"datePublished\":\"2025-09-25T13:23:47+00:00\",\"dateModified\":\"2025-10-09T14:33:04+00:00\",\"description\":\"C\u00f3mo la dedicaci\u00f3n al trabajo y la solidaridad reflejan valores fundamentales de la tradici\u00f3n europea. Dirigida por Aki Kaurism\u00e4ki.\",\"breadcrumb\":{\"@id\":\"https:\/\/elojocojo.org\/hojas-caidas\/#breadcrumb\"},\"inLanguage\":\"es\",\"potentialAction\":[{\"@type\":\"ReadAction\",\"target\":[\"https:\/\/elojocojo.org\/hojas-caidas\/\"]}]},{\"@type\":\"ImageObject\",\"inLanguage\":\"es\",\"@id\":\"https:\/\/elojocojo.org\/hojas-caidas\/#primaryimage\",\"url\":\"https:\/\/elojocojo.org\/wp-content\/uploads\/2025\/09\/hojas-caidas-1.jpg\",\"contentUrl\":\"https:\/\/elojocojo.org\/wp-content\/uploads\/2025\/09\/hojas-caidas-1.jpg\",\"width\":1312,\"height\":867},{\"@type\":\"BreadcrumbList\",\"@id\":\"https:\/\/elojocojo.org\/hojas-caidas\/#breadcrumb\",\"itemListElement\":[{\"@type\":\"ListItem\",\"position\":1,\"name\":\"Portada\",\"item\":\"https:\/\/elojocojo.org\/\"},{\"@type\":\"ListItem\",\"position\":2,\"name\":\"2023\",\"item\":\"https:\/\/elojocojo.org\/tag\/2023\/\"},{\"@type\":\"ListItem\",\"position\":3,\"name\":\"Hojas ca\u00eddas\"}]},{\"@type\":\"WebSite\",\"@id\":\"https:\/\/elojocojo.org\/#website\",\"url\":\"https:\/\/elojocojo.org\/\",\"name\":\"el ojO cojo\",\"description\":\"Todos estamos hechos de la misma esencia\",\"publisher\":{\"@id\":\"https:\/\/elojocojo.org\/#organization\"},\"potentialAction\":[{\"@type\":\"SearchAction\",\"target\":{\"@type\":\"EntryPoint\",\"urlTemplate\":\"https:\/\/elojocojo.org\/?s={search_term_string}\"},\"query-input\":{\"@type\":\"PropertyValueSpecification\",\"valueRequired\":true,\"valueName\":\"search_term_string\"}}],\"inLanguage\":\"es\"},{\"@type\":\"Organization\",\"@id\":\"https:\/\/elojocojo.org\/#organization\",\"name\":\"Meigas da r\u00faa\",\"url\":\"https:\/\/elojocojo.org\/\",\"logo\":{\"@type\":\"ImageObject\",\"inLanguage\":\"es\",\"@id\":\"https:\/\/elojocojo.org\/#\/schema\/logo\/image\/\",\"url\":\"https:\/\/meigasdarua.org\/wp-content\/uploads\/2020\/09\/cropped-logo-meigas-5.png\",\"contentUrl\":\"https:\/\/meigasdarua.org\/wp-content\/uploads\/2020\/09\/cropped-logo-meigas-5.png\",\"width\":109,\"height\":200,\"caption\":\"Meigas da r\u00faa\"},\"image\":{\"@id\":\"https:\/\/elojocojo.org\/#\/schema\/logo\/image\/\"},\"sameAs\":[\"https:\/\/www.facebook.com\/elojocojo\",\"https:\/\/x.com\/elojocojo\",\"https:\/\/www.instagram.com\/elojocojo\/?hl=es\",\"https:\/\/www.linkedin.com\/in\/el-ojo-cojo-b52b7769\/\",\"https:\/\/www.pinterest.es\/elojocojo\/_saved\/\",\"https:\/\/www.youtube.com\/channel\/UCkFtFTV0Bms7zH7vq8FZxZg\"]},{\"@type\":\"Person\",\"@id\":\"https:\/\/elojocojo.org\/#\/schema\/person\/0eebd75cb4d855e3f2b18abd9f7b9876\",\"name\":\"Pastora Laguna\",\"url\":\"https:\/\/elojocojo.org\/author\/pastora\/\"}]}<\/script>\n<!-- \/ Yoast SEO plugin. -->","yoast_head_json":{"title":"Hojas ca\u00eddas - el ojO cojo","description":"C\u00f3mo la dedicaci\u00f3n al trabajo y la solidaridad reflejan valores fundamentales de la tradici\u00f3n europea. Dirigida por Aki Kaurism\u00e4ki.","robots":{"index":"index","follow":"follow","max-snippet":"max-snippet:-1","max-image-preview":"max-image-preview:large","max-video-preview":"max-video-preview:-1"},"canonical":"https:\/\/elojocojo.org\/hojas-caidas\/","og_locale":"es_ES","og_type":"article","og_title":"Hojas ca\u00eddas - el ojO cojo","og_description":"C\u00f3mo la dedicaci\u00f3n al trabajo y la solidaridad reflejan valores fundamentales de la tradici\u00f3n europea. Dirigida por Aki Kaurism\u00e4ki.","og_url":"https:\/\/elojocojo.org\/hojas-caidas\/","og_site_name":"el ojO cojo","article_publisher":"https:\/\/www.facebook.com\/elojocojo","article_published_time":"2025-09-25T13:23:47+00:00","article_modified_time":"2025-10-09T14:33:04+00:00","og_image":[{"width":1312,"height":867,"url":"https:\/\/elojocojo.org\/wp-content\/uploads\/2025\/09\/hojas-caidas-1.jpg","type":"image\/jpeg"}],"author":"Pastora Laguna","twitter_card":"summary_large_image","twitter_creator":"@elojocojo","twitter_site":"@elojocojo","twitter_misc":{"Escrito por":"Pastora Laguna","Tiempo de lectura":"4 minutos"},"schema":{"@context":"https:\/\/schema.org","@graph":[{"@type":"Article","@id":"https:\/\/elojocojo.org\/hojas-caidas\/#article","isPartOf":{"@id":"https:\/\/elojocojo.org\/hojas-caidas\/"},"author":{"name":"Pastora Laguna","@id":"https:\/\/elojocojo.org\/#\/schema\/person\/0eebd75cb4d855e3f2b18abd9f7b9876"},"headline":"Hojas ca\u00eddas","datePublished":"2025-09-25T13:23:47+00:00","dateModified":"2025-10-09T14:33:04+00:00","mainEntityOfPage":{"@id":"https:\/\/elojocojo.org\/hojas-caidas\/"},"wordCount":807,"publisher":{"@id":"https:\/\/elojocojo.org\/#organization"},"image":{"@id":"https:\/\/elojocojo.org\/hojas-caidas\/#primaryimage"},"thumbnailUrl":"https:\/\/elojocojo.org\/wp-content\/uploads\/2025\/09\/hojas-caidas-1.jpg","keywords":["2023","cine","familia","interculturalidad","solidaridad","Trabajo decente y crecimiento econ\u00f3mico"],"articleSection":["CINEU"],"inLanguage":"es"},{"@type":"WebPage","@id":"https:\/\/elojocojo.org\/hojas-caidas\/","url":"https:\/\/elojocojo.org\/hojas-caidas\/","name":"Hojas ca\u00eddas - el ojO cojo","isPartOf":{"@id":"https:\/\/elojocojo.org\/#website"},"primaryImageOfPage":{"@id":"https:\/\/elojocojo.org\/hojas-caidas\/#primaryimage"},"image":{"@id":"https:\/\/elojocojo.org\/hojas-caidas\/#primaryimage"},"thumbnailUrl":"https:\/\/elojocojo.org\/wp-content\/uploads\/2025\/09\/hojas-caidas-1.jpg","datePublished":"2025-09-25T13:23:47+00:00","dateModified":"2025-10-09T14:33:04+00:00","description":"C\u00f3mo la dedicaci\u00f3n al trabajo y la solidaridad reflejan valores fundamentales de la tradici\u00f3n europea. Dirigida por Aki Kaurism\u00e4ki.","breadcrumb":{"@id":"https:\/\/elojocojo.org\/hojas-caidas\/#breadcrumb"},"inLanguage":"es","potentialAction":[{"@type":"ReadAction","target":["https:\/\/elojocojo.org\/hojas-caidas\/"]}]},{"@type":"ImageObject","inLanguage":"es","@id":"https:\/\/elojocojo.org\/hojas-caidas\/#primaryimage","url":"https:\/\/elojocojo.org\/wp-content\/uploads\/2025\/09\/hojas-caidas-1.jpg","contentUrl":"https:\/\/elojocojo.org\/wp-content\/uploads\/2025\/09\/hojas-caidas-1.jpg","width":1312,"height":867},{"@type":"BreadcrumbList","@id":"https:\/\/elojocojo.org\/hojas-caidas\/#breadcrumb","itemListElement":[{"@type":"ListItem","position":1,"name":"Portada","item":"https:\/\/elojocojo.org\/"},{"@type":"ListItem","position":2,"name":"2023","item":"https:\/\/elojocojo.org\/tag\/2023\/"},{"@type":"ListItem","position":3,"name":"Hojas ca\u00eddas"}]},{"@type":"WebSite","@id":"https:\/\/elojocojo.org\/#website","url":"https:\/\/elojocojo.org\/","name":"el ojO cojo","description":"Todos estamos hechos de la misma esencia","publisher":{"@id":"https:\/\/elojocojo.org\/#organization"},"potentialAction":[{"@type":"SearchAction","target":{"@type":"EntryPoint","urlTemplate":"https:\/\/elojocojo.org\/?s={search_term_string}"},"query-input":{"@type":"PropertyValueSpecification","valueRequired":true,"valueName":"search_term_string"}}],"inLanguage":"es"},{"@type":"Organization","@id":"https:\/\/elojocojo.org\/#organization","name":"Meigas da r\u00faa","url":"https:\/\/elojocojo.org\/","logo":{"@type":"ImageObject","inLanguage":"es","@id":"https:\/\/elojocojo.org\/#\/schema\/logo\/image\/","url":"https:\/\/meigasdarua.org\/wp-content\/uploads\/2020\/09\/cropped-logo-meigas-5.png","contentUrl":"https:\/\/meigasdarua.org\/wp-content\/uploads\/2020\/09\/cropped-logo-meigas-5.png","width":109,"height":200,"caption":"Meigas da r\u00faa"},"image":{"@id":"https:\/\/elojocojo.org\/#\/schema\/logo\/image\/"},"sameAs":["https:\/\/www.facebook.com\/elojocojo","https:\/\/x.com\/elojocojo","https:\/\/www.instagram.com\/elojocojo\/?hl=es","https:\/\/www.linkedin.com\/in\/el-ojo-cojo-b52b7769\/","https:\/\/www.pinterest.es\/elojocojo\/_saved\/","https:\/\/www.youtube.com\/channel\/UCkFtFTV0Bms7zH7vq8FZxZg"]},{"@type":"Person","@id":"https:\/\/elojocojo.org\/#\/schema\/person\/0eebd75cb4d855e3f2b18abd9f7b9876","name":"Pastora Laguna","url":"https:\/\/elojocojo.org\/author\/pastora\/"}]}},"_links":{"self":[{"href":"https:\/\/elojocojo.org\/wp-json\/wp\/v2\/posts\/72208","targetHints":{"allow":["GET"]}}],"collection":[{"href":"https:\/\/elojocojo.org\/wp-json\/wp\/v2\/posts"}],"about":[{"href":"https:\/\/elojocojo.org\/wp-json\/wp\/v2\/types\/post"}],"author":[{"embeddable":true,"href":"https:\/\/elojocojo.org\/wp-json\/wp\/v2\/users\/73"}],"replies":[{"embeddable":true,"href":"https:\/\/elojocojo.org\/wp-json\/wp\/v2\/comments?post=72208"}],"version-history":[{"count":5,"href":"https:\/\/elojocojo.org\/wp-json\/wp\/v2\/posts\/72208\/revisions"}],"predecessor-version":[{"id":72738,"href":"https:\/\/elojocojo.org\/wp-json\/wp\/v2\/posts\/72208\/revisions\/72738"}],"wp:featuredmedia":[{"embeddable":true,"href":"https:\/\/elojocojo.org\/wp-json\/wp\/v2\/media\/72433"}],"wp:attachment":[{"href":"https:\/\/elojocojo.org\/wp-json\/wp\/v2\/media?parent=72208"}],"wp:term":[{"taxonomy":"category","embeddable":true,"href":"https:\/\/elojocojo.org\/wp-json\/wp\/v2\/categories?post=72208"},{"taxonomy":"post_tag","embeddable":true,"href":"https:\/\/elojocojo.org\/wp-json\/wp\/v2\/tags?post=72208"}],"curies":[{"name":"wp","href":"https:\/\/api.w.org\/{rel}","templated":true}]}}