{"id":72201,"date":"2025-09-25T15:23:13","date_gmt":"2025-09-25T13:23:13","guid":{"rendered":"https:\/\/elojocojo.org\/?p=72201"},"modified":"2025-10-09T17:10:00","modified_gmt":"2025-10-09T15:10:00","slug":"frontera-verde","status":"publish","type":"post","link":"https:\/\/elojocojo.org\/frontera-verde\/","title":{"rendered":"Frontera verde"},"content":{"rendered":"\n<figure class=\"wp-block-embed is-type-video is-provider-youtube wp-block-embed-youtube wp-embed-aspect-16-9 wp-has-aspect-ratio\"><div class=\"wp-block-embed__wrapper\">\n<iframe title=\"TR\u00c1ILER OFICIAL &quot;GREEN BORDER&quot; \/\/ 14 de junio solo en cines\" width=\"1140\" height=\"641\" src=\"https:\/\/www.youtube.com\/embed\/IMwg-hTrEYo?feature=oembed\" frameborder=\"0\" allow=\"accelerometer; autoplay; clipboard-write; encrypted-media; gyroscope; picture-in-picture; web-share\" referrerpolicy=\"strict-origin-when-cross-origin\" allowfullscreen><\/iframe>\n<\/div><\/figure>\n\n\n\n<p class=\"has-black-color has-text-color has-link-color wp-elements-4c21fa7a112bcd4b8466473b56b95d04\"><strong>T\u00cdTULO<\/strong>: Frontera verde<\/p>\n\n\n\n<p class=\"has-black-color has-text-color has-link-color wp-elements-09117903fdbceb3cdd3f494ada7f08b1\"><strong>T\u00cdTULO ORIGINAL<\/strong>: Green Border<\/p>\n\n\n\n<p class=\"has-black-color has-text-color has-link-color wp-elements-62ea9b2f481b35d8ace08aa70e27ad99\"><strong>A\u00d1O<\/strong>: 2023<\/p>\n\n\n\n<p class=\"has-black-color has-text-color has-link-color wp-elements-fc19cb05a3389237c7455d3ff2c25bc6\"><strong>DIRECTOR<\/strong>: Agnieszka Holland<\/p>\n\n\n\n<p class=\"has-black-color has-text-color has-link-color wp-elements-12ec7069b938191094f1819697b19f71\"><strong>DURACI\u00d3N<\/strong>: 153&#8242;<\/p>\n\n\n\n<p class=\"has-black-color has-text-color has-link-color wp-elements-cb32a8796ff1f06ead5e88a28511d7bb\"><strong>PA\u00cdS<\/strong>: Polonia y Francia<\/p>\n\n\n\n<p class=\"has-black-color has-text-color has-link-color has-medium-font-size wp-elements-647be698ccc22e04de081bd50a97ca81\"><strong>Sinopsis<\/strong><\/p>\n\n\n\n<p class=\"has-black-color has-text-color has-link-color has-medium-font-size wp-elements-fd672a1bd9648b0d8c76262f298e3235\"><strong>Dilemas en la frontera<\/strong><\/p>\n\n\n\n<p class=\"has-black-color has-text-color has-link-color wp-elements-a8e682abc0ccfcc1ab4f6f309157125e\">Los personajes deben decidir entre sus intereses personales y el bienestar del grupo. Adem\u00e1s, estas decisiones muestran c\u00f3mo la \u00e9tica individual se relaciona con los valores colectivos. Por lo tanto, los conflictos internos se convierten en oportunidades para demostrar integridad y compromiso. Asimismo, la interacci\u00f3n entre los personajes permite comprender mejor las consecuencias de cada elecci\u00f3n. Incluso los errores se transforman en aprendizajes valiosos para todos.<\/p>\n\n\n\n<p class=\"has-black-color has-text-color has-link-color has-medium-font-size wp-elements-ddb5f118af90dd2a0eac9afb859b2205\"><strong>Responsabilidad y deber como gu\u00edas de acci\u00f3n<\/strong><\/p>\n\n\n\n<p class=\"has-black-color has-text-color has-link-color wp-elements-c0218ea7ea98b18e9428a0edc59dcece\">Cada acci\u00f3n se toma considerando las consecuencias para la comunidad y para s\u00ed mismos. Adem\u00e1s, el sentido del deber refuerza la importancia de la honestidad y la transparencia. De esta manera, las decisiones reflejan un equilibrio entre la obligaci\u00f3n moral y la empat\u00eda hacia los dem\u00e1s. Por consiguiente, los personajes aprenden a valorar tanto el bienestar individual como el colectivo. Asimismo, cada acto responsable contribuye a fortalecer la cohesi\u00f3n del grupo.<\/p>\n\n\n\n<p class=\"has-black-color has-text-color has-link-color has-medium-font-size wp-elements-ea6d4f77336e24e265466a4ab984d8aa\"><strong>La dignidad frente a la adversidad<\/strong><\/p>\n\n\n\n<p class=\"has-black-color has-text-color has-link-color wp-elements-7f017a737a59fd3f704f3199c9e36fc4\">Incluso en situaciones dif\u00edciles, los personajes mantienen su dignidad y respeto por los dem\u00e1s. Por lo tanto, la historia enfatiza que los valores \u00e9ticos no se abandonan ante la presi\u00f3n. Adem\u00e1s, la dignidad se convierte en un factor central para la resoluci\u00f3n de conflictos. De hecho, cada gesto de respeto y consideraci\u00f3n refuerza los v\u00ednculos entre los personajes. Asimismo, la integridad personal inspira a los dem\u00e1s a actuar con responsabilidad.<\/p>\n\n\n\n<p class=\"has-black-color has-text-color has-link-color has-medium-font-size wp-elements-bc135e1d37df29b11b103494ed3e4cca\"><strong>Colaboraci\u00f3n y civismo en acci\u00f3n<\/strong><\/p>\n\n\n\n<p class=\"has-black-color has-text-color has-link-color wp-elements-05d79915557b12a4e9e558c7ce622690\">El trabajo conjunto permite enfrentar los desaf\u00edos m\u00e1s complejos del bosque fronterizo. Adem\u00e1s, la cooperaci\u00f3n refuerza la cohesi\u00f3n del grupo y demuestra que los valores de civismo europeo son aplicables en contextos de tensi\u00f3n. Por consiguiente, la historia ilustra c\u00f3mo la uni\u00f3n y la solidaridad fortalecen a la comunidad. Asimismo, los personajes aprenden que compartir responsabilidades y apoyarse mutuamente genera mejores resultados. Incluso los peque\u00f1os actos de colaboraci\u00f3n tienen un impacto significativo en la convivencia.<\/p>\n\n\n\n<p class=\"has-black-color has-text-color has-link-color has-medium-font-size wp-elements-719f3c9fbbff776079ada47d04151ecf\"><strong>Un relato que refleja valores universales<\/strong><\/p>\n\n\n\n<p class=\"has-black-color has-text-color has-link-color wp-elements-472fe0b9e091fa5904ce648a81f7deac\">Finalmente, la pel\u00edcula conecta las decisiones personales con ideales universales de responsabilidad, deber y dignidad. Adem\u00e1s, inspira a los espectadores a valorar la importancia del civismo, la colaboraci\u00f3n y la integridad. Por lo tanto, los espectadores pueden reconocer c\u00f3mo la uni\u00f3n y los valores compartidos trascienden fronteras culturales. Asimismo, incluso los peque\u00f1os gestos de apoyo y solidaridad se convierten en lecciones universales. De hecho, la historia demuestra que la empat\u00eda, el compromiso y el trabajo en equipo son esenciales para el bienestar colectivo.<\/p>\n\n\n\n<p class=\"has-black-color has-text-color has-link-color wp-elements-a911168b5629402161531a9ee3f2e74c\"><strong>CC Valdebernardo<\/strong> 16\/10\/2025 <strong>18:00<\/strong><\/p>\n\n\n<div class=\"wp-block-image\">\n<figure class=\"aligncenter size-large\"><img decoding=\"async\" width=\"244\" height=\"360\" src=\"https:\/\/elojocojo.org\/wp-content\/uploads\/2025\/09\/frontera-verde-2-244x360.jpg\" alt=\"\" class=\"wp-image-72431\" srcset=\"https:\/\/elojocojo.org\/wp-content\/uploads\/2025\/09\/frontera-verde-2-244x360.jpg 244w, https:\/\/elojocojo.org\/wp-content\/uploads\/2025\/09\/frontera-verde-2-339x500.jpg 339w, https:\/\/elojocojo.org\/wp-content\/uploads\/2025\/09\/frontera-verde-2-271x400.jpg 271w, https:\/\/elojocojo.org\/wp-content\/uploads\/2025\/09\/frontera-verde-2.jpg 590w\" sizes=\"(max-width: 244px) 100vw, 244px\" \/><\/figure>\n<\/div>\n\n\n<p class=\"has-black-color has-text-color has-link-color has-medium-font-size wp-elements-d6687077e3612c31d957569d5ac1f579\"><strong>Palmar\u00e9s<\/strong><\/p>\n\n\n\n<p class=\"has-black-color has-text-color has-link-color wp-elements-eaefedc3ba8a7d688afd64f3f3c236de\">2023:<\/p>\n\n\n\n<ul class=\"wp-block-list\">\n<li class=\"has-black-color has-text-color has-link-color wp-elements-6793f4cda567cfe7a74dc2ab70d00319\">Festival de Cine de Venecia:\n<ul class=\"wp-block-list\">\n<li>Premio Especial del Jurado<\/li>\n\n\n\n<li>Premio ARCA CinemaGiovani al Mejor Film de la Competencia Venezia 80<\/li>\n\n\n\n<li>Premio CinemaSar\u00e0<\/li>\n\n\n\n<li>Premio Green Drop Award<\/li>\n\n\n\n<li>Premio Leoncino d\u2019Oro \u2013 Cinema for UNICEF<\/li>\n\n\n\n<li>Premio Sorriso Diverso Venezia al Mejor Film Extranjero<\/li>\n\n\n\n<li>Premio UNIMED al Cine por la Diversidad Cultural<\/li>\n<\/ul>\n<\/li>\n\n\n\n<li class=\"has-black-color has-text-color has-link-color wp-elements-4e228638997fc57f40a8f1e6031d4dcd\">Festival Internacional de Cine de R\u00f3terdam: Premio del P\u00fablico<\/li>\n<\/ul>\n\n\n\n<p class=\"has-black-color has-text-color has-link-color wp-elements-96db0ca4f4745e323735194df1a49d39\">2024:<\/p>\n\n\n\n<ul class=\"wp-block-list\">\n<li class=\"has-black-color has-text-color has-link-color wp-elements-3d4ff3add40b2d2ae3238cdf34b34668\">Premios del Cine Polaco (\u00c1guilas del Cine Polaco):\n<ul class=\"wp-block-list\">\n<li>Mejor Pel\u00edcula<\/li>\n\n\n\n<li>Premio del P\u00fablico<\/li>\n\n\n\n<li>Mejor Sonido (Roman Dymny)<\/li>\n<\/ul>\n<\/li>\n\n\n\n<li class=\"has-black-color has-text-color has-link-color wp-elements-fbc4cfe48ae8153ce2dfe3919d203de2\">Festival de Cine de Gdynia:\n<ul class=\"wp-block-list\">\n<li>Le\u00f3n de Oro \u2013 Gran Premio<\/li>\n\n\n\n<li>Le\u00f3n de Oro \u2013 Premio del P\u00fablico<\/li>\n\n\n\n<li>Mejor Sonido (Roman Dymny)<\/li>\n<\/ul>\n<\/li>\n\n\n\n<li class=\"has-black-color has-text-color has-link-color wp-elements-3d4ff3add40b2d2ae3238cdf34b34668\">Premios del Cine Polaco (\u00c1guilas del Cine Polaco):\n<ul class=\"wp-block-list\">\n<li>Mejor Pel\u00edcula<\/li>\n\n\n\n<li>Premio del P\u00fablico<\/li>\n\n\n\n<li>Mejor Sonido (Roman Dymny)<\/li>\n<\/ul>\n<\/li>\n\n\n\n<li class=\"has-black-color has-text-color has-link-color wp-elements-175925ae672f1a01d27d7639a9f2817f\">Festival de Cine y Foro de Derechos Humanos (FIFDH): Premio del Jurado Joven \u2013 Competencia de Ficci\u00f3n<\/li>\n<\/ul>\n\n\n\n<p class=\"has-black-color has-text-color has-link-color wp-elements-95149d3484e2d6fc806361316f456c0f\">2025:<\/p>\n\n\n\n<ul class=\"wp-block-list\">\n<li class=\"has-black-color has-text-color has-link-color wp-elements-3bb0b6b4e109099aee7af2a9cc1dd080\">Premios Magritte: Mejor M\u00fasica Original (Fr\u00e9d\u00e9ric Vercheval)<\/li>\n<\/ul>\n\n\n\n<p class=\"has-black-color has-text-color has-link-color wp-elements-786b5cb254738b2edd0368c5f22390c0\">Visita nuestro <a href=\"https:\/\/elojocojo.org\/bienvenida\/cineu\/\">blog<\/a><\/p>\n","protected":false},"excerpt":{"rendered":"<p>La historia resalta c\u00f3mo la responsabilidad, el deber y la dignidad refuerzan valores europeos de civismo y colaboraci\u00f3n. Cada elecci\u00f3n refleja la tensi\u00f3n entre la moral personal y las exigencias de la comunidad, mostrando un panorama de retos y aprendizajes compartidos.<\/p>\n","protected":false},"author":73,"featured_media":72430,"comment_status":"closed","ping_status":"closed","sticky":false,"template":"","format":"standard","meta":{"_monsterinsights_skip_tracking":false,"_monsterinsights_sitenote_active":false,"_monsterinsights_sitenote_note":"","_monsterinsights_sitenote_category":0,"footnotes":""},"categories":[2392],"tags":[2089,941,1434,881,2384,998,1086,74],"class_list":{"0":"post-72201","1":"post","2":"type-post","3":"status-publish","4":"format-standard","5":"has-post-thumbnail","7":"category-cineu","8":"tag-2089","9":"tag-cine","10":"tag-conflicto","11":"tag-desplazados","12":"tag-frontera","13":"tag-interculturalidad","14":"tag-paz-y-justicia-e-instituciones-solidas","15":"tag-solidaridad","16":"czr-hentry"},"yoast_head":"<!-- This site is optimized with the Yoast SEO plugin v27.1.1 - https:\/\/yoast.com\/product\/yoast-seo-wordpress\/ -->\n<title>Frontera verde - el ojO cojo<\/title>\n<meta name=\"description\" content=\"C\u00f3mo la responsabilidad, el deber y la dignidad refuerzan valores europeos de civismo y colaboraci\u00f3n. Dirigida por Agnieszka Holland.\" \/>\n<meta name=\"robots\" content=\"index, follow, max-snippet:-1, max-image-preview:large, max-video-preview:-1\" \/>\n<link rel=\"canonical\" href=\"https:\/\/elojocojo.org\/frontera-verde\/\" \/>\n<meta property=\"og:locale\" content=\"es_ES\" \/>\n<meta property=\"og:type\" content=\"article\" \/>\n<meta property=\"og:title\" content=\"Frontera verde - el ojO cojo\" \/>\n<meta property=\"og:description\" content=\"C\u00f3mo la responsabilidad, el deber y la dignidad refuerzan valores europeos de civismo y colaboraci\u00f3n. Dirigida por Agnieszka Holland.\" \/>\n<meta property=\"og:url\" content=\"https:\/\/elojocojo.org\/frontera-verde\/\" \/>\n<meta property=\"og:site_name\" content=\"el ojO cojo\" \/>\n<meta property=\"article:publisher\" content=\"https:\/\/www.facebook.com\/elojocojo\" \/>\n<meta property=\"article:published_time\" content=\"2025-09-25T13:23:13+00:00\" \/>\n<meta property=\"article:modified_time\" content=\"2025-10-09T15:10:00+00:00\" \/>\n<meta property=\"og:image\" content=\"https:\/\/elojocojo.org\/wp-content\/uploads\/2025\/09\/frontera-verde-1.jpg\" \/>\n\t<meta property=\"og:image:width\" content=\"1218\" \/>\n\t<meta property=\"og:image:height\" content=\"815\" \/>\n\t<meta property=\"og:image:type\" content=\"image\/jpeg\" \/>\n<meta name=\"author\" content=\"Pastora Laguna\" \/>\n<meta name=\"twitter:card\" content=\"summary_large_image\" \/>\n<meta name=\"twitter:creator\" content=\"@elojocojo\" \/>\n<meta name=\"twitter:site\" content=\"@elojocojo\" \/>\n<meta name=\"twitter:label1\" content=\"Escrito por\" \/>\n\t<meta name=\"twitter:data1\" content=\"Pastora Laguna\" \/>\n\t<meta name=\"twitter:label2\" content=\"Tiempo de lectura\" \/>\n\t<meta name=\"twitter:data2\" content=\"3 minutos\" \/>\n<script type=\"application\/ld+json\" class=\"yoast-schema-graph\">{\"@context\":\"https:\/\/schema.org\",\"@graph\":[{\"@type\":\"Article\",\"@id\":\"https:\/\/elojocojo.org\/frontera-verde\/#article\",\"isPartOf\":{\"@id\":\"https:\/\/elojocojo.org\/frontera-verde\/\"},\"author\":{\"name\":\"Pastora Laguna\",\"@id\":\"https:\/\/elojocojo.org\/#\/schema\/person\/0eebd75cb4d855e3f2b18abd9f7b9876\"},\"headline\":\"Frontera verde\",\"datePublished\":\"2025-09-25T13:23:13+00:00\",\"dateModified\":\"2025-10-09T15:10:00+00:00\",\"mainEntityOfPage\":{\"@id\":\"https:\/\/elojocojo.org\/frontera-verde\/\"},\"wordCount\":626,\"publisher\":{\"@id\":\"https:\/\/elojocojo.org\/#organization\"},\"image\":{\"@id\":\"https:\/\/elojocojo.org\/frontera-verde\/#primaryimage\"},\"thumbnailUrl\":\"https:\/\/elojocojo.org\/wp-content\/uploads\/2025\/09\/frontera-verde-1.jpg\",\"keywords\":[\"2023\",\"cine\",\"conflicto\",\"Desplazados\",\"frontera\",\"interculturalidad\",\"Paz y justicia e instituciones s\u00f3lidas\",\"solidaridad\"],\"articleSection\":[\"CINEU\"],\"inLanguage\":\"es\"},{\"@type\":\"WebPage\",\"@id\":\"https:\/\/elojocojo.org\/frontera-verde\/\",\"url\":\"https:\/\/elojocojo.org\/frontera-verde\/\",\"name\":\"Frontera verde - el ojO cojo\",\"isPartOf\":{\"@id\":\"https:\/\/elojocojo.org\/#website\"},\"primaryImageOfPage\":{\"@id\":\"https:\/\/elojocojo.org\/frontera-verde\/#primaryimage\"},\"image\":{\"@id\":\"https:\/\/elojocojo.org\/frontera-verde\/#primaryimage\"},\"thumbnailUrl\":\"https:\/\/elojocojo.org\/wp-content\/uploads\/2025\/09\/frontera-verde-1.jpg\",\"datePublished\":\"2025-09-25T13:23:13+00:00\",\"dateModified\":\"2025-10-09T15:10:00+00:00\",\"description\":\"C\u00f3mo la responsabilidad, el deber y la dignidad refuerzan valores europeos de civismo y colaboraci\u00f3n. Dirigida por Agnieszka Holland.\",\"breadcrumb\":{\"@id\":\"https:\/\/elojocojo.org\/frontera-verde\/#breadcrumb\"},\"inLanguage\":\"es\",\"potentialAction\":[{\"@type\":\"ReadAction\",\"target\":[\"https:\/\/elojocojo.org\/frontera-verde\/\"]}]},{\"@type\":\"ImageObject\",\"inLanguage\":\"es\",\"@id\":\"https:\/\/elojocojo.org\/frontera-verde\/#primaryimage\",\"url\":\"https:\/\/elojocojo.org\/wp-content\/uploads\/2025\/09\/frontera-verde-1.jpg\",\"contentUrl\":\"https:\/\/elojocojo.org\/wp-content\/uploads\/2025\/09\/frontera-verde-1.jpg\",\"width\":1218,\"height\":815},{\"@type\":\"BreadcrumbList\",\"@id\":\"https:\/\/elojocojo.org\/frontera-verde\/#breadcrumb\",\"itemListElement\":[{\"@type\":\"ListItem\",\"position\":1,\"name\":\"Portada\",\"item\":\"https:\/\/elojocojo.org\/\"},{\"@type\":\"ListItem\",\"position\":2,\"name\":\"2023\",\"item\":\"https:\/\/elojocojo.org\/tag\/2023\/\"},{\"@type\":\"ListItem\",\"position\":3,\"name\":\"Frontera verde\"}]},{\"@type\":\"WebSite\",\"@id\":\"https:\/\/elojocojo.org\/#website\",\"url\":\"https:\/\/elojocojo.org\/\",\"name\":\"el ojO cojo\",\"description\":\"Todos estamos hechos de la misma esencia\",\"publisher\":{\"@id\":\"https:\/\/elojocojo.org\/#organization\"},\"potentialAction\":[{\"@type\":\"SearchAction\",\"target\":{\"@type\":\"EntryPoint\",\"urlTemplate\":\"https:\/\/elojocojo.org\/?s={search_term_string}\"},\"query-input\":{\"@type\":\"PropertyValueSpecification\",\"valueRequired\":true,\"valueName\":\"search_term_string\"}}],\"inLanguage\":\"es\"},{\"@type\":\"Organization\",\"@id\":\"https:\/\/elojocojo.org\/#organization\",\"name\":\"Meigas da r\u00faa\",\"url\":\"https:\/\/elojocojo.org\/\",\"logo\":{\"@type\":\"ImageObject\",\"inLanguage\":\"es\",\"@id\":\"https:\/\/elojocojo.org\/#\/schema\/logo\/image\/\",\"url\":\"https:\/\/meigasdarua.org\/wp-content\/uploads\/2020\/09\/cropped-logo-meigas-5.png\",\"contentUrl\":\"https:\/\/meigasdarua.org\/wp-content\/uploads\/2020\/09\/cropped-logo-meigas-5.png\",\"width\":109,\"height\":200,\"caption\":\"Meigas da r\u00faa\"},\"image\":{\"@id\":\"https:\/\/elojocojo.org\/#\/schema\/logo\/image\/\"},\"sameAs\":[\"https:\/\/www.facebook.com\/elojocojo\",\"https:\/\/x.com\/elojocojo\",\"https:\/\/www.instagram.com\/elojocojo\/?hl=es\",\"https:\/\/www.linkedin.com\/in\/el-ojo-cojo-b52b7769\/\",\"https:\/\/www.pinterest.es\/elojocojo\/_saved\/\",\"https:\/\/www.youtube.com\/channel\/UCkFtFTV0Bms7zH7vq8FZxZg\"]},{\"@type\":\"Person\",\"@id\":\"https:\/\/elojocojo.org\/#\/schema\/person\/0eebd75cb4d855e3f2b18abd9f7b9876\",\"name\":\"Pastora Laguna\",\"url\":\"https:\/\/elojocojo.org\/author\/pastora\/\"}]}<\/script>\n<!-- \/ Yoast SEO plugin. -->","yoast_head_json":{"title":"Frontera verde - el ojO cojo","description":"C\u00f3mo la responsabilidad, el deber y la dignidad refuerzan valores europeos de civismo y colaboraci\u00f3n. Dirigida por Agnieszka Holland.","robots":{"index":"index","follow":"follow","max-snippet":"max-snippet:-1","max-image-preview":"max-image-preview:large","max-video-preview":"max-video-preview:-1"},"canonical":"https:\/\/elojocojo.org\/frontera-verde\/","og_locale":"es_ES","og_type":"article","og_title":"Frontera verde - el ojO cojo","og_description":"C\u00f3mo la responsabilidad, el deber y la dignidad refuerzan valores europeos de civismo y colaboraci\u00f3n. Dirigida por Agnieszka Holland.","og_url":"https:\/\/elojocojo.org\/frontera-verde\/","og_site_name":"el ojO cojo","article_publisher":"https:\/\/www.facebook.com\/elojocojo","article_published_time":"2025-09-25T13:23:13+00:00","article_modified_time":"2025-10-09T15:10:00+00:00","og_image":[{"width":1218,"height":815,"url":"https:\/\/elojocojo.org\/wp-content\/uploads\/2025\/09\/frontera-verde-1.jpg","type":"image\/jpeg"}],"author":"Pastora Laguna","twitter_card":"summary_large_image","twitter_creator":"@elojocojo","twitter_site":"@elojocojo","twitter_misc":{"Escrito por":"Pastora Laguna","Tiempo de lectura":"3 minutos"},"schema":{"@context":"https:\/\/schema.org","@graph":[{"@type":"Article","@id":"https:\/\/elojocojo.org\/frontera-verde\/#article","isPartOf":{"@id":"https:\/\/elojocojo.org\/frontera-verde\/"},"author":{"name":"Pastora Laguna","@id":"https:\/\/elojocojo.org\/#\/schema\/person\/0eebd75cb4d855e3f2b18abd9f7b9876"},"headline":"Frontera verde","datePublished":"2025-09-25T13:23:13+00:00","dateModified":"2025-10-09T15:10:00+00:00","mainEntityOfPage":{"@id":"https:\/\/elojocojo.org\/frontera-verde\/"},"wordCount":626,"publisher":{"@id":"https:\/\/elojocojo.org\/#organization"},"image":{"@id":"https:\/\/elojocojo.org\/frontera-verde\/#primaryimage"},"thumbnailUrl":"https:\/\/elojocojo.org\/wp-content\/uploads\/2025\/09\/frontera-verde-1.jpg","keywords":["2023","cine","conflicto","Desplazados","frontera","interculturalidad","Paz y justicia e instituciones s\u00f3lidas","solidaridad"],"articleSection":["CINEU"],"inLanguage":"es"},{"@type":"WebPage","@id":"https:\/\/elojocojo.org\/frontera-verde\/","url":"https:\/\/elojocojo.org\/frontera-verde\/","name":"Frontera verde - el ojO cojo","isPartOf":{"@id":"https:\/\/elojocojo.org\/#website"},"primaryImageOfPage":{"@id":"https:\/\/elojocojo.org\/frontera-verde\/#primaryimage"},"image":{"@id":"https:\/\/elojocojo.org\/frontera-verde\/#primaryimage"},"thumbnailUrl":"https:\/\/elojocojo.org\/wp-content\/uploads\/2025\/09\/frontera-verde-1.jpg","datePublished":"2025-09-25T13:23:13+00:00","dateModified":"2025-10-09T15:10:00+00:00","description":"C\u00f3mo la responsabilidad, el deber y la dignidad refuerzan valores europeos de civismo y colaboraci\u00f3n. Dirigida por Agnieszka Holland.","breadcrumb":{"@id":"https:\/\/elojocojo.org\/frontera-verde\/#breadcrumb"},"inLanguage":"es","potentialAction":[{"@type":"ReadAction","target":["https:\/\/elojocojo.org\/frontera-verde\/"]}]},{"@type":"ImageObject","inLanguage":"es","@id":"https:\/\/elojocojo.org\/frontera-verde\/#primaryimage","url":"https:\/\/elojocojo.org\/wp-content\/uploads\/2025\/09\/frontera-verde-1.jpg","contentUrl":"https:\/\/elojocojo.org\/wp-content\/uploads\/2025\/09\/frontera-verde-1.jpg","width":1218,"height":815},{"@type":"BreadcrumbList","@id":"https:\/\/elojocojo.org\/frontera-verde\/#breadcrumb","itemListElement":[{"@type":"ListItem","position":1,"name":"Portada","item":"https:\/\/elojocojo.org\/"},{"@type":"ListItem","position":2,"name":"2023","item":"https:\/\/elojocojo.org\/tag\/2023\/"},{"@type":"ListItem","position":3,"name":"Frontera verde"}]},{"@type":"WebSite","@id":"https:\/\/elojocojo.org\/#website","url":"https:\/\/elojocojo.org\/","name":"el ojO cojo","description":"Todos estamos hechos de la misma esencia","publisher":{"@id":"https:\/\/elojocojo.org\/#organization"},"potentialAction":[{"@type":"SearchAction","target":{"@type":"EntryPoint","urlTemplate":"https:\/\/elojocojo.org\/?s={search_term_string}"},"query-input":{"@type":"PropertyValueSpecification","valueRequired":true,"valueName":"search_term_string"}}],"inLanguage":"es"},{"@type":"Organization","@id":"https:\/\/elojocojo.org\/#organization","name":"Meigas da r\u00faa","url":"https:\/\/elojocojo.org\/","logo":{"@type":"ImageObject","inLanguage":"es","@id":"https:\/\/elojocojo.org\/#\/schema\/logo\/image\/","url":"https:\/\/meigasdarua.org\/wp-content\/uploads\/2020\/09\/cropped-logo-meigas-5.png","contentUrl":"https:\/\/meigasdarua.org\/wp-content\/uploads\/2020\/09\/cropped-logo-meigas-5.png","width":109,"height":200,"caption":"Meigas da r\u00faa"},"image":{"@id":"https:\/\/elojocojo.org\/#\/schema\/logo\/image\/"},"sameAs":["https:\/\/www.facebook.com\/elojocojo","https:\/\/x.com\/elojocojo","https:\/\/www.instagram.com\/elojocojo\/?hl=es","https:\/\/www.linkedin.com\/in\/el-ojo-cojo-b52b7769\/","https:\/\/www.pinterest.es\/elojocojo\/_saved\/","https:\/\/www.youtube.com\/channel\/UCkFtFTV0Bms7zH7vq8FZxZg"]},{"@type":"Person","@id":"https:\/\/elojocojo.org\/#\/schema\/person\/0eebd75cb4d855e3f2b18abd9f7b9876","name":"Pastora Laguna","url":"https:\/\/elojocojo.org\/author\/pastora\/"}]}},"_links":{"self":[{"href":"https:\/\/elojocojo.org\/wp-json\/wp\/v2\/posts\/72201","targetHints":{"allow":["GET"]}}],"collection":[{"href":"https:\/\/elojocojo.org\/wp-json\/wp\/v2\/posts"}],"about":[{"href":"https:\/\/elojocojo.org\/wp-json\/wp\/v2\/types\/post"}],"author":[{"embeddable":true,"href":"https:\/\/elojocojo.org\/wp-json\/wp\/v2\/users\/73"}],"replies":[{"embeddable":true,"href":"https:\/\/elojocojo.org\/wp-json\/wp\/v2\/comments?post=72201"}],"version-history":[{"count":7,"href":"https:\/\/elojocojo.org\/wp-json\/wp\/v2\/posts\/72201\/revisions"}],"predecessor-version":[{"id":76348,"href":"https:\/\/elojocojo.org\/wp-json\/wp\/v2\/posts\/72201\/revisions\/76348"}],"wp:featuredmedia":[{"embeddable":true,"href":"https:\/\/elojocojo.org\/wp-json\/wp\/v2\/media\/72430"}],"wp:attachment":[{"href":"https:\/\/elojocojo.org\/wp-json\/wp\/v2\/media?parent=72201"}],"wp:term":[{"taxonomy":"category","embeddable":true,"href":"https:\/\/elojocojo.org\/wp-json\/wp\/v2\/categories?post=72201"},{"taxonomy":"post_tag","embeddable":true,"href":"https:\/\/elojocojo.org\/wp-json\/wp\/v2\/tags?post=72201"}],"curies":[{"name":"wp","href":"https:\/\/api.w.org\/{rel}","templated":true}]}}