{"id":6557,"date":"2011-09-06T01:23:27","date_gmt":"2011-09-06T08:23:27","guid":{"rendered":"http:\/\/www.elojocojo.org\/blog2\/?p=6557"},"modified":"2025-09-19T10:28:52","modified_gmt":"2025-09-19T08:28:52","slug":"ellas-documental","status":"publish","type":"post","link":"https:\/\/elojocojo.org\/ellas-documental\/","title":{"rendered":"Ella(s)"},"content":{"rendered":"\n<figure class=\"wp-block-embed is-type-video is-provider-youtube wp-block-embed-youtube wp-embed-aspect-4-3 wp-has-aspect-ratio\"><div class=\"wp-block-embed__wrapper\">\n<iframe title=\"ELLA(s) (trailer)\" width=\"1140\" height=\"855\" src=\"https:\/\/www.youtube.com\/embed\/SPnv1FCiVJA?feature=oembed\" frameborder=\"0\" allow=\"accelerometer; autoplay; clipboard-write; encrypted-media; gyroscope; picture-in-picture; web-share\" referrerpolicy=\"strict-origin-when-cross-origin\" allowfullscreen><\/iframe>\n<\/div><\/figure>\n\n\n<p><strong>T\u00cdTULO ORIGINAL:<\/strong> Ellas<br \/><strong>A\u00d1O:<\/strong> 2010<br \/><strong>DIRECTOR:<\/strong> DAVID BAUTE<br \/><strong>G\u00c9NERO:<\/strong> Documental<br \/><strong>DURACI\u00d3N:<\/strong> 73&#8242;<br \/><strong>PA\u00cdS:<\/strong> Espa\u00f1a<br \/><strong>FORMATO ORIGINAL: <\/strong>HD<br \/><strong>IDIOMA ORIGINAL:<\/strong> Castellano<br \/><strong>SUBT\u00cdTULOS:<\/strong> Ingl\u00e9s<br \/><strong>INT\u00c9RPRETES:<\/strong> Silvia Munt, Marta Aura, Paola Bontempi<br \/><strong>PRODUCCI\u00d3N:<\/strong> David Baute, Yvonne Rouco<br \/><strong>GUI\u00d3N:<\/strong> Dan David Baute<br \/><strong>EDICI\u00d3N\/MONTAJE:<\/strong> Alejandro Lazaro<br \/><strong>DIRECCI\u00d3N DE FOTOGRAF\u00cdA:<\/strong> Neus Olle<br \/><strong>SONIDO:<\/strong> Cristian Johanssen<br \/><strong>M\u00daSICA:<\/strong> Juan Pablo Compaires<\/p>\n<h2 class=\"\" data-start=\"300\" data-end=\"348\">Ella(s): Tras la huella de Mercedes Pinto<\/h2>\n<h3><strong data-start=\"186\" data-end=\"198\">Sinopsis<\/strong><\/h3>\n<p class=\"\" data-start=\"200\" data-end=\"669\">Ella(s) es un documental que sigue los pasos de tres mujeres \u2014una estudiante, una periodista y una escritora\u2014 en la b\u00fasqueda de una figura clave: <strong data-start=\"346\" data-end=\"364\">Mercedes Pinto<\/strong>. Esta obra reconstruye la memoria de una de las voces m\u00e1s relevantes en la defensa de los derechos de la mujer en el mundo hispano. A lo largo del recorrido, las protagonistas descubren no solo la vida y obra de Pinto, sino tambi\u00e9n los desaf\u00edos que enfrent\u00f3 como mujer rebelde, madre y autora silenciada.<\/p>\n<h3 data-start=\"200\" data-end=\"669\"><strong data-start=\"671\" data-end=\"702\">Un viaje entre generaciones<\/strong><\/h3>\n<p class=\"\" data-start=\"704\" data-end=\"1058\">Desde distintos rincones del presente, las protagonistas se sumergen en archivos, cartas, calles y recuerdos para rescatar la historia de quien luch\u00f3 contra la violencia de g\u00e9nero y denunci\u00f3 los abusos de un sistema opresor. A trav\u00e9s de entrevistas, diarios y fragmentos literarios, el documental conecta el pasado con las luchas actuales de las mujeres.<\/p>\n<h3 data-start=\"704\" data-end=\"1058\"><strong data-start=\"1060\" data-end=\"1092\">Memoria, justicia y palabras<\/strong><\/h3>\n<p class=\"\" data-start=\"1094\" data-end=\"1384\">Mercedes Pinto fue pionera. Su valent\u00eda al escribir \u00ab\u00c9l\u00bb, una denuncia autobiogr\u00e1fica sobre el maltrato conyugal, la convirti\u00f3 en referente. El filme no solo rinde homenaje a su legado, sino que tambi\u00e9n propone una reflexi\u00f3n cr\u00edtica sobre c\u00f3mo la historia invisibiliza a quienes se rebelan.<\/p>\n<h2 class=\"\" data-start=\"1518\" data-end=\"1549\">Palmar\u00e9s<\/h2>\n<ul>\n<li class=\"\" data-start=\"1915\" data-end=\"2000\">\n<p class=\"\" data-start=\"1917\" data-end=\"2000\"><strong data-start=\"1917\" data-end=\"1973\">Festival de Cine Latinoamericano de Trieste (Italia)<\/strong> \u2014 Premio Malvinas (2010)<\/p>\n<\/li>\n<li class=\"\" data-start=\"2001\" data-end=\"2056\">\n<p class=\"\" data-start=\"2003\" data-end=\"2056\"><a href=\"https:\/\/elojocojo.org\/category\/festival-2011\/\"><strong data-start=\"2003\" data-end=\"2027\">Festival el ojO cojo<\/strong><\/a> \u2014 Selecci\u00f3n oficial <a href=\"https:\/\/elojocojo.org\/category\/festival-2011\/\">(2011)<\/a><\/p>\n<\/li>\n<\/ul>\n<p class=\"\" data-start=\"1551\" data-end=\"1812\"><em data-start=\"1551\" data-end=\"1567\">Mercedes Pinto<\/em> fue galardonado con el <strong data-start=\"1591\" data-end=\"1610\">Premio Malvinas<\/strong> en el Festival de Cine Latinoamericano de Trieste, Italia. Este reconocimiento internacional confirma el valor cinematogr\u00e1fico y social de una obra que invita a reflexionar, recordar y seguir luchando.<\/p>\n\n\n<p>Visita nuestro <strong><a href=\"https:\/\/el-ojocojo.blogspot.com\/\">blog<\/a><\/strong>.<\/p>\n\n\n\n<p><\/p>\n","protected":false},"excerpt":{"rendered":"<p>T\u00cdTULO ORIGINAL: EllasA\u00d1O: 2010DIRECTOR: DAVID BAUTEG\u00c9NERO: DocumentalDURACI\u00d3N: 73&#8242;PA\u00cdS: Espa\u00f1aFORMATO ORIGINAL: HDIDIOMA ORIGINAL: CastellanoSUBT\u00cdTULOS: Ingl\u00e9sINT\u00c9RPRETES: Silvia Munt, Marta Aura, Paola BontempiPRODUCCI\u00d3N: David Baute, Yvonne RoucoGUI\u00d3N: Dan David BauteEDICI\u00d3N\/MONTAJE: Alejandro LazaroDIRECCI\u00d3N DE FOTOGRAF\u00cdA: Neus OlleSONIDO: Cristian JohanssenM\u00daSICA: Juan Pablo Compaires Ella(s): Tras la huella de Mercedes Pinto Sinopsis Ella(s) es un documental que sigue los pasos de [&hellip;]<\/p>\n","protected":false},"author":3,"featured_media":25402,"comment_status":"closed","ping_status":"closed","sticky":false,"template":"","format":"standard","meta":{"_monsterinsights_skip_tracking":false,"_monsterinsights_sitenote_active":false,"_monsterinsights_sitenote_note":"","_monsterinsights_sitenote_category":0,"footnotes":""},"categories":[2053,4],"tags":[2080,1126,1836,1193,1272,995,1258,138,2119,929,1981,1982,2187,1060,2118,1142,1023,91,926],"class_list":{"0":"post-6557","1":"post","2":"type-post","3":"status-publish","4":"format-standard","5":"has-post-thumbnail","7":"category-documental","8":"category-festival-2011","9":"tag-2080","10":"tag-alianzas-para-lograr-objetivos","11":"tag-denuncia-social","12":"tag-derechos-humanos","13":"tag-discriminacion-sexual","14":"tag-educacion","15":"tag-empoderamiento","16":"tag-espana","17":"tag-espanol","18":"tag-feminismo","19":"tag-festival-de-cine","20":"tag-festival-el-ojo-cojo","21":"tag-igualdad","22":"tag-igualdad-de-genero","23":"tag-ingles","24":"tag-machismo","25":"tag-memoria-historica","26":"tag-mujer","27":"tag-violencia-de-genero","28":"czr-hentry"},"yoast_head":"<!-- This site is optimized with the Yoast SEO plugin v27.1.1 - https:\/\/yoast.com\/product\/yoast-seo-wordpress\/ -->\n<title>Ella(s) - el ojO cojo<\/title>\n<meta name=\"description\" content=\"Pel\u00edcula Ella(s) exhibida en la edici\u00f3n 2011 del Festival el ojO cojo. Pa\u00eds de origen, Espa\u00f1a. Dirigido por David Baute.\" \/>\n<meta name=\"robots\" content=\"index, follow, max-snippet:-1, max-image-preview:large, max-video-preview:-1\" \/>\n<link rel=\"canonical\" href=\"https:\/\/elojocojo.org\/ellas-documental\/\" \/>\n<meta property=\"og:locale\" content=\"es_ES\" \/>\n<meta property=\"og:type\" content=\"article\" \/>\n<meta property=\"og:title\" content=\"Ella(s) - el ojO cojo\" \/>\n<meta property=\"og:description\" content=\"Pel\u00edcula Ella(s) exhibida en la edici\u00f3n 2011 del Festival el ojO cojo. Pa\u00eds de origen, Espa\u00f1a. Dirigido por David Baute.\" \/>\n<meta property=\"og:url\" content=\"https:\/\/elojocojo.org\/ellas-documental\/\" \/>\n<meta property=\"og:site_name\" content=\"el ojO cojo\" \/>\n<meta property=\"article:publisher\" content=\"https:\/\/www.facebook.com\/elojocojo\" \/>\n<meta property=\"article:published_time\" content=\"2011-09-06T08:23:27+00:00\" \/>\n<meta property=\"article:modified_time\" content=\"2025-09-19T08:28:52+00:00\" \/>\n<meta property=\"og:image\" content=\"https:\/\/elojocojo.org\/wp-content\/uploads\/2011\/09\/ellas.jpg\" \/>\n\t<meta property=\"og:image:width\" content=\"1670\" \/>\n\t<meta property=\"og:image:height\" content=\"2362\" \/>\n\t<meta property=\"og:image:type\" content=\"image\/jpeg\" \/>\n<meta name=\"twitter:card\" content=\"summary_large_image\" \/>\n<meta name=\"twitter:creator\" content=\"@elojocojo\" \/>\n<meta name=\"twitter:site\" content=\"@elojocojo\" \/>\n<meta name=\"twitter:label1\" content=\"Escrito por\" \/>\n\t<meta name=\"twitter:data1\" content=\"\" \/>\n\t<meta name=\"twitter:label2\" content=\"Tiempo de lectura\" \/>\n\t<meta name=\"twitter:data2\" content=\"2 minutos\" \/>\n<script type=\"application\/ld+json\" class=\"yoast-schema-graph\">{\"@context\":\"https:\/\/schema.org\",\"@graph\":[{\"@type\":\"Article\",\"@id\":\"https:\/\/elojocojo.org\/ellas-documental\/#article\",\"isPartOf\":{\"@id\":\"https:\/\/elojocojo.org\/ellas-documental\/\"},\"author\":{\"name\":\"\",\"@id\":\"\"},\"headline\":\"Ella(s)\",\"datePublished\":\"2011-09-06T08:23:27+00:00\",\"dateModified\":\"2025-09-19T08:28:52+00:00\",\"mainEntityOfPage\":{\"@id\":\"https:\/\/elojocojo.org\/ellas-documental\/\"},\"wordCount\":346,\"publisher\":{\"@id\":\"https:\/\/elojocojo.org\/#organization\"},\"image\":{\"@id\":\"https:\/\/elojocojo.org\/ellas-documental\/#primaryimage\"},\"thumbnailUrl\":\"https:\/\/elojocojo.org\/wp-content\/uploads\/2011\/09\/ellas.jpg\",\"keywords\":[\"2011\",\"Alianzas para lograr objetivos\",\"denuncia social\",\"Derechos Humanos\",\"discriminaci\u00f3n sexual\",\"educaci\u00f3n\",\"empoderamiento\",\"Espa\u00f1a\",\"espa\u00f1ol\",\"feminismo\",\"festival de cine\",\"Festival el Ojo cojo\",\"igualdad\",\"igualdad de g\u00e9nero\",\"ingl\u00e9s\",\"machismo\",\"memoria hist\u00f3rica\",\"mujer\",\"violencia de g\u00e9nero\"],\"articleSection\":[\"Documental\",\"Festival 2011\"],\"inLanguage\":\"es\"},{\"@type\":\"WebPage\",\"@id\":\"https:\/\/elojocojo.org\/ellas-documental\/\",\"url\":\"https:\/\/elojocojo.org\/ellas-documental\/\",\"name\":\"Ella(s) - el ojO cojo\",\"isPartOf\":{\"@id\":\"https:\/\/elojocojo.org\/#website\"},\"primaryImageOfPage\":{\"@id\":\"https:\/\/elojocojo.org\/ellas-documental\/#primaryimage\"},\"image\":{\"@id\":\"https:\/\/elojocojo.org\/ellas-documental\/#primaryimage\"},\"thumbnailUrl\":\"https:\/\/elojocojo.org\/wp-content\/uploads\/2011\/09\/ellas.jpg\",\"datePublished\":\"2011-09-06T08:23:27+00:00\",\"dateModified\":\"2025-09-19T08:28:52+00:00\",\"description\":\"Pel\u00edcula Ella(s) exhibida en la edici\u00f3n 2011 del Festival el ojO cojo. Pa\u00eds de origen, Espa\u00f1a. Dirigido por David Baute.\",\"breadcrumb\":{\"@id\":\"https:\/\/elojocojo.org\/ellas-documental\/#breadcrumb\"},\"inLanguage\":\"es\",\"potentialAction\":[{\"@type\":\"ReadAction\",\"target\":[\"https:\/\/elojocojo.org\/ellas-documental\/\"]}]},{\"@type\":\"ImageObject\",\"inLanguage\":\"es\",\"@id\":\"https:\/\/elojocojo.org\/ellas-documental\/#primaryimage\",\"url\":\"https:\/\/elojocojo.org\/wp-content\/uploads\/2011\/09\/ellas.jpg\",\"contentUrl\":\"https:\/\/elojocojo.org\/wp-content\/uploads\/2011\/09\/ellas.jpg\",\"width\":1670,\"height\":2362,\"caption\":\"Cartel del documental Ella(s), con el rostro de una mujer iluminado en tonos amarillos y negros, destacando los nombres de Silvia Munt, Marta Aura y Paola Bontempi.\"},{\"@type\":\"BreadcrumbList\",\"@id\":\"https:\/\/elojocojo.org\/ellas-documental\/#breadcrumb\",\"itemListElement\":[{\"@type\":\"ListItem\",\"position\":1,\"name\":\"Portada\",\"item\":\"https:\/\/elojocojo.org\/\"},{\"@type\":\"ListItem\",\"position\":2,\"name\":\"2011\",\"item\":\"https:\/\/elojocojo.org\/tag\/2011\/\"},{\"@type\":\"ListItem\",\"position\":3,\"name\":\"Ella(s)\"}]},{\"@type\":\"WebSite\",\"@id\":\"https:\/\/elojocojo.org\/#website\",\"url\":\"https:\/\/elojocojo.org\/\",\"name\":\"el ojO cojo\",\"description\":\"Todos estamos hechos de la misma esencia\",\"publisher\":{\"@id\":\"https:\/\/elojocojo.org\/#organization\"},\"potentialAction\":[{\"@type\":\"SearchAction\",\"target\":{\"@type\":\"EntryPoint\",\"urlTemplate\":\"https:\/\/elojocojo.org\/?s={search_term_string}\"},\"query-input\":{\"@type\":\"PropertyValueSpecification\",\"valueRequired\":true,\"valueName\":\"search_term_string\"}}],\"inLanguage\":\"es\"},{\"@type\":\"Organization\",\"@id\":\"https:\/\/elojocojo.org\/#organization\",\"name\":\"Meigas da r\u00faa\",\"url\":\"https:\/\/elojocojo.org\/\",\"logo\":{\"@type\":\"ImageObject\",\"inLanguage\":\"es\",\"@id\":\"https:\/\/elojocojo.org\/#\/schema\/logo\/image\/\",\"url\":\"https:\/\/meigasdarua.org\/wp-content\/uploads\/2020\/09\/cropped-logo-meigas-5.png\",\"contentUrl\":\"https:\/\/meigasdarua.org\/wp-content\/uploads\/2020\/09\/cropped-logo-meigas-5.png\",\"width\":109,\"height\":200,\"caption\":\"Meigas da r\u00faa\"},\"image\":{\"@id\":\"https:\/\/elojocojo.org\/#\/schema\/logo\/image\/\"},\"sameAs\":[\"https:\/\/www.facebook.com\/elojocojo\",\"https:\/\/x.com\/elojocojo\",\"https:\/\/www.instagram.com\/elojocojo\/?hl=es\",\"https:\/\/www.linkedin.com\/in\/el-ojo-cojo-b52b7769\/\",\"https:\/\/www.pinterest.es\/elojocojo\/_saved\/\",\"https:\/\/www.youtube.com\/channel\/UCkFtFTV0Bms7zH7vq8FZxZg\"]},{\"@type\":\"Person\",\"@id\":\"\",\"url\":\"https:\/\/elojocojo.org\/author\/\"}]}<\/script>\n<!-- \/ Yoast SEO plugin. -->","yoast_head_json":{"title":"Ella(s) - el ojO cojo","description":"Pel\u00edcula Ella(s) exhibida en la edici\u00f3n 2011 del Festival el ojO cojo. Pa\u00eds de origen, Espa\u00f1a. Dirigido por David Baute.","robots":{"index":"index","follow":"follow","max-snippet":"max-snippet:-1","max-image-preview":"max-image-preview:large","max-video-preview":"max-video-preview:-1"},"canonical":"https:\/\/elojocojo.org\/ellas-documental\/","og_locale":"es_ES","og_type":"article","og_title":"Ella(s) - el ojO cojo","og_description":"Pel\u00edcula Ella(s) exhibida en la edici\u00f3n 2011 del Festival el ojO cojo. Pa\u00eds de origen, Espa\u00f1a. Dirigido por David Baute.","og_url":"https:\/\/elojocojo.org\/ellas-documental\/","og_site_name":"el ojO cojo","article_publisher":"https:\/\/www.facebook.com\/elojocojo","article_published_time":"2011-09-06T08:23:27+00:00","article_modified_time":"2025-09-19T08:28:52+00:00","og_image":[{"width":1670,"height":2362,"url":"https:\/\/elojocojo.org\/wp-content\/uploads\/2011\/09\/ellas.jpg","type":"image\/jpeg"}],"twitter_card":"summary_large_image","twitter_creator":"@elojocojo","twitter_site":"@elojocojo","twitter_misc":{"Escrito por":"","Tiempo de lectura":"2 minutos"},"schema":{"@context":"https:\/\/schema.org","@graph":[{"@type":"Article","@id":"https:\/\/elojocojo.org\/ellas-documental\/#article","isPartOf":{"@id":"https:\/\/elojocojo.org\/ellas-documental\/"},"author":{"name":"","@id":""},"headline":"Ella(s)","datePublished":"2011-09-06T08:23:27+00:00","dateModified":"2025-09-19T08:28:52+00:00","mainEntityOfPage":{"@id":"https:\/\/elojocojo.org\/ellas-documental\/"},"wordCount":346,"publisher":{"@id":"https:\/\/elojocojo.org\/#organization"},"image":{"@id":"https:\/\/elojocojo.org\/ellas-documental\/#primaryimage"},"thumbnailUrl":"https:\/\/elojocojo.org\/wp-content\/uploads\/2011\/09\/ellas.jpg","keywords":["2011","Alianzas para lograr objetivos","denuncia social","Derechos Humanos","discriminaci\u00f3n sexual","educaci\u00f3n","empoderamiento","Espa\u00f1a","espa\u00f1ol","feminismo","festival de cine","Festival el Ojo cojo","igualdad","igualdad de g\u00e9nero","ingl\u00e9s","machismo","memoria hist\u00f3rica","mujer","violencia de g\u00e9nero"],"articleSection":["Documental","Festival 2011"],"inLanguage":"es"},{"@type":"WebPage","@id":"https:\/\/elojocojo.org\/ellas-documental\/","url":"https:\/\/elojocojo.org\/ellas-documental\/","name":"Ella(s) - el ojO cojo","isPartOf":{"@id":"https:\/\/elojocojo.org\/#website"},"primaryImageOfPage":{"@id":"https:\/\/elojocojo.org\/ellas-documental\/#primaryimage"},"image":{"@id":"https:\/\/elojocojo.org\/ellas-documental\/#primaryimage"},"thumbnailUrl":"https:\/\/elojocojo.org\/wp-content\/uploads\/2011\/09\/ellas.jpg","datePublished":"2011-09-06T08:23:27+00:00","dateModified":"2025-09-19T08:28:52+00:00","description":"Pel\u00edcula Ella(s) exhibida en la edici\u00f3n 2011 del Festival el ojO cojo. Pa\u00eds de origen, Espa\u00f1a. Dirigido por David Baute.","breadcrumb":{"@id":"https:\/\/elojocojo.org\/ellas-documental\/#breadcrumb"},"inLanguage":"es","potentialAction":[{"@type":"ReadAction","target":["https:\/\/elojocojo.org\/ellas-documental\/"]}]},{"@type":"ImageObject","inLanguage":"es","@id":"https:\/\/elojocojo.org\/ellas-documental\/#primaryimage","url":"https:\/\/elojocojo.org\/wp-content\/uploads\/2011\/09\/ellas.jpg","contentUrl":"https:\/\/elojocojo.org\/wp-content\/uploads\/2011\/09\/ellas.jpg","width":1670,"height":2362,"caption":"Cartel del documental Ella(s), con el rostro de una mujer iluminado en tonos amarillos y negros, destacando los nombres de Silvia Munt, Marta Aura y Paola Bontempi."},{"@type":"BreadcrumbList","@id":"https:\/\/elojocojo.org\/ellas-documental\/#breadcrumb","itemListElement":[{"@type":"ListItem","position":1,"name":"Portada","item":"https:\/\/elojocojo.org\/"},{"@type":"ListItem","position":2,"name":"2011","item":"https:\/\/elojocojo.org\/tag\/2011\/"},{"@type":"ListItem","position":3,"name":"Ella(s)"}]},{"@type":"WebSite","@id":"https:\/\/elojocojo.org\/#website","url":"https:\/\/elojocojo.org\/","name":"el ojO cojo","description":"Todos estamos hechos de la misma esencia","publisher":{"@id":"https:\/\/elojocojo.org\/#organization"},"potentialAction":[{"@type":"SearchAction","target":{"@type":"EntryPoint","urlTemplate":"https:\/\/elojocojo.org\/?s={search_term_string}"},"query-input":{"@type":"PropertyValueSpecification","valueRequired":true,"valueName":"search_term_string"}}],"inLanguage":"es"},{"@type":"Organization","@id":"https:\/\/elojocojo.org\/#organization","name":"Meigas da r\u00faa","url":"https:\/\/elojocojo.org\/","logo":{"@type":"ImageObject","inLanguage":"es","@id":"https:\/\/elojocojo.org\/#\/schema\/logo\/image\/","url":"https:\/\/meigasdarua.org\/wp-content\/uploads\/2020\/09\/cropped-logo-meigas-5.png","contentUrl":"https:\/\/meigasdarua.org\/wp-content\/uploads\/2020\/09\/cropped-logo-meigas-5.png","width":109,"height":200,"caption":"Meigas da r\u00faa"},"image":{"@id":"https:\/\/elojocojo.org\/#\/schema\/logo\/image\/"},"sameAs":["https:\/\/www.facebook.com\/elojocojo","https:\/\/x.com\/elojocojo","https:\/\/www.instagram.com\/elojocojo\/?hl=es","https:\/\/www.linkedin.com\/in\/el-ojo-cojo-b52b7769\/","https:\/\/www.pinterest.es\/elojocojo\/_saved\/","https:\/\/www.youtube.com\/channel\/UCkFtFTV0Bms7zH7vq8FZxZg"]},{"@type":"Person","@id":"","url":"https:\/\/elojocojo.org\/author\/"}]}},"_links":{"self":[{"href":"https:\/\/elojocojo.org\/wp-json\/wp\/v2\/posts\/6557","targetHints":{"allow":["GET"]}}],"collection":[{"href":"https:\/\/elojocojo.org\/wp-json\/wp\/v2\/posts"}],"about":[{"href":"https:\/\/elojocojo.org\/wp-json\/wp\/v2\/types\/post"}],"author":[{"embeddable":true,"href":"https:\/\/elojocojo.org\/wp-json\/wp\/v2\/users\/3"}],"replies":[{"embeddable":true,"href":"https:\/\/elojocojo.org\/wp-json\/wp\/v2\/comments?post=6557"}],"version-history":[{"count":5,"href":"https:\/\/elojocojo.org\/wp-json\/wp\/v2\/posts\/6557\/revisions"}],"predecessor-version":[{"id":59389,"href":"https:\/\/elojocojo.org\/wp-json\/wp\/v2\/posts\/6557\/revisions\/59389"}],"wp:featuredmedia":[{"embeddable":true,"href":"https:\/\/elojocojo.org\/wp-json\/wp\/v2\/media\/25402"}],"wp:attachment":[{"href":"https:\/\/elojocojo.org\/wp-json\/wp\/v2\/media?parent=6557"}],"wp:term":[{"taxonomy":"category","embeddable":true,"href":"https:\/\/elojocojo.org\/wp-json\/wp\/v2\/categories?post=6557"},{"taxonomy":"post_tag","embeddable":true,"href":"https:\/\/elojocojo.org\/wp-json\/wp\/v2\/tags?post=6557"}],"curies":[{"name":"wp","href":"https:\/\/api.w.org\/{rel}","templated":true}]}}