{"id":6518,"date":"2011-09-05T05:09:48","date_gmt":"2011-09-05T12:09:48","guid":{"rendered":"http:\/\/www.elojocojo.org\/blog2\/?p=6518"},"modified":"2026-02-11T10:12:04","modified_gmt":"2026-02-11T09:12:04","slug":"la-plaza","status":"publish","type":"post","link":"https:\/\/elojocojo.org\/la-plaza\/","title":{"rendered":"La plaza"},"content":{"rendered":"\n<figure class=\"wp-block-embed is-type-video is-provider-youtube wp-block-embed-youtube wp-embed-aspect-4-3 wp-has-aspect-ratio\"><div class=\"wp-block-embed__wrapper\">\n<iframe title=\"Bande Annonce La Place (Essaha)\" width=\"1140\" height=\"855\" src=\"https:\/\/www.youtube.com\/embed\/YURj4nC2WGY?start=1&#038;feature=oembed\" frameborder=\"0\" allow=\"accelerometer; autoplay; clipboard-write; encrypted-media; gyroscope; picture-in-picture; web-share\" referrerpolicy=\"strict-origin-when-cross-origin\" allowfullscreen><\/iframe>\n<\/div><\/figure>\n\n\n\n<p>T\u00edtulo: La plaza<\/p>\n\n\n\n<p>T\u00edtulo original: La Place (Essaha)<\/p>\n\n\n\n<p>Director: Dahmane Ouzid<\/p>\n\n\n\n<p>A\u00f1o: 2010<\/p>\n\n\n\n<p>G\u00e9nero: Musical<\/p>\n\n\n\n<p>G\u00e9nero: Ficci\u00f3n, Comedia.<\/p>\n\n\n\n<p>Duraci\u00f3n: 80&#8242;<\/p>\n\n\n\n<p>Formato original: 35MM<\/p>\n\n\n\n<p>Tipo: Color<\/p>\n\n\n\n<p>Pa\u00eds: Argelia<\/p>\n\n\n\n<p>Idioma original: \u00c1rabe<\/p>\n\n\n\n<p>Edici\u00f3n y Montaje: Amel Ghanem<\/p>\n\n\n\n<p>Int\u00e9rpretes: Habid A\u00efchouche, Omar Remichi, Amine Boumediene, Karim Zenimi, Mokrane Saddedine<\/p>\n\n\n\n<p>Direcci\u00f3n de fotograf\u00eda: Touz\u00e8ne Semcheddine<\/p>\n\n\n\n<p>Gui\u00f3n: Salim A\u00efssa<\/p>\n\n\n\n<p>Producci\u00f3n: Machaho Production<\/p>\n\n\n\n<p>Sonido: Mahamed Zouani<\/p>\n\n\n\n<p>M\u00fasica: Salim A\u00efssa, Amine Hemruche, Youssef Boukelta, Sidi Bemol<\/p>\n\n\n\n<h2 class=\"wp-block-heading\"><strong>Sinopsis<\/strong><\/h2>\n\n\n\n<p><br \/>En una ciudad residencial, un problema comienza a dividir a la gente: \u00bfqu\u00e9 hacer con la plaza?, un terreno bald\u00edo ubicado en el centro que provoca choques entre los vecinos. Para decidir en qu\u00e9 convertirlo: zona verde, una mezquita, el \u00e1gora, centro comercial&#8230;\u201c<em>Queremos ofrecer al p\u00fablico un espejo de Argelia en el que se pueda ver y apreciar<\/em>\u00ab.<\/p>\n\n\n\n<h3 class=\"wp-block-heading\"><strong>El espacio p\u00fablico como reflejo de una naci\u00f3n en disputa<\/strong><\/h3>\n\n\n\n<p>En <em>La Plaza<\/em>, dirigida por Dahmane Ouzid en 2010, un espacio aparentemente neutro \u2014una simple plaza vac\u00eda en el centro de una ciudad residencial\u2014 se convierte en el epicentro de un conflicto profundamente humano y social. Aunque pueda parecer una discusi\u00f3n banal sobre urbanismo, el debate sobre qu\u00e9 hacer con ese terreno revela las m\u00faltiples tensiones que atraviesan la sociedad argelina contempor\u00e1nea. Por un lado, algunos vecinos desean una zona verde que favorezca la convivencia; por otro, hay quienes proponen construir una mezquita, un centro comercial o un \u00e1gora para el debate p\u00fablico.<\/p>\n\n\n\n<h3 class=\"wp-block-heading\"><strong>Tradici\u00f3n y modernidad en el cine argelino: el conflicto simb\u00f3lico de La Plaza<\/strong><\/h3>\n\n\n\n<p>A medida que el conflicto crece, tambi\u00e9n se exponen las diferentes visiones de mundo que coexisten en el pa\u00eds: tradici\u00f3n y modernidad, religi\u00f3n y secularismo, comunidad y mercado. De este modo, la pel\u00edcula se convierte en una alegor\u00eda de la Argelia actual. Adem\u00e1s, la obra no toma partido, sino que presenta un abanico de perspectivas que, aunque opuestas, est\u00e1n unidas por un deseo com\u00fan: pertenecer, decidir, transformar el espacio en funci\u00f3n de las propias necesidades.<\/p>\n\n\n\n<h3 class=\"wp-block-heading\"><strong>La Plaza: cine coral sobre pertenencia y poder<\/strong><\/h3>\n\n\n\n<p>Asimismo, el filme plantea una elucubraci\u00f3n sobre c\u00f3mo el espacio p\u00fablico no es solo f\u00edsico, sino tambi\u00e9n simb\u00f3lico. En consecuencia, disputarlo es disputar la identidad colectiva. \u00bfQui\u00e9n tiene derecho a decidir? \u00bfQu\u00e9 valores deben prevalecer? Por tanto, La Place ofrece una mirada l\u00facida, pero tambi\u00e9n esperanzadora, sobre la posibilidad de di\u00e1logo.<\/p>\n\n\n\n<h3 class=\"wp-block-heading\"><strong>Una met\u00e1fora urbana del alma colectiva en el cine argelino contempor\u00e1neo<\/strong><\/h3>\n\n\n\n<p>Finalmente, Dahmane Ouzid logra mostrar con humor, tensi\u00f3n y realismo c\u00f3mo un lugar vac\u00edo puede estar lleno de significados. Gracias a su enfoque coral y su tono reflexivo, la pel\u00edcula act\u00faa como un espejo de Argelia \u2014tal como el director pretend\u00eda\u2014 y nos invita, adem\u00e1s, a pensar en nuestras propias plazas: esos espacios comunes donde se define qui\u00e9nes somos como sociedad.<\/p>\n\n\n\n<h2 class=\"wp-block-heading\">Palmar\u00e9s<\/h2>\n\n\n\n<p><strong>2011<\/strong><\/p>\n\n\n\n<ul class=\"wp-block-list\">\n<li>Festival de cine el ojO cojo \u2013 Premio Gui\u00f1o al Mejor Largometraje de Ficci\u00f3n<\/li>\n<\/ul>\n\n\n\n<p>El filme <em>La plaza<\/em> particip\u00f3 en la edici\u00f3n 2011 del <a href=\"https:\/\/elojocojo.org\/category\/festival-2011\/\"><strong>Festival de cine el ojO cojo<\/strong> <\/a>en ese sentido nos sentimos honrados de haberla exhibido.<\/p>\n\n\n\n<p><a href=\"https:\/\/www.imdb.com\/es-es\/title\/tt1868039\/\" target=\"_blank\" rel=\"noreferrer noopener\">IMDB<\/a><\/p>\n\n\n\n<p>Visita nuestro <a href=\"https:\/\/el-ojocojo.blogspot.com\/\">blog<\/a><\/p>\n","protected":false},"excerpt":{"rendered":"<p>En una ciudad residencial, un problema comienza a dividir a la gente: \u00bfqu\u00e9 hacer con la plaza? Dirigida por Dahmane Ouzid.<\/p>\n","protected":false},"author":11,"featured_media":66074,"comment_status":"closed","ping_status":"closed","sticky":false,"template":"","format":"video","meta":{"_monsterinsights_skip_tracking":false,"_monsterinsights_sitenote_active":false,"_monsterinsights_sitenote_note":"","_monsterinsights_sitenote_category":0,"footnotes":""},"categories":[4,30],"tags":[1996,2080,1126,986,1253,970,1434,1779,1067,1597,2191,1981,1982,1628,1503,1892,1128,1057],"class_list":{"0":"post-6518","1":"post","2":"type-post","3":"status-publish","4":"format-video","5":"has-post-thumbnail","7":"category-festival-2011","8":"category-ficcion","9":"tag-1996","10":"tag-2080","11":"tag-alianzas-para-lograr-objetivos","12":"tag-argelia","13":"tag-ciudades-y-comunidades-sostenibles","14":"tag-comedia","15":"tag-conflicto","16":"tag-cultura","17":"tag-economia","18":"tag-ecosistema","19":"tag-esperanza","20":"tag-festival-de-cine","21":"tag-festival-el-ojo-cojo","22":"tag-ficcion","23":"tag-musica","24":"tag-objetivos-de-desarrollo-sostenible","25":"tag-salud-y-bienestar","26":"tag-trabajo-decente-y-crecimiento-economico","27":"post_format-post-format-video","28":"czr-hentry"},"yoast_head":"<!-- This site is optimized with the Yoast SEO plugin v27.1.1 - https:\/\/yoast.com\/product\/yoast-seo-wordpress\/ -->\n<title>La plaza - el ojO cojo<\/title>\n<meta name=\"description\" content=\"La plaza: comedia argelina donde el destino de un terreno vac\u00edo revela las tensiones sociales, culturales y pol\u00edticas del pa\u00eds.\" \/>\n<meta name=\"robots\" content=\"index, follow, max-snippet:-1, max-image-preview:large, max-video-preview:-1\" \/>\n<link rel=\"canonical\" href=\"https:\/\/elojocojo.org\/la-plaza\/\" \/>\n<meta property=\"og:locale\" content=\"es_ES\" \/>\n<meta property=\"og:type\" content=\"article\" \/>\n<meta property=\"og:title\" content=\"La plaza - el ojO cojo\" \/>\n<meta property=\"og:description\" content=\"La plaza: comedia argelina donde el destino de un terreno vac\u00edo revela las tensiones sociales, culturales y pol\u00edticas del pa\u00eds.\" \/>\n<meta property=\"og:url\" content=\"https:\/\/elojocojo.org\/la-plaza\/\" \/>\n<meta property=\"og:site_name\" content=\"el ojO cojo\" \/>\n<meta property=\"article:publisher\" content=\"https:\/\/www.facebook.com\/elojocojo\" \/>\n<meta property=\"article:published_time\" content=\"2011-09-05T12:09:48+00:00\" \/>\n<meta property=\"article:modified_time\" content=\"2026-02-11T09:12:04+00:00\" \/>\n<meta property=\"og:image\" content=\"https:\/\/elojocojo.org\/wp-content\/uploads\/2011\/09\/La-plaza.jpg\" \/>\n\t<meta property=\"og:image:width\" content=\"720\" \/>\n\t<meta property=\"og:image:height\" content=\"434\" \/>\n\t<meta property=\"og:image:type\" content=\"image\/jpeg\" \/>\n<meta name=\"author\" content=\"cojo\" \/>\n<meta name=\"twitter:card\" content=\"summary_large_image\" \/>\n<meta name=\"twitter:creator\" content=\"@elojocojo\" \/>\n<meta name=\"twitter:site\" content=\"@elojocojo\" \/>\n<meta name=\"twitter:label1\" content=\"Escrito por\" \/>\n\t<meta name=\"twitter:data1\" content=\"cojo\" \/>\n\t<meta name=\"twitter:label2\" content=\"Tiempo de lectura\" \/>\n\t<meta name=\"twitter:data2\" content=\"1 minuto\" \/>\n<script type=\"application\/ld+json\" class=\"yoast-schema-graph\">{\"@context\":\"https:\/\/schema.org\",\"@graph\":[{\"@type\":\"Article\",\"@id\":\"https:\/\/elojocojo.org\/la-plaza\/#article\",\"isPartOf\":{\"@id\":\"https:\/\/elojocojo.org\/la-plaza\/\"},\"author\":{\"name\":\"cojo\",\"@id\":\"https:\/\/elojocojo.org\/#\/schema\/person\/cba15985dd5da095cac31c1ff0d6e23e\"},\"headline\":\"La plaza\",\"datePublished\":\"2011-09-05T12:09:48+00:00\",\"dateModified\":\"2026-02-11T09:12:04+00:00\",\"mainEntityOfPage\":{\"@id\":\"https:\/\/elojocojo.org\/la-plaza\/\"},\"wordCount\":568,\"publisher\":{\"@id\":\"https:\/\/elojocojo.org\/#organization\"},\"image\":{\"@id\":\"https:\/\/elojocojo.org\/la-plaza\/#primaryimage\"},\"thumbnailUrl\":\"https:\/\/elojocojo.org\/wp-content\/uploads\/2011\/09\/La-plaza.jpg\",\"keywords\":[\"2010\",\"2011\",\"Alianzas para lograr objetivos\",\"Argelia\",\"Ciudades y comunidades sostenibles\",\"comedia\",\"conflicto\",\"cultura\",\"econom\u00eda\",\"ecosistema\",\"esperanza\",\"festival de cine\",\"Festival el Ojo cojo\",\"ficci\u00f3n\",\"m\u00fasica\",\"Objetivos de Desarrollo Sostenible\",\"Salud y bienestar\",\"Trabajo decente y crecimiento econ\u00f3mico\"],\"articleSection\":[\"Festival 2011\",\"Ficci\u00f3n\"],\"inLanguage\":\"es\"},{\"@type\":\"WebPage\",\"@id\":\"https:\/\/elojocojo.org\/la-plaza\/\",\"url\":\"https:\/\/elojocojo.org\/la-plaza\/\",\"name\":\"La plaza - el ojO cojo\",\"isPartOf\":{\"@id\":\"https:\/\/elojocojo.org\/#website\"},\"primaryImageOfPage\":{\"@id\":\"https:\/\/elojocojo.org\/la-plaza\/#primaryimage\"},\"image\":{\"@id\":\"https:\/\/elojocojo.org\/la-plaza\/#primaryimage\"},\"thumbnailUrl\":\"https:\/\/elojocojo.org\/wp-content\/uploads\/2011\/09\/La-plaza.jpg\",\"datePublished\":\"2011-09-05T12:09:48+00:00\",\"dateModified\":\"2026-02-11T09:12:04+00:00\",\"description\":\"La plaza: comedia argelina donde el destino de un terreno vac\u00edo revela las tensiones sociales, culturales y pol\u00edticas del pa\u00eds.\",\"breadcrumb\":{\"@id\":\"https:\/\/elojocojo.org\/la-plaza\/#breadcrumb\"},\"inLanguage\":\"es\",\"potentialAction\":[{\"@type\":\"ReadAction\",\"target\":[\"https:\/\/elojocojo.org\/la-plaza\/\"]}]},{\"@type\":\"ImageObject\",\"inLanguage\":\"es\",\"@id\":\"https:\/\/elojocojo.org\/la-plaza\/#primaryimage\",\"url\":\"https:\/\/elojocojo.org\/wp-content\/uploads\/2011\/09\/La-plaza.jpg\",\"contentUrl\":\"https:\/\/elojocojo.org\/wp-content\/uploads\/2011\/09\/La-plaza.jpg\",\"width\":720,\"height\":434,\"caption\":\"La plaza. Fotograma del largometraje. Muestra a un hombre encima de un coche con una guitarra, mirando a c\u00e1mara, apoyado en un coche donde hay m\u00e1s m\u00fasicos.\"},{\"@type\":\"BreadcrumbList\",\"@id\":\"https:\/\/elojocojo.org\/la-plaza\/#breadcrumb\",\"itemListElement\":[{\"@type\":\"ListItem\",\"position\":1,\"name\":\"Portada\",\"item\":\"https:\/\/elojocojo.org\/\"},{\"@type\":\"ListItem\",\"position\":2,\"name\":\"2010\",\"item\":\"https:\/\/elojocojo.org\/tag\/2010\/\"},{\"@type\":\"ListItem\",\"position\":3,\"name\":\"La plaza\"}]},{\"@type\":\"WebSite\",\"@id\":\"https:\/\/elojocojo.org\/#website\",\"url\":\"https:\/\/elojocojo.org\/\",\"name\":\"el ojO cojo\",\"description\":\"Todos estamos hechos de la misma esencia\",\"publisher\":{\"@id\":\"https:\/\/elojocojo.org\/#organization\"},\"potentialAction\":[{\"@type\":\"SearchAction\",\"target\":{\"@type\":\"EntryPoint\",\"urlTemplate\":\"https:\/\/elojocojo.org\/?s={search_term_string}\"},\"query-input\":{\"@type\":\"PropertyValueSpecification\",\"valueRequired\":true,\"valueName\":\"search_term_string\"}}],\"inLanguage\":\"es\"},{\"@type\":\"Organization\",\"@id\":\"https:\/\/elojocojo.org\/#organization\",\"name\":\"Meigas da r\u00faa\",\"url\":\"https:\/\/elojocojo.org\/\",\"logo\":{\"@type\":\"ImageObject\",\"inLanguage\":\"es\",\"@id\":\"https:\/\/elojocojo.org\/#\/schema\/logo\/image\/\",\"url\":\"https:\/\/meigasdarua.org\/wp-content\/uploads\/2020\/09\/cropped-logo-meigas-5.png\",\"contentUrl\":\"https:\/\/meigasdarua.org\/wp-content\/uploads\/2020\/09\/cropped-logo-meigas-5.png\",\"width\":109,\"height\":200,\"caption\":\"Meigas da r\u00faa\"},\"image\":{\"@id\":\"https:\/\/elojocojo.org\/#\/schema\/logo\/image\/\"},\"sameAs\":[\"https:\/\/www.facebook.com\/elojocojo\",\"https:\/\/x.com\/elojocojo\",\"https:\/\/www.instagram.com\/elojocojo\/?hl=es\",\"https:\/\/www.linkedin.com\/in\/el-ojo-cojo-b52b7769\/\",\"https:\/\/www.pinterest.es\/elojocojo\/_saved\/\",\"https:\/\/www.youtube.com\/channel\/UCkFtFTV0Bms7zH7vq8FZxZg\"]},{\"@type\":\"Person\",\"@id\":\"https:\/\/elojocojo.org\/#\/schema\/person\/cba15985dd5da095cac31c1ff0d6e23e\",\"name\":\"cojo\",\"url\":\"https:\/\/elojocojo.org\/author\/cojo\/\"}]}<\/script>\n<!-- \/ Yoast SEO plugin. -->","yoast_head_json":{"title":"La plaza - el ojO cojo","description":"La plaza: comedia argelina donde el destino de un terreno vac\u00edo revela las tensiones sociales, culturales y pol\u00edticas del pa\u00eds.","robots":{"index":"index","follow":"follow","max-snippet":"max-snippet:-1","max-image-preview":"max-image-preview:large","max-video-preview":"max-video-preview:-1"},"canonical":"https:\/\/elojocojo.org\/la-plaza\/","og_locale":"es_ES","og_type":"article","og_title":"La plaza - el ojO cojo","og_description":"La plaza: comedia argelina donde el destino de un terreno vac\u00edo revela las tensiones sociales, culturales y pol\u00edticas del pa\u00eds.","og_url":"https:\/\/elojocojo.org\/la-plaza\/","og_site_name":"el ojO cojo","article_publisher":"https:\/\/www.facebook.com\/elojocojo","article_published_time":"2011-09-05T12:09:48+00:00","article_modified_time":"2026-02-11T09:12:04+00:00","og_image":[{"width":720,"height":434,"url":"https:\/\/elojocojo.org\/wp-content\/uploads\/2011\/09\/La-plaza.jpg","type":"image\/jpeg"}],"author":"cojo","twitter_card":"summary_large_image","twitter_creator":"@elojocojo","twitter_site":"@elojocojo","twitter_misc":{"Escrito por":"cojo","Tiempo de lectura":"1 minuto"},"schema":{"@context":"https:\/\/schema.org","@graph":[{"@type":"Article","@id":"https:\/\/elojocojo.org\/la-plaza\/#article","isPartOf":{"@id":"https:\/\/elojocojo.org\/la-plaza\/"},"author":{"name":"cojo","@id":"https:\/\/elojocojo.org\/#\/schema\/person\/cba15985dd5da095cac31c1ff0d6e23e"},"headline":"La plaza","datePublished":"2011-09-05T12:09:48+00:00","dateModified":"2026-02-11T09:12:04+00:00","mainEntityOfPage":{"@id":"https:\/\/elojocojo.org\/la-plaza\/"},"wordCount":568,"publisher":{"@id":"https:\/\/elojocojo.org\/#organization"},"image":{"@id":"https:\/\/elojocojo.org\/la-plaza\/#primaryimage"},"thumbnailUrl":"https:\/\/elojocojo.org\/wp-content\/uploads\/2011\/09\/La-plaza.jpg","keywords":["2010","2011","Alianzas para lograr objetivos","Argelia","Ciudades y comunidades sostenibles","comedia","conflicto","cultura","econom\u00eda","ecosistema","esperanza","festival de cine","Festival el Ojo cojo","ficci\u00f3n","m\u00fasica","Objetivos de Desarrollo Sostenible","Salud y bienestar","Trabajo decente y crecimiento econ\u00f3mico"],"articleSection":["Festival 2011","Ficci\u00f3n"],"inLanguage":"es"},{"@type":"WebPage","@id":"https:\/\/elojocojo.org\/la-plaza\/","url":"https:\/\/elojocojo.org\/la-plaza\/","name":"La plaza - el ojO cojo","isPartOf":{"@id":"https:\/\/elojocojo.org\/#website"},"primaryImageOfPage":{"@id":"https:\/\/elojocojo.org\/la-plaza\/#primaryimage"},"image":{"@id":"https:\/\/elojocojo.org\/la-plaza\/#primaryimage"},"thumbnailUrl":"https:\/\/elojocojo.org\/wp-content\/uploads\/2011\/09\/La-plaza.jpg","datePublished":"2011-09-05T12:09:48+00:00","dateModified":"2026-02-11T09:12:04+00:00","description":"La plaza: comedia argelina donde el destino de un terreno vac\u00edo revela las tensiones sociales, culturales y pol\u00edticas del pa\u00eds.","breadcrumb":{"@id":"https:\/\/elojocojo.org\/la-plaza\/#breadcrumb"},"inLanguage":"es","potentialAction":[{"@type":"ReadAction","target":["https:\/\/elojocojo.org\/la-plaza\/"]}]},{"@type":"ImageObject","inLanguage":"es","@id":"https:\/\/elojocojo.org\/la-plaza\/#primaryimage","url":"https:\/\/elojocojo.org\/wp-content\/uploads\/2011\/09\/La-plaza.jpg","contentUrl":"https:\/\/elojocojo.org\/wp-content\/uploads\/2011\/09\/La-plaza.jpg","width":720,"height":434,"caption":"La plaza. Fotograma del largometraje. Muestra a un hombre encima de un coche con una guitarra, mirando a c\u00e1mara, apoyado en un coche donde hay m\u00e1s m\u00fasicos."},{"@type":"BreadcrumbList","@id":"https:\/\/elojocojo.org\/la-plaza\/#breadcrumb","itemListElement":[{"@type":"ListItem","position":1,"name":"Portada","item":"https:\/\/elojocojo.org\/"},{"@type":"ListItem","position":2,"name":"2010","item":"https:\/\/elojocojo.org\/tag\/2010\/"},{"@type":"ListItem","position":3,"name":"La plaza"}]},{"@type":"WebSite","@id":"https:\/\/elojocojo.org\/#website","url":"https:\/\/elojocojo.org\/","name":"el ojO cojo","description":"Todos estamos hechos de la misma esencia","publisher":{"@id":"https:\/\/elojocojo.org\/#organization"},"potentialAction":[{"@type":"SearchAction","target":{"@type":"EntryPoint","urlTemplate":"https:\/\/elojocojo.org\/?s={search_term_string}"},"query-input":{"@type":"PropertyValueSpecification","valueRequired":true,"valueName":"search_term_string"}}],"inLanguage":"es"},{"@type":"Organization","@id":"https:\/\/elojocojo.org\/#organization","name":"Meigas da r\u00faa","url":"https:\/\/elojocojo.org\/","logo":{"@type":"ImageObject","inLanguage":"es","@id":"https:\/\/elojocojo.org\/#\/schema\/logo\/image\/","url":"https:\/\/meigasdarua.org\/wp-content\/uploads\/2020\/09\/cropped-logo-meigas-5.png","contentUrl":"https:\/\/meigasdarua.org\/wp-content\/uploads\/2020\/09\/cropped-logo-meigas-5.png","width":109,"height":200,"caption":"Meigas da r\u00faa"},"image":{"@id":"https:\/\/elojocojo.org\/#\/schema\/logo\/image\/"},"sameAs":["https:\/\/www.facebook.com\/elojocojo","https:\/\/x.com\/elojocojo","https:\/\/www.instagram.com\/elojocojo\/?hl=es","https:\/\/www.linkedin.com\/in\/el-ojo-cojo-b52b7769\/","https:\/\/www.pinterest.es\/elojocojo\/_saved\/","https:\/\/www.youtube.com\/channel\/UCkFtFTV0Bms7zH7vq8FZxZg"]},{"@type":"Person","@id":"https:\/\/elojocojo.org\/#\/schema\/person\/cba15985dd5da095cac31c1ff0d6e23e","name":"cojo","url":"https:\/\/elojocojo.org\/author\/cojo\/"}]}},"_links":{"self":[{"href":"https:\/\/elojocojo.org\/wp-json\/wp\/v2\/posts\/6518","targetHints":{"allow":["GET"]}}],"collection":[{"href":"https:\/\/elojocojo.org\/wp-json\/wp\/v2\/posts"}],"about":[{"href":"https:\/\/elojocojo.org\/wp-json\/wp\/v2\/types\/post"}],"author":[{"embeddable":true,"href":"https:\/\/elojocojo.org\/wp-json\/wp\/v2\/users\/11"}],"replies":[{"embeddable":true,"href":"https:\/\/elojocojo.org\/wp-json\/wp\/v2\/comments?post=6518"}],"version-history":[{"count":10,"href":"https:\/\/elojocojo.org\/wp-json\/wp\/v2\/posts\/6518\/revisions"}],"predecessor-version":[{"id":74666,"href":"https:\/\/elojocojo.org\/wp-json\/wp\/v2\/posts\/6518\/revisions\/74666"}],"wp:featuredmedia":[{"embeddable":true,"href":"https:\/\/elojocojo.org\/wp-json\/wp\/v2\/media\/66074"}],"wp:attachment":[{"href":"https:\/\/elojocojo.org\/wp-json\/wp\/v2\/media?parent=6518"}],"wp:term":[{"taxonomy":"category","embeddable":true,"href":"https:\/\/elojocojo.org\/wp-json\/wp\/v2\/categories?post=6518"},{"taxonomy":"post_tag","embeddable":true,"href":"https:\/\/elojocojo.org\/wp-json\/wp\/v2\/tags?post=6518"}],"curies":[{"name":"wp","href":"https:\/\/api.w.org\/{rel}","templated":true}]}}