{"id":55659,"date":"2024-08-12T13:33:05","date_gmt":"2024-08-12T11:33:05","guid":{"rendered":"https:\/\/elojocojo.org\/?p=55659"},"modified":"2026-02-22T22:32:26","modified_gmt":"2026-02-22T21:32:26","slug":"temas-propios","status":"publish","type":"post","link":"https:\/\/elojocojo.org\/temas-propios\/","title":{"rendered":"Temas propios"},"content":{"rendered":"\n<figure class=\"wp-block-embed is-type-video is-provider-youtube wp-block-embed-youtube wp-embed-aspect-16-9 wp-has-aspect-ratio\"><div class=\"wp-block-embed__wrapper\">\n<iframe title=\"TEMAS PROPIOS | Tr\u00e1iler Oficial | Estreno Uruguay 24 de agosto\" width=\"1140\" height=\"641\" src=\"https:\/\/www.youtube.com\/embed\/UKKB7aBsvlw?feature=oembed\" frameborder=\"0\" allow=\"accelerometer; autoplay; clipboard-write; encrypted-media; gyroscope; picture-in-picture; web-share\" referrerpolicy=\"strict-origin-when-cross-origin\" allowfullscreen><\/iframe>\n<\/div><\/figure>\n\n\n\n<p>T\u00edtulo:&nbsp;Temas propios<\/p>\n\n\n\n<p>A\u00f1o:&nbsp;2023<\/p>\n\n\n\n<p>Director:&nbsp;Guillermo Rocamora<\/p>\n\n\n\n<p>G\u00e9nero:&nbsp;Ficci\u00f3n<\/p>\n\n\n\n<p>Pa\u00eds:&nbsp;Uruguay<br \/><br \/>Duraci\u00f3n:&nbsp;90&#8242;<\/p>\n\n\n\n<p>Tipo: Color<\/p>\n\n\n\n<p>Idioma: Castellano<\/p>\n\n\n\n<h3 class=\"wp-block-heading\">Sinopsis<\/h3>\n\n\n\n<p>Temas propios es una pel\u00edcula uruguaya dirigida por Guillermo Rocamora que se desarrolla en Montevideo y gira en torno a un m\u00fasico atravesado por dudas personales y profesionales. En primer lugar, la historia presenta a un padre que intenta retomar su proyecto musical mientras enfrenta tensiones familiares. Adem\u00e1s, la pel\u00edcula retrata c\u00f3mo las aspiraciones creativas chocan con las responsabilidades cotidianas. De este modo, el conflicto se sit\u00faa entre el deseo art\u00edstico y la vida dom\u00e9stica.<\/p>\n\n\n\n<h2 class=\"wp-block-heading\"><strong>M\u00fasica y crisis personal<\/strong><\/h2>\n\n\n\n<p>El protagonista intenta reactivar su banda y recuperar una identidad que siente amenazada por el paso del tiempo. Sin embargo, los ensayos y encuentros musicales revelan inseguridades profundas. Asimismo, la relaci\u00f3n con su hijo adolescente introduce nuevas fricciones. Por lo tanto, la m\u00fasica funciona tanto como refugio como espacio de confrontaci\u00f3n.<\/p>\n\n\n\n<h2 class=\"wp-block-heading\"><strong>Relaciones familiares<\/strong><\/h2>\n\n\n\n<p>A medida que avanza la trama, los v\u00ednculos familiares adquieren mayor peso narrativo. Por otro lado, las diferencias generacionales ponen en evidencia distintas formas de entender el \u00e9xito y la responsabilidad. Mientras tanto, el protagonista oscila entre la nostalgia por el pasado y la necesidad de redefinir su presente. En consecuencia, la din\u00e1mica familiar se convierte en el centro emocional del relato.<\/p>\n\n\n\n<h2 class=\"wp-block-heading\"><strong>La ciudad y el entorno<\/strong><\/h2>\n\n\n\n<p>Montevideo aparece como un escenario reconocible y cotidiano. Adem\u00e1s, los espacios urbanos acompa\u00f1an el recorrido interior del personaje. As\u00ed, bares, casas y salas de ensayo reflejan la atm\u00f3sfera \u00edntima de la historia. De este modo, el entorno contribuye a construir una identidad profundamente local.<\/p>\n\n\n\n<h2 class=\"wp-block-heading\"><strong>Ensayos y decisiones<\/strong><\/h2>\n\n\n\n<p>La pel\u00edcula contin\u00faa siguiendo los intentos del protagonista por equilibrar su vida personal y su proyecto art\u00edstico. No obstante, cada ensayo y conversaci\u00f3n lo enfrenta a decisiones inevitables. La narraci\u00f3n muestra encuentros, desacuerdos y momentos de introspecci\u00f3n que marcan el desarrollo de los personajes dentro de su entorno inmediato.<\/p>\n\n\n<div class=\"wp-block-image\">\n<figure class=\"aligncenter size-large is-resized\"><img decoding=\"async\" width=\"287\" height=\"360\" src=\"https:\/\/elojocojo.org\/wp-content\/uploads\/2024\/08\/image_2024-08-12_07-21-32-1-287x360.jpg\" alt=\"P\u00f3ster de la pel\u00edcula &quot;Temas Propios&quot; con un elenco de cinco personas, incluyendo un hombre sonriente en primer plano.\" class=\"wp-image-55667\" style=\"object-fit:cover;width:243px;height:357px\" srcset=\"https:\/\/elojocojo.org\/wp-content\/uploads\/2024\/08\/image_2024-08-12_07-21-32-1-287x360.jpg 287w, https:\/\/elojocojo.org\/wp-content\/uploads\/2024\/08\/image_2024-08-12_07-21-32-1-400x500.jpg 400w, https:\/\/elojocojo.org\/wp-content\/uploads\/2024\/08\/image_2024-08-12_07-21-32-1-300x376.jpg 300w, https:\/\/elojocojo.org\/wp-content\/uploads\/2024\/08\/image_2024-08-12_07-21-32-1.jpg 638w\" sizes=\"(max-width: 287px) 100vw, 287px\" \/><\/figure>\n<\/div>\n\n\n<p class=\"has-text-align-left\"><a href=\"https:\/\/www.imdb.com\/title\/tt26447192\/\">IMDb<\/a> 7.1\/10<\/p>\n\n\n\n<p>El filme\u00a0<em>Temas Propios<\/em>\u00a0particip\u00f3 en la edici\u00f3n\u00a0<a href=\"https:\/\/elojocojo.org\/category\/festival-2024\/\" target=\"_blank\" rel=\"noreferrer noopener\"><strong>\u00a02024<\/strong><\/a>\u00a0del <strong><a href=\"https:\/\/elojocojo.org\/bienvenida\/festivalelojocojo\/\" target=\"_blank\" rel=\"noreferrer noopener\">Festival de cine el ojO cojo<\/a><\/strong> en ese sentido nos sentimos honrados de haberla exhibido.<\/p>\n\n\n\n<p>Visita nuestro <a href=\"https:\/\/el-ojocojo.blogspot.com\">blog<\/a>.<\/p>\n\n\n\n<p><\/p>\n","protected":false},"excerpt":{"rendered":"<p>&#8216;Temas Propios&#8217; es una pel\u00edcula uruguaya que explora las complejidades de la vida cotidiana en Montevideo a trav\u00e9s de historias interconectadas de personajes diversos. La pel\u00edcula refleja la riqueza cultural y social del pa\u00eds, destacando la resiliencia humana frente a los desaf\u00edos modernos y la b\u00fasqueda constante de conexi\u00f3n. Dirigida por Guillermo Rocamora.<\/p>\n","protected":false},"author":73,"featured_media":70975,"comment_status":"closed","ping_status":"closed","sticky":false,"template":"","format":"standard","meta":{"_monsterinsights_skip_tracking":false,"_monsterinsights_sitenote_active":false,"_monsterinsights_sitenote_note":"","_monsterinsights_sitenote_category":0,"footnotes":""},"categories":[2107],"tags":[2089,2109,895,962,186,936,1686,941,1253,970,1753,1434,62,2142,960,1779,2011,997,892,1403,1831,2191,15,1628,2147,2187,1060,1503,1712,2385,1128,1345,1013],"class_list":{"0":"post-55659","1":"post","2":"type-post","3":"status-publish","4":"format-standard","5":"has-post-thumbnail","7":"category-festival-2024","8":"tag-2089","9":"tag-2109","10":"tag-adolescentes","11":"tag-amor-filial","12":"tag-arte","13":"tag-artista","14":"tag-cambio-social","15":"tag-cine","16":"tag-ciudades-y-comunidades-sostenibles","17":"tag-comedia","18":"tag-comunidad","19":"tag-conflicto","20":"tag-convivencia","21":"tag-convivencia-familiar","22":"tag-creatividad","23":"tag-cultura","24":"tag-de-10-a-15-anos","25":"tag-diversidad","26":"tag-diversidad-cultural","27":"tag-educacion-de-calidad","28":"tag-educacion-social","29":"tag-esperanza","30":"tag-familia","31":"tag-ficcion","32":"tag-identidad","33":"tag-igualdad","34":"tag-igualdad-de-genero","35":"tag-musica","36":"tag-peliculas-para-adolescentes","37":"tag-resiliencia","38":"tag-salud-y-bienestar","39":"tag-uruguay","40":"tag-vida-cotidiana","41":"czr-hentry"},"yoast_head":"<!-- This site is optimized with the Yoast SEO plugin v27.1.1 - https:\/\/yoast.com\/product\/yoast-seo-wordpress\/ -->\n<title>Temas propios - el ojO cojo<\/title>\n<meta name=\"description\" content=\"&quot;Temas Propios&quot; es una pel\u00edcula uruguaya que navega por las complejidades de la vida cotidiana en Montevideo, explorando las historias\" \/>\n<meta name=\"robots\" content=\"index, follow, max-snippet:-1, max-image-preview:large, max-video-preview:-1\" \/>\n<link rel=\"canonical\" href=\"https:\/\/elojocojo.org\/temas-propios\/\" \/>\n<meta property=\"og:locale\" content=\"es_ES\" \/>\n<meta property=\"og:type\" content=\"article\" \/>\n<meta property=\"og:title\" content=\"Temas propios - el ojO cojo\" \/>\n<meta property=\"og:description\" content=\"&quot;Temas Propios&quot; es una pel\u00edcula uruguaya que navega por las complejidades de la vida cotidiana en Montevideo, explorando las historias\" \/>\n<meta property=\"og:url\" content=\"https:\/\/elojocojo.org\/temas-propios\/\" \/>\n<meta property=\"og:site_name\" content=\"el ojO cojo\" \/>\n<meta property=\"article:publisher\" content=\"https:\/\/www.facebook.com\/elojocojo\" \/>\n<meta property=\"article:published_time\" content=\"2024-08-12T11:33:05+00:00\" \/>\n<meta property=\"article:modified_time\" content=\"2026-02-22T21:32:26+00:00\" \/>\n<meta property=\"og:image\" content=\"https:\/\/elojocojo.org\/wp-content\/uploads\/2024\/08\/MV5BZjVmNTU2YWItNTIxZi00YjZmLWE5MzYtNjE0ZWI0NDg2MGYyXkEyXkFqcGc@._V1_FMjpg_UX1920_.jpg\" \/>\n\t<meta property=\"og:image:width\" content=\"1920\" \/>\n\t<meta property=\"og:image:height\" content=\"1080\" \/>\n\t<meta property=\"og:image:type\" content=\"image\/jpeg\" \/>\n<meta name=\"author\" content=\"Pastora Laguna\" \/>\n<meta name=\"twitter:card\" content=\"summary_large_image\" \/>\n<meta name=\"twitter:creator\" content=\"@elojocojo\" \/>\n<meta name=\"twitter:site\" content=\"@elojocojo\" \/>\n<meta name=\"twitter:label1\" content=\"Escrito por\" \/>\n\t<meta name=\"twitter:data1\" content=\"Pastora Laguna\" \/>\n\t<meta name=\"twitter:label2\" content=\"Tiempo de lectura\" \/>\n\t<meta name=\"twitter:data2\" content=\"2 minutos\" \/>\n<script type=\"application\/ld+json\" class=\"yoast-schema-graph\">{\"@context\":\"https:\/\/schema.org\",\"@graph\":[{\"@type\":\"Article\",\"@id\":\"https:\/\/elojocojo.org\/temas-propios\/#article\",\"isPartOf\":{\"@id\":\"https:\/\/elojocojo.org\/temas-propios\/\"},\"author\":{\"name\":\"Pastora Laguna\",\"@id\":\"https:\/\/elojocojo.org\/#\/schema\/person\/0eebd75cb4d855e3f2b18abd9f7b9876\"},\"headline\":\"Temas propios\",\"datePublished\":\"2024-08-12T11:33:05+00:00\",\"dateModified\":\"2026-02-22T21:32:26+00:00\",\"mainEntityOfPage\":{\"@id\":\"https:\/\/elojocojo.org\/temas-propios\/\"},\"wordCount\":386,\"publisher\":{\"@id\":\"https:\/\/elojocojo.org\/#organization\"},\"image\":{\"@id\":\"https:\/\/elojocojo.org\/temas-propios\/#primaryimage\"},\"thumbnailUrl\":\"https:\/\/elojocojo.org\/wp-content\/uploads\/2024\/08\/MV5BZjVmNTU2YWItNTIxZi00YjZmLWE5MzYtNjE0ZWI0NDg2MGYyXkEyXkFqcGc@._V1_FMjpg_UX1920_.jpg\",\"keywords\":[\"2023\",\"2024\",\"Adolescentes\",\"amor filial\",\"Arte\",\"artista\",\"cambio social\",\"cine\",\"Ciudades y comunidades sostenibles\",\"comedia\",\"comunidad\",\"conflicto\",\"convivencia\",\"convivencia familiar\",\"creatividad\",\"cultura\",\"de 10 a 15 a\u00f1os\",\"diversidad\",\"diversidad cultural\",\"Educaci\u00f3n de calidad\",\"educaci\u00f3n social\",\"esperanza\",\"familia\",\"ficci\u00f3n\",\"identidad\",\"igualdad\",\"igualdad de g\u00e9nero\",\"m\u00fasica\",\"pel\u00edculas para adolescentes\",\"resiliencia\",\"Salud y bienestar\",\"Uruguay\",\"vida cotidiana\"],\"articleSection\":[\"Festival 2024\"],\"inLanguage\":\"es\"},{\"@type\":\"WebPage\",\"@id\":\"https:\/\/elojocojo.org\/temas-propios\/\",\"url\":\"https:\/\/elojocojo.org\/temas-propios\/\",\"name\":\"Temas propios - el ojO cojo\",\"isPartOf\":{\"@id\":\"https:\/\/elojocojo.org\/#website\"},\"primaryImageOfPage\":{\"@id\":\"https:\/\/elojocojo.org\/temas-propios\/#primaryimage\"},\"image\":{\"@id\":\"https:\/\/elojocojo.org\/temas-propios\/#primaryimage\"},\"thumbnailUrl\":\"https:\/\/elojocojo.org\/wp-content\/uploads\/2024\/08\/MV5BZjVmNTU2YWItNTIxZi00YjZmLWE5MzYtNjE0ZWI0NDg2MGYyXkEyXkFqcGc@._V1_FMjpg_UX1920_.jpg\",\"datePublished\":\"2024-08-12T11:33:05+00:00\",\"dateModified\":\"2026-02-22T21:32:26+00:00\",\"description\":\"\\\"Temas Propios\\\" es una pel\u00edcula uruguaya que navega por las complejidades de la vida cotidiana en Montevideo, explorando las historias\",\"breadcrumb\":{\"@id\":\"https:\/\/elojocojo.org\/temas-propios\/#breadcrumb\"},\"inLanguage\":\"es\",\"potentialAction\":[{\"@type\":\"ReadAction\",\"target\":[\"https:\/\/elojocojo.org\/temas-propios\/\"]}]},{\"@type\":\"ImageObject\",\"inLanguage\":\"es\",\"@id\":\"https:\/\/elojocojo.org\/temas-propios\/#primaryimage\",\"url\":\"https:\/\/elojocojo.org\/wp-content\/uploads\/2024\/08\/MV5BZjVmNTU2YWItNTIxZi00YjZmLWE5MzYtNjE0ZWI0NDg2MGYyXkEyXkFqcGc@._V1_FMjpg_UX1920_.jpg\",\"contentUrl\":\"https:\/\/elojocojo.org\/wp-content\/uploads\/2024\/08\/MV5BZjVmNTU2YWItNTIxZi00YjZmLWE5MzYtNjE0ZWI0NDg2MGYyXkEyXkFqcGc@._V1_FMjpg_UX1920_.jpg\",\"width\":1920,\"height\":1080,\"caption\":\"Fotograma de \\\"Tema Propios\\\". Vista a\u00e9rea de un hombre joven de tez clara y cabello oscuro y largo, acostado boca arriba en una cama con un edred\u00f3n rosa claro con textura. Lleva una camisa de manga larga con un patr\u00f3n geom\u00e9trico azul oscuro y negro, y pantalones oscuros. Su cabeza descansa sobre una almohada de terciopelo verde azulado oscuro, con otras almohadas de diferentes tonos de rosa y verde rode\u00e1ndolo. Sus manos est\u00e1n entrelazadas sobre su abdomen. La habitaci\u00f3n parece ser un dormitorio con una mesita de noche de madera a la izquierda y un suelo alfombrado de color oscuro.\"},{\"@type\":\"BreadcrumbList\",\"@id\":\"https:\/\/elojocojo.org\/temas-propios\/#breadcrumb\",\"itemListElement\":[{\"@type\":\"ListItem\",\"position\":1,\"name\":\"Portada\",\"item\":\"https:\/\/elojocojo.org\/\"},{\"@type\":\"ListItem\",\"position\":2,\"name\":\"2023\",\"item\":\"https:\/\/elojocojo.org\/tag\/2023\/\"},{\"@type\":\"ListItem\",\"position\":3,\"name\":\"Temas propios\"}]},{\"@type\":\"WebSite\",\"@id\":\"https:\/\/elojocojo.org\/#website\",\"url\":\"https:\/\/elojocojo.org\/\",\"name\":\"el ojO cojo\",\"description\":\"Todos estamos hechos de la misma esencia\",\"publisher\":{\"@id\":\"https:\/\/elojocojo.org\/#organization\"},\"potentialAction\":[{\"@type\":\"SearchAction\",\"target\":{\"@type\":\"EntryPoint\",\"urlTemplate\":\"https:\/\/elojocojo.org\/?s={search_term_string}\"},\"query-input\":{\"@type\":\"PropertyValueSpecification\",\"valueRequired\":true,\"valueName\":\"search_term_string\"}}],\"inLanguage\":\"es\"},{\"@type\":\"Organization\",\"@id\":\"https:\/\/elojocojo.org\/#organization\",\"name\":\"Meigas da r\u00faa\",\"url\":\"https:\/\/elojocojo.org\/\",\"logo\":{\"@type\":\"ImageObject\",\"inLanguage\":\"es\",\"@id\":\"https:\/\/elojocojo.org\/#\/schema\/logo\/image\/\",\"url\":\"https:\/\/meigasdarua.org\/wp-content\/uploads\/2020\/09\/cropped-logo-meigas-5.png\",\"contentUrl\":\"https:\/\/meigasdarua.org\/wp-content\/uploads\/2020\/09\/cropped-logo-meigas-5.png\",\"width\":109,\"height\":200,\"caption\":\"Meigas da r\u00faa\"},\"image\":{\"@id\":\"https:\/\/elojocojo.org\/#\/schema\/logo\/image\/\"},\"sameAs\":[\"https:\/\/www.facebook.com\/elojocojo\",\"https:\/\/x.com\/elojocojo\",\"https:\/\/www.instagram.com\/elojocojo\/?hl=es\",\"https:\/\/www.linkedin.com\/in\/el-ojo-cojo-b52b7769\/\",\"https:\/\/www.pinterest.es\/elojocojo\/_saved\/\",\"https:\/\/www.youtube.com\/channel\/UCkFtFTV0Bms7zH7vq8FZxZg\"]},{\"@type\":\"Person\",\"@id\":\"https:\/\/elojocojo.org\/#\/schema\/person\/0eebd75cb4d855e3f2b18abd9f7b9876\",\"name\":\"Pastora Laguna\",\"url\":\"https:\/\/elojocojo.org\/author\/pastora\/\"}]}<\/script>\n<!-- \/ Yoast SEO plugin. -->","yoast_head_json":{"title":"Temas propios - el ojO cojo","description":"\"Temas Propios\" es una pel\u00edcula uruguaya que navega por las complejidades de la vida cotidiana en Montevideo, explorando las historias","robots":{"index":"index","follow":"follow","max-snippet":"max-snippet:-1","max-image-preview":"max-image-preview:large","max-video-preview":"max-video-preview:-1"},"canonical":"https:\/\/elojocojo.org\/temas-propios\/","og_locale":"es_ES","og_type":"article","og_title":"Temas propios - el ojO cojo","og_description":"\"Temas Propios\" es una pel\u00edcula uruguaya que navega por las complejidades de la vida cotidiana en Montevideo, explorando las historias","og_url":"https:\/\/elojocojo.org\/temas-propios\/","og_site_name":"el ojO cojo","article_publisher":"https:\/\/www.facebook.com\/elojocojo","article_published_time":"2024-08-12T11:33:05+00:00","article_modified_time":"2026-02-22T21:32:26+00:00","og_image":[{"width":1920,"height":1080,"url":"https:\/\/elojocojo.org\/wp-content\/uploads\/2024\/08\/MV5BZjVmNTU2YWItNTIxZi00YjZmLWE5MzYtNjE0ZWI0NDg2MGYyXkEyXkFqcGc@._V1_FMjpg_UX1920_.jpg","type":"image\/jpeg"}],"author":"Pastora Laguna","twitter_card":"summary_large_image","twitter_creator":"@elojocojo","twitter_site":"@elojocojo","twitter_misc":{"Escrito por":"Pastora Laguna","Tiempo de lectura":"2 minutos"},"schema":{"@context":"https:\/\/schema.org","@graph":[{"@type":"Article","@id":"https:\/\/elojocojo.org\/temas-propios\/#article","isPartOf":{"@id":"https:\/\/elojocojo.org\/temas-propios\/"},"author":{"name":"Pastora Laguna","@id":"https:\/\/elojocojo.org\/#\/schema\/person\/0eebd75cb4d855e3f2b18abd9f7b9876"},"headline":"Temas propios","datePublished":"2024-08-12T11:33:05+00:00","dateModified":"2026-02-22T21:32:26+00:00","mainEntityOfPage":{"@id":"https:\/\/elojocojo.org\/temas-propios\/"},"wordCount":386,"publisher":{"@id":"https:\/\/elojocojo.org\/#organization"},"image":{"@id":"https:\/\/elojocojo.org\/temas-propios\/#primaryimage"},"thumbnailUrl":"https:\/\/elojocojo.org\/wp-content\/uploads\/2024\/08\/MV5BZjVmNTU2YWItNTIxZi00YjZmLWE5MzYtNjE0ZWI0NDg2MGYyXkEyXkFqcGc@._V1_FMjpg_UX1920_.jpg","keywords":["2023","2024","Adolescentes","amor filial","Arte","artista","cambio social","cine","Ciudades y comunidades sostenibles","comedia","comunidad","conflicto","convivencia","convivencia familiar","creatividad","cultura","de 10 a 15 a\u00f1os","diversidad","diversidad cultural","Educaci\u00f3n de calidad","educaci\u00f3n social","esperanza","familia","ficci\u00f3n","identidad","igualdad","igualdad de g\u00e9nero","m\u00fasica","pel\u00edculas para adolescentes","resiliencia","Salud y bienestar","Uruguay","vida cotidiana"],"articleSection":["Festival 2024"],"inLanguage":"es"},{"@type":"WebPage","@id":"https:\/\/elojocojo.org\/temas-propios\/","url":"https:\/\/elojocojo.org\/temas-propios\/","name":"Temas propios - el ojO cojo","isPartOf":{"@id":"https:\/\/elojocojo.org\/#website"},"primaryImageOfPage":{"@id":"https:\/\/elojocojo.org\/temas-propios\/#primaryimage"},"image":{"@id":"https:\/\/elojocojo.org\/temas-propios\/#primaryimage"},"thumbnailUrl":"https:\/\/elojocojo.org\/wp-content\/uploads\/2024\/08\/MV5BZjVmNTU2YWItNTIxZi00YjZmLWE5MzYtNjE0ZWI0NDg2MGYyXkEyXkFqcGc@._V1_FMjpg_UX1920_.jpg","datePublished":"2024-08-12T11:33:05+00:00","dateModified":"2026-02-22T21:32:26+00:00","description":"\"Temas Propios\" es una pel\u00edcula uruguaya que navega por las complejidades de la vida cotidiana en Montevideo, explorando las historias","breadcrumb":{"@id":"https:\/\/elojocojo.org\/temas-propios\/#breadcrumb"},"inLanguage":"es","potentialAction":[{"@type":"ReadAction","target":["https:\/\/elojocojo.org\/temas-propios\/"]}]},{"@type":"ImageObject","inLanguage":"es","@id":"https:\/\/elojocojo.org\/temas-propios\/#primaryimage","url":"https:\/\/elojocojo.org\/wp-content\/uploads\/2024\/08\/MV5BZjVmNTU2YWItNTIxZi00YjZmLWE5MzYtNjE0ZWI0NDg2MGYyXkEyXkFqcGc@._V1_FMjpg_UX1920_.jpg","contentUrl":"https:\/\/elojocojo.org\/wp-content\/uploads\/2024\/08\/MV5BZjVmNTU2YWItNTIxZi00YjZmLWE5MzYtNjE0ZWI0NDg2MGYyXkEyXkFqcGc@._V1_FMjpg_UX1920_.jpg","width":1920,"height":1080,"caption":"Fotograma de \"Tema Propios\". Vista a\u00e9rea de un hombre joven de tez clara y cabello oscuro y largo, acostado boca arriba en una cama con un edred\u00f3n rosa claro con textura. Lleva una camisa de manga larga con un patr\u00f3n geom\u00e9trico azul oscuro y negro, y pantalones oscuros. Su cabeza descansa sobre una almohada de terciopelo verde azulado oscuro, con otras almohadas de diferentes tonos de rosa y verde rode\u00e1ndolo. Sus manos est\u00e1n entrelazadas sobre su abdomen. La habitaci\u00f3n parece ser un dormitorio con una mesita de noche de madera a la izquierda y un suelo alfombrado de color oscuro."},{"@type":"BreadcrumbList","@id":"https:\/\/elojocojo.org\/temas-propios\/#breadcrumb","itemListElement":[{"@type":"ListItem","position":1,"name":"Portada","item":"https:\/\/elojocojo.org\/"},{"@type":"ListItem","position":2,"name":"2023","item":"https:\/\/elojocojo.org\/tag\/2023\/"},{"@type":"ListItem","position":3,"name":"Temas propios"}]},{"@type":"WebSite","@id":"https:\/\/elojocojo.org\/#website","url":"https:\/\/elojocojo.org\/","name":"el ojO cojo","description":"Todos estamos hechos de la misma esencia","publisher":{"@id":"https:\/\/elojocojo.org\/#organization"},"potentialAction":[{"@type":"SearchAction","target":{"@type":"EntryPoint","urlTemplate":"https:\/\/elojocojo.org\/?s={search_term_string}"},"query-input":{"@type":"PropertyValueSpecification","valueRequired":true,"valueName":"search_term_string"}}],"inLanguage":"es"},{"@type":"Organization","@id":"https:\/\/elojocojo.org\/#organization","name":"Meigas da r\u00faa","url":"https:\/\/elojocojo.org\/","logo":{"@type":"ImageObject","inLanguage":"es","@id":"https:\/\/elojocojo.org\/#\/schema\/logo\/image\/","url":"https:\/\/meigasdarua.org\/wp-content\/uploads\/2020\/09\/cropped-logo-meigas-5.png","contentUrl":"https:\/\/meigasdarua.org\/wp-content\/uploads\/2020\/09\/cropped-logo-meigas-5.png","width":109,"height":200,"caption":"Meigas da r\u00faa"},"image":{"@id":"https:\/\/elojocojo.org\/#\/schema\/logo\/image\/"},"sameAs":["https:\/\/www.facebook.com\/elojocojo","https:\/\/x.com\/elojocojo","https:\/\/www.instagram.com\/elojocojo\/?hl=es","https:\/\/www.linkedin.com\/in\/el-ojo-cojo-b52b7769\/","https:\/\/www.pinterest.es\/elojocojo\/_saved\/","https:\/\/www.youtube.com\/channel\/UCkFtFTV0Bms7zH7vq8FZxZg"]},{"@type":"Person","@id":"https:\/\/elojocojo.org\/#\/schema\/person\/0eebd75cb4d855e3f2b18abd9f7b9876","name":"Pastora Laguna","url":"https:\/\/elojocojo.org\/author\/pastora\/"}]}},"_links":{"self":[{"href":"https:\/\/elojocojo.org\/wp-json\/wp\/v2\/posts\/55659","targetHints":{"allow":["GET"]}}],"collection":[{"href":"https:\/\/elojocojo.org\/wp-json\/wp\/v2\/posts"}],"about":[{"href":"https:\/\/elojocojo.org\/wp-json\/wp\/v2\/types\/post"}],"author":[{"embeddable":true,"href":"https:\/\/elojocojo.org\/wp-json\/wp\/v2\/users\/73"}],"replies":[{"embeddable":true,"href":"https:\/\/elojocojo.org\/wp-json\/wp\/v2\/comments?post=55659"}],"version-history":[{"count":12,"href":"https:\/\/elojocojo.org\/wp-json\/wp\/v2\/posts\/55659\/revisions"}],"predecessor-version":[{"id":75681,"href":"https:\/\/elojocojo.org\/wp-json\/wp\/v2\/posts\/55659\/revisions\/75681"}],"wp:featuredmedia":[{"embeddable":true,"href":"https:\/\/elojocojo.org\/wp-json\/wp\/v2\/media\/70975"}],"wp:attachment":[{"href":"https:\/\/elojocojo.org\/wp-json\/wp\/v2\/media?parent=55659"}],"wp:term":[{"taxonomy":"category","embeddable":true,"href":"https:\/\/elojocojo.org\/wp-json\/wp\/v2\/categories?post=55659"},{"taxonomy":"post_tag","embeddable":true,"href":"https:\/\/elojocojo.org\/wp-json\/wp\/v2\/tags?post=55659"}],"curies":[{"name":"wp","href":"https:\/\/api.w.org\/{rel}","templated":true}]}}