{"id":55615,"date":"2024-08-12T12:08:07","date_gmt":"2024-08-12T10:08:07","guid":{"rendered":"https:\/\/elojocojo.org\/?p=55615"},"modified":"2026-02-21T16:48:18","modified_gmt":"2026-02-21T15:48:18","slug":"sainte-baume","status":"publish","type":"post","link":"https:\/\/elojocojo.org\/sainte-baume\/","title":{"rendered":"Sainte Baume"},"content":{"rendered":"\n<figure class=\"wp-block-embed aligncenter is-type-video is-provider-vimeo wp-block-embed-vimeo wp-embed-aspect-16-9 wp-has-aspect-ratio\"><div class=\"wp-block-embed__wrapper\">\n<iframe title=\"Sainte Baume - Trailer\" src=\"https:\/\/player.vimeo.com\/video\/964257566?dnt=1&amp;app_id=122963\" width=\"1140\" height=\"641\" frameborder=\"0\" allow=\"autoplay; fullscreen; picture-in-picture; clipboard-write; encrypted-media; web-share\" referrerpolicy=\"strict-origin-when-cross-origin\"><\/iframe>\n<\/div><\/figure>\n\n\n\n<p>T\u00edtulo original:&nbsp;Sainte Baume<\/p>\n\n\n\n<p>A\u00f1o:&nbsp;2023<\/p>\n\n\n\n<p>Director:&nbsp;Laetitia Spigarelli<\/p>\n\n\n\n<p>G\u00e9nero:&nbsp;Corto, ficci\u00f3n<\/p>\n\n\n\n<p>Pa\u00eds:&nbsp;Francia<br \/><br \/>Duraci\u00f3n:&nbsp;48\u00b4<\/p>\n\n\n\n<p>Tipo: Color<\/p>\n\n\n\n<p>Idioma: Franc\u00e9s<\/p>\n\n\n\n<h3 class=\"wp-block-heading\">Sinopsis<\/h3>\n\n\n\n<p>Sainte Baume presenta la historia de Marie, quien escucha de su abuelo el relato de una mujer del siglo XII envuelta en misterio. En primer lugar, el relato despierta en ella una atracci\u00f3n inesperada hacia ese pasado remoto. A medida que la historia avanza, surge un v\u00ednculo emocional con la figura medieval. De este modo, la narraci\u00f3n conecta generaciones separadas por siglos.<\/p>\n\n\n\n<h2 class=\"wp-block-heading\"><strong>Inicio de la b\u00fasqueda<\/strong><\/h2>\n\n\n\n<p>Movida por esa conexi\u00f3n, Marie decide emprender un viaje hacia el lugar donde vivi\u00f3 Sainte Baume. Por lo tanto, abandona su entorno habitual. Mientras tanto, el trayecto comienza a adquirir un significado m\u00e1s personal de lo previsto. As\u00ed, la b\u00fasqueda hist\u00f3rica se transforma en un recorrido interior.<\/p>\n\n\n\n<h2 class=\"wp-block-heading\"><strong>Pruebas del camino<\/strong><\/h2>\n\n\n\n<p>Sin embargo, el camino presenta obst\u00e1culos f\u00edsicos y emocionales. Adem\u00e1s, la soledad y la incertidumbre la obligan a cuestionarse. Aunque intenta mantenerse firme en su prop\u00f3sito, las dudas aparecen con fuerza. En consecuencia, el viaje se convierte en un proceso de confrontaci\u00f3n consigo misma.<\/p>\n\n\n\n<h2 class=\"wp-block-heading\"><strong>El encuentro con el lugar<\/strong><\/h2>\n\n\n\n<p>Al llegar al sitio vinculado con Sainte Baume, Marie experimenta una conexi\u00f3n profunda. Asimismo, el entorno natural y los vestigios hist\u00f3ricos refuerzan esa sensaci\u00f3n de cercan\u00eda. De este modo, el pasado deja de ser una narraci\u00f3n lejana y adquiere presencia concreta.<\/p>\n\n\n\n<h2 class=\"wp-block-heading\"><strong>El recorrido final<\/strong><\/h2>\n\n\n\n<p>La narraci\u00f3n contin\u00faa mostrando a Marie en el espacio donde habit\u00f3 la figura medieval. Al mismo tiempo, se observan gestos y silencios que evidencian el impacto del viaje. Las escenas finales siguen su permanencia en ese lugar, mostrando c\u00f3mo el trayecto f\u00edsico y emocional ha modificado su relaci\u00f3n con la historia y con su propia vida.<\/p>\n\n\n\n<h2 class=\"wp-block-heading\">Palmar\u00e9s<\/h2>\n\n\n\n<p>2021<\/p>\n\n\n\n<ul class=\"wp-block-list\">\n<li>Festival C\u00f4t\u00e9 Court (Francia) \n<ul class=\"wp-block-list\">\n<li>Premio a la Mejor Interpretaci\u00f3n Femenina (Pauline Lorillard)<\/li>\n\n\n\n<li>Premio al Productor Emergente (Les Films de la Nuit)<\/li>\n<\/ul>\n<\/li>\n<\/ul>\n\n\n<div class=\"wp-block-image\">\n<figure class=\"aligncenter size-large is-resized\"><img decoding=\"async\" width=\"251\" height=\"360\" src=\"https:\/\/elojocojo.org\/wp-content\/uploads\/2024\/08\/POSTERsainte-baume-251x360.jpg\" alt=\"Cartel de la pel\u00edcula &quot;Sainte Baume&quot; de Laetitia Spigarelli, con tres rostros asom\u00e1ndose por encima de una barrera en la parte superior.\" class=\"wp-image-55617\" style=\"object-fit:cover;width:243px;height:357px\" srcset=\"https:\/\/elojocojo.org\/wp-content\/uploads\/2024\/08\/POSTERsainte-baume-251x360.jpg 251w, https:\/\/elojocojo.org\/wp-content\/uploads\/2024\/08\/POSTERsainte-baume-349x500.jpg 349w, https:\/\/elojocojo.org\/wp-content\/uploads\/2024\/08\/POSTERsainte-baume-279x400.jpg 279w, https:\/\/elojocojo.org\/wp-content\/uploads\/2024\/08\/POSTERsainte-baume.jpg 558w\" sizes=\"(max-width: 251px) 100vw, 251px\" \/><\/figure>\n<\/div>\n\n\n<p><a href=\"https:\/\/letterboxd.com\/film\/sainte-baume\/\">Letterboxd<\/a> 2.9\/5<\/p>\n\n\n\n<p>El filme&nbsp;\u00ab<em>Sainte Baume<\/em>\u00bb&nbsp;particip\u00f3 en la edici\u00f3n&nbsp;<a href=\"https:\/\/elojocojo.org\/category\/festival-2024\/\" target=\"_blank\" rel=\"noreferrer noopener\"><strong>&nbsp;2024<\/strong><\/a>&nbsp;del <strong><a href=\"https:\/\/elojocojo.org\/bienvenida\/festivalelojocojo\/\" target=\"_blank\" rel=\"noreferrer noopener\">Festival de cine el ojO cojo<\/a><\/strong> en ese sentido nos sentimos honrados de haberla exhibido.<\/p>\n\n\n\n<p>Visita nuestro <a href=\"https:\/\/el-ojocojo.blogspot.com\">blog<\/a>.<\/p>\n","protected":false},"excerpt":{"rendered":"<p>Una joven guiada por los relatos de su abuelo emprende un viaje hacia los paisajes de una leyenda del siglo XII. En su recorrido, se funden el presente y el pasado, dando lugar a una traves\u00eda de descubrimiento interior y conexi\u00f3n ancestral. Sainte Baume es una historia sobre la fuerza de la memoria, el legado y el despertar espiritual. Dirigida por Laetitia Spigarelli.<\/p>\n","protected":false},"author":73,"featured_media":55618,"comment_status":"closed","ping_status":"closed","sticky":false,"template":"","format":"standard","meta":{"_monsterinsights_skip_tracking":false,"_monsterinsights_sitenote_active":false,"_monsterinsights_sitenote_note":"","_monsterinsights_sitenote_category":0,"footnotes":""},"categories":[1460,2107,30],"tags":[2089,2109,2388,1753,62,1852,1737,1603,1403,2191,15,1981,1982,1628,2386,438,878,1782,1060,1023,91,1086,1231,25,2387,883,1013],"class_list":{"0":"post-55615","1":"post","2":"type-post","3":"status-publish","4":"format-standard","5":"has-post-thumbnail","7":"category-cortometraje","8":"category-festival-2024","9":"category-ficcion","10":"tag-2089","11":"tag-2109","12":"tag-autodescubrimiento","13":"tag-comunidad","14":"tag-convivencia","15":"tag-crisis-existencial","16":"tag-drama","17":"tag-duelo","18":"tag-educacion-de-calidad","19":"tag-esperanza","20":"tag-familia","21":"tag-festival-de-cine","22":"tag-festival-el-ojo-cojo","23":"tag-ficcion","24":"tag-frances","25":"tag-francia","26":"tag-historia","27":"tag-identidad-cultural","28":"tag-igualdad-de-genero","29":"tag-memoria-historica","30":"tag-mujer","31":"tag-paz-y-justicia-e-instituciones-solidas","32":"tag-reduccion-de-las-desigualdades","33":"tag-soledad","34":"tag-viaje-interior","35":"tag-viajes","36":"tag-vida-cotidiana","37":"czr-hentry"},"yoast_head":"<!-- This site is optimized with the Yoast SEO plugin v27.1.1 - https:\/\/yoast.com\/product\/yoast-seo-wordpress\/ -->\n<title>Sainte Baume - el ojO cojo<\/title>\n<meta name=\"description\" content=\"Marie, inspirada por la historia de Sainte Baume, emprende un viaje para encontrar el lugar hist\u00f3rico donde vivi\u00f3 esta mujer del siglo XII.\" \/>\n<meta name=\"robots\" content=\"index, follow, max-snippet:-1, max-image-preview:large, max-video-preview:-1\" \/>\n<link rel=\"canonical\" href=\"https:\/\/elojocojo.org\/sainte-baume\/\" \/>\n<meta property=\"og:locale\" content=\"es_ES\" \/>\n<meta property=\"og:type\" content=\"article\" \/>\n<meta property=\"og:title\" content=\"Sainte Baume - el ojO cojo\" \/>\n<meta property=\"og:description\" content=\"Marie, inspirada por la historia de Sainte Baume, emprende un viaje para encontrar el lugar hist\u00f3rico donde vivi\u00f3 esta mujer del siglo XII.\" \/>\n<meta property=\"og:url\" content=\"https:\/\/elojocojo.org\/sainte-baume\/\" \/>\n<meta property=\"og:site_name\" content=\"el ojO cojo\" \/>\n<meta property=\"article:publisher\" content=\"https:\/\/www.facebook.com\/elojocojo\" \/>\n<meta property=\"article:published_time\" content=\"2024-08-12T10:08:07+00:00\" \/>\n<meta property=\"article:modified_time\" content=\"2026-02-21T15:48:18+00:00\" \/>\n<meta property=\"og:image\" content=\"https:\/\/elojocojo.org\/wp-content\/uploads\/2024\/08\/FOTO2sainte-baume.jpg\" \/>\n\t<meta property=\"og:image:width\" content=\"1709\" \/>\n\t<meta property=\"og:image:height\" content=\"924\" \/>\n\t<meta property=\"og:image:type\" content=\"image\/jpeg\" \/>\n<meta name=\"author\" content=\"Pastora Laguna\" \/>\n<meta name=\"twitter:card\" content=\"summary_large_image\" \/>\n<meta name=\"twitter:creator\" content=\"@elojocojo\" \/>\n<meta name=\"twitter:site\" content=\"@elojocojo\" \/>\n<meta name=\"twitter:label1\" content=\"Escrito por\" \/>\n\t<meta name=\"twitter:data1\" content=\"Pastora Laguna\" \/>\n\t<meta name=\"twitter:label2\" content=\"Tiempo de lectura\" \/>\n\t<meta name=\"twitter:data2\" content=\"2 minutos\" \/>\n<script type=\"application\/ld+json\" class=\"yoast-schema-graph\">{\"@context\":\"https:\/\/schema.org\",\"@graph\":[{\"@type\":\"Article\",\"@id\":\"https:\/\/elojocojo.org\/sainte-baume\/#article\",\"isPartOf\":{\"@id\":\"https:\/\/elojocojo.org\/sainte-baume\/\"},\"author\":{\"name\":\"Pastora Laguna\",\"@id\":\"https:\/\/elojocojo.org\/#\/schema\/person\/0eebd75cb4d855e3f2b18abd9f7b9876\"},\"headline\":\"Sainte Baume\",\"datePublished\":\"2024-08-12T10:08:07+00:00\",\"dateModified\":\"2026-02-21T15:48:18+00:00\",\"mainEntityOfPage\":{\"@id\":\"https:\/\/elojocojo.org\/sainte-baume\/\"},\"wordCount\":384,\"publisher\":{\"@id\":\"https:\/\/elojocojo.org\/#organization\"},\"image\":{\"@id\":\"https:\/\/elojocojo.org\/sainte-baume\/#primaryimage\"},\"thumbnailUrl\":\"https:\/\/elojocojo.org\/wp-content\/uploads\/2024\/08\/FOTO2sainte-baume.jpg\",\"keywords\":[\"2023\",\"2024\",\"autodescubrimiento\",\"comunidad\",\"convivencia\",\"crisis existencial\",\"drama\",\"duelo\",\"Educaci\u00f3n de calidad\",\"esperanza\",\"familia\",\"festival de cine\",\"Festival el Ojo cojo\",\"ficci\u00f3n\",\"franc\u00e9s\",\"Francia\",\"historia\",\"identidad cultural\",\"igualdad de g\u00e9nero\",\"memoria hist\u00f3rica\",\"mujer\",\"Paz y justicia e instituciones s\u00f3lidas\",\"Reducci\u00f3n de las desigualdades\",\"soledad\",\"viaje interior\",\"viajes\",\"vida cotidiana\"],\"articleSection\":[\"Cortometraje\",\"Festival 2024\",\"Ficci\u00f3n\"],\"inLanguage\":\"es\"},{\"@type\":\"WebPage\",\"@id\":\"https:\/\/elojocojo.org\/sainte-baume\/\",\"url\":\"https:\/\/elojocojo.org\/sainte-baume\/\",\"name\":\"Sainte Baume - el ojO cojo\",\"isPartOf\":{\"@id\":\"https:\/\/elojocojo.org\/#website\"},\"primaryImageOfPage\":{\"@id\":\"https:\/\/elojocojo.org\/sainte-baume\/#primaryimage\"},\"image\":{\"@id\":\"https:\/\/elojocojo.org\/sainte-baume\/#primaryimage\"},\"thumbnailUrl\":\"https:\/\/elojocojo.org\/wp-content\/uploads\/2024\/08\/FOTO2sainte-baume.jpg\",\"datePublished\":\"2024-08-12T10:08:07+00:00\",\"dateModified\":\"2026-02-21T15:48:18+00:00\",\"description\":\"Marie, inspirada por la historia de Sainte Baume, emprende un viaje para encontrar el lugar hist\u00f3rico donde vivi\u00f3 esta mujer del siglo XII.\",\"breadcrumb\":{\"@id\":\"https:\/\/elojocojo.org\/sainte-baume\/#breadcrumb\"},\"inLanguage\":\"es\",\"potentialAction\":[{\"@type\":\"ReadAction\",\"target\":[\"https:\/\/elojocojo.org\/sainte-baume\/\"]}]},{\"@type\":\"ImageObject\",\"inLanguage\":\"es\",\"@id\":\"https:\/\/elojocojo.org\/sainte-baume\/#primaryimage\",\"url\":\"https:\/\/elojocojo.org\/wp-content\/uploads\/2024\/08\/FOTO2sainte-baume.jpg\",\"contentUrl\":\"https:\/\/elojocojo.org\/wp-content\/uploads\/2024\/08\/FOTO2sainte-baume.jpg\",\"width\":1709,\"height\":924,\"caption\":\"Una mujer mirando hacia arriba con un hombre desenfocado detr\u00e1s de ella en un entorno boscoso.\"},{\"@type\":\"BreadcrumbList\",\"@id\":\"https:\/\/elojocojo.org\/sainte-baume\/#breadcrumb\",\"itemListElement\":[{\"@type\":\"ListItem\",\"position\":1,\"name\":\"Portada\",\"item\":\"https:\/\/elojocojo.org\/\"},{\"@type\":\"ListItem\",\"position\":2,\"name\":\"2023\",\"item\":\"https:\/\/elojocojo.org\/tag\/2023\/\"},{\"@type\":\"ListItem\",\"position\":3,\"name\":\"Sainte Baume\"}]},{\"@type\":\"WebSite\",\"@id\":\"https:\/\/elojocojo.org\/#website\",\"url\":\"https:\/\/elojocojo.org\/\",\"name\":\"el ojO cojo\",\"description\":\"Todos estamos hechos de la misma esencia\",\"publisher\":{\"@id\":\"https:\/\/elojocojo.org\/#organization\"},\"potentialAction\":[{\"@type\":\"SearchAction\",\"target\":{\"@type\":\"EntryPoint\",\"urlTemplate\":\"https:\/\/elojocojo.org\/?s={search_term_string}\"},\"query-input\":{\"@type\":\"PropertyValueSpecification\",\"valueRequired\":true,\"valueName\":\"search_term_string\"}}],\"inLanguage\":\"es\"},{\"@type\":\"Organization\",\"@id\":\"https:\/\/elojocojo.org\/#organization\",\"name\":\"Meigas da r\u00faa\",\"url\":\"https:\/\/elojocojo.org\/\",\"logo\":{\"@type\":\"ImageObject\",\"inLanguage\":\"es\",\"@id\":\"https:\/\/elojocojo.org\/#\/schema\/logo\/image\/\",\"url\":\"https:\/\/meigasdarua.org\/wp-content\/uploads\/2020\/09\/cropped-logo-meigas-5.png\",\"contentUrl\":\"https:\/\/meigasdarua.org\/wp-content\/uploads\/2020\/09\/cropped-logo-meigas-5.png\",\"width\":109,\"height\":200,\"caption\":\"Meigas da r\u00faa\"},\"image\":{\"@id\":\"https:\/\/elojocojo.org\/#\/schema\/logo\/image\/\"},\"sameAs\":[\"https:\/\/www.facebook.com\/elojocojo\",\"https:\/\/x.com\/elojocojo\",\"https:\/\/www.instagram.com\/elojocojo\/?hl=es\",\"https:\/\/www.linkedin.com\/in\/el-ojo-cojo-b52b7769\/\",\"https:\/\/www.pinterest.es\/elojocojo\/_saved\/\",\"https:\/\/www.youtube.com\/channel\/UCkFtFTV0Bms7zH7vq8FZxZg\"]},{\"@type\":\"Person\",\"@id\":\"https:\/\/elojocojo.org\/#\/schema\/person\/0eebd75cb4d855e3f2b18abd9f7b9876\",\"name\":\"Pastora Laguna\",\"url\":\"https:\/\/elojocojo.org\/author\/pastora\/\"}]}<\/script>\n<!-- \/ Yoast SEO plugin. -->","yoast_head_json":{"title":"Sainte Baume - el ojO cojo","description":"Marie, inspirada por la historia de Sainte Baume, emprende un viaje para encontrar el lugar hist\u00f3rico donde vivi\u00f3 esta mujer del siglo XII.","robots":{"index":"index","follow":"follow","max-snippet":"max-snippet:-1","max-image-preview":"max-image-preview:large","max-video-preview":"max-video-preview:-1"},"canonical":"https:\/\/elojocojo.org\/sainte-baume\/","og_locale":"es_ES","og_type":"article","og_title":"Sainte Baume - el ojO cojo","og_description":"Marie, inspirada por la historia de Sainte Baume, emprende un viaje para encontrar el lugar hist\u00f3rico donde vivi\u00f3 esta mujer del siglo XII.","og_url":"https:\/\/elojocojo.org\/sainte-baume\/","og_site_name":"el ojO cojo","article_publisher":"https:\/\/www.facebook.com\/elojocojo","article_published_time":"2024-08-12T10:08:07+00:00","article_modified_time":"2026-02-21T15:48:18+00:00","og_image":[{"width":1709,"height":924,"url":"https:\/\/elojocojo.org\/wp-content\/uploads\/2024\/08\/FOTO2sainte-baume.jpg","type":"image\/jpeg"}],"author":"Pastora Laguna","twitter_card":"summary_large_image","twitter_creator":"@elojocojo","twitter_site":"@elojocojo","twitter_misc":{"Escrito por":"Pastora Laguna","Tiempo de lectura":"2 minutos"},"schema":{"@context":"https:\/\/schema.org","@graph":[{"@type":"Article","@id":"https:\/\/elojocojo.org\/sainte-baume\/#article","isPartOf":{"@id":"https:\/\/elojocojo.org\/sainte-baume\/"},"author":{"name":"Pastora Laguna","@id":"https:\/\/elojocojo.org\/#\/schema\/person\/0eebd75cb4d855e3f2b18abd9f7b9876"},"headline":"Sainte Baume","datePublished":"2024-08-12T10:08:07+00:00","dateModified":"2026-02-21T15:48:18+00:00","mainEntityOfPage":{"@id":"https:\/\/elojocojo.org\/sainte-baume\/"},"wordCount":384,"publisher":{"@id":"https:\/\/elojocojo.org\/#organization"},"image":{"@id":"https:\/\/elojocojo.org\/sainte-baume\/#primaryimage"},"thumbnailUrl":"https:\/\/elojocojo.org\/wp-content\/uploads\/2024\/08\/FOTO2sainte-baume.jpg","keywords":["2023","2024","autodescubrimiento","comunidad","convivencia","crisis existencial","drama","duelo","Educaci\u00f3n de calidad","esperanza","familia","festival de cine","Festival el Ojo cojo","ficci\u00f3n","franc\u00e9s","Francia","historia","identidad cultural","igualdad de g\u00e9nero","memoria hist\u00f3rica","mujer","Paz y justicia e instituciones s\u00f3lidas","Reducci\u00f3n de las desigualdades","soledad","viaje interior","viajes","vida cotidiana"],"articleSection":["Cortometraje","Festival 2024","Ficci\u00f3n"],"inLanguage":"es"},{"@type":"WebPage","@id":"https:\/\/elojocojo.org\/sainte-baume\/","url":"https:\/\/elojocojo.org\/sainte-baume\/","name":"Sainte Baume - el ojO cojo","isPartOf":{"@id":"https:\/\/elojocojo.org\/#website"},"primaryImageOfPage":{"@id":"https:\/\/elojocojo.org\/sainte-baume\/#primaryimage"},"image":{"@id":"https:\/\/elojocojo.org\/sainte-baume\/#primaryimage"},"thumbnailUrl":"https:\/\/elojocojo.org\/wp-content\/uploads\/2024\/08\/FOTO2sainte-baume.jpg","datePublished":"2024-08-12T10:08:07+00:00","dateModified":"2026-02-21T15:48:18+00:00","description":"Marie, inspirada por la historia de Sainte Baume, emprende un viaje para encontrar el lugar hist\u00f3rico donde vivi\u00f3 esta mujer del siglo XII.","breadcrumb":{"@id":"https:\/\/elojocojo.org\/sainte-baume\/#breadcrumb"},"inLanguage":"es","potentialAction":[{"@type":"ReadAction","target":["https:\/\/elojocojo.org\/sainte-baume\/"]}]},{"@type":"ImageObject","inLanguage":"es","@id":"https:\/\/elojocojo.org\/sainte-baume\/#primaryimage","url":"https:\/\/elojocojo.org\/wp-content\/uploads\/2024\/08\/FOTO2sainte-baume.jpg","contentUrl":"https:\/\/elojocojo.org\/wp-content\/uploads\/2024\/08\/FOTO2sainte-baume.jpg","width":1709,"height":924,"caption":"Una mujer mirando hacia arriba con un hombre desenfocado detr\u00e1s de ella en un entorno boscoso."},{"@type":"BreadcrumbList","@id":"https:\/\/elojocojo.org\/sainte-baume\/#breadcrumb","itemListElement":[{"@type":"ListItem","position":1,"name":"Portada","item":"https:\/\/elojocojo.org\/"},{"@type":"ListItem","position":2,"name":"2023","item":"https:\/\/elojocojo.org\/tag\/2023\/"},{"@type":"ListItem","position":3,"name":"Sainte Baume"}]},{"@type":"WebSite","@id":"https:\/\/elojocojo.org\/#website","url":"https:\/\/elojocojo.org\/","name":"el ojO cojo","description":"Todos estamos hechos de la misma esencia","publisher":{"@id":"https:\/\/elojocojo.org\/#organization"},"potentialAction":[{"@type":"SearchAction","target":{"@type":"EntryPoint","urlTemplate":"https:\/\/elojocojo.org\/?s={search_term_string}"},"query-input":{"@type":"PropertyValueSpecification","valueRequired":true,"valueName":"search_term_string"}}],"inLanguage":"es"},{"@type":"Organization","@id":"https:\/\/elojocojo.org\/#organization","name":"Meigas da r\u00faa","url":"https:\/\/elojocojo.org\/","logo":{"@type":"ImageObject","inLanguage":"es","@id":"https:\/\/elojocojo.org\/#\/schema\/logo\/image\/","url":"https:\/\/meigasdarua.org\/wp-content\/uploads\/2020\/09\/cropped-logo-meigas-5.png","contentUrl":"https:\/\/meigasdarua.org\/wp-content\/uploads\/2020\/09\/cropped-logo-meigas-5.png","width":109,"height":200,"caption":"Meigas da r\u00faa"},"image":{"@id":"https:\/\/elojocojo.org\/#\/schema\/logo\/image\/"},"sameAs":["https:\/\/www.facebook.com\/elojocojo","https:\/\/x.com\/elojocojo","https:\/\/www.instagram.com\/elojocojo\/?hl=es","https:\/\/www.linkedin.com\/in\/el-ojo-cojo-b52b7769\/","https:\/\/www.pinterest.es\/elojocojo\/_saved\/","https:\/\/www.youtube.com\/channel\/UCkFtFTV0Bms7zH7vq8FZxZg"]},{"@type":"Person","@id":"https:\/\/elojocojo.org\/#\/schema\/person\/0eebd75cb4d855e3f2b18abd9f7b9876","name":"Pastora Laguna","url":"https:\/\/elojocojo.org\/author\/pastora\/"}]}},"_links":{"self":[{"href":"https:\/\/elojocojo.org\/wp-json\/wp\/v2\/posts\/55615","targetHints":{"allow":["GET"]}}],"collection":[{"href":"https:\/\/elojocojo.org\/wp-json\/wp\/v2\/posts"}],"about":[{"href":"https:\/\/elojocojo.org\/wp-json\/wp\/v2\/types\/post"}],"author":[{"embeddable":true,"href":"https:\/\/elojocojo.org\/wp-json\/wp\/v2\/users\/73"}],"replies":[{"embeddable":true,"href":"https:\/\/elojocojo.org\/wp-json\/wp\/v2\/comments?post=55615"}],"version-history":[{"count":10,"href":"https:\/\/elojocojo.org\/wp-json\/wp\/v2\/posts\/55615\/revisions"}],"predecessor-version":[{"id":75529,"href":"https:\/\/elojocojo.org\/wp-json\/wp\/v2\/posts\/55615\/revisions\/75529"}],"wp:featuredmedia":[{"embeddable":true,"href":"https:\/\/elojocojo.org\/wp-json\/wp\/v2\/media\/55618"}],"wp:attachment":[{"href":"https:\/\/elojocojo.org\/wp-json\/wp\/v2\/media?parent=55615"}],"wp:term":[{"taxonomy":"category","embeddable":true,"href":"https:\/\/elojocojo.org\/wp-json\/wp\/v2\/categories?post=55615"},{"taxonomy":"post_tag","embeddable":true,"href":"https:\/\/elojocojo.org\/wp-json\/wp\/v2\/tags?post=55615"}],"curies":[{"name":"wp","href":"https:\/\/api.w.org\/{rel}","templated":true}]}}