{"id":55553,"date":"2024-08-09T14:29:31","date_gmt":"2024-08-09T12:29:31","guid":{"rendered":"https:\/\/elojocojo.org\/?p=55553"},"modified":"2026-02-21T18:38:10","modified_gmt":"2026-02-21T17:38:10","slug":"la-colada","status":"publish","type":"post","link":"https:\/\/elojocojo.org\/la-colada\/","title":{"rendered":"La colada"},"content":{"rendered":"\n<figure class=\"wp-block-embed aligncenter is-type-video is-provider-vimeo wp-block-embed-vimeo wp-embed-aspect-4-3 wp-has-aspect-ratio\"><div class=\"wp-block-embed__wrapper\">\n<iframe title=\"TRAILER-La colada_Sub EN\" src=\"https:\/\/player.vimeo.com\/video\/931405177?h=ee6f28aceb&amp;dnt=1&amp;app_id=122963\" width=\"1140\" height=\"855\" frameborder=\"0\" allow=\"autoplay; fullscreen; picture-in-picture; clipboard-write; encrypted-media; web-share\" referrerpolicy=\"strict-origin-when-cross-origin\"><\/iframe>\n<\/div><\/figure>\n\n\n\n<p>T\u00edtulo:&nbsp;&nbsp;La colada<br \/><br \/>A\u00f1o:&nbsp; 2023<\/p>\n\n\n\n<p>Director:&nbsp;Mar\u00eda Monreal<\/p>\n\n\n\n<p>G\u00e9nero:&nbsp;&nbsp;Corto, ficci\u00f3n&nbsp;<\/p>\n\n\n\n<p>Pa\u00eds:&nbsp;Espa\u00f1a<br \/><br \/>Duraci\u00f3n:&nbsp;13\u00b4<\/p>\n\n\n\n<p>Tipo: Color<\/p>\n\n\n\n<p>Idioma: Castellano<\/p>\n\n\n\n<h3 class=\"wp-block-heading\"><strong>Sinopsis<\/strong><\/h3>\n\n\n\n<p><em>La colada<\/em> sit\u00faa su acci\u00f3n en el tejado de un edificio donde Bel\u00e9n tiende la ropa cada d\u00eda. En primer lugar, ese espacio cotidiano se convierte en punto de encuentro con Carmela, una viuda octogenaria. Por lo tanto, lo que comienza como una coincidencia dom\u00e9stica adquiere un nuevo significado. De este modo, el tejado se transforma en escenario central del relato.<\/p>\n\n\n\n<h2 class=\"wp-block-heading\"><strong>Un techo compartido<\/strong><\/h2>\n\n\n\n<p>Aunque parece un lugar meramente funcional, el espacio pronto revela su dimensi\u00f3n simb\u00f3lica. Mientras las prendas se mueven con el viento, tambi\u00e9n lo hacen las conversaciones. As\u00ed, entre cuerdas y pinzas, surge un intercambio que rompe la rutina diaria. A pesar de las diferencias generacionales, ambas encuentran un terreno com\u00fan.<\/p>\n\n\n\n<h2 class=\"wp-block-heading\"><strong>Di\u00e1logos al sol<\/strong><\/h2>\n\n\n\n<p>Poco a poco, las conversaciones se vuelven m\u00e1s \u00edntimas. Adem\u00e1s, los silencios adquieren relevancia dentro de su v\u00ednculo. Por consiguiente, el tejado deja de ser un lugar neutro y se convierte en espacio de confianza. Mientras tanto, la comunidad que habita el edificio permanece ajena a la transformaci\u00f3n que ocurre arriba.<\/p>\n\n\n\n<h2 class=\"wp-block-heading\"><strong>Gestos cotidianos<\/strong><\/h2>\n\n\n\n<p>Con el paso del tiempo, peque\u00f1os actos adquieren un sentido distinto. Sin embargo, no se trata de grandes rebeliones visibles. De esta manera, acciones sencillas como tender la ropa en horarios inesperados o hablar con franqueza funcionan como afirmaci\u00f3n personal. As\u00ed, lo cotidiano se convierte en gesto significativo.<\/p>\n\n\n\n<h2 class=\"wp-block-heading\"><strong>La rutina en el tejado<\/strong><\/h2>\n\n\n\n<p>La narraci\u00f3n contin\u00faa mostrando a Bel\u00e9n y Carmela en sus encuentros diarios. Al mismo tiempo, el espacio se consolida como punto de conexi\u00f3n estable. Las escenas finales siguen el ritmo de su rutina compartida, manteniendo el foco en el tejado como lugar donde ambas coinciden y sostienen su intercambio cotidiano.<\/p>\n\n\n<div class=\"wp-block-image\">\n<figure class=\"aligncenter size-large is-resized\"><img decoding=\"async\" width=\"252\" height=\"360\" src=\"https:\/\/elojocojo.org\/wp-content\/uploads\/2024\/08\/POSTERla-colada-252x360.jpg\" alt=\"Cartel de la pel\u00edcula &quot;La Colada&quot;, mostrando a una mujer tendiendo ropa en una azotea.\" class=\"wp-image-55555\" style=\"object-fit:cover;width:243px;height:357px\" srcset=\"https:\/\/elojocojo.org\/wp-content\/uploads\/2024\/08\/POSTERla-colada-252x360.jpg 252w, https:\/\/elojocojo.org\/wp-content\/uploads\/2024\/08\/POSTERla-colada-350x500.jpg 350w, https:\/\/elojocojo.org\/wp-content\/uploads\/2024\/08\/POSTERla-colada-280x400.jpg 280w, https:\/\/elojocojo.org\/wp-content\/uploads\/2024\/08\/POSTERla-colada.jpg 560w\" sizes=\"(max-width: 252px) 100vw, 252px\" \/><\/figure>\n<\/div>\n\n\n<p><a href=\"https:\/\/letterboxd.com\/film\/la-colada\/\">Letterboxd<\/a> 3.4\/5<\/p>\n\n\n\n<p>El filme&nbsp;\u00ab<em>La colada<\/em>\u00bb&nbsp;particip\u00f3 en la edici\u00f3n&nbsp;<a href=\"https:\/\/elojocojo.org\/category\/festival-2024\/\" target=\"_blank\" rel=\"noreferrer noopener\"><strong>&nbsp;2024<\/strong><\/a>&nbsp;del <strong><a href=\"https:\/\/elojocojo.org\/bienvenida\/festivalelojocojo\/\" target=\"_blank\" rel=\"noreferrer noopener\">Festival de cine el ojO cojo<\/a><\/strong> en ese sentido nos sentimos honrados de haberla exhibido.<\/p>\n\n\n\n<p>Visita nuestro <a href=\"https:\/\/el-ojocojo.blogspot.com\">blog<\/a>.<\/p>\n","protected":false},"excerpt":{"rendered":"<p>En un tejado donde se tiende la ropa al sol, dos mujeres encuentran un espacio para compartir, hablar y desafiar, en silencio, las normas impuestas. La Colada transforma locotidiano en un acto de resistencia \u00edntima, revelando c\u00f3mo los v\u00ednculos sencillos pueden abrir brechas en lo establecido. Dirigido por Mar\u00eda Monreal.<\/p>\n","protected":false},"author":73,"featured_media":55554,"comment_status":"closed","ping_status":"closed","sticky":false,"template":"","format":"standard","meta":{"_monsterinsights_skip_tracking":false,"_monsterinsights_sitenote_active":false,"_monsterinsights_sitenote_note":"","_monsterinsights_sitenote_category":0,"footnotes":""},"categories":[1460,2107],"tags":[2089,2109,2077,169,1686,1253,1753,1434,62,2142,1810,1831,1258,138,2191,1221,1982,1628,1060,1632,1844,288,91,1231,707,25,73,1013],"class_list":{"0":"post-55553","1":"post","2":"type-post","3":"status-publish","4":"format-standard","5":"has-post-thumbnail","7":"category-cortometraje","8":"category-festival-2024","9":"tag-2089","10":"tag-2109","11":"tag-adultos-mayores","12":"tag-amistad","13":"tag-cambio-social","14":"tag-ciudades-y-comunidades-sostenibles","15":"tag-comunidad","16":"tag-conflicto","17":"tag-convivencia","18":"tag-convivencia-familiar","19":"tag-dialogo","20":"tag-educacion-social","21":"tag-empoderamiento","22":"tag-espana","23":"tag-esperanza","24":"tag-estereotipos","25":"tag-festival-el-ojo-cojo","26":"tag-ficcion","27":"tag-igualdad-de-genero","28":"tag-imaginacion","29":"tag-integracion","30":"tag-jovenes","31":"tag-mujer","32":"tag-reduccion-de-las-desigualdades","33":"tag-reivindicacion","34":"tag-soledad","35":"tag-tercera-edad","36":"tag-vida-cotidiana","37":"czr-hentry"},"yoast_head":"<!-- This site is optimized with the Yoast SEO plugin v27.1.1 - https:\/\/yoast.com\/product\/yoast-seo-wordpress\/ -->\n<title>La colada - el ojO cojo<\/title>\n<meta name=\"description\" content=\"La Colada sigue a Bel\u00e9n y Carmela en un tejado comunitario donde cuelgan ropa, comparten historias y desatan una peque\u00f1a rebeli\u00f3n.\" \/>\n<meta name=\"robots\" content=\"index, follow, max-snippet:-1, max-image-preview:large, max-video-preview:-1\" \/>\n<link rel=\"canonical\" href=\"https:\/\/elojocojo.org\/la-colada\/\" \/>\n<meta property=\"og:locale\" content=\"es_ES\" \/>\n<meta property=\"og:type\" content=\"article\" \/>\n<meta property=\"og:title\" content=\"La colada - el ojO cojo\" \/>\n<meta property=\"og:description\" content=\"La Colada sigue a Bel\u00e9n y Carmela en un tejado comunitario donde cuelgan ropa, comparten historias y desatan una peque\u00f1a rebeli\u00f3n.\" \/>\n<meta property=\"og:url\" content=\"https:\/\/elojocojo.org\/la-colada\/\" \/>\n<meta property=\"og:site_name\" content=\"el ojO cojo\" \/>\n<meta property=\"article:publisher\" content=\"https:\/\/www.facebook.com\/elojocojo\" \/>\n<meta property=\"article:published_time\" content=\"2024-08-09T12:29:31+00:00\" \/>\n<meta property=\"article:modified_time\" content=\"2026-02-21T17:38:10+00:00\" \/>\n<meta property=\"og:image\" content=\"https:\/\/elojocojo.org\/wp-content\/uploads\/2024\/08\/FOTO3la-colada.jpg\" \/>\n\t<meta property=\"og:image:width\" content=\"1246\" \/>\n\t<meta property=\"og:image:height\" content=\"924\" \/>\n\t<meta property=\"og:image:type\" content=\"image\/jpeg\" \/>\n<meta name=\"author\" content=\"Pastora Laguna\" \/>\n<meta name=\"twitter:card\" content=\"summary_large_image\" \/>\n<meta name=\"twitter:creator\" content=\"@elojocojo\" \/>\n<meta name=\"twitter:site\" content=\"@elojocojo\" \/>\n<meta name=\"twitter:label1\" content=\"Escrito por\" \/>\n\t<meta name=\"twitter:data1\" content=\"Pastora Laguna\" \/>\n\t<meta name=\"twitter:label2\" content=\"Tiempo de lectura\" \/>\n\t<meta name=\"twitter:data2\" content=\"2 minutos\" \/>\n<script type=\"application\/ld+json\" class=\"yoast-schema-graph\">{\"@context\":\"https:\/\/schema.org\",\"@graph\":[{\"@type\":\"Article\",\"@id\":\"https:\/\/elojocojo.org\/la-colada\/#article\",\"isPartOf\":{\"@id\":\"https:\/\/elojocojo.org\/la-colada\/\"},\"author\":{\"name\":\"Pastora Laguna\",\"@id\":\"https:\/\/elojocojo.org\/#\/schema\/person\/0eebd75cb4d855e3f2b18abd9f7b9876\"},\"headline\":\"La colada\",\"datePublished\":\"2024-08-09T12:29:31+00:00\",\"dateModified\":\"2026-02-21T17:38:10+00:00\",\"mainEntityOfPage\":{\"@id\":\"https:\/\/elojocojo.org\/la-colada\/\"},\"wordCount\":370,\"publisher\":{\"@id\":\"https:\/\/elojocojo.org\/#organization\"},\"image\":{\"@id\":\"https:\/\/elojocojo.org\/la-colada\/#primaryimage\"},\"thumbnailUrl\":\"https:\/\/elojocojo.org\/wp-content\/uploads\/2024\/08\/FOTO3la-colada.jpg\",\"keywords\":[\"2023\",\"2024\",\"adultos mayores\",\"amistad\",\"cambio social\",\"Ciudades y comunidades sostenibles\",\"comunidad\",\"conflicto\",\"convivencia\",\"convivencia familiar\",\"di\u00e1logo\",\"educaci\u00f3n social\",\"empoderamiento\",\"Espa\u00f1a\",\"esperanza\",\"estereotipos\",\"Festival el Ojo cojo\",\"ficci\u00f3n\",\"igualdad de g\u00e9nero\",\"imaginaci\u00f3n\",\"integraci\u00f3n\",\"j\u00f3venes\",\"mujer\",\"Reducci\u00f3n de las desigualdades\",\"reivindicaci\u00f3n\",\"soledad\",\"tercera edad\",\"vida cotidiana\"],\"articleSection\":[\"Cortometraje\",\"Festival 2024\"],\"inLanguage\":\"es\"},{\"@type\":\"WebPage\",\"@id\":\"https:\/\/elojocojo.org\/la-colada\/\",\"url\":\"https:\/\/elojocojo.org\/la-colada\/\",\"name\":\"La colada - el ojO cojo\",\"isPartOf\":{\"@id\":\"https:\/\/elojocojo.org\/#website\"},\"primaryImageOfPage\":{\"@id\":\"https:\/\/elojocojo.org\/la-colada\/#primaryimage\"},\"image\":{\"@id\":\"https:\/\/elojocojo.org\/la-colada\/#primaryimage\"},\"thumbnailUrl\":\"https:\/\/elojocojo.org\/wp-content\/uploads\/2024\/08\/FOTO3la-colada.jpg\",\"datePublished\":\"2024-08-09T12:29:31+00:00\",\"dateModified\":\"2026-02-21T17:38:10+00:00\",\"description\":\"La Colada sigue a Bel\u00e9n y Carmela en un tejado comunitario donde cuelgan ropa, comparten historias y desatan una peque\u00f1a rebeli\u00f3n.\",\"breadcrumb\":{\"@id\":\"https:\/\/elojocojo.org\/la-colada\/#breadcrumb\"},\"inLanguage\":\"es\",\"potentialAction\":[{\"@type\":\"ReadAction\",\"target\":[\"https:\/\/elojocojo.org\/la-colada\/\"]}]},{\"@type\":\"ImageObject\",\"inLanguage\":\"es\",\"@id\":\"https:\/\/elojocojo.org\/la-colada\/#primaryimage\",\"url\":\"https:\/\/elojocojo.org\/wp-content\/uploads\/2024\/08\/FOTO3la-colada.jpg\",\"contentUrl\":\"https:\/\/elojocojo.org\/wp-content\/uploads\/2024\/08\/FOTO3la-colada.jpg\",\"width\":1246,\"height\":924,\"caption\":\"Una mujer joven mira directamente a la c\u00e1mara mientras la ropa se seca en un tendedero en una azotea.\"},{\"@type\":\"BreadcrumbList\",\"@id\":\"https:\/\/elojocojo.org\/la-colada\/#breadcrumb\",\"itemListElement\":[{\"@type\":\"ListItem\",\"position\":1,\"name\":\"Portada\",\"item\":\"https:\/\/elojocojo.org\/\"},{\"@type\":\"ListItem\",\"position\":2,\"name\":\"2023\",\"item\":\"https:\/\/elojocojo.org\/tag\/2023\/\"},{\"@type\":\"ListItem\",\"position\":3,\"name\":\"La colada\"}]},{\"@type\":\"WebSite\",\"@id\":\"https:\/\/elojocojo.org\/#website\",\"url\":\"https:\/\/elojocojo.org\/\",\"name\":\"el ojO cojo\",\"description\":\"Todos estamos hechos de la misma esencia\",\"publisher\":{\"@id\":\"https:\/\/elojocojo.org\/#organization\"},\"potentialAction\":[{\"@type\":\"SearchAction\",\"target\":{\"@type\":\"EntryPoint\",\"urlTemplate\":\"https:\/\/elojocojo.org\/?s={search_term_string}\"},\"query-input\":{\"@type\":\"PropertyValueSpecification\",\"valueRequired\":true,\"valueName\":\"search_term_string\"}}],\"inLanguage\":\"es\"},{\"@type\":\"Organization\",\"@id\":\"https:\/\/elojocojo.org\/#organization\",\"name\":\"Meigas da r\u00faa\",\"url\":\"https:\/\/elojocojo.org\/\",\"logo\":{\"@type\":\"ImageObject\",\"inLanguage\":\"es\",\"@id\":\"https:\/\/elojocojo.org\/#\/schema\/logo\/image\/\",\"url\":\"https:\/\/meigasdarua.org\/wp-content\/uploads\/2020\/09\/cropped-logo-meigas-5.png\",\"contentUrl\":\"https:\/\/meigasdarua.org\/wp-content\/uploads\/2020\/09\/cropped-logo-meigas-5.png\",\"width\":109,\"height\":200,\"caption\":\"Meigas da r\u00faa\"},\"image\":{\"@id\":\"https:\/\/elojocojo.org\/#\/schema\/logo\/image\/\"},\"sameAs\":[\"https:\/\/www.facebook.com\/elojocojo\",\"https:\/\/x.com\/elojocojo\",\"https:\/\/www.instagram.com\/elojocojo\/?hl=es\",\"https:\/\/www.linkedin.com\/in\/el-ojo-cojo-b52b7769\/\",\"https:\/\/www.pinterest.es\/elojocojo\/_saved\/\",\"https:\/\/www.youtube.com\/channel\/UCkFtFTV0Bms7zH7vq8FZxZg\"]},{\"@type\":\"Person\",\"@id\":\"https:\/\/elojocojo.org\/#\/schema\/person\/0eebd75cb4d855e3f2b18abd9f7b9876\",\"name\":\"Pastora Laguna\",\"url\":\"https:\/\/elojocojo.org\/author\/pastora\/\"}]}<\/script>\n<!-- \/ Yoast SEO plugin. -->","yoast_head_json":{"title":"La colada - el ojO cojo","description":"La Colada sigue a Bel\u00e9n y Carmela en un tejado comunitario donde cuelgan ropa, comparten historias y desatan una peque\u00f1a rebeli\u00f3n.","robots":{"index":"index","follow":"follow","max-snippet":"max-snippet:-1","max-image-preview":"max-image-preview:large","max-video-preview":"max-video-preview:-1"},"canonical":"https:\/\/elojocojo.org\/la-colada\/","og_locale":"es_ES","og_type":"article","og_title":"La colada - el ojO cojo","og_description":"La Colada sigue a Bel\u00e9n y Carmela en un tejado comunitario donde cuelgan ropa, comparten historias y desatan una peque\u00f1a rebeli\u00f3n.","og_url":"https:\/\/elojocojo.org\/la-colada\/","og_site_name":"el ojO cojo","article_publisher":"https:\/\/www.facebook.com\/elojocojo","article_published_time":"2024-08-09T12:29:31+00:00","article_modified_time":"2026-02-21T17:38:10+00:00","og_image":[{"width":1246,"height":924,"url":"https:\/\/elojocojo.org\/wp-content\/uploads\/2024\/08\/FOTO3la-colada.jpg","type":"image\/jpeg"}],"author":"Pastora Laguna","twitter_card":"summary_large_image","twitter_creator":"@elojocojo","twitter_site":"@elojocojo","twitter_misc":{"Escrito por":"Pastora Laguna","Tiempo de lectura":"2 minutos"},"schema":{"@context":"https:\/\/schema.org","@graph":[{"@type":"Article","@id":"https:\/\/elojocojo.org\/la-colada\/#article","isPartOf":{"@id":"https:\/\/elojocojo.org\/la-colada\/"},"author":{"name":"Pastora Laguna","@id":"https:\/\/elojocojo.org\/#\/schema\/person\/0eebd75cb4d855e3f2b18abd9f7b9876"},"headline":"La colada","datePublished":"2024-08-09T12:29:31+00:00","dateModified":"2026-02-21T17:38:10+00:00","mainEntityOfPage":{"@id":"https:\/\/elojocojo.org\/la-colada\/"},"wordCount":370,"publisher":{"@id":"https:\/\/elojocojo.org\/#organization"},"image":{"@id":"https:\/\/elojocojo.org\/la-colada\/#primaryimage"},"thumbnailUrl":"https:\/\/elojocojo.org\/wp-content\/uploads\/2024\/08\/FOTO3la-colada.jpg","keywords":["2023","2024","adultos mayores","amistad","cambio social","Ciudades y comunidades sostenibles","comunidad","conflicto","convivencia","convivencia familiar","di\u00e1logo","educaci\u00f3n social","empoderamiento","Espa\u00f1a","esperanza","estereotipos","Festival el Ojo cojo","ficci\u00f3n","igualdad de g\u00e9nero","imaginaci\u00f3n","integraci\u00f3n","j\u00f3venes","mujer","Reducci\u00f3n de las desigualdades","reivindicaci\u00f3n","soledad","tercera edad","vida cotidiana"],"articleSection":["Cortometraje","Festival 2024"],"inLanguage":"es"},{"@type":"WebPage","@id":"https:\/\/elojocojo.org\/la-colada\/","url":"https:\/\/elojocojo.org\/la-colada\/","name":"La colada - el ojO cojo","isPartOf":{"@id":"https:\/\/elojocojo.org\/#website"},"primaryImageOfPage":{"@id":"https:\/\/elojocojo.org\/la-colada\/#primaryimage"},"image":{"@id":"https:\/\/elojocojo.org\/la-colada\/#primaryimage"},"thumbnailUrl":"https:\/\/elojocojo.org\/wp-content\/uploads\/2024\/08\/FOTO3la-colada.jpg","datePublished":"2024-08-09T12:29:31+00:00","dateModified":"2026-02-21T17:38:10+00:00","description":"La Colada sigue a Bel\u00e9n y Carmela en un tejado comunitario donde cuelgan ropa, comparten historias y desatan una peque\u00f1a rebeli\u00f3n.","breadcrumb":{"@id":"https:\/\/elojocojo.org\/la-colada\/#breadcrumb"},"inLanguage":"es","potentialAction":[{"@type":"ReadAction","target":["https:\/\/elojocojo.org\/la-colada\/"]}]},{"@type":"ImageObject","inLanguage":"es","@id":"https:\/\/elojocojo.org\/la-colada\/#primaryimage","url":"https:\/\/elojocojo.org\/wp-content\/uploads\/2024\/08\/FOTO3la-colada.jpg","contentUrl":"https:\/\/elojocojo.org\/wp-content\/uploads\/2024\/08\/FOTO3la-colada.jpg","width":1246,"height":924,"caption":"Una mujer joven mira directamente a la c\u00e1mara mientras la ropa se seca en un tendedero en una azotea."},{"@type":"BreadcrumbList","@id":"https:\/\/elojocojo.org\/la-colada\/#breadcrumb","itemListElement":[{"@type":"ListItem","position":1,"name":"Portada","item":"https:\/\/elojocojo.org\/"},{"@type":"ListItem","position":2,"name":"2023","item":"https:\/\/elojocojo.org\/tag\/2023\/"},{"@type":"ListItem","position":3,"name":"La colada"}]},{"@type":"WebSite","@id":"https:\/\/elojocojo.org\/#website","url":"https:\/\/elojocojo.org\/","name":"el ojO cojo","description":"Todos estamos hechos de la misma esencia","publisher":{"@id":"https:\/\/elojocojo.org\/#organization"},"potentialAction":[{"@type":"SearchAction","target":{"@type":"EntryPoint","urlTemplate":"https:\/\/elojocojo.org\/?s={search_term_string}"},"query-input":{"@type":"PropertyValueSpecification","valueRequired":true,"valueName":"search_term_string"}}],"inLanguage":"es"},{"@type":"Organization","@id":"https:\/\/elojocojo.org\/#organization","name":"Meigas da r\u00faa","url":"https:\/\/elojocojo.org\/","logo":{"@type":"ImageObject","inLanguage":"es","@id":"https:\/\/elojocojo.org\/#\/schema\/logo\/image\/","url":"https:\/\/meigasdarua.org\/wp-content\/uploads\/2020\/09\/cropped-logo-meigas-5.png","contentUrl":"https:\/\/meigasdarua.org\/wp-content\/uploads\/2020\/09\/cropped-logo-meigas-5.png","width":109,"height":200,"caption":"Meigas da r\u00faa"},"image":{"@id":"https:\/\/elojocojo.org\/#\/schema\/logo\/image\/"},"sameAs":["https:\/\/www.facebook.com\/elojocojo","https:\/\/x.com\/elojocojo","https:\/\/www.instagram.com\/elojocojo\/?hl=es","https:\/\/www.linkedin.com\/in\/el-ojo-cojo-b52b7769\/","https:\/\/www.pinterest.es\/elojocojo\/_saved\/","https:\/\/www.youtube.com\/channel\/UCkFtFTV0Bms7zH7vq8FZxZg"]},{"@type":"Person","@id":"https:\/\/elojocojo.org\/#\/schema\/person\/0eebd75cb4d855e3f2b18abd9f7b9876","name":"Pastora Laguna","url":"https:\/\/elojocojo.org\/author\/pastora\/"}]}},"_links":{"self":[{"href":"https:\/\/elojocojo.org\/wp-json\/wp\/v2\/posts\/55553","targetHints":{"allow":["GET"]}}],"collection":[{"href":"https:\/\/elojocojo.org\/wp-json\/wp\/v2\/posts"}],"about":[{"href":"https:\/\/elojocojo.org\/wp-json\/wp\/v2\/types\/post"}],"author":[{"embeddable":true,"href":"https:\/\/elojocojo.org\/wp-json\/wp\/v2\/users\/73"}],"replies":[{"embeddable":true,"href":"https:\/\/elojocojo.org\/wp-json\/wp\/v2\/comments?post=55553"}],"version-history":[{"count":8,"href":"https:\/\/elojocojo.org\/wp-json\/wp\/v2\/posts\/55553\/revisions"}],"predecessor-version":[{"id":75551,"href":"https:\/\/elojocojo.org\/wp-json\/wp\/v2\/posts\/55553\/revisions\/75551"}],"wp:featuredmedia":[{"embeddable":true,"href":"https:\/\/elojocojo.org\/wp-json\/wp\/v2\/media\/55554"}],"wp:attachment":[{"href":"https:\/\/elojocojo.org\/wp-json\/wp\/v2\/media?parent=55553"}],"wp:term":[{"taxonomy":"category","embeddable":true,"href":"https:\/\/elojocojo.org\/wp-json\/wp\/v2\/categories?post=55553"},{"taxonomy":"post_tag","embeddable":true,"href":"https:\/\/elojocojo.org\/wp-json\/wp\/v2\/tags?post=55553"}],"curies":[{"name":"wp","href":"https:\/\/api.w.org\/{rel}","templated":true}]}}