{"id":55528,"date":"2024-08-09T13:36:13","date_gmt":"2024-08-09T11:36:13","guid":{"rendered":"https:\/\/elojocojo.org\/?p=55528"},"modified":"2026-02-21T19:59:31","modified_gmt":"2026-02-21T18:59:31","slug":"flora","status":"publish","type":"post","link":"https:\/\/elojocojo.org\/flora\/","title":{"rendered":"Flora"},"content":{"rendered":"\n<figure class=\"wp-block-embed is-type-video is-provider-youtube wp-block-embed-youtube wp-embed-aspect-16-9 wp-has-aspect-ratio\"><div class=\"wp-block-embed__wrapper\">\n<iframe title=\"FLORA - Official Trailer (2023, 80min)\" width=\"1140\" height=\"641\" src=\"https:\/\/www.youtube.com\/embed\/9vm7o9luPEY?feature=oembed\" frameborder=\"0\" allow=\"accelerometer; autoplay; clipboard-write; encrypted-media; gyroscope; picture-in-picture; web-share\" referrerpolicy=\"strict-origin-when-cross-origin\" allowfullscreen><\/iframe>\n<\/div><\/figure>\n\n\n\n<p>T\u00edtulo original:&nbsp;Flora<br \/><br \/>A\u00f1o:&nbsp; 2024<\/p>\n\n\n\n<p>Director:&nbsp;Yehuda Sharim<\/p>\n\n\n\n<p>G\u00e9nero:&nbsp;Documental<\/p>\n\n\n\n<p>Pa\u00eds:\u00a0EEUU<br \/><br \/>Duraci\u00f3n:\u00a080&#8242; 35\u00bb<\/p>\n\n\n\n<p>Tipo: Color<\/p>\n\n\n\n<p>Idioma: Ingl\u00e9s, castellano<\/p>\n\n\n\n<h3 class=\"wp-block-heading\"><strong>Sinopsis<\/strong><\/h3>\n\n\n\n<p><em>Flora<\/em> es un documental que explora la memoria colectiva a trav\u00e9s de las historias de visionarios y guerreros que buscan ense\u00f1arse a s\u00ed mismos sobre el amor y la ternura. Todo ello se enmarca en un contexto global marcado por el sufrimiento y el dolor innecesarios. La pel\u00edcula entrelaza estas narrativas para construir un tapiz emocional que refleja los desaf\u00edos de quienes, a pesar de las adversidades, intentan levantar un mundo m\u00e1s compasivo y lleno de esperanza.<\/p>\n\n\n\n<h2 class=\"wp-block-heading\"><strong>Historias de visionarios y guerreros<\/strong><\/h2>\n\n\n\n<p>A lo largo del metraje, se presentan distintas vidas que ilustran c\u00f3mo diversos individuos \u2014denominados visionarios y guerreros\u2014 enfrentan retos personales y colectivos. Aunque provienen de culturas muy distintas, comparten un objetivo com\u00fan: superar el sufrimiento a trav\u00e9s de actos cotidianos de ternura. As\u00ed, <em>Flora<\/em> se adentra en sus experiencias, revelando c\u00f3mo sus vivencias enriquecen nuestra comprensi\u00f3n de la empat\u00eda y la humanidad.<\/p>\n\n\n\n<h2 class=\"wp-block-heading\"><strong>Ense\u00f1anza de amor y ternura<\/strong><\/h2>\n\n\n\n<p>Por otra parte, el documental muestra c\u00f3mo, incluso en un mundo plagado de injusticias, todav\u00eda es posible aprender y ense\u00f1ar el amor. La ternura aparece como una herramienta poderosa de transformaci\u00f3n. A trav\u00e9s de estas pr\u00e1cticas afectivas, los protagonistas resisten y desaf\u00edan la brutalidad de su entorno. En consecuencia, <em>Flora<\/em> subraya el potencial reparador del cuidado y la compasi\u00f3n.<\/p>\n\n\n\n<h2 class=\"wp-block-heading\"><strong>Conexiones que sanan<\/strong><\/h2>\n\n\n\n<p>Asimismo, la pel\u00edcula enfatiza c\u00f3mo el encuentro entre estas historias crea redes de sanaci\u00f3n colectiva. Lejos de ser meras experiencias individuales, sus trayectorias se entrelazan en una conversaci\u00f3n global sobre la posibilidad de vivir con mayor conciencia y generosidad. Esto permite al espectador observar los v\u00ednculos invisibles que sostienen la esperanza.<\/p>\n\n\n\n<h2 class=\"wp-block-heading\"><strong>Redes humanas y construcci\u00f3n de comunidad<\/strong><\/h2>\n\n\n\n<p><em>Flora<\/em> muestra c\u00f3mo las historias presentadas a lo largo del documental se conectan entre s\u00ed mediante experiencias compartidas de cuidado, acompa\u00f1amiento y apoyo mutuo. La pel\u00edcula observa c\u00f3mo estos v\u00ednculos generan espacios de encuentro donde se intercambian saberes, afectos y formas de resistencia cotidiana. A trav\u00e9s de esta estructura coral, el film presenta un entramado de relaciones que configuran una dimensi\u00f3n colectiva dentro de contextos marcados por la adversidad.<\/p>\n\n\n\n<h2 class=\"wp-block-heading\">Palmar\u00e9s<\/h2>\n\n\n\n<p><strong>2024<\/strong><\/p>\n\n\n\n<ul class=\"wp-block-list\">\n<li>Festival de Cine Latino y Nativo Americano &#8211; Premio a la Justicia Social<\/li>\n<\/ul>\n\n\n<div class=\"wp-block-image\">\n<figure class=\"aligncenter size-large is-resized\"><img decoding=\"async\" width=\"270\" height=\"360\" src=\"https:\/\/elojocojo.org\/wp-content\/uploads\/2024\/08\/POSTERflora-270x360.jpg\" alt=\"Cartel abstracto de la pel\u00edcula &quot;FLORA&quot; con siluetas de rostros, un atardecer y una flor.\" class=\"wp-image-55529\" style=\"object-fit:cover;width:243px;height:355px\" srcset=\"https:\/\/elojocojo.org\/wp-content\/uploads\/2024\/08\/POSTERflora-270x360.jpg 270w, https:\/\/elojocojo.org\/wp-content\/uploads\/2024\/08\/POSTERflora-375x500.jpg 375w, https:\/\/elojocojo.org\/wp-content\/uploads\/2024\/08\/POSTERflora-300x400.jpg 300w, https:\/\/elojocojo.org\/wp-content\/uploads\/2024\/08\/POSTERflora.jpg 600w\" sizes=\"(max-width: 270px) 100vw, 270px\" \/><\/figure>\n<\/div>\n\n\n<p>El filme&nbsp;\u00ab<em>Flora<\/em>\u00bb&nbsp;particip\u00f3 en la edici\u00f3n&nbsp;<a href=\"https:\/\/elojocojo.org\/category\/festival-2024\/\" target=\"_blank\" rel=\"noreferrer noopener\"><strong>&nbsp;2024<\/strong><\/a>&nbsp;del <strong><a href=\"https:\/\/elojocojo.org\/bienvenida\/festivalelojocojo\/\" target=\"_blank\" rel=\"noreferrer noopener\">Festival de cine el ojO cojo<\/a><\/strong> en ese sentido nos sentimos honrados de haberla exhibido.<\/p>\n\n\n\n<p>Visita nuestro <a href=\"https:\/\/el-ojocojo.blogspot.com\">blog<\/a>.&nbsp;<\/p>\n\n\n\n<p><\/p>\n","protected":false},"excerpt":{"rendered":"<p>Flora es un documental \u00edntimo y esperanzador que entrelaza las historias de personas resilientes que, a pesar del sufrimiento global, ense\u00f1an y aprenden sobre el amor, la empat\u00eda y la ternura como herramientas de transformaci\u00f3n personal y colectiva.. Dirigido por Yehuda Sharim.<\/p>\n","protected":false},"author":73,"featured_media":55530,"comment_status":"closed","ping_status":"closed","sticky":false,"template":"","format":"standard","meta":{"_monsterinsights_skip_tracking":false,"_monsterinsights_sitenote_active":false,"_monsterinsights_sitenote_note":"","_monsterinsights_sitenote_category":0,"footnotes":""},"categories":[2053,2107],"tags":[2109,2090,169,112,1753,2142,1779,1836,1193,1443,997,1470,1831,2117,2119,2191,1440,1981,1982,1760,878,2187,2118,433,998,1023,1086,1438,1231,707,1128,25,74,1013],"class_list":{"0":"post-55528","1":"post","2":"type-post","3":"status-publish","4":"format-standard","5":"has-post-thumbnail","7":"category-documental","8":"category-festival-2024","9":"tag-2109","10":"tag-activismo","11":"tag-amistad","12":"tag-amor","13":"tag-comunidad","14":"tag-convivencia-familiar","15":"tag-cultura","16":"tag-denuncia-social","17":"tag-derechos-humanos","18":"tag-desigualdad","19":"tag-diversidad","20":"tag-documental","21":"tag-educacion-social","22":"tag-eeuu","23":"tag-espanol","24":"tag-esperanza","25":"tag-estados-unidos","26":"tag-festival-de-cine","27":"tag-festival-el-ojo-cojo","28":"tag-genero","29":"tag-historia","30":"tag-igualdad","31":"tag-ingles","32":"tag-inmigrantes","33":"tag-interculturalidad","34":"tag-memoria-historica","35":"tag-paz-y-justicia-e-instituciones-solidas","36":"tag-pobreza","37":"tag-reduccion-de-las-desigualdades","38":"tag-reivindicacion","39":"tag-salud-y-bienestar","40":"tag-soledad","41":"tag-solidaridad","42":"tag-vida-cotidiana","43":"czr-hentry"},"yoast_head":"<!-- This site is optimized with the Yoast SEO plugin v27.1.1 - https:\/\/yoast.com\/product\/yoast-seo-wordpress\/ -->\n<title>Flora - el ojO cojo<\/title>\n<meta name=\"description\" content=\"Flora explora historias de visionarios y guerreros que ense\u00f1an amor y ternura en un mundo lleno de sufrimiento y dolor.\" \/>\n<meta name=\"robots\" content=\"index, follow, max-snippet:-1, max-image-preview:large, max-video-preview:-1\" \/>\n<link rel=\"canonical\" href=\"https:\/\/elojocojo.org\/flora\/\" \/>\n<meta property=\"og:locale\" content=\"es_ES\" \/>\n<meta property=\"og:type\" content=\"article\" \/>\n<meta property=\"og:title\" content=\"Flora - el ojO cojo\" \/>\n<meta property=\"og:description\" content=\"Flora explora historias de visionarios y guerreros que ense\u00f1an amor y ternura en un mundo lleno de sufrimiento y dolor.\" \/>\n<meta property=\"og:url\" content=\"https:\/\/elojocojo.org\/flora\/\" \/>\n<meta property=\"og:site_name\" content=\"el ojO cojo\" \/>\n<meta property=\"article:publisher\" content=\"https:\/\/www.facebook.com\/elojocojo\" \/>\n<meta property=\"article:published_time\" content=\"2024-08-09T11:36:13+00:00\" \/>\n<meta property=\"article:modified_time\" content=\"2026-02-21T18:59:31+00:00\" \/>\n<meta property=\"og:image\" content=\"https:\/\/elojocojo.org\/wp-content\/uploads\/2024\/08\/FOTO1flora.jpg\" \/>\n\t<meta property=\"og:image:width\" content=\"1643\" \/>\n\t<meta property=\"og:image:height\" content=\"924\" \/>\n\t<meta property=\"og:image:type\" content=\"image\/jpeg\" \/>\n<meta name=\"author\" content=\"Pastora Laguna\" \/>\n<meta name=\"twitter:card\" content=\"summary_large_image\" \/>\n<meta name=\"twitter:creator\" content=\"@elojocojo\" \/>\n<meta name=\"twitter:site\" content=\"@elojocojo\" \/>\n<meta name=\"twitter:label1\" content=\"Escrito por\" \/>\n\t<meta name=\"twitter:data1\" content=\"Pastora Laguna\" \/>\n\t<meta name=\"twitter:label2\" content=\"Tiempo de lectura\" \/>\n\t<meta name=\"twitter:data2\" content=\"2 minutos\" \/>\n<script type=\"application\/ld+json\" class=\"yoast-schema-graph\">{\"@context\":\"https:\/\/schema.org\",\"@graph\":[{\"@type\":\"Article\",\"@id\":\"https:\/\/elojocojo.org\/flora\/#article\",\"isPartOf\":{\"@id\":\"https:\/\/elojocojo.org\/flora\/\"},\"author\":{\"name\":\"Pastora Laguna\",\"@id\":\"https:\/\/elojocojo.org\/#\/schema\/person\/0eebd75cb4d855e3f2b18abd9f7b9876\"},\"headline\":\"Flora\",\"datePublished\":\"2024-08-09T11:36:13+00:00\",\"dateModified\":\"2026-02-21T18:59:31+00:00\",\"mainEntityOfPage\":{\"@id\":\"https:\/\/elojocojo.org\/flora\/\"},\"wordCount\":476,\"publisher\":{\"@id\":\"https:\/\/elojocojo.org\/#organization\"},\"image\":{\"@id\":\"https:\/\/elojocojo.org\/flora\/#primaryimage\"},\"thumbnailUrl\":\"https:\/\/elojocojo.org\/wp-content\/uploads\/2024\/08\/FOTO1flora.jpg\",\"keywords\":[\"2024\",\"activismo\",\"amistad\",\"amor\",\"comunidad\",\"convivencia familiar\",\"cultura\",\"denuncia social\",\"Derechos Humanos\",\"desigualdad\",\"diversidad\",\"documental\",\"educaci\u00f3n social\",\"EEUU\",\"espa\u00f1ol\",\"esperanza\",\"Estados Unidos\",\"festival de cine\",\"Festival el Ojo cojo\",\"g\u00e9nero\",\"historia\",\"igualdad\",\"ingl\u00e9s\",\"inmigrantes\",\"interculturalidad\",\"memoria hist\u00f3rica\",\"Paz y justicia e instituciones s\u00f3lidas\",\"pobreza\",\"Reducci\u00f3n de las desigualdades\",\"reivindicaci\u00f3n\",\"Salud y bienestar\",\"soledad\",\"solidaridad\",\"vida cotidiana\"],\"articleSection\":[\"Documental\",\"Festival 2024\"],\"inLanguage\":\"es\"},{\"@type\":\"WebPage\",\"@id\":\"https:\/\/elojocojo.org\/flora\/\",\"url\":\"https:\/\/elojocojo.org\/flora\/\",\"name\":\"Flora - el ojO cojo\",\"isPartOf\":{\"@id\":\"https:\/\/elojocojo.org\/#website\"},\"primaryImageOfPage\":{\"@id\":\"https:\/\/elojocojo.org\/flora\/#primaryimage\"},\"image\":{\"@id\":\"https:\/\/elojocojo.org\/flora\/#primaryimage\"},\"thumbnailUrl\":\"https:\/\/elojocojo.org\/wp-content\/uploads\/2024\/08\/FOTO1flora.jpg\",\"datePublished\":\"2024-08-09T11:36:13+00:00\",\"dateModified\":\"2026-02-21T18:59:31+00:00\",\"description\":\"Flora explora historias de visionarios y guerreros que ense\u00f1an amor y ternura en un mundo lleno de sufrimiento y dolor.\",\"breadcrumb\":{\"@id\":\"https:\/\/elojocojo.org\/flora\/#breadcrumb\"},\"inLanguage\":\"es\",\"potentialAction\":[{\"@type\":\"ReadAction\",\"target\":[\"https:\/\/elojocojo.org\/flora\/\"]}]},{\"@type\":\"ImageObject\",\"inLanguage\":\"es\",\"@id\":\"https:\/\/elojocojo.org\/flora\/#primaryimage\",\"url\":\"https:\/\/elojocojo.org\/wp-content\/uploads\/2024\/08\/FOTO1flora.jpg\",\"contentUrl\":\"https:\/\/elojocojo.org\/wp-content\/uploads\/2024\/08\/FOTO1flora.jpg\",\"width\":1643,\"height\":924,\"caption\":\"Tres mujeres en un primer plano. Una mira directamente a la c\u00e1mara mientras las otras dos est\u00e1n de perfil o con la mirada baja.\"},{\"@type\":\"BreadcrumbList\",\"@id\":\"https:\/\/elojocojo.org\/flora\/#breadcrumb\",\"itemListElement\":[{\"@type\":\"ListItem\",\"position\":1,\"name\":\"Portada\",\"item\":\"https:\/\/elojocojo.org\/\"},{\"@type\":\"ListItem\",\"position\":2,\"name\":\"2024\",\"item\":\"https:\/\/elojocojo.org\/tag\/2024\/\"},{\"@type\":\"ListItem\",\"position\":3,\"name\":\"Flora\"}]},{\"@type\":\"WebSite\",\"@id\":\"https:\/\/elojocojo.org\/#website\",\"url\":\"https:\/\/elojocojo.org\/\",\"name\":\"el ojO cojo\",\"description\":\"Todos estamos hechos de la misma esencia\",\"publisher\":{\"@id\":\"https:\/\/elojocojo.org\/#organization\"},\"potentialAction\":[{\"@type\":\"SearchAction\",\"target\":{\"@type\":\"EntryPoint\",\"urlTemplate\":\"https:\/\/elojocojo.org\/?s={search_term_string}\"},\"query-input\":{\"@type\":\"PropertyValueSpecification\",\"valueRequired\":true,\"valueName\":\"search_term_string\"}}],\"inLanguage\":\"es\"},{\"@type\":\"Organization\",\"@id\":\"https:\/\/elojocojo.org\/#organization\",\"name\":\"Meigas da r\u00faa\",\"url\":\"https:\/\/elojocojo.org\/\",\"logo\":{\"@type\":\"ImageObject\",\"inLanguage\":\"es\",\"@id\":\"https:\/\/elojocojo.org\/#\/schema\/logo\/image\/\",\"url\":\"https:\/\/meigasdarua.org\/wp-content\/uploads\/2020\/09\/cropped-logo-meigas-5.png\",\"contentUrl\":\"https:\/\/meigasdarua.org\/wp-content\/uploads\/2020\/09\/cropped-logo-meigas-5.png\",\"width\":109,\"height\":200,\"caption\":\"Meigas da r\u00faa\"},\"image\":{\"@id\":\"https:\/\/elojocojo.org\/#\/schema\/logo\/image\/\"},\"sameAs\":[\"https:\/\/www.facebook.com\/elojocojo\",\"https:\/\/x.com\/elojocojo\",\"https:\/\/www.instagram.com\/elojocojo\/?hl=es\",\"https:\/\/www.linkedin.com\/in\/el-ojo-cojo-b52b7769\/\",\"https:\/\/www.pinterest.es\/elojocojo\/_saved\/\",\"https:\/\/www.youtube.com\/channel\/UCkFtFTV0Bms7zH7vq8FZxZg\"]},{\"@type\":\"Person\",\"@id\":\"https:\/\/elojocojo.org\/#\/schema\/person\/0eebd75cb4d855e3f2b18abd9f7b9876\",\"name\":\"Pastora Laguna\",\"url\":\"https:\/\/elojocojo.org\/author\/pastora\/\"}]}<\/script>\n<!-- \/ Yoast SEO plugin. -->","yoast_head_json":{"title":"Flora - el ojO cojo","description":"Flora explora historias de visionarios y guerreros que ense\u00f1an amor y ternura en un mundo lleno de sufrimiento y dolor.","robots":{"index":"index","follow":"follow","max-snippet":"max-snippet:-1","max-image-preview":"max-image-preview:large","max-video-preview":"max-video-preview:-1"},"canonical":"https:\/\/elojocojo.org\/flora\/","og_locale":"es_ES","og_type":"article","og_title":"Flora - el ojO cojo","og_description":"Flora explora historias de visionarios y guerreros que ense\u00f1an amor y ternura en un mundo lleno de sufrimiento y dolor.","og_url":"https:\/\/elojocojo.org\/flora\/","og_site_name":"el ojO cojo","article_publisher":"https:\/\/www.facebook.com\/elojocojo","article_published_time":"2024-08-09T11:36:13+00:00","article_modified_time":"2026-02-21T18:59:31+00:00","og_image":[{"width":1643,"height":924,"url":"https:\/\/elojocojo.org\/wp-content\/uploads\/2024\/08\/FOTO1flora.jpg","type":"image\/jpeg"}],"author":"Pastora Laguna","twitter_card":"summary_large_image","twitter_creator":"@elojocojo","twitter_site":"@elojocojo","twitter_misc":{"Escrito por":"Pastora Laguna","Tiempo de lectura":"2 minutos"},"schema":{"@context":"https:\/\/schema.org","@graph":[{"@type":"Article","@id":"https:\/\/elojocojo.org\/flora\/#article","isPartOf":{"@id":"https:\/\/elojocojo.org\/flora\/"},"author":{"name":"Pastora Laguna","@id":"https:\/\/elojocojo.org\/#\/schema\/person\/0eebd75cb4d855e3f2b18abd9f7b9876"},"headline":"Flora","datePublished":"2024-08-09T11:36:13+00:00","dateModified":"2026-02-21T18:59:31+00:00","mainEntityOfPage":{"@id":"https:\/\/elojocojo.org\/flora\/"},"wordCount":476,"publisher":{"@id":"https:\/\/elojocojo.org\/#organization"},"image":{"@id":"https:\/\/elojocojo.org\/flora\/#primaryimage"},"thumbnailUrl":"https:\/\/elojocojo.org\/wp-content\/uploads\/2024\/08\/FOTO1flora.jpg","keywords":["2024","activismo","amistad","amor","comunidad","convivencia familiar","cultura","denuncia social","Derechos Humanos","desigualdad","diversidad","documental","educaci\u00f3n social","EEUU","espa\u00f1ol","esperanza","Estados Unidos","festival de cine","Festival el Ojo cojo","g\u00e9nero","historia","igualdad","ingl\u00e9s","inmigrantes","interculturalidad","memoria hist\u00f3rica","Paz y justicia e instituciones s\u00f3lidas","pobreza","Reducci\u00f3n de las desigualdades","reivindicaci\u00f3n","Salud y bienestar","soledad","solidaridad","vida cotidiana"],"articleSection":["Documental","Festival 2024"],"inLanguage":"es"},{"@type":"WebPage","@id":"https:\/\/elojocojo.org\/flora\/","url":"https:\/\/elojocojo.org\/flora\/","name":"Flora - el ojO cojo","isPartOf":{"@id":"https:\/\/elojocojo.org\/#website"},"primaryImageOfPage":{"@id":"https:\/\/elojocojo.org\/flora\/#primaryimage"},"image":{"@id":"https:\/\/elojocojo.org\/flora\/#primaryimage"},"thumbnailUrl":"https:\/\/elojocojo.org\/wp-content\/uploads\/2024\/08\/FOTO1flora.jpg","datePublished":"2024-08-09T11:36:13+00:00","dateModified":"2026-02-21T18:59:31+00:00","description":"Flora explora historias de visionarios y guerreros que ense\u00f1an amor y ternura en un mundo lleno de sufrimiento y dolor.","breadcrumb":{"@id":"https:\/\/elojocojo.org\/flora\/#breadcrumb"},"inLanguage":"es","potentialAction":[{"@type":"ReadAction","target":["https:\/\/elojocojo.org\/flora\/"]}]},{"@type":"ImageObject","inLanguage":"es","@id":"https:\/\/elojocojo.org\/flora\/#primaryimage","url":"https:\/\/elojocojo.org\/wp-content\/uploads\/2024\/08\/FOTO1flora.jpg","contentUrl":"https:\/\/elojocojo.org\/wp-content\/uploads\/2024\/08\/FOTO1flora.jpg","width":1643,"height":924,"caption":"Tres mujeres en un primer plano. Una mira directamente a la c\u00e1mara mientras las otras dos est\u00e1n de perfil o con la mirada baja."},{"@type":"BreadcrumbList","@id":"https:\/\/elojocojo.org\/flora\/#breadcrumb","itemListElement":[{"@type":"ListItem","position":1,"name":"Portada","item":"https:\/\/elojocojo.org\/"},{"@type":"ListItem","position":2,"name":"2024","item":"https:\/\/elojocojo.org\/tag\/2024\/"},{"@type":"ListItem","position":3,"name":"Flora"}]},{"@type":"WebSite","@id":"https:\/\/elojocojo.org\/#website","url":"https:\/\/elojocojo.org\/","name":"el ojO cojo","description":"Todos estamos hechos de la misma esencia","publisher":{"@id":"https:\/\/elojocojo.org\/#organization"},"potentialAction":[{"@type":"SearchAction","target":{"@type":"EntryPoint","urlTemplate":"https:\/\/elojocojo.org\/?s={search_term_string}"},"query-input":{"@type":"PropertyValueSpecification","valueRequired":true,"valueName":"search_term_string"}}],"inLanguage":"es"},{"@type":"Organization","@id":"https:\/\/elojocojo.org\/#organization","name":"Meigas da r\u00faa","url":"https:\/\/elojocojo.org\/","logo":{"@type":"ImageObject","inLanguage":"es","@id":"https:\/\/elojocojo.org\/#\/schema\/logo\/image\/","url":"https:\/\/meigasdarua.org\/wp-content\/uploads\/2020\/09\/cropped-logo-meigas-5.png","contentUrl":"https:\/\/meigasdarua.org\/wp-content\/uploads\/2020\/09\/cropped-logo-meigas-5.png","width":109,"height":200,"caption":"Meigas da r\u00faa"},"image":{"@id":"https:\/\/elojocojo.org\/#\/schema\/logo\/image\/"},"sameAs":["https:\/\/www.facebook.com\/elojocojo","https:\/\/x.com\/elojocojo","https:\/\/www.instagram.com\/elojocojo\/?hl=es","https:\/\/www.linkedin.com\/in\/el-ojo-cojo-b52b7769\/","https:\/\/www.pinterest.es\/elojocojo\/_saved\/","https:\/\/www.youtube.com\/channel\/UCkFtFTV0Bms7zH7vq8FZxZg"]},{"@type":"Person","@id":"https:\/\/elojocojo.org\/#\/schema\/person\/0eebd75cb4d855e3f2b18abd9f7b9876","name":"Pastora Laguna","url":"https:\/\/elojocojo.org\/author\/pastora\/"}]}},"_links":{"self":[{"href":"https:\/\/elojocojo.org\/wp-json\/wp\/v2\/posts\/55528","targetHints":{"allow":["GET"]}}],"collection":[{"href":"https:\/\/elojocojo.org\/wp-json\/wp\/v2\/posts"}],"about":[{"href":"https:\/\/elojocojo.org\/wp-json\/wp\/v2\/types\/post"}],"author":[{"embeddable":true,"href":"https:\/\/elojocojo.org\/wp-json\/wp\/v2\/users\/73"}],"replies":[{"embeddable":true,"href":"https:\/\/elojocojo.org\/wp-json\/wp\/v2\/comments?post=55528"}],"version-history":[{"count":9,"href":"https:\/\/elojocojo.org\/wp-json\/wp\/v2\/posts\/55528\/revisions"}],"predecessor-version":[{"id":75566,"href":"https:\/\/elojocojo.org\/wp-json\/wp\/v2\/posts\/55528\/revisions\/75566"}],"wp:featuredmedia":[{"embeddable":true,"href":"https:\/\/elojocojo.org\/wp-json\/wp\/v2\/media\/55530"}],"wp:attachment":[{"href":"https:\/\/elojocojo.org\/wp-json\/wp\/v2\/media?parent=55528"}],"wp:term":[{"taxonomy":"category","embeddable":true,"href":"https:\/\/elojocojo.org\/wp-json\/wp\/v2\/categories?post=55528"},{"taxonomy":"post_tag","embeddable":true,"href":"https:\/\/elojocojo.org\/wp-json\/wp\/v2\/tags?post=55528"}],"curies":[{"name":"wp","href":"https:\/\/api.w.org\/{rel}","templated":true}]}}