{"id":55500,"date":"2024-08-09T05:55:23","date_gmt":"2024-08-09T03:55:23","guid":{"rendered":"https:\/\/elojocojo.org\/?p=55500"},"modified":"2026-02-22T13:52:09","modified_gmt":"2026-02-22T12:52:09","slug":"xoftex","status":"publish","type":"post","link":"https:\/\/elojocojo.org\/xoftex\/","title":{"rendered":"XOFTEX"},"content":{"rendered":"\n<figure class=\"wp-block-embed is-type-video is-provider-youtube wp-block-embed-youtube wp-embed-aspect-16-9 wp-has-aspect-ratio\"><div class=\"wp-block-embed__wrapper\">\n<iframe title=\"XOFTEX | Trailer | FILMFEST M\u00dcNCHEN 2024\" width=\"1140\" height=\"641\" src=\"https:\/\/www.youtube.com\/embed\/z9GeOCJUgis?feature=oembed\" frameborder=\"0\" allow=\"accelerometer; autoplay; clipboard-write; encrypted-media; gyroscope; picture-in-picture; web-share\" referrerpolicy=\"strict-origin-when-cross-origin\" allowfullscreen><\/iframe>\n<\/div><\/figure>\n\n\n\n<p>T\u00edtulo: XOFTEX<\/p>\n\n\n\n<p>T\u00edtulo original:&nbsp;XOFTEX<\/p>\n\n\n\n<p>A\u00f1o:&nbsp;2024<\/p>\n\n\n\n<p>Director:&nbsp;Noaz Deshe<\/p>\n\n\n\n<p>G\u00e9nero:&nbsp;Feature<\/p>\n\n\n\n<p>Pa\u00eds:&nbsp;Alemania<br \/><br \/>Duraci\u00f3n:&nbsp;99&#8242;<\/p>\n\n\n\n<p>Tipo: Color<\/p>\n\n\n\n<p>Idioma: \u00c1rabe<\/p>\n\n\n\n<h3 class=\"wp-block-heading\">Sinopsis<\/h3>\n\n\n\n<p>En <em>XOFTEX<\/em>, un grupo de j\u00f3venes refugiados vive en un campamento atrapado entre la espera y la incertidumbre. En primer lugar, el aislamiento y la burocracia definen su rutina diaria. Sin embargo, Nasser decide transformar esa pasividad en acci\u00f3n creativa. Por lo tanto, impulsa a sus amigos a rodar sketches inspirados en su propia realidad.<\/p>\n\n\n\n<h2 class=\"wp-block-heading\"><strong>Humor en territorio hostil<\/strong><\/h2>\n\n\n\n<p>Mientras avanzan en el rodaje, el campamento adquiere una atm\u00f3sfera inquietante. Por un lado, la sensaci\u00f3n de encierro lo convierte en un limbo; por otro, las tensiones lo asemejan a una pel\u00edcula de zombis. As\u00ed, la ficci\u00f3n comienza a mezclarse con lo cotidiano. Adem\u00e1s, cada escena filmada funciona como una respuesta directa a la desesperanza.<\/p>\n\n\n\n<h2 class=\"wp-block-heading\"><strong>Fracturas internas<\/strong><\/h2>\n\n\n\n<p>Aunque comparten un objetivo com\u00fan, surgen conflictos entre ellos. A medida que el encierro se prolonga, las frustraciones personales emergen. En consecuencia, la cohesi\u00f3n del grupo se resiente. No obstante, el proceso creativo los obliga a escucharse y confrontarse. De este modo, el cine act\u00faa como espacio de negociaci\u00f3n y reconocimiento mutuo.<\/p>\n\n\n\n<h2 class=\"wp-block-heading\"><strong>La c\u00e1mara como herramienta<\/strong><\/h2>\n\n\n\n<p>Al mismo tiempo, la filmaci\u00f3n adquiere una dimensi\u00f3n pol\u00edtica. Asimismo, los j\u00f3venes descubren que grabar no es solo entretenimiento, sino una forma de afirmaci\u00f3n. Aunque la c\u00e1mara no altera su estatus legal, s\u00ed transforma su percepci\u00f3n de s\u00ed mismos. Por consiguiente, el acto de filmar redefine su identidad colectiva.<\/p>\n\n\n\n<h2 class=\"wp-block-heading\"><strong>Rodar para existir<\/strong><\/h2>\n\n\n\n<p>El campamento se convierte progresivamente en escenario y protagonista. Mientras las escenas se multiplican, los j\u00f3venes ocupan simb\u00f3licamente el espacio que habitan. La pel\u00edcula dentro de la pel\u00edcula avanza paralelamente a su espera administrativa, registrando su convivencia, sus tensiones y su voluntad de seguir creando.<\/p>\n\n\n\n<h2 class=\"wp-block-heading\">Palmar\u00e9s<\/h2>\n\n\n\n<p>2024<\/p>\n\n\n\n<ul class=\"wp-block-list\">\n<li>Festival de Cine de Tesal\u00f3nica &#8211; Ganador Mejor Director \u2013 Competici\u00f3n Film Forward<\/li>\n<\/ul>\n\n\n<div class=\"wp-block-image\">\n<figure class=\"aligncenter size-large is-resized\"><img decoding=\"async\" width=\"246\" height=\"360\" src=\"https:\/\/elojocojo.org\/wp-content\/uploads\/2024\/08\/Poster-f8121bdef6-poster-1-246x360.jpg\" alt=\"P\u00f3ster de la pel\u00edcula &quot;Xoftes&quot;, con una imagen de un hombre en la parte superior y texto en la parte inferior. Arriba se ven logos de festivales de cine como Filmfest M\u00fcnchen y Karlovy Vary.\" class=\"wp-image-55574\" style=\"object-fit:cover;width:243px;height:357px\" srcset=\"https:\/\/elojocojo.org\/wp-content\/uploads\/2024\/08\/Poster-f8121bdef6-poster-1-246x360.jpg 246w, https:\/\/elojocojo.org\/wp-content\/uploads\/2024\/08\/Poster-f8121bdef6-poster-1-342x500.jpg 342w, https:\/\/elojocojo.org\/wp-content\/uploads\/2024\/08\/Poster-f8121bdef6-poster-1-274x400.jpg 274w, https:\/\/elojocojo.org\/wp-content\/uploads\/2024\/08\/Poster-f8121bdef6-poster-1.jpg 547w\" sizes=\"(max-width: 246px) 100vw, 246px\" \/><\/figure>\n<\/div>\n\n\n<p><a href=\"https:\/\/www.imdb.com\/title\/tt29725186\/\">IMDb<\/a> 6\/10<\/p>\n\n\n\n<p>El filme&nbsp;\u00ab<em>XOFTEX<\/em>\u00bb&nbsp;particip\u00f3 en la edici\u00f3n&nbsp;<a href=\"https:\/\/elojocojo.org\/category\/festival-2024\/\" target=\"_blank\" rel=\"noreferrer noopener\"><strong>&nbsp;2024<\/strong><\/a>&nbsp;del <strong><a href=\"https:\/\/elojocojo.org\/bienvenida\/festivalelojocojo\/\" target=\"_blank\" rel=\"noreferrer noopener\">Festival de cine el ojO cojo<\/a><\/strong> en ese sentido nos sentimos honrados de haberla exhibido.<\/p>\n\n\n\n<p>Visita nuestro <a href=\"https:\/\/el-ojocojo.blogspot.com\">blog<\/a>.<\/p>\n","protected":false},"excerpt":{"rendered":"<p>En un campamento de inmigrantes donde el tiempo parece haberse detenido, un grupo de j\u00f3venes liderado por Nasser encuentra en el cine una v\u00eda de escape y resistencia. A trav\u00e9s de sketches sat\u00edricos que mezclan humor y cr\u00edtica social, XOFTEX retrata la lucha por mantener la esperanza en medio de la incertidumbre, explorando la amistad, el miedo y la fuerza del arte para transformar la realidad.. Dirigido por Noaz Deshe. <\/p>\n","protected":false},"author":73,"featured_media":71216,"comment_status":"closed","ping_status":"closed","sticky":false,"template":"","format":"standard","meta":{"_monsterinsights_skip_tracking":false,"_monsterinsights_sitenote_active":false,"_monsterinsights_sitenote_note":"","_monsterinsights_sitenote_category":0,"footnotes":""},"categories":[2107,30],"tags":[2109,2090,19,78,169,186,1791,1686,941,1434,62,2142,960,1587,1850,1836,881,997,995,1403,1771,2191,1499,1982,1628,433,288,60,2390,1086,1231,97,1484,1128,74],"class_list":{"0":"post-55500","1":"post","2":"type-post","3":"status-publish","4":"format-standard","5":"has-post-thumbnail","7":"category-festival-2024","8":"category-ficcion","9":"tag-2109","10":"tag-activismo","11":"tag-activismo-cultural","12":"tag-alemania","13":"tag-amistad","14":"tag-arte","15":"tag-burocracia","16":"tag-cambio-social","17":"tag-cine","18":"tag-conflicto","19":"tag-convivencia","20":"tag-convivencia-familiar","21":"tag-creatividad","22":"tag-crisis","23":"tag-crisis-economica","24":"tag-denuncia-social","25":"tag-desplazados","26":"tag-diversidad","27":"tag-educacion","28":"tag-educacion-de-calidad","29":"tag-emigrantes","30":"tag-esperanza","31":"tag-exilio","32":"tag-festival-el-ojo-cojo","33":"tag-ficcion","34":"tag-inmigrantes","35":"tag-jovenes","36":"tag-migraciones","37":"tag-migrantes","38":"tag-paz-y-justicia-e-instituciones-solidas","39":"tag-reduccion-de-las-desigualdades","40":"tag-refugiados","41":"tag-salud-mental","42":"tag-salud-y-bienestar","43":"tag-solidaridad","44":"czr-hentry"},"yoast_head":"<!-- This site is optimized with the Yoast SEO plugin v27.1.1 - https:\/\/yoast.com\/product\/yoast-seo-wordpress\/ -->\n<title>XOFTEX - el ojO cojo<\/title>\n<meta name=\"description\" content=\"En xoftex Nasser y sus amigos filman sketches sat\u00edricos y se preparan para una pel\u00edcula de terror zombie mientras esperan entrevistas de inmig\" \/>\n<meta name=\"robots\" content=\"index, follow, max-snippet:-1, max-image-preview:large, max-video-preview:-1\" \/>\n<link rel=\"canonical\" href=\"https:\/\/elojocojo.org\/xoftex\/\" \/>\n<meta property=\"og:locale\" content=\"es_ES\" \/>\n<meta property=\"og:type\" content=\"article\" \/>\n<meta property=\"og:title\" content=\"XOFTEX - el ojO cojo\" \/>\n<meta property=\"og:description\" content=\"En xoftex Nasser y sus amigos filman sketches sat\u00edricos y se preparan para una pel\u00edcula de terror zombie mientras esperan entrevistas de inmig\" \/>\n<meta property=\"og:url\" content=\"https:\/\/elojocojo.org\/xoftex\/\" \/>\n<meta property=\"og:site_name\" content=\"el ojO cojo\" \/>\n<meta property=\"article:publisher\" content=\"https:\/\/www.facebook.com\/elojocojo\" \/>\n<meta property=\"article:published_time\" content=\"2024-08-09T03:55:23+00:00\" \/>\n<meta property=\"article:modified_time\" content=\"2026-02-22T12:52:09+00:00\" \/>\n<meta property=\"og:image\" content=\"https:\/\/elojocojo.org\/wp-content\/uploads\/2024\/08\/fotogramaXoftes-scaled-e1749195501604.jpg\" \/>\n\t<meta property=\"og:image:width\" content=\"2513\" \/>\n\t<meta property=\"og:image:height\" content=\"1058\" \/>\n\t<meta property=\"og:image:type\" content=\"image\/jpeg\" \/>\n<meta name=\"author\" content=\"Pastora Laguna\" \/>\n<meta name=\"twitter:card\" content=\"summary_large_image\" \/>\n<meta name=\"twitter:creator\" content=\"@elojocojo\" \/>\n<meta name=\"twitter:site\" content=\"@elojocojo\" \/>\n<meta name=\"twitter:label1\" content=\"Escrito por\" \/>\n\t<meta name=\"twitter:data1\" content=\"Pastora Laguna\" \/>\n\t<meta name=\"twitter:label2\" content=\"Tiempo de lectura\" \/>\n\t<meta name=\"twitter:data2\" content=\"2 minutos\" \/>\n<script type=\"application\/ld+json\" class=\"yoast-schema-graph\">{\"@context\":\"https:\/\/schema.org\",\"@graph\":[{\"@type\":\"Article\",\"@id\":\"https:\/\/elojocojo.org\/xoftex\/#article\",\"isPartOf\":{\"@id\":\"https:\/\/elojocojo.org\/xoftex\/\"},\"author\":{\"name\":\"Pastora Laguna\",\"@id\":\"https:\/\/elojocojo.org\/#\/schema\/person\/0eebd75cb4d855e3f2b18abd9f7b9876\"},\"headline\":\"XOFTEX\",\"datePublished\":\"2024-08-09T03:55:23+00:00\",\"dateModified\":\"2026-02-22T12:52:09+00:00\",\"mainEntityOfPage\":{\"@id\":\"https:\/\/elojocojo.org\/xoftex\/\"},\"wordCount\":378,\"publisher\":{\"@id\":\"https:\/\/elojocojo.org\/#organization\"},\"image\":{\"@id\":\"https:\/\/elojocojo.org\/xoftex\/#primaryimage\"},\"thumbnailUrl\":\"https:\/\/elojocojo.org\/wp-content\/uploads\/2024\/08\/fotogramaXoftes-scaled-e1749195501604.jpg\",\"keywords\":[\"2024\",\"activismo\",\"activismo cultural\",\"Alemania\",\"amistad\",\"Arte\",\"Burocracia\",\"cambio social\",\"cine\",\"conflicto\",\"convivencia\",\"convivencia familiar\",\"creatividad\",\"crisis\",\"crisis econ\u00f3mica\",\"denuncia social\",\"Desplazados\",\"diversidad\",\"educaci\u00f3n\",\"Educaci\u00f3n de calidad\",\"emigrantes\",\"esperanza\",\"exilio\",\"Festival el Ojo cojo\",\"ficci\u00f3n\",\"inmigrantes\",\"j\u00f3venes\",\"migraciones\",\"migrantes\",\"Paz y justicia e instituciones s\u00f3lidas\",\"Reducci\u00f3n de las desigualdades\",\"refugiados\",\"salud mental\",\"Salud y bienestar\",\"solidaridad\"],\"articleSection\":[\"Festival 2024\",\"Ficci\u00f3n\"],\"inLanguage\":\"es\"},{\"@type\":\"WebPage\",\"@id\":\"https:\/\/elojocojo.org\/xoftex\/\",\"url\":\"https:\/\/elojocojo.org\/xoftex\/\",\"name\":\"XOFTEX - el ojO cojo\",\"isPartOf\":{\"@id\":\"https:\/\/elojocojo.org\/#website\"},\"primaryImageOfPage\":{\"@id\":\"https:\/\/elojocojo.org\/xoftex\/#primaryimage\"},\"image\":{\"@id\":\"https:\/\/elojocojo.org\/xoftex\/#primaryimage\"},\"thumbnailUrl\":\"https:\/\/elojocojo.org\/wp-content\/uploads\/2024\/08\/fotogramaXoftes-scaled-e1749195501604.jpg\",\"datePublished\":\"2024-08-09T03:55:23+00:00\",\"dateModified\":\"2026-02-22T12:52:09+00:00\",\"description\":\"En xoftex Nasser y sus amigos filman sketches sat\u00edricos y se preparan para una pel\u00edcula de terror zombie mientras esperan entrevistas de inmig\",\"breadcrumb\":{\"@id\":\"https:\/\/elojocojo.org\/xoftex\/#breadcrumb\"},\"inLanguage\":\"es\",\"potentialAction\":[{\"@type\":\"ReadAction\",\"target\":[\"https:\/\/elojocojo.org\/xoftex\/\"]}]},{\"@type\":\"ImageObject\",\"inLanguage\":\"es\",\"@id\":\"https:\/\/elojocojo.org\/xoftex\/#primaryimage\",\"url\":\"https:\/\/elojocojo.org\/wp-content\/uploads\/2024\/08\/fotogramaXoftes-scaled-e1749195501604.jpg\",\"contentUrl\":\"https:\/\/elojocojo.org\/wp-content\/uploads\/2024\/08\/fotogramaXoftes-scaled-e1749195501604.jpg\",\"width\":2513,\"height\":1058,\"caption\":\"Primer plano de un hombre con una expresi\u00f3n de temor o incomodidad, mientras una mano sostiene un tenedor de pl\u00e1stico blanco cerca de su frente. La iluminaci\u00f3n es tenue y fr\u00eda.\"},{\"@type\":\"BreadcrumbList\",\"@id\":\"https:\/\/elojocojo.org\/xoftex\/#breadcrumb\",\"itemListElement\":[{\"@type\":\"ListItem\",\"position\":1,\"name\":\"Portada\",\"item\":\"https:\/\/elojocojo.org\/\"},{\"@type\":\"ListItem\",\"position\":2,\"name\":\"2024\",\"item\":\"https:\/\/elojocojo.org\/tag\/2024\/\"},{\"@type\":\"ListItem\",\"position\":3,\"name\":\"XOFTEX\"}]},{\"@type\":\"WebSite\",\"@id\":\"https:\/\/elojocojo.org\/#website\",\"url\":\"https:\/\/elojocojo.org\/\",\"name\":\"el ojO cojo\",\"description\":\"Todos estamos hechos de la misma esencia\",\"publisher\":{\"@id\":\"https:\/\/elojocojo.org\/#organization\"},\"potentialAction\":[{\"@type\":\"SearchAction\",\"target\":{\"@type\":\"EntryPoint\",\"urlTemplate\":\"https:\/\/elojocojo.org\/?s={search_term_string}\"},\"query-input\":{\"@type\":\"PropertyValueSpecification\",\"valueRequired\":true,\"valueName\":\"search_term_string\"}}],\"inLanguage\":\"es\"},{\"@type\":\"Organization\",\"@id\":\"https:\/\/elojocojo.org\/#organization\",\"name\":\"Meigas da r\u00faa\",\"url\":\"https:\/\/elojocojo.org\/\",\"logo\":{\"@type\":\"ImageObject\",\"inLanguage\":\"es\",\"@id\":\"https:\/\/elojocojo.org\/#\/schema\/logo\/image\/\",\"url\":\"https:\/\/meigasdarua.org\/wp-content\/uploads\/2020\/09\/cropped-logo-meigas-5.png\",\"contentUrl\":\"https:\/\/meigasdarua.org\/wp-content\/uploads\/2020\/09\/cropped-logo-meigas-5.png\",\"width\":109,\"height\":200,\"caption\":\"Meigas da r\u00faa\"},\"image\":{\"@id\":\"https:\/\/elojocojo.org\/#\/schema\/logo\/image\/\"},\"sameAs\":[\"https:\/\/www.facebook.com\/elojocojo\",\"https:\/\/x.com\/elojocojo\",\"https:\/\/www.instagram.com\/elojocojo\/?hl=es\",\"https:\/\/www.linkedin.com\/in\/el-ojo-cojo-b52b7769\/\",\"https:\/\/www.pinterest.es\/elojocojo\/_saved\/\",\"https:\/\/www.youtube.com\/channel\/UCkFtFTV0Bms7zH7vq8FZxZg\"]},{\"@type\":\"Person\",\"@id\":\"https:\/\/elojocojo.org\/#\/schema\/person\/0eebd75cb4d855e3f2b18abd9f7b9876\",\"name\":\"Pastora Laguna\",\"url\":\"https:\/\/elojocojo.org\/author\/pastora\/\"}]}<\/script>\n<!-- \/ Yoast SEO plugin. -->","yoast_head_json":{"title":"XOFTEX - el ojO cojo","description":"En xoftex Nasser y sus amigos filman sketches sat\u00edricos y se preparan para una pel\u00edcula de terror zombie mientras esperan entrevistas de inmig","robots":{"index":"index","follow":"follow","max-snippet":"max-snippet:-1","max-image-preview":"max-image-preview:large","max-video-preview":"max-video-preview:-1"},"canonical":"https:\/\/elojocojo.org\/xoftex\/","og_locale":"es_ES","og_type":"article","og_title":"XOFTEX - el ojO cojo","og_description":"En xoftex Nasser y sus amigos filman sketches sat\u00edricos y se preparan para una pel\u00edcula de terror zombie mientras esperan entrevistas de inmig","og_url":"https:\/\/elojocojo.org\/xoftex\/","og_site_name":"el ojO cojo","article_publisher":"https:\/\/www.facebook.com\/elojocojo","article_published_time":"2024-08-09T03:55:23+00:00","article_modified_time":"2026-02-22T12:52:09+00:00","og_image":[{"width":2513,"height":1058,"url":"https:\/\/elojocojo.org\/wp-content\/uploads\/2024\/08\/fotogramaXoftes-scaled-e1749195501604.jpg","type":"image\/jpeg"}],"author":"Pastora Laguna","twitter_card":"summary_large_image","twitter_creator":"@elojocojo","twitter_site":"@elojocojo","twitter_misc":{"Escrito por":"Pastora Laguna","Tiempo de lectura":"2 minutos"},"schema":{"@context":"https:\/\/schema.org","@graph":[{"@type":"Article","@id":"https:\/\/elojocojo.org\/xoftex\/#article","isPartOf":{"@id":"https:\/\/elojocojo.org\/xoftex\/"},"author":{"name":"Pastora Laguna","@id":"https:\/\/elojocojo.org\/#\/schema\/person\/0eebd75cb4d855e3f2b18abd9f7b9876"},"headline":"XOFTEX","datePublished":"2024-08-09T03:55:23+00:00","dateModified":"2026-02-22T12:52:09+00:00","mainEntityOfPage":{"@id":"https:\/\/elojocojo.org\/xoftex\/"},"wordCount":378,"publisher":{"@id":"https:\/\/elojocojo.org\/#organization"},"image":{"@id":"https:\/\/elojocojo.org\/xoftex\/#primaryimage"},"thumbnailUrl":"https:\/\/elojocojo.org\/wp-content\/uploads\/2024\/08\/fotogramaXoftes-scaled-e1749195501604.jpg","keywords":["2024","activismo","activismo cultural","Alemania","amistad","Arte","Burocracia","cambio social","cine","conflicto","convivencia","convivencia familiar","creatividad","crisis","crisis econ\u00f3mica","denuncia social","Desplazados","diversidad","educaci\u00f3n","Educaci\u00f3n de calidad","emigrantes","esperanza","exilio","Festival el Ojo cojo","ficci\u00f3n","inmigrantes","j\u00f3venes","migraciones","migrantes","Paz y justicia e instituciones s\u00f3lidas","Reducci\u00f3n de las desigualdades","refugiados","salud mental","Salud y bienestar","solidaridad"],"articleSection":["Festival 2024","Ficci\u00f3n"],"inLanguage":"es"},{"@type":"WebPage","@id":"https:\/\/elojocojo.org\/xoftex\/","url":"https:\/\/elojocojo.org\/xoftex\/","name":"XOFTEX - el ojO cojo","isPartOf":{"@id":"https:\/\/elojocojo.org\/#website"},"primaryImageOfPage":{"@id":"https:\/\/elojocojo.org\/xoftex\/#primaryimage"},"image":{"@id":"https:\/\/elojocojo.org\/xoftex\/#primaryimage"},"thumbnailUrl":"https:\/\/elojocojo.org\/wp-content\/uploads\/2024\/08\/fotogramaXoftes-scaled-e1749195501604.jpg","datePublished":"2024-08-09T03:55:23+00:00","dateModified":"2026-02-22T12:52:09+00:00","description":"En xoftex Nasser y sus amigos filman sketches sat\u00edricos y se preparan para una pel\u00edcula de terror zombie mientras esperan entrevistas de inmig","breadcrumb":{"@id":"https:\/\/elojocojo.org\/xoftex\/#breadcrumb"},"inLanguage":"es","potentialAction":[{"@type":"ReadAction","target":["https:\/\/elojocojo.org\/xoftex\/"]}]},{"@type":"ImageObject","inLanguage":"es","@id":"https:\/\/elojocojo.org\/xoftex\/#primaryimage","url":"https:\/\/elojocojo.org\/wp-content\/uploads\/2024\/08\/fotogramaXoftes-scaled-e1749195501604.jpg","contentUrl":"https:\/\/elojocojo.org\/wp-content\/uploads\/2024\/08\/fotogramaXoftes-scaled-e1749195501604.jpg","width":2513,"height":1058,"caption":"Primer plano de un hombre con una expresi\u00f3n de temor o incomodidad, mientras una mano sostiene un tenedor de pl\u00e1stico blanco cerca de su frente. La iluminaci\u00f3n es tenue y fr\u00eda."},{"@type":"BreadcrumbList","@id":"https:\/\/elojocojo.org\/xoftex\/#breadcrumb","itemListElement":[{"@type":"ListItem","position":1,"name":"Portada","item":"https:\/\/elojocojo.org\/"},{"@type":"ListItem","position":2,"name":"2024","item":"https:\/\/elojocojo.org\/tag\/2024\/"},{"@type":"ListItem","position":3,"name":"XOFTEX"}]},{"@type":"WebSite","@id":"https:\/\/elojocojo.org\/#website","url":"https:\/\/elojocojo.org\/","name":"el ojO cojo","description":"Todos estamos hechos de la misma esencia","publisher":{"@id":"https:\/\/elojocojo.org\/#organization"},"potentialAction":[{"@type":"SearchAction","target":{"@type":"EntryPoint","urlTemplate":"https:\/\/elojocojo.org\/?s={search_term_string}"},"query-input":{"@type":"PropertyValueSpecification","valueRequired":true,"valueName":"search_term_string"}}],"inLanguage":"es"},{"@type":"Organization","@id":"https:\/\/elojocojo.org\/#organization","name":"Meigas da r\u00faa","url":"https:\/\/elojocojo.org\/","logo":{"@type":"ImageObject","inLanguage":"es","@id":"https:\/\/elojocojo.org\/#\/schema\/logo\/image\/","url":"https:\/\/meigasdarua.org\/wp-content\/uploads\/2020\/09\/cropped-logo-meigas-5.png","contentUrl":"https:\/\/meigasdarua.org\/wp-content\/uploads\/2020\/09\/cropped-logo-meigas-5.png","width":109,"height":200,"caption":"Meigas da r\u00faa"},"image":{"@id":"https:\/\/elojocojo.org\/#\/schema\/logo\/image\/"},"sameAs":["https:\/\/www.facebook.com\/elojocojo","https:\/\/x.com\/elojocojo","https:\/\/www.instagram.com\/elojocojo\/?hl=es","https:\/\/www.linkedin.com\/in\/el-ojo-cojo-b52b7769\/","https:\/\/www.pinterest.es\/elojocojo\/_saved\/","https:\/\/www.youtube.com\/channel\/UCkFtFTV0Bms7zH7vq8FZxZg"]},{"@type":"Person","@id":"https:\/\/elojocojo.org\/#\/schema\/person\/0eebd75cb4d855e3f2b18abd9f7b9876","name":"Pastora Laguna","url":"https:\/\/elojocojo.org\/author\/pastora\/"}]}},"_links":{"self":[{"href":"https:\/\/elojocojo.org\/wp-json\/wp\/v2\/posts\/55500","targetHints":{"allow":["GET"]}}],"collection":[{"href":"https:\/\/elojocojo.org\/wp-json\/wp\/v2\/posts"}],"about":[{"href":"https:\/\/elojocojo.org\/wp-json\/wp\/v2\/types\/post"}],"author":[{"embeddable":true,"href":"https:\/\/elojocojo.org\/wp-json\/wp\/v2\/users\/73"}],"replies":[{"embeddable":true,"href":"https:\/\/elojocojo.org\/wp-json\/wp\/v2\/comments?post=55500"}],"version-history":[{"count":13,"href":"https:\/\/elojocojo.org\/wp-json\/wp\/v2\/posts\/55500\/revisions"}],"predecessor-version":[{"id":75586,"href":"https:\/\/elojocojo.org\/wp-json\/wp\/v2\/posts\/55500\/revisions\/75586"}],"wp:featuredmedia":[{"embeddable":true,"href":"https:\/\/elojocojo.org\/wp-json\/wp\/v2\/media\/71216"}],"wp:attachment":[{"href":"https:\/\/elojocojo.org\/wp-json\/wp\/v2\/media?parent=55500"}],"wp:term":[{"taxonomy":"category","embeddable":true,"href":"https:\/\/elojocojo.org\/wp-json\/wp\/v2\/categories?post=55500"},{"taxonomy":"post_tag","embeddable":true,"href":"https:\/\/elojocojo.org\/wp-json\/wp\/v2\/tags?post=55500"}],"curies":[{"name":"wp","href":"https:\/\/api.w.org\/{rel}","templated":true}]}}