{"id":55494,"date":"2024-08-08T14:32:18","date_gmt":"2024-08-08T12:32:18","guid":{"rendered":"https:\/\/elojocojo.org\/?p=55494"},"modified":"2026-02-22T14:06:15","modified_gmt":"2026-02-22T13:06:15","slug":"ballet","status":"publish","type":"post","link":"https:\/\/elojocojo.org\/ballet\/","title":{"rendered":"Ballet"},"content":{"rendered":"\n<figure class=\"wp-block-embed aligncenter is-type-video is-provider-vimeo wp-block-embed-vimeo wp-embed-aspect-21-9 wp-has-aspect-ratio\"><div class=\"wp-block-embed__wrapper\">\n<iframe title=\"Evgeny Sangadzhiev Dir | Ballet | TV Trailer\" src=\"https:\/\/player.vimeo.com\/video\/794141951?dnt=1&amp;app_id=122963\" width=\"1140\" height=\"486\" frameborder=\"0\" allow=\"autoplay; fullscreen; picture-in-picture; clipboard-write; encrypted-media; web-share\" referrerpolicy=\"strict-origin-when-cross-origin\"><\/iframe>\n<\/div><\/figure>\n\n\n\n<p>T\u00edtulo: Ballet<\/p>\n\n\n\n<p>T\u00edtulo original:&nbsp;\u0411\u0430\u043b\u0435\u0442<\/p>\n\n\n\n<p>A\u00f1o:&nbsp;2023<\/p>\n\n\n\n<p>Director:&nbsp;Evgeniy Sangadzhiev<\/p>\n\n\n\n<p>G\u00e9nero:&nbsp;Documental<\/p>\n\n\n\n<p>Pa\u00eds:&nbsp;Federaci\u00f3n Rusa<br \/><br \/>Duraci\u00f3n:&nbsp;52&#8242;<\/p>\n\n\n\n<p>Tipo: Color<\/p>\n\n\n\n<p>Idioma: Ruso<\/p>\n\n\n\n<h3 class=\"wp-block-heading\">Sinopsis<\/h3>\n\n\n\n<p><em>Ballet<\/em> sigue el regreso de Ruta Meyers a Rusia tras una carrera internacional consolidada. En primer lugar, su vuelta al Teatro Bolshoi supone un reto profesional de gran envergadura. Sin embargo, el viaje tambi\u00e9n la confronta con v\u00ednculos del pasado. Por lo tanto, la preparaci\u00f3n de la nueva producci\u00f3n se entrelaza con recuerdos y tensiones no resueltas.<\/p>\n\n\n\n<h2 class=\"wp-block-heading\"><strong>Reencuentros en el Bolshoi<\/strong><\/h2>\n\n\n\n<p>Al reencontrarse con antiguos colegas, resurgen viejas fricciones. En especial, su relaci\u00f3n con Andrey Pronin introduce una dimensi\u00f3n emocional compleja. Mientras tanto, las din\u00e1micas internas del teatro revelan expectativas cruzadas. As\u00ed, la colaboraci\u00f3n art\u00edstica queda atravesada por resentimientos latentes.<\/p>\n\n\n\n<h2 class=\"wp-block-heading\"><strong>El proceso creativo<\/strong><\/h2>\n\n\n\n<p>Adem\u00e1s, la puesta en escena exige decisiones arriesgadas. A medida que avanzan los ensayos, Ruta intenta imponer su visi\u00f3n coreogr\u00e1fica. No obstante, debe negociar con estructuras institucionales arraigadas. En consecuencia, cada ensayo se convierte en un espacio de confrontaci\u00f3n entre tradici\u00f3n y renovaci\u00f3n.<\/p>\n\n\n\n<h2 class=\"wp-block-heading\"><strong>Disciplina y memoria<\/strong><\/h2>\n\n\n\n<p>Al mismo tiempo, la presi\u00f3n hist\u00f3rica del Bolshoi condiciona el presente. Por un lado, el prestigio del escenario impone est\u00e1ndares elevados; por otro, activa inseguridades personales. De este modo, el proceso creativo expone tanto la fortaleza como las dudas de la protagonista.<\/p>\n\n\n\n<h2 class=\"wp-block-heading\"><strong>La funci\u00f3n<\/strong><\/h2>\n\n\n\n<p>Con la llegada del estreno, el equipo concentra su energ\u00eda en los \u00faltimos ajustes. Mientras el tel\u00f3n est\u00e1 a punto de levantarse, las tensiones acumuladas se canalizan en la representaci\u00f3n. La c\u00e1mara acompa\u00f1a los instantes previos y posteriores a la funci\u00f3n, registrando el impacto del resultado en el elenco y en la propia Ruta.<\/p>\n\n\n<div class=\"wp-block-image\">\n<figure class=\"aligncenter size-large is-resized\"><img decoding=\"async\" width=\"252\" height=\"360\" src=\"https:\/\/elojocojo.org\/wp-content\/uploads\/2024\/08\/POSTERballet-252x360.jpg\" alt=\"Cartel de Ballet que muestra bailarines y hombres en trajes, representando la elegancia del espect\u00e1culo.\" class=\"wp-image-55495\" style=\"object-fit:cover;width:243px;height:355px\" srcset=\"https:\/\/elojocojo.org\/wp-content\/uploads\/2024\/08\/POSTERballet-252x360.jpg 252w, https:\/\/elojocojo.org\/wp-content\/uploads\/2024\/08\/POSTERballet-350x500.jpg 350w, https:\/\/elojocojo.org\/wp-content\/uploads\/2024\/08\/POSTERballet-280x400.jpg 280w, https:\/\/elojocojo.org\/wp-content\/uploads\/2024\/08\/POSTERballet.jpg 560w\" sizes=\"(max-width: 252px) 100vw, 252px\" \/><\/figure>\n<\/div>\n\n\n<p><a href=\"https:\/\/www.imdb.com\/title\/tt14824478\">IMDb<\/a> 6.9\/10<\/p>\n\n\n\n<p>El filme&nbsp;\u00ab<em>Ballet<\/em>\u00bb&nbsp;particip\u00f3 en la edici\u00f3n&nbsp;<a href=\"https:\/\/elojocojo.org\/category\/festival-2024\/\" target=\"_blank\" rel=\"noreferrer noopener\"><strong>&nbsp;2024<\/strong><\/a>&nbsp;del <strong><a href=\"https:\/\/elojocojo.org\/bienvenida\/festivalelojocojo\/\" target=\"_blank\" rel=\"noreferrer noopener\">Festival de cine el ojO cojo<\/a><\/strong> en ese sentido nos sentimos honrados de haberla exhibido.<\/p>\n\n\n\n<p>Visita nuestro <a href=\"https:\/\/el-ojocojo.blogspot.com\">blog<\/a>.<\/p>\n\n\n\n<p><\/p>\n","protected":false},"excerpt":{"rendered":"<p>Ballet relata el regreso de Ruta Meyers, una destacada bailarina y core\u00f3grafa sovi\u00e9tica, al Teatro Bolshoi. Enfrentando tensiones personales y profesionales, Ruta debe reconciliar su pasado con su presente mientras lucha por montar una nueva producci\u00f3n. La pel\u00edcula explora la delicada relaci\u00f3n entre arte, emociones y la fuerza para superar desaf\u00edos. Dirigido por Evgeniy Sangadzhiev.<\/p>\n","protected":false},"author":73,"featured_media":55496,"comment_status":"closed","ping_status":"closed","sticky":false,"template":"","format":"standard","meta":{"_monsterinsights_skip_tracking":false,"_monsterinsights_sitenote_active":false,"_monsterinsights_sitenote_note":"","_monsterinsights_sitenote_category":0,"footnotes":""},"categories":[2107,2070],"tags":[2089,2109,112,186,936,1005,1753,1434,2142,960,1779,997,995,1403,2191,2378,1982,878,1060,91,1086,179,707,560,1128,136],"class_list":{"0":"post-55494","1":"post","2":"type-post","3":"status-publish","4":"format-standard","5":"has-post-thumbnail","7":"category-festival-2024","8":"category-largometraje","9":"tag-2089","10":"tag-2109","11":"tag-amor","12":"tag-arte","13":"tag-artista","14":"tag-baile","15":"tag-comunidad","16":"tag-conflicto","17":"tag-convivencia-familiar","18":"tag-creatividad","19":"tag-cultura","20":"tag-diversidad","21":"tag-educacion","22":"tag-educacion-de-calidad","23":"tag-esperanza","24":"tag-etica","25":"tag-festival-el-ojo-cojo","26":"tag-historia","27":"tag-igualdad-de-genero","28":"tag-mujer","29":"tag-paz-y-justicia-e-instituciones-solidas","30":"tag-politica","31":"tag-reivindicacion","32":"tag-rusia","33":"tag-salud-y-bienestar","34":"tag-violencia","35":"czr-hentry"},"yoast_head":"<!-- This site is optimized with the Yoast SEO plugin v27.1.1 - https:\/\/yoast.com\/product\/yoast-seo-wordpress\/ -->\n<title>Ballet - el ojO cojo<\/title>\n<meta name=\"description\" content=\"Ballet sigue a Ruta Meyers, una core\u00f3grafa mundialmente famosa, que regresa a Rusia para montar un ballet en el Teatro Bolshoi.\" \/>\n<meta name=\"robots\" content=\"index, follow, max-snippet:-1, max-image-preview:large, max-video-preview:-1\" \/>\n<link rel=\"canonical\" href=\"https:\/\/elojocojo.org\/ballet\/\" \/>\n<meta property=\"og:locale\" content=\"es_ES\" \/>\n<meta property=\"og:type\" content=\"article\" \/>\n<meta property=\"og:title\" content=\"Ballet - el ojO cojo\" \/>\n<meta property=\"og:description\" content=\"Ballet sigue a Ruta Meyers, una core\u00f3grafa mundialmente famosa, que regresa a Rusia para montar un ballet en el Teatro Bolshoi.\" \/>\n<meta property=\"og:url\" content=\"https:\/\/elojocojo.org\/ballet\/\" \/>\n<meta property=\"og:site_name\" content=\"el ojO cojo\" \/>\n<meta property=\"article:publisher\" content=\"https:\/\/www.facebook.com\/elojocojo\" \/>\n<meta property=\"article:published_time\" content=\"2024-08-08T12:32:18+00:00\" \/>\n<meta property=\"article:modified_time\" content=\"2026-02-22T13:06:15+00:00\" \/>\n<meta property=\"og:image\" content=\"https:\/\/elojocojo.org\/wp-content\/uploads\/2024\/08\/FOTO1ballet.jpg\" \/>\n\t<meta property=\"og:image:width\" content=\"1920\" \/>\n\t<meta property=\"og:image:height\" content=\"805\" \/>\n\t<meta property=\"og:image:type\" content=\"image\/jpeg\" \/>\n<meta name=\"author\" content=\"Pastora Laguna\" \/>\n<meta name=\"twitter:card\" content=\"summary_large_image\" \/>\n<meta name=\"twitter:creator\" content=\"@elojocojo\" \/>\n<meta name=\"twitter:site\" content=\"@elojocojo\" \/>\n<meta name=\"twitter:label1\" content=\"Escrito por\" \/>\n\t<meta name=\"twitter:data1\" content=\"Pastora Laguna\" \/>\n\t<meta name=\"twitter:label2\" content=\"Tiempo de lectura\" \/>\n\t<meta name=\"twitter:data2\" content=\"2 minutos\" \/>\n<script type=\"application\/ld+json\" class=\"yoast-schema-graph\">{\"@context\":\"https:\/\/schema.org\",\"@graph\":[{\"@type\":\"Article\",\"@id\":\"https:\/\/elojocojo.org\/ballet\/#article\",\"isPartOf\":{\"@id\":\"https:\/\/elojocojo.org\/ballet\/\"},\"author\":{\"name\":\"Pastora Laguna\",\"@id\":\"https:\/\/elojocojo.org\/#\/schema\/person\/0eebd75cb4d855e3f2b18abd9f7b9876\"},\"headline\":\"Ballet\",\"datePublished\":\"2024-08-08T12:32:18+00:00\",\"dateModified\":\"2026-02-22T13:06:15+00:00\",\"mainEntityOfPage\":{\"@id\":\"https:\/\/elojocojo.org\/ballet\/\"},\"wordCount\":342,\"publisher\":{\"@id\":\"https:\/\/elojocojo.org\/#organization\"},\"image\":{\"@id\":\"https:\/\/elojocojo.org\/ballet\/#primaryimage\"},\"thumbnailUrl\":\"https:\/\/elojocojo.org\/wp-content\/uploads\/2024\/08\/FOTO1ballet.jpg\",\"keywords\":[\"2023\",\"2024\",\"amor\",\"Arte\",\"artista\",\"baile\",\"comunidad\",\"conflicto\",\"convivencia familiar\",\"creatividad\",\"cultura\",\"diversidad\",\"educaci\u00f3n\",\"Educaci\u00f3n de calidad\",\"esperanza\",\"\u00e9tica\",\"Festival el Ojo cojo\",\"historia\",\"igualdad de g\u00e9nero\",\"mujer\",\"Paz y justicia e instituciones s\u00f3lidas\",\"pol\u00edtica\",\"reivindicaci\u00f3n\",\"Rusia\",\"Salud y bienestar\",\"violencia\"],\"articleSection\":[\"Festival 2024\",\"Largometraje\"],\"inLanguage\":\"es\"},{\"@type\":\"WebPage\",\"@id\":\"https:\/\/elojocojo.org\/ballet\/\",\"url\":\"https:\/\/elojocojo.org\/ballet\/\",\"name\":\"Ballet - el ojO cojo\",\"isPartOf\":{\"@id\":\"https:\/\/elojocojo.org\/#website\"},\"primaryImageOfPage\":{\"@id\":\"https:\/\/elojocojo.org\/ballet\/#primaryimage\"},\"image\":{\"@id\":\"https:\/\/elojocojo.org\/ballet\/#primaryimage\"},\"thumbnailUrl\":\"https:\/\/elojocojo.org\/wp-content\/uploads\/2024\/08\/FOTO1ballet.jpg\",\"datePublished\":\"2024-08-08T12:32:18+00:00\",\"dateModified\":\"2026-02-22T13:06:15+00:00\",\"description\":\"Ballet sigue a Ruta Meyers, una core\u00f3grafa mundialmente famosa, que regresa a Rusia para montar un ballet en el Teatro Bolshoi.\",\"breadcrumb\":{\"@id\":\"https:\/\/elojocojo.org\/ballet\/#breadcrumb\"},\"inLanguage\":\"es\",\"potentialAction\":[{\"@type\":\"ReadAction\",\"target\":[\"https:\/\/elojocojo.org\/ballet\/\"]}]},{\"@type\":\"ImageObject\",\"inLanguage\":\"es\",\"@id\":\"https:\/\/elojocojo.org\/ballet\/#primaryimage\",\"url\":\"https:\/\/elojocojo.org\/wp-content\/uploads\/2024\/08\/FOTO1ballet.jpg\",\"contentUrl\":\"https:\/\/elojocojo.org\/wp-content\/uploads\/2024\/08\/FOTO1ballet.jpg\",\"width\":1920,\"height\":805,\"caption\":\"Un grupo de bailarines de ballet vestidos con mallas negras y trajes de pr\u00e1ctica, algunos realizando poses con los brazos elevados. Se aprecia un escenario oscuro de fondo.\"},{\"@type\":\"BreadcrumbList\",\"@id\":\"https:\/\/elojocojo.org\/ballet\/#breadcrumb\",\"itemListElement\":[{\"@type\":\"ListItem\",\"position\":1,\"name\":\"Portada\",\"item\":\"https:\/\/elojocojo.org\/\"},{\"@type\":\"ListItem\",\"position\":2,\"name\":\"2023\",\"item\":\"https:\/\/elojocojo.org\/tag\/2023\/\"},{\"@type\":\"ListItem\",\"position\":3,\"name\":\"Ballet\"}]},{\"@type\":\"WebSite\",\"@id\":\"https:\/\/elojocojo.org\/#website\",\"url\":\"https:\/\/elojocojo.org\/\",\"name\":\"el ojO cojo\",\"description\":\"Todos estamos hechos de la misma esencia\",\"publisher\":{\"@id\":\"https:\/\/elojocojo.org\/#organization\"},\"potentialAction\":[{\"@type\":\"SearchAction\",\"target\":{\"@type\":\"EntryPoint\",\"urlTemplate\":\"https:\/\/elojocojo.org\/?s={search_term_string}\"},\"query-input\":{\"@type\":\"PropertyValueSpecification\",\"valueRequired\":true,\"valueName\":\"search_term_string\"}}],\"inLanguage\":\"es\"},{\"@type\":\"Organization\",\"@id\":\"https:\/\/elojocojo.org\/#organization\",\"name\":\"Meigas da r\u00faa\",\"url\":\"https:\/\/elojocojo.org\/\",\"logo\":{\"@type\":\"ImageObject\",\"inLanguage\":\"es\",\"@id\":\"https:\/\/elojocojo.org\/#\/schema\/logo\/image\/\",\"url\":\"https:\/\/meigasdarua.org\/wp-content\/uploads\/2020\/09\/cropped-logo-meigas-5.png\",\"contentUrl\":\"https:\/\/meigasdarua.org\/wp-content\/uploads\/2020\/09\/cropped-logo-meigas-5.png\",\"width\":109,\"height\":200,\"caption\":\"Meigas da r\u00faa\"},\"image\":{\"@id\":\"https:\/\/elojocojo.org\/#\/schema\/logo\/image\/\"},\"sameAs\":[\"https:\/\/www.facebook.com\/elojocojo\",\"https:\/\/x.com\/elojocojo\",\"https:\/\/www.instagram.com\/elojocojo\/?hl=es\",\"https:\/\/www.linkedin.com\/in\/el-ojo-cojo-b52b7769\/\",\"https:\/\/www.pinterest.es\/elojocojo\/_saved\/\",\"https:\/\/www.youtube.com\/channel\/UCkFtFTV0Bms7zH7vq8FZxZg\"]},{\"@type\":\"Person\",\"@id\":\"https:\/\/elojocojo.org\/#\/schema\/person\/0eebd75cb4d855e3f2b18abd9f7b9876\",\"name\":\"Pastora Laguna\",\"url\":\"https:\/\/elojocojo.org\/author\/pastora\/\"}]}<\/script>\n<!-- \/ Yoast SEO plugin. -->","yoast_head_json":{"title":"Ballet - el ojO cojo","description":"Ballet sigue a Ruta Meyers, una core\u00f3grafa mundialmente famosa, que regresa a Rusia para montar un ballet en el Teatro Bolshoi.","robots":{"index":"index","follow":"follow","max-snippet":"max-snippet:-1","max-image-preview":"max-image-preview:large","max-video-preview":"max-video-preview:-1"},"canonical":"https:\/\/elojocojo.org\/ballet\/","og_locale":"es_ES","og_type":"article","og_title":"Ballet - el ojO cojo","og_description":"Ballet sigue a Ruta Meyers, una core\u00f3grafa mundialmente famosa, que regresa a Rusia para montar un ballet en el Teatro Bolshoi.","og_url":"https:\/\/elojocojo.org\/ballet\/","og_site_name":"el ojO cojo","article_publisher":"https:\/\/www.facebook.com\/elojocojo","article_published_time":"2024-08-08T12:32:18+00:00","article_modified_time":"2026-02-22T13:06:15+00:00","og_image":[{"width":1920,"height":805,"url":"https:\/\/elojocojo.org\/wp-content\/uploads\/2024\/08\/FOTO1ballet.jpg","type":"image\/jpeg"}],"author":"Pastora Laguna","twitter_card":"summary_large_image","twitter_creator":"@elojocojo","twitter_site":"@elojocojo","twitter_misc":{"Escrito por":"Pastora Laguna","Tiempo de lectura":"2 minutos"},"schema":{"@context":"https:\/\/schema.org","@graph":[{"@type":"Article","@id":"https:\/\/elojocojo.org\/ballet\/#article","isPartOf":{"@id":"https:\/\/elojocojo.org\/ballet\/"},"author":{"name":"Pastora Laguna","@id":"https:\/\/elojocojo.org\/#\/schema\/person\/0eebd75cb4d855e3f2b18abd9f7b9876"},"headline":"Ballet","datePublished":"2024-08-08T12:32:18+00:00","dateModified":"2026-02-22T13:06:15+00:00","mainEntityOfPage":{"@id":"https:\/\/elojocojo.org\/ballet\/"},"wordCount":342,"publisher":{"@id":"https:\/\/elojocojo.org\/#organization"},"image":{"@id":"https:\/\/elojocojo.org\/ballet\/#primaryimage"},"thumbnailUrl":"https:\/\/elojocojo.org\/wp-content\/uploads\/2024\/08\/FOTO1ballet.jpg","keywords":["2023","2024","amor","Arte","artista","baile","comunidad","conflicto","convivencia familiar","creatividad","cultura","diversidad","educaci\u00f3n","Educaci\u00f3n de calidad","esperanza","\u00e9tica","Festival el Ojo cojo","historia","igualdad de g\u00e9nero","mujer","Paz y justicia e instituciones s\u00f3lidas","pol\u00edtica","reivindicaci\u00f3n","Rusia","Salud y bienestar","violencia"],"articleSection":["Festival 2024","Largometraje"],"inLanguage":"es"},{"@type":"WebPage","@id":"https:\/\/elojocojo.org\/ballet\/","url":"https:\/\/elojocojo.org\/ballet\/","name":"Ballet - el ojO cojo","isPartOf":{"@id":"https:\/\/elojocojo.org\/#website"},"primaryImageOfPage":{"@id":"https:\/\/elojocojo.org\/ballet\/#primaryimage"},"image":{"@id":"https:\/\/elojocojo.org\/ballet\/#primaryimage"},"thumbnailUrl":"https:\/\/elojocojo.org\/wp-content\/uploads\/2024\/08\/FOTO1ballet.jpg","datePublished":"2024-08-08T12:32:18+00:00","dateModified":"2026-02-22T13:06:15+00:00","description":"Ballet sigue a Ruta Meyers, una core\u00f3grafa mundialmente famosa, que regresa a Rusia para montar un ballet en el Teatro Bolshoi.","breadcrumb":{"@id":"https:\/\/elojocojo.org\/ballet\/#breadcrumb"},"inLanguage":"es","potentialAction":[{"@type":"ReadAction","target":["https:\/\/elojocojo.org\/ballet\/"]}]},{"@type":"ImageObject","inLanguage":"es","@id":"https:\/\/elojocojo.org\/ballet\/#primaryimage","url":"https:\/\/elojocojo.org\/wp-content\/uploads\/2024\/08\/FOTO1ballet.jpg","contentUrl":"https:\/\/elojocojo.org\/wp-content\/uploads\/2024\/08\/FOTO1ballet.jpg","width":1920,"height":805,"caption":"Un grupo de bailarines de ballet vestidos con mallas negras y trajes de pr\u00e1ctica, algunos realizando poses con los brazos elevados. Se aprecia un escenario oscuro de fondo."},{"@type":"BreadcrumbList","@id":"https:\/\/elojocojo.org\/ballet\/#breadcrumb","itemListElement":[{"@type":"ListItem","position":1,"name":"Portada","item":"https:\/\/elojocojo.org\/"},{"@type":"ListItem","position":2,"name":"2023","item":"https:\/\/elojocojo.org\/tag\/2023\/"},{"@type":"ListItem","position":3,"name":"Ballet"}]},{"@type":"WebSite","@id":"https:\/\/elojocojo.org\/#website","url":"https:\/\/elojocojo.org\/","name":"el ojO cojo","description":"Todos estamos hechos de la misma esencia","publisher":{"@id":"https:\/\/elojocojo.org\/#organization"},"potentialAction":[{"@type":"SearchAction","target":{"@type":"EntryPoint","urlTemplate":"https:\/\/elojocojo.org\/?s={search_term_string}"},"query-input":{"@type":"PropertyValueSpecification","valueRequired":true,"valueName":"search_term_string"}}],"inLanguage":"es"},{"@type":"Organization","@id":"https:\/\/elojocojo.org\/#organization","name":"Meigas da r\u00faa","url":"https:\/\/elojocojo.org\/","logo":{"@type":"ImageObject","inLanguage":"es","@id":"https:\/\/elojocojo.org\/#\/schema\/logo\/image\/","url":"https:\/\/meigasdarua.org\/wp-content\/uploads\/2020\/09\/cropped-logo-meigas-5.png","contentUrl":"https:\/\/meigasdarua.org\/wp-content\/uploads\/2020\/09\/cropped-logo-meigas-5.png","width":109,"height":200,"caption":"Meigas da r\u00faa"},"image":{"@id":"https:\/\/elojocojo.org\/#\/schema\/logo\/image\/"},"sameAs":["https:\/\/www.facebook.com\/elojocojo","https:\/\/x.com\/elojocojo","https:\/\/www.instagram.com\/elojocojo\/?hl=es","https:\/\/www.linkedin.com\/in\/el-ojo-cojo-b52b7769\/","https:\/\/www.pinterest.es\/elojocojo\/_saved\/","https:\/\/www.youtube.com\/channel\/UCkFtFTV0Bms7zH7vq8FZxZg"]},{"@type":"Person","@id":"https:\/\/elojocojo.org\/#\/schema\/person\/0eebd75cb4d855e3f2b18abd9f7b9876","name":"Pastora Laguna","url":"https:\/\/elojocojo.org\/author\/pastora\/"}]}},"_links":{"self":[{"href":"https:\/\/elojocojo.org\/wp-json\/wp\/v2\/posts\/55494","targetHints":{"allow":["GET"]}}],"collection":[{"href":"https:\/\/elojocojo.org\/wp-json\/wp\/v2\/posts"}],"about":[{"href":"https:\/\/elojocojo.org\/wp-json\/wp\/v2\/types\/post"}],"author":[{"embeddable":true,"href":"https:\/\/elojocojo.org\/wp-json\/wp\/v2\/users\/73"}],"replies":[{"embeddable":true,"href":"https:\/\/elojocojo.org\/wp-json\/wp\/v2\/comments?post=55494"}],"version-history":[{"count":5,"href":"https:\/\/elojocojo.org\/wp-json\/wp\/v2\/posts\/55494\/revisions"}],"predecessor-version":[{"id":75588,"href":"https:\/\/elojocojo.org\/wp-json\/wp\/v2\/posts\/55494\/revisions\/75588"}],"wp:featuredmedia":[{"embeddable":true,"href":"https:\/\/elojocojo.org\/wp-json\/wp\/v2\/media\/55496"}],"wp:attachment":[{"href":"https:\/\/elojocojo.org\/wp-json\/wp\/v2\/media?parent=55494"}],"wp:term":[{"taxonomy":"category","embeddable":true,"href":"https:\/\/elojocojo.org\/wp-json\/wp\/v2\/categories?post=55494"},{"taxonomy":"post_tag","embeddable":true,"href":"https:\/\/elojocojo.org\/wp-json\/wp\/v2\/tags?post=55494"}],"curies":[{"name":"wp","href":"https:\/\/api.w.org\/{rel}","templated":true}]}}