{"id":55477,"date":"2024-08-08T12:53:34","date_gmt":"2024-08-08T10:53:34","guid":{"rendered":"https:\/\/elojocojo.org\/?p=55477"},"modified":"2026-02-22T15:59:30","modified_gmt":"2026-02-22T14:59:30","slug":"andromaco","status":"publish","type":"post","link":"https:\/\/elojocojo.org\/andromaco\/","title":{"rendered":"Andr\u00f3maco"},"content":{"rendered":"\n<figure class=\"wp-block-embed is-type-video is-provider-youtube wp-block-embed-youtube wp-embed-aspect-16-9 wp-has-aspect-ratio\"><div class=\"wp-block-embed__wrapper\">\n<iframe title=\"Teaser 01 Andr\u00f3maco\" width=\"1140\" height=\"641\" src=\"https:\/\/www.youtube.com\/embed\/UAFHJufVMRY?feature=oembed\" frameborder=\"0\" allow=\"accelerometer; autoplay; clipboard-write; encrypted-media; gyroscope; picture-in-picture; web-share\" referrerpolicy=\"strict-origin-when-cross-origin\" allowfullscreen><\/iframe>\n<\/div><\/figure>\n\n\n\n<p>T\u00edtulo original:&nbsp;Andr\u00f3maco<\/p>\n\n\n\n<p>A\u00f1o:&nbsp;2024<\/p>\n\n\n\n<p>Directora:&nbsp;Vania Violeta Ram\u00edrez del Pozo<\/p>\n\n\n\n<p>G\u00e9nero:&nbsp;Documental<\/p>\n\n\n\n<p>Pa\u00eds:&nbsp;M\u00e9xico<br \/><br \/>Duraci\u00f3n:&nbsp;60&#8242; 55&#8242; &#8216;<\/p>\n\n\n\n<p>Tipo: Color<\/p>\n\n\n\n<p>Idioma: Espa\u00f1ol<\/p>\n\n\n\n<h3 class=\"wp-block-heading\">Sinopsis<\/h3>\n\n\n\n<p>En el callej\u00f3n Andr\u00f3maco, 68 casas permanecen en pie dentro de una zona de alto valor inmobiliario en Ciudad de M\u00e9xico. En primer lugar, el documental retrata a sus habitantes, cuyas familias han vivido all\u00ed por m\u00e1s de tres generaciones. Sin embargo, el entorno ha cambiado dr\u00e1sticamente debido a la construcci\u00f3n de torres y centros comerciales. Por lo tanto, la comunidad enfrenta una transformaci\u00f3n constante.<\/p>\n\n\n\n<h2 class=\"wp-block-heading\"><strong>Transformaci\u00f3n urbana<\/strong><\/h2>\n\n\n\n<p>A medida que el paisaje se modifica, las din\u00e1micas sociales tambi\u00e9n se alteran. Adem\u00e1s, el aumento del valor del suelo incrementa la presi\u00f3n econ\u00f3mica sobre los residentes. En consecuencia, cada proyecto inmobiliario impacta directamente en su estabilidad. As\u00ed, la gentrificaci\u00f3n deja de ser un concepto abstracto y se convierte en experiencia cotidiana.<\/p>\n\n\n\n<h2 class=\"wp-block-heading\"><strong>Memoria y pertenencia<\/strong><\/h2>\n\n\n\n<p>Mientras los edificios modernos avanzan, los habitantes mantienen pr\u00e1cticas y costumbres arraigadas. Por un lado, defienden su identidad barrial; por otro, deben adaptarse a nuevas reglas urbanas. De este modo, el documental captura tanto la resistencia como la negociaci\u00f3n constante con el entorno cambiante.<\/p>\n\n\n\n<h2 class=\"wp-block-heading\"><strong>Vida en el callej\u00f3n<\/strong><\/h2>\n\n\n\n<p>Asimismo, la c\u00e1mara observa los detalles de la vida diaria: encuentros vecinales, conversaciones y celebraciones compartidas. Aunque la incertidumbre persiste, la comunidad contin\u00faa ocupando el espacio con determinaci\u00f3n. Por consiguiente, el callej\u00f3n funciona como n\u00facleo de v\u00ednculos que sostienen la convivencia.<\/p>\n\n\n\n<h2 class=\"wp-block-heading\"><strong>Permanecer<\/strong><\/h2>\n\n\n\n<p>Con el paso del tiempo, la tensi\u00f3n entre desarrollo y permanencia se hace visible en cada rinc\u00f3n. Mientras las obras avanzan alrededor, las 68 casas siguen habitadas. La pel\u00edcula acompa\u00f1a esta coexistencia entre pasado y presente, mostrando c\u00f3mo el barrio contin\u00faa activo en medio de la expansi\u00f3n urbana.<\/p>\n\n\n<div class=\"wp-block-image\">\n<figure class=\"aligncenter size-large is-resized\"><img decoding=\"async\" width=\"240\" height=\"360\" src=\"https:\/\/elojocojo.org\/wp-content\/uploads\/2024\/08\/POSTERandromaco-240x360.jpg\" alt=\"Cartel del documental Andr\u00f3maco, con un hombre caminando por una calle estrecha entre edificios antiguos, visto desde un plano bajo, y el t\u00edtulo sobreimpreso en la parte superior.\" class=\"wp-image-55478\" style=\"object-fit:cover;width:243px;height:357px\" srcset=\"https:\/\/elojocojo.org\/wp-content\/uploads\/2024\/08\/POSTERandromaco-240x360.jpg 240w, https:\/\/elojocojo.org\/wp-content\/uploads\/2024\/08\/POSTERandromaco-333x500.jpg 333w, https:\/\/elojocojo.org\/wp-content\/uploads\/2024\/08\/POSTERandromaco-267x400.jpg 267w, https:\/\/elojocojo.org\/wp-content\/uploads\/2024\/08\/POSTERandromaco.jpg 533w\" sizes=\"(max-width: 240px) 100vw, 240px\" \/><\/figure>\n<\/div>\n\n\n<p>El filme&nbsp;\u00ab<em>Andr\u00f3maco<\/em>\u00bb&nbsp;particip\u00f3 en la edici\u00f3n&nbsp;<a href=\"https:\/\/elojocojo.org\/category\/festival-2024\/\" target=\"_blank\" rel=\"noreferrer noopener\"><strong>&nbsp;2024<\/strong><\/a>&nbsp;del <strong><a href=\"https:\/\/elojocojo.org\/bienvenida\/festivalelojocojo\/\" target=\"_blank\" rel=\"noreferrer noopener\">Festival de cine el ojO cojo<\/a><\/strong> en ese sentido nos sentimos honrados de haberla exhibido.<\/p>\n\n\n\n<p>Visita nuestro <a href=\"https:\/\/el-ojocojo.blogspot.com\">blog<\/a>.<\/p>\n","protected":false},"excerpt":{"rendered":"<p>Un documental sobre un callej\u00f3n hist\u00f3rico en Ciudad de M\u00e9xico cuyos habitantes resisten la presi\u00f3n de la gentrificaci\u00f3n. Dirigido por Vania Violeta Ram\u00edrez del Pozo<\/p>\n","protected":false},"author":73,"featured_media":55479,"comment_status":"closed","ping_status":"closed","sticky":false,"template":"","format":"standard","meta":{"_monsterinsights_skip_tracking":false,"_monsterinsights_sitenote_active":false,"_monsterinsights_sitenote_note":"","_monsterinsights_sitenote_category":0,"footnotes":""},"categories":[1519],"tags":[2109,1126,1686,1774,1253,1753,2142,1431,1587,1850,1779,1443,1067,2119,2391,2191,1982,1092,1078,1844,423,1086,1438,1231,1013],"class_list":{"0":"post-55477","1":"post","2":"type-post","3":"status-publish","4":"format-standard","5":"has-post-thumbnail","7":"category-festival-2020","8":"tag-2109","9":"tag-alianzas-para-lograr-objetivos","10":"tag-cambio-social","11":"tag-choque-cultural","12":"tag-ciudades-y-comunidades-sostenibles","13":"tag-comunidad","14":"tag-convivencia-familiar","15":"tag-costumbres-y-tradiciones","16":"tag-crisis","17":"tag-crisis-economica","18":"tag-cultura","19":"tag-desigualdad","20":"tag-economia","21":"tag-espanol","22":"tag-espaol","23":"tag-esperanza","24":"tag-festival-el-ojo-cojo","25":"tag-fin-de-la-pobreza","26":"tag-globalizacion","27":"tag-integracion","28":"tag-mexico","29":"tag-paz-y-justicia-e-instituciones-solidas","30":"tag-pobreza","31":"tag-reduccion-de-las-desigualdades","32":"tag-vida-cotidiana","33":"czr-hentry"},"yoast_head":"<!-- This site is optimized with the Yoast SEO plugin v27.1.1 - https:\/\/yoast.com\/product\/yoast-seo-wordpress\/ -->\n<title>Andr\u00f3maco - el ojO cojo<\/title>\n<meta name=\"description\" content=\"Andr\u00f3maco retrata la resistencia de 68 casas en la Ciudad de M\u00e9xico frente a la gentrificaci\u00f3n y la transformaci\u00f3n urbana.\" \/>\n<meta name=\"robots\" content=\"index, follow, max-snippet:-1, max-image-preview:large, max-video-preview:-1\" \/>\n<link rel=\"canonical\" href=\"https:\/\/elojocojo.org\/andromaco\/\" \/>\n<meta property=\"og:locale\" content=\"es_ES\" \/>\n<meta property=\"og:type\" content=\"article\" \/>\n<meta property=\"og:title\" content=\"Andr\u00f3maco - el ojO cojo\" \/>\n<meta property=\"og:description\" content=\"Andr\u00f3maco retrata la resistencia de 68 casas en la Ciudad de M\u00e9xico frente a la gentrificaci\u00f3n y la transformaci\u00f3n urbana.\" \/>\n<meta property=\"og:url\" content=\"https:\/\/elojocojo.org\/andromaco\/\" \/>\n<meta property=\"og:site_name\" content=\"el ojO cojo\" \/>\n<meta property=\"article:publisher\" content=\"https:\/\/www.facebook.com\/elojocojo\" \/>\n<meta property=\"article:published_time\" content=\"2024-08-08T10:53:34+00:00\" \/>\n<meta property=\"article:modified_time\" content=\"2026-02-22T14:59:30+00:00\" \/>\n<meta property=\"og:image\" content=\"https:\/\/elojocojo.org\/wp-content\/uploads\/2024\/08\/FOTO3andromaco.jpg\" \/>\n\t<meta property=\"og:image:width\" content=\"1643\" \/>\n\t<meta property=\"og:image:height\" content=\"924\" \/>\n\t<meta property=\"og:image:type\" content=\"image\/jpeg\" \/>\n<meta name=\"author\" content=\"Pastora Laguna\" \/>\n<meta name=\"twitter:card\" content=\"summary_large_image\" \/>\n<meta name=\"twitter:creator\" content=\"@elojocojo\" \/>\n<meta name=\"twitter:site\" content=\"@elojocojo\" \/>\n<meta name=\"twitter:label1\" content=\"Escrito por\" \/>\n\t<meta name=\"twitter:data1\" content=\"Pastora Laguna\" \/>\n\t<meta name=\"twitter:label2\" content=\"Tiempo de lectura\" \/>\n\t<meta name=\"twitter:data2\" content=\"2 minutos\" \/>\n<script type=\"application\/ld+json\" class=\"yoast-schema-graph\">{\"@context\":\"https:\/\/schema.org\",\"@graph\":[{\"@type\":\"Article\",\"@id\":\"https:\/\/elojocojo.org\/andromaco\/#article\",\"isPartOf\":{\"@id\":\"https:\/\/elojocojo.org\/andromaco\/\"},\"author\":{\"name\":\"Pastora Laguna\",\"@id\":\"https:\/\/elojocojo.org\/#\/schema\/person\/0eebd75cb4d855e3f2b18abd9f7b9876\"},\"headline\":\"Andr\u00f3maco\",\"datePublished\":\"2024-08-08T10:53:34+00:00\",\"dateModified\":\"2026-02-22T14:59:30+00:00\",\"mainEntityOfPage\":{\"@id\":\"https:\/\/elojocojo.org\/andromaco\/\"},\"wordCount\":366,\"publisher\":{\"@id\":\"https:\/\/elojocojo.org\/#organization\"},\"image\":{\"@id\":\"https:\/\/elojocojo.org\/andromaco\/#primaryimage\"},\"thumbnailUrl\":\"https:\/\/elojocojo.org\/wp-content\/uploads\/2024\/08\/FOTO3andromaco.jpg\",\"keywords\":[\"2024\",\"Alianzas para lograr objetivos\",\"cambio social\",\"choque cultural\",\"Ciudades y comunidades sostenibles\",\"comunidad\",\"convivencia familiar\",\"costumbres y tradiciones\",\"crisis\",\"crisis econ\u00f3mica\",\"cultura\",\"desigualdad\",\"econom\u00eda\",\"espa\u00f1ol\",\"espa\u00b1ol\",\"esperanza\",\"Festival el Ojo cojo\",\"Fin de la pobreza\",\"globalizaci\u00f3n\",\"integraci\u00f3n\",\"M\u00e9xico\",\"Paz y justicia e instituciones s\u00f3lidas\",\"pobreza\",\"Reducci\u00f3n de las desigualdades\",\"vida cotidiana\"],\"articleSection\":[\"Festival 2020\"],\"inLanguage\":\"es\"},{\"@type\":\"WebPage\",\"@id\":\"https:\/\/elojocojo.org\/andromaco\/\",\"url\":\"https:\/\/elojocojo.org\/andromaco\/\",\"name\":\"Andr\u00f3maco - el ojO cojo\",\"isPartOf\":{\"@id\":\"https:\/\/elojocojo.org\/#website\"},\"primaryImageOfPage\":{\"@id\":\"https:\/\/elojocojo.org\/andromaco\/#primaryimage\"},\"image\":{\"@id\":\"https:\/\/elojocojo.org\/andromaco\/#primaryimage\"},\"thumbnailUrl\":\"https:\/\/elojocojo.org\/wp-content\/uploads\/2024\/08\/FOTO3andromaco.jpg\",\"datePublished\":\"2024-08-08T10:53:34+00:00\",\"dateModified\":\"2026-02-22T14:59:30+00:00\",\"description\":\"Andr\u00f3maco retrata la resistencia de 68 casas en la Ciudad de M\u00e9xico frente a la gentrificaci\u00f3n y la transformaci\u00f3n urbana.\",\"breadcrumb\":{\"@id\":\"https:\/\/elojocojo.org\/andromaco\/#breadcrumb\"},\"inLanguage\":\"es\",\"potentialAction\":[{\"@type\":\"ReadAction\",\"target\":[\"https:\/\/elojocojo.org\/andromaco\/\"]}]},{\"@type\":\"ImageObject\",\"inLanguage\":\"es\",\"@id\":\"https:\/\/elojocojo.org\/andromaco\/#primaryimage\",\"url\":\"https:\/\/elojocojo.org\/wp-content\/uploads\/2024\/08\/FOTO3andromaco.jpg\",\"contentUrl\":\"https:\/\/elojocojo.org\/wp-content\/uploads\/2024\/08\/FOTO3andromaco.jpg\",\"width\":1643,\"height\":924,\"caption\":\"Persona caminando por una calle estrecha entre edificios residenciales, vista desde un plano bajo.\"},{\"@type\":\"BreadcrumbList\",\"@id\":\"https:\/\/elojocojo.org\/andromaco\/#breadcrumb\",\"itemListElement\":[{\"@type\":\"ListItem\",\"position\":1,\"name\":\"Portada\",\"item\":\"https:\/\/elojocojo.org\/\"},{\"@type\":\"ListItem\",\"position\":2,\"name\":\"2024\",\"item\":\"https:\/\/elojocojo.org\/tag\/2024\/\"},{\"@type\":\"ListItem\",\"position\":3,\"name\":\"Andr\u00f3maco\"}]},{\"@type\":\"WebSite\",\"@id\":\"https:\/\/elojocojo.org\/#website\",\"url\":\"https:\/\/elojocojo.org\/\",\"name\":\"el ojO cojo\",\"description\":\"Todos estamos hechos de la misma esencia\",\"publisher\":{\"@id\":\"https:\/\/elojocojo.org\/#organization\"},\"potentialAction\":[{\"@type\":\"SearchAction\",\"target\":{\"@type\":\"EntryPoint\",\"urlTemplate\":\"https:\/\/elojocojo.org\/?s={search_term_string}\"},\"query-input\":{\"@type\":\"PropertyValueSpecification\",\"valueRequired\":true,\"valueName\":\"search_term_string\"}}],\"inLanguage\":\"es\"},{\"@type\":\"Organization\",\"@id\":\"https:\/\/elojocojo.org\/#organization\",\"name\":\"Meigas da r\u00faa\",\"url\":\"https:\/\/elojocojo.org\/\",\"logo\":{\"@type\":\"ImageObject\",\"inLanguage\":\"es\",\"@id\":\"https:\/\/elojocojo.org\/#\/schema\/logo\/image\/\",\"url\":\"https:\/\/meigasdarua.org\/wp-content\/uploads\/2020\/09\/cropped-logo-meigas-5.png\",\"contentUrl\":\"https:\/\/meigasdarua.org\/wp-content\/uploads\/2020\/09\/cropped-logo-meigas-5.png\",\"width\":109,\"height\":200,\"caption\":\"Meigas da r\u00faa\"},\"image\":{\"@id\":\"https:\/\/elojocojo.org\/#\/schema\/logo\/image\/\"},\"sameAs\":[\"https:\/\/www.facebook.com\/elojocojo\",\"https:\/\/x.com\/elojocojo\",\"https:\/\/www.instagram.com\/elojocojo\/?hl=es\",\"https:\/\/www.linkedin.com\/in\/el-ojo-cojo-b52b7769\/\",\"https:\/\/www.pinterest.es\/elojocojo\/_saved\/\",\"https:\/\/www.youtube.com\/channel\/UCkFtFTV0Bms7zH7vq8FZxZg\"]},{\"@type\":\"Person\",\"@id\":\"https:\/\/elojocojo.org\/#\/schema\/person\/0eebd75cb4d855e3f2b18abd9f7b9876\",\"name\":\"Pastora Laguna\",\"url\":\"https:\/\/elojocojo.org\/author\/pastora\/\"}]}<\/script>\n<!-- \/ Yoast SEO plugin. -->","yoast_head_json":{"title":"Andr\u00f3maco - el ojO cojo","description":"Andr\u00f3maco retrata la resistencia de 68 casas en la Ciudad de M\u00e9xico frente a la gentrificaci\u00f3n y la transformaci\u00f3n urbana.","robots":{"index":"index","follow":"follow","max-snippet":"max-snippet:-1","max-image-preview":"max-image-preview:large","max-video-preview":"max-video-preview:-1"},"canonical":"https:\/\/elojocojo.org\/andromaco\/","og_locale":"es_ES","og_type":"article","og_title":"Andr\u00f3maco - el ojO cojo","og_description":"Andr\u00f3maco retrata la resistencia de 68 casas en la Ciudad de M\u00e9xico frente a la gentrificaci\u00f3n y la transformaci\u00f3n urbana.","og_url":"https:\/\/elojocojo.org\/andromaco\/","og_site_name":"el ojO cojo","article_publisher":"https:\/\/www.facebook.com\/elojocojo","article_published_time":"2024-08-08T10:53:34+00:00","article_modified_time":"2026-02-22T14:59:30+00:00","og_image":[{"width":1643,"height":924,"url":"https:\/\/elojocojo.org\/wp-content\/uploads\/2024\/08\/FOTO3andromaco.jpg","type":"image\/jpeg"}],"author":"Pastora Laguna","twitter_card":"summary_large_image","twitter_creator":"@elojocojo","twitter_site":"@elojocojo","twitter_misc":{"Escrito por":"Pastora Laguna","Tiempo de lectura":"2 minutos"},"schema":{"@context":"https:\/\/schema.org","@graph":[{"@type":"Article","@id":"https:\/\/elojocojo.org\/andromaco\/#article","isPartOf":{"@id":"https:\/\/elojocojo.org\/andromaco\/"},"author":{"name":"Pastora Laguna","@id":"https:\/\/elojocojo.org\/#\/schema\/person\/0eebd75cb4d855e3f2b18abd9f7b9876"},"headline":"Andr\u00f3maco","datePublished":"2024-08-08T10:53:34+00:00","dateModified":"2026-02-22T14:59:30+00:00","mainEntityOfPage":{"@id":"https:\/\/elojocojo.org\/andromaco\/"},"wordCount":366,"publisher":{"@id":"https:\/\/elojocojo.org\/#organization"},"image":{"@id":"https:\/\/elojocojo.org\/andromaco\/#primaryimage"},"thumbnailUrl":"https:\/\/elojocojo.org\/wp-content\/uploads\/2024\/08\/FOTO3andromaco.jpg","keywords":["2024","Alianzas para lograr objetivos","cambio social","choque cultural","Ciudades y comunidades sostenibles","comunidad","convivencia familiar","costumbres y tradiciones","crisis","crisis econ\u00f3mica","cultura","desigualdad","econom\u00eda","espa\u00f1ol","espa\u00b1ol","esperanza","Festival el Ojo cojo","Fin de la pobreza","globalizaci\u00f3n","integraci\u00f3n","M\u00e9xico","Paz y justicia e instituciones s\u00f3lidas","pobreza","Reducci\u00f3n de las desigualdades","vida cotidiana"],"articleSection":["Festival 2020"],"inLanguage":"es"},{"@type":"WebPage","@id":"https:\/\/elojocojo.org\/andromaco\/","url":"https:\/\/elojocojo.org\/andromaco\/","name":"Andr\u00f3maco - el ojO cojo","isPartOf":{"@id":"https:\/\/elojocojo.org\/#website"},"primaryImageOfPage":{"@id":"https:\/\/elojocojo.org\/andromaco\/#primaryimage"},"image":{"@id":"https:\/\/elojocojo.org\/andromaco\/#primaryimage"},"thumbnailUrl":"https:\/\/elojocojo.org\/wp-content\/uploads\/2024\/08\/FOTO3andromaco.jpg","datePublished":"2024-08-08T10:53:34+00:00","dateModified":"2026-02-22T14:59:30+00:00","description":"Andr\u00f3maco retrata la resistencia de 68 casas en la Ciudad de M\u00e9xico frente a la gentrificaci\u00f3n y la transformaci\u00f3n urbana.","breadcrumb":{"@id":"https:\/\/elojocojo.org\/andromaco\/#breadcrumb"},"inLanguage":"es","potentialAction":[{"@type":"ReadAction","target":["https:\/\/elojocojo.org\/andromaco\/"]}]},{"@type":"ImageObject","inLanguage":"es","@id":"https:\/\/elojocojo.org\/andromaco\/#primaryimage","url":"https:\/\/elojocojo.org\/wp-content\/uploads\/2024\/08\/FOTO3andromaco.jpg","contentUrl":"https:\/\/elojocojo.org\/wp-content\/uploads\/2024\/08\/FOTO3andromaco.jpg","width":1643,"height":924,"caption":"Persona caminando por una calle estrecha entre edificios residenciales, vista desde un plano bajo."},{"@type":"BreadcrumbList","@id":"https:\/\/elojocojo.org\/andromaco\/#breadcrumb","itemListElement":[{"@type":"ListItem","position":1,"name":"Portada","item":"https:\/\/elojocojo.org\/"},{"@type":"ListItem","position":2,"name":"2024","item":"https:\/\/elojocojo.org\/tag\/2024\/"},{"@type":"ListItem","position":3,"name":"Andr\u00f3maco"}]},{"@type":"WebSite","@id":"https:\/\/elojocojo.org\/#website","url":"https:\/\/elojocojo.org\/","name":"el ojO cojo","description":"Todos estamos hechos de la misma esencia","publisher":{"@id":"https:\/\/elojocojo.org\/#organization"},"potentialAction":[{"@type":"SearchAction","target":{"@type":"EntryPoint","urlTemplate":"https:\/\/elojocojo.org\/?s={search_term_string}"},"query-input":{"@type":"PropertyValueSpecification","valueRequired":true,"valueName":"search_term_string"}}],"inLanguage":"es"},{"@type":"Organization","@id":"https:\/\/elojocojo.org\/#organization","name":"Meigas da r\u00faa","url":"https:\/\/elojocojo.org\/","logo":{"@type":"ImageObject","inLanguage":"es","@id":"https:\/\/elojocojo.org\/#\/schema\/logo\/image\/","url":"https:\/\/meigasdarua.org\/wp-content\/uploads\/2020\/09\/cropped-logo-meigas-5.png","contentUrl":"https:\/\/meigasdarua.org\/wp-content\/uploads\/2020\/09\/cropped-logo-meigas-5.png","width":109,"height":200,"caption":"Meigas da r\u00faa"},"image":{"@id":"https:\/\/elojocojo.org\/#\/schema\/logo\/image\/"},"sameAs":["https:\/\/www.facebook.com\/elojocojo","https:\/\/x.com\/elojocojo","https:\/\/www.instagram.com\/elojocojo\/?hl=es","https:\/\/www.linkedin.com\/in\/el-ojo-cojo-b52b7769\/","https:\/\/www.pinterest.es\/elojocojo\/_saved\/","https:\/\/www.youtube.com\/channel\/UCkFtFTV0Bms7zH7vq8FZxZg"]},{"@type":"Person","@id":"https:\/\/elojocojo.org\/#\/schema\/person\/0eebd75cb4d855e3f2b18abd9f7b9876","name":"Pastora Laguna","url":"https:\/\/elojocojo.org\/author\/pastora\/"}]}},"_links":{"self":[{"href":"https:\/\/elojocojo.org\/wp-json\/wp\/v2\/posts\/55477","targetHints":{"allow":["GET"]}}],"collection":[{"href":"https:\/\/elojocojo.org\/wp-json\/wp\/v2\/posts"}],"about":[{"href":"https:\/\/elojocojo.org\/wp-json\/wp\/v2\/types\/post"}],"author":[{"embeddable":true,"href":"https:\/\/elojocojo.org\/wp-json\/wp\/v2\/users\/73"}],"replies":[{"embeddable":true,"href":"https:\/\/elojocojo.org\/wp-json\/wp\/v2\/comments?post=55477"}],"version-history":[{"count":6,"href":"https:\/\/elojocojo.org\/wp-json\/wp\/v2\/posts\/55477\/revisions"}],"predecessor-version":[{"id":75595,"href":"https:\/\/elojocojo.org\/wp-json\/wp\/v2\/posts\/55477\/revisions\/75595"}],"wp:featuredmedia":[{"embeddable":true,"href":"https:\/\/elojocojo.org\/wp-json\/wp\/v2\/media\/55479"}],"wp:attachment":[{"href":"https:\/\/elojocojo.org\/wp-json\/wp\/v2\/media?parent=55477"}],"wp:term":[{"taxonomy":"category","embeddable":true,"href":"https:\/\/elojocojo.org\/wp-json\/wp\/v2\/categories?post=55477"},{"taxonomy":"post_tag","embeddable":true,"href":"https:\/\/elojocojo.org\/wp-json\/wp\/v2\/tags?post=55477"}],"curies":[{"name":"wp","href":"https:\/\/api.w.org\/{rel}","templated":true}]}}