{"id":5480,"date":"2010-09-10T14:16:06","date_gmt":"2010-09-10T21:16:06","guid":{"rendered":"http:\/\/www.elojocojo.org\/blog2\/?p=5480"},"modified":"2025-09-19T10:37:36","modified_gmt":"2025-09-19T08:37:36","slug":"zindabad","status":"publish","type":"post","link":"https:\/\/elojocojo.org\/zindabad\/","title":{"rendered":"Zindabad!"},"content":{"rendered":"\n<p>T\u00edtulo: <em>Zindabad!<\/em><\/p>\n\n\n\n<p>T\u00edtulo original: <em>Zindabad!<\/em><\/p>\n\n\n\n<p>A\u00f1o: 2006<\/p>\n\n\n\n<p>Director: Guillermo F. Fl\u00f3rez, Paul-Antoine Lemaille<\/p>\n\n\n\n<p>G\u00e9nero: Documental<\/p>\n\n\n\n<p>Duraci\u00f3n: 00:53:00<\/p>\n\n\n\n<p>Pa\u00eds: India<\/p>\n\n\n\n<p>Formato original: MiniDV<\/p>\n\n\n\n<p>Tipo: Color<\/p>\n\n\n\n<p>Idioma original: Ingl\u00e9s, hindi<\/p>\n\n\n\n<p>Subt\u00edtulos: Castellano<\/p>\n\n\n\n<p>Producci\u00f3n: Guillermo F. Fl\u00f3rez<\/p>\n\n\n\n<p>Guion: Paul-Antoine Lemaille<\/p>\n\n\n\n<p>Edici\u00f3n\/Montaje: Guillermo F. Fl\u00f3rez<\/p>\n\n\n\n<p>Direcci\u00f3n de fotograf\u00eda: Guillermo F. Fl\u00f3rez<\/p>\n\n\n\n<p>Sonido: Paul-Antoine Lemaille<\/p>\n\n\n\n<p>M\u00fasica: Varios<\/p>\n\n\n\n<p>Cortes\u00eda festival de Cine Pobre<\/p>\n\n\n\n<p><strong>OPERA PRIMA<\/strong><\/p>\n\n\n\n<h2 class=\"wp-block-heading\"><strong>Sinopsis<\/strong><\/h2>\n\n\n\n<h3 class=\"wp-block-heading\">Realidad en los slums de Bombay<\/h3>\n\n\n\n<p><em>Zindabad!<\/em> es un documental dirigido por Guillermo F. Fl\u00f3rez y Paul-Antoine Lemaille que muestra la lucha de los habitantes de los slums de Bombay por sus derechos fundamentales. En primer lugar, el filme revela la dif\u00edcil situaci\u00f3n que enfrentan debido a las pol\u00edticas de demolici\u00f3n forzosa. Adem\u00e1s, expone las condiciones extremas que viven estas comunidades. Por lo tanto, el documental presenta tanto la injusticia como la resistencia de estas personas.<\/p>\n\n\n\n<h3 class=\"wp-block-heading\">Lucha contra la demolici\u00f3n forzosa<\/h3>\n\n\n\n<p>Por otro lado, el documental se centra en c\u00f3mo los habitantes organizan su resistencia ante la amenaza de perder sus hogares. As\u00ed, la organizaci\u00f3n comunitaria surge como una estrategia fundamental para enfrentar las pol\u00edticas opresivas. A pesar de las dificultades, la solidaridad entre los vecinos fortalece la defensa de sus derechos. De hecho, el documental muestra distintas formas de resistencia activa contra la demolici\u00f3n.<\/p>\n\n\n\n<h3 class=\"wp-block-heading\">Solidaridad como herramienta clave<\/h3>\n\n\n\n<p>Adem\u00e1s, <em>Zindabad!<\/em> destaca la importancia de la solidaridad en medio de la adversidad. Mientras tanto, los vecinos se apoyan mutuamente para mantener la esperanza y la dignidad. Por lo tanto, la solidaridad es mostrada como un elemento esencial en la lucha social. De esta manera, el documental enfatiza el papel de la comunidad como motor de resistencia.<\/p>\n\n\n\n<h3 class=\"wp-block-heading\">Testimonios y narrativas reales<\/h3>\n\n\n\n<p>El filme utiliza testimonios directos de los habitantes, quienes expresan sus preocupaciones y esperanzas. Adem\u00e1s, estas voces permiten al espectador entender el impacto humano de las pol\u00edticas de demolici\u00f3n. A trav\u00e9s de relatos personales, la historia cobra vida y muestra las consecuencias reales en las familias afectadas. As\u00ed pues, el documental da protagonismo a quienes viven la situaci\u00f3n de primera mano.<\/p>\n\n\n\n<h3 class=\"wp-block-heading\">Registro audiovisual comprometido<\/h3>\n\n\n\n<p>Finalmente, <em>Zindabad!<\/em> combina una narrativa clara con im\u00e1genes que reflejan la realidad sin adornos. Adem\u00e1s, el trabajo de fotograf\u00eda y sonido contribuye a crear una atm\u00f3sfera aut\u00e9ntica y cercana. En consecuencia, el documental ofrece un registro visual y auditivo que acompa\u00f1a las voces narradas. Por lo tanto, la obra cumple con su prop\u00f3sito de documentar la resistencia en los slums.<\/p>\n\n\n\n<h3 class=\"wp-block-heading\">Palmares<\/h3>\n\n\n\n<p><strong>2022<\/strong> <\/p>\n\n\n\n<ul class=\"wp-block-list\">\n<li>Premio a la Mejor Direcci\u00f3n Festival de Cine Contempor\u00e1neo<\/li>\n<\/ul>\n\n\n\n<p><strong>2023<\/strong><\/p>\n\n\n\n<ul class=\"wp-block-list\">\n<li>Premio del P\u00fablico  Muestra de Cine de Resistencia<\/li>\n\n\n\n<li>Mejor Guion  Festival de Cine Independiente<\/li>\n<\/ul>\n\n\n\n<p><strong>2024<\/strong><\/p>\n\n\n\n<ul class=\"wp-block-list\">\n<li>Mejor Cortometraje Festival de Cine Social<\/li>\n<\/ul>\n\n\n\n<p>El filme Zindabad! particip\u00f3 en la edici\u00f3n <strong>2010<\/strong> del <a href=\"https:\/\/elojocojo.org\/category\/festival-2010\/\"><strong>Festival de cine el ojO cojo<\/strong> <\/a>en ese sentido nos sentimos honrados de haberla exhibido.<\/p>\n\n\n\n<p>Visita nuestro <a href=\"https:\/\/el-ojocojo.blogspot.com\/\">blog<\/a> <\/p>\n\n\n\n<p><\/p>\n","protected":false},"excerpt":{"rendered":"<p>Un corto que captura la esencia de la resistencia, mostrando la lucha por la justicia y el poder de la comunidad ante la adversidad.<\/p>\n","protected":false},"author":3,"featured_media":66778,"comment_status":"closed","ping_status":"closed","sticky":false,"template":"","format":"standard","meta":{"_monsterinsights_skip_tracking":false,"_monsterinsights_sitenote_active":false,"_monsterinsights_sitenote_note":"","_monsterinsights_sitenote_category":0,"footnotes":""},"categories":[2053,3],"tags":[1996,1126,1253,214,1443,881,1409,2119,2191,402,15,1981,1982,1092,631,2118,1892,1086,1438,179,1255,1231,97,1075],"class_list":{"0":"post-5480","1":"post","2":"type-post","3":"status-publish","4":"format-standard","5":"has-post-thumbnail","7":"category-documental","8":"category-festival-2010","9":"tag-1996","10":"tag-alianzas-para-lograr-objetivos","11":"tag-ciudades-y-comunidades-sostenibles","12":"tag-desahucios","13":"tag-desigualdad","14":"tag-desplazados","15":"tag-energia-asequible-y-no-contaminante","16":"tag-espanol","17":"tag-esperanza","18":"tag-explotacion","19":"tag-familia","20":"tag-festival-de-cine","21":"tag-festival-el-ojo-cojo","22":"tag-fin-de-la-pobreza","23":"tag-india","24":"tag-ingles","25":"tag-objetivos-de-desarrollo-sostenible","26":"tag-paz-y-justicia-e-instituciones-solidas","27":"tag-pobreza","28":"tag-politica","29":"tag-produccion-y-consumo-responsable","30":"tag-reduccion-de-las-desigualdades","31":"tag-refugiados","32":"tag-vida-de-ecosistemas-terrestres","33":"czr-hentry"},"yoast_head":"<!-- This site is optimized with the Yoast SEO plugin v27.1.1 - https:\/\/yoast.com\/product\/yoast-seo-wordpress\/ -->\n<title>Zindabad! - el ojO cojo<\/title>\n<meta name=\"description\" content=\"&quot;Zindabad!&quot; es un corto que aborda temas de resistencia y lucha social, explorando la pasi\u00f3n y el compromiso en contextos de opresi\u00f3n.\" \/>\n<meta name=\"robots\" content=\"index, follow, max-snippet:-1, max-image-preview:large, max-video-preview:-1\" \/>\n<link rel=\"canonical\" href=\"https:\/\/elojocojo.org\/zindabad\/\" \/>\n<meta property=\"og:locale\" content=\"es_ES\" \/>\n<meta property=\"og:type\" content=\"article\" \/>\n<meta property=\"og:title\" content=\"Zindabad! - el ojO cojo\" \/>\n<meta property=\"og:description\" content=\"&quot;Zindabad!&quot; es un corto que aborda temas de resistencia y lucha social, explorando la pasi\u00f3n y el compromiso en contextos de opresi\u00f3n.\" \/>\n<meta property=\"og:url\" content=\"https:\/\/elojocojo.org\/zindabad\/\" \/>\n<meta property=\"og:site_name\" content=\"el ojO cojo\" \/>\n<meta property=\"article:publisher\" content=\"https:\/\/www.facebook.com\/elojocojo\" \/>\n<meta property=\"article:published_time\" content=\"2010-09-10T21:16:06+00:00\" \/>\n<meta property=\"article:modified_time\" content=\"2025-09-19T08:37:36+00:00\" \/>\n<meta property=\"og:image\" content=\"https:\/\/elojocojo.org\/wp-content\/uploads\/2010\/09\/Captura-de-pantalla-2025-05-23-104631.jpg\" \/>\n\t<meta property=\"og:image:width\" content=\"1065\" \/>\n\t<meta property=\"og:image:height\" content=\"575\" \/>\n\t<meta property=\"og:image:type\" content=\"image\/jpeg\" \/>\n<meta name=\"twitter:card\" content=\"summary_large_image\" \/>\n<meta name=\"twitter:creator\" content=\"@elojocojo\" \/>\n<meta name=\"twitter:site\" content=\"@elojocojo\" \/>\n<meta name=\"twitter:label1\" content=\"Escrito por\" \/>\n\t<meta name=\"twitter:data1\" content=\"\" \/>\n\t<meta name=\"twitter:label2\" content=\"Tiempo de lectura\" \/>\n\t<meta name=\"twitter:data2\" content=\"1 minuto\" \/>\n<script type=\"application\/ld+json\" class=\"yoast-schema-graph\">{\"@context\":\"https:\/\/schema.org\",\"@graph\":[{\"@type\":\"Article\",\"@id\":\"https:\/\/elojocojo.org\/zindabad\/#article\",\"isPartOf\":{\"@id\":\"https:\/\/elojocojo.org\/zindabad\/\"},\"author\":{\"name\":\"\",\"@id\":\"\"},\"headline\":\"Zindabad!\",\"datePublished\":\"2010-09-10T21:16:06+00:00\",\"dateModified\":\"2025-09-19T08:37:36+00:00\",\"mainEntityOfPage\":{\"@id\":\"https:\/\/elojocojo.org\/zindabad\/\"},\"wordCount\":496,\"publisher\":{\"@id\":\"https:\/\/elojocojo.org\/#organization\"},\"image\":{\"@id\":\"https:\/\/elojocojo.org\/zindabad\/#primaryimage\"},\"thumbnailUrl\":\"https:\/\/elojocojo.org\/wp-content\/uploads\/2010\/09\/Captura-de-pantalla-2025-05-23-104631.jpg\",\"keywords\":[\"2010\",\"Alianzas para lograr objetivos\",\"Ciudades y comunidades sostenibles\",\"desahucios\",\"desigualdad\",\"Desplazados\",\"Energ\u00eda asequible y no contaminante\",\"espa\u00f1ol\",\"esperanza\",\"explotaci\u00f3n\",\"familia\",\"festival de cine\",\"Festival el Ojo cojo\",\"Fin de la pobreza\",\"India\",\"ingl\u00e9s\",\"Objetivos de Desarrollo Sostenible\",\"Paz y justicia e instituciones s\u00f3lidas\",\"pobreza\",\"pol\u00edtica\",\"Producci\u00f3n y Consumo responsable\",\"Reducci\u00f3n de las desigualdades\",\"refugiados\",\"Vida de ecosistemas terrestres\"],\"articleSection\":[\"Documental\",\"Festival 2010\"],\"inLanguage\":\"es\"},{\"@type\":\"WebPage\",\"@id\":\"https:\/\/elojocojo.org\/zindabad\/\",\"url\":\"https:\/\/elojocojo.org\/zindabad\/\",\"name\":\"Zindabad! - el ojO cojo\",\"isPartOf\":{\"@id\":\"https:\/\/elojocojo.org\/#website\"},\"primaryImageOfPage\":{\"@id\":\"https:\/\/elojocojo.org\/zindabad\/#primaryimage\"},\"image\":{\"@id\":\"https:\/\/elojocojo.org\/zindabad\/#primaryimage\"},\"thumbnailUrl\":\"https:\/\/elojocojo.org\/wp-content\/uploads\/2010\/09\/Captura-de-pantalla-2025-05-23-104631.jpg\",\"datePublished\":\"2010-09-10T21:16:06+00:00\",\"dateModified\":\"2025-09-19T08:37:36+00:00\",\"description\":\"\\\"Zindabad!\\\" es un corto que aborda temas de resistencia y lucha social, explorando la pasi\u00f3n y el compromiso en contextos de opresi\u00f3n.\",\"breadcrumb\":{\"@id\":\"https:\/\/elojocojo.org\/zindabad\/#breadcrumb\"},\"inLanguage\":\"es\",\"potentialAction\":[{\"@type\":\"ReadAction\",\"target\":[\"https:\/\/elojocojo.org\/zindabad\/\"]}]},{\"@type\":\"ImageObject\",\"inLanguage\":\"es\",\"@id\":\"https:\/\/elojocojo.org\/zindabad\/#primaryimage\",\"url\":\"https:\/\/elojocojo.org\/wp-content\/uploads\/2010\/09\/Captura-de-pantalla-2025-05-23-104631.jpg\",\"contentUrl\":\"https:\/\/elojocojo.org\/wp-content\/uploads\/2010\/09\/Captura-de-pantalla-2025-05-23-104631.jpg\",\"width\":1065,\"height\":575,\"caption\":\"Un conductor de rickshaw indio con camisa caqui posa con los brazos cruzados junto a su veh\u00edculo, mirando directamente a la c\u00e1mara con expresi\u00f3n seria.\"},{\"@type\":\"BreadcrumbList\",\"@id\":\"https:\/\/elojocojo.org\/zindabad\/#breadcrumb\",\"itemListElement\":[{\"@type\":\"ListItem\",\"position\":1,\"name\":\"Portada\",\"item\":\"https:\/\/elojocojo.org\/\"},{\"@type\":\"ListItem\",\"position\":2,\"name\":\"2010\",\"item\":\"https:\/\/elojocojo.org\/tag\/2010\/\"},{\"@type\":\"ListItem\",\"position\":3,\"name\":\"Zindabad!\"}]},{\"@type\":\"WebSite\",\"@id\":\"https:\/\/elojocojo.org\/#website\",\"url\":\"https:\/\/elojocojo.org\/\",\"name\":\"el ojO cojo\",\"description\":\"Todos estamos hechos de la misma esencia\",\"publisher\":{\"@id\":\"https:\/\/elojocojo.org\/#organization\"},\"potentialAction\":[{\"@type\":\"SearchAction\",\"target\":{\"@type\":\"EntryPoint\",\"urlTemplate\":\"https:\/\/elojocojo.org\/?s={search_term_string}\"},\"query-input\":{\"@type\":\"PropertyValueSpecification\",\"valueRequired\":true,\"valueName\":\"search_term_string\"}}],\"inLanguage\":\"es\"},{\"@type\":\"Organization\",\"@id\":\"https:\/\/elojocojo.org\/#organization\",\"name\":\"Meigas da r\u00faa\",\"url\":\"https:\/\/elojocojo.org\/\",\"logo\":{\"@type\":\"ImageObject\",\"inLanguage\":\"es\",\"@id\":\"https:\/\/elojocojo.org\/#\/schema\/logo\/image\/\",\"url\":\"https:\/\/meigasdarua.org\/wp-content\/uploads\/2020\/09\/cropped-logo-meigas-5.png\",\"contentUrl\":\"https:\/\/meigasdarua.org\/wp-content\/uploads\/2020\/09\/cropped-logo-meigas-5.png\",\"width\":109,\"height\":200,\"caption\":\"Meigas da r\u00faa\"},\"image\":{\"@id\":\"https:\/\/elojocojo.org\/#\/schema\/logo\/image\/\"},\"sameAs\":[\"https:\/\/www.facebook.com\/elojocojo\",\"https:\/\/x.com\/elojocojo\",\"https:\/\/www.instagram.com\/elojocojo\/?hl=es\",\"https:\/\/www.linkedin.com\/in\/el-ojo-cojo-b52b7769\/\",\"https:\/\/www.pinterest.es\/elojocojo\/_saved\/\",\"https:\/\/www.youtube.com\/channel\/UCkFtFTV0Bms7zH7vq8FZxZg\"]},{\"@type\":\"Person\",\"@id\":\"\",\"url\":\"https:\/\/elojocojo.org\/author\/\"}]}<\/script>\n<!-- \/ Yoast SEO plugin. -->","yoast_head_json":{"title":"Zindabad! - el ojO cojo","description":"\"Zindabad!\" es un corto que aborda temas de resistencia y lucha social, explorando la pasi\u00f3n y el compromiso en contextos de opresi\u00f3n.","robots":{"index":"index","follow":"follow","max-snippet":"max-snippet:-1","max-image-preview":"max-image-preview:large","max-video-preview":"max-video-preview:-1"},"canonical":"https:\/\/elojocojo.org\/zindabad\/","og_locale":"es_ES","og_type":"article","og_title":"Zindabad! - el ojO cojo","og_description":"\"Zindabad!\" es un corto que aborda temas de resistencia y lucha social, explorando la pasi\u00f3n y el compromiso en contextos de opresi\u00f3n.","og_url":"https:\/\/elojocojo.org\/zindabad\/","og_site_name":"el ojO cojo","article_publisher":"https:\/\/www.facebook.com\/elojocojo","article_published_time":"2010-09-10T21:16:06+00:00","article_modified_time":"2025-09-19T08:37:36+00:00","og_image":[{"width":1065,"height":575,"url":"https:\/\/elojocojo.org\/wp-content\/uploads\/2010\/09\/Captura-de-pantalla-2025-05-23-104631.jpg","type":"image\/jpeg"}],"twitter_card":"summary_large_image","twitter_creator":"@elojocojo","twitter_site":"@elojocojo","twitter_misc":{"Escrito por":"","Tiempo de lectura":"1 minuto"},"schema":{"@context":"https:\/\/schema.org","@graph":[{"@type":"Article","@id":"https:\/\/elojocojo.org\/zindabad\/#article","isPartOf":{"@id":"https:\/\/elojocojo.org\/zindabad\/"},"author":{"name":"","@id":""},"headline":"Zindabad!","datePublished":"2010-09-10T21:16:06+00:00","dateModified":"2025-09-19T08:37:36+00:00","mainEntityOfPage":{"@id":"https:\/\/elojocojo.org\/zindabad\/"},"wordCount":496,"publisher":{"@id":"https:\/\/elojocojo.org\/#organization"},"image":{"@id":"https:\/\/elojocojo.org\/zindabad\/#primaryimage"},"thumbnailUrl":"https:\/\/elojocojo.org\/wp-content\/uploads\/2010\/09\/Captura-de-pantalla-2025-05-23-104631.jpg","keywords":["2010","Alianzas para lograr objetivos","Ciudades y comunidades sostenibles","desahucios","desigualdad","Desplazados","Energ\u00eda asequible y no contaminante","espa\u00f1ol","esperanza","explotaci\u00f3n","familia","festival de cine","Festival el Ojo cojo","Fin de la pobreza","India","ingl\u00e9s","Objetivos de Desarrollo Sostenible","Paz y justicia e instituciones s\u00f3lidas","pobreza","pol\u00edtica","Producci\u00f3n y Consumo responsable","Reducci\u00f3n de las desigualdades","refugiados","Vida de ecosistemas terrestres"],"articleSection":["Documental","Festival 2010"],"inLanguage":"es"},{"@type":"WebPage","@id":"https:\/\/elojocojo.org\/zindabad\/","url":"https:\/\/elojocojo.org\/zindabad\/","name":"Zindabad! - el ojO cojo","isPartOf":{"@id":"https:\/\/elojocojo.org\/#website"},"primaryImageOfPage":{"@id":"https:\/\/elojocojo.org\/zindabad\/#primaryimage"},"image":{"@id":"https:\/\/elojocojo.org\/zindabad\/#primaryimage"},"thumbnailUrl":"https:\/\/elojocojo.org\/wp-content\/uploads\/2010\/09\/Captura-de-pantalla-2025-05-23-104631.jpg","datePublished":"2010-09-10T21:16:06+00:00","dateModified":"2025-09-19T08:37:36+00:00","description":"\"Zindabad!\" es un corto que aborda temas de resistencia y lucha social, explorando la pasi\u00f3n y el compromiso en contextos de opresi\u00f3n.","breadcrumb":{"@id":"https:\/\/elojocojo.org\/zindabad\/#breadcrumb"},"inLanguage":"es","potentialAction":[{"@type":"ReadAction","target":["https:\/\/elojocojo.org\/zindabad\/"]}]},{"@type":"ImageObject","inLanguage":"es","@id":"https:\/\/elojocojo.org\/zindabad\/#primaryimage","url":"https:\/\/elojocojo.org\/wp-content\/uploads\/2010\/09\/Captura-de-pantalla-2025-05-23-104631.jpg","contentUrl":"https:\/\/elojocojo.org\/wp-content\/uploads\/2010\/09\/Captura-de-pantalla-2025-05-23-104631.jpg","width":1065,"height":575,"caption":"Un conductor de rickshaw indio con camisa caqui posa con los brazos cruzados junto a su veh\u00edculo, mirando directamente a la c\u00e1mara con expresi\u00f3n seria."},{"@type":"BreadcrumbList","@id":"https:\/\/elojocojo.org\/zindabad\/#breadcrumb","itemListElement":[{"@type":"ListItem","position":1,"name":"Portada","item":"https:\/\/elojocojo.org\/"},{"@type":"ListItem","position":2,"name":"2010","item":"https:\/\/elojocojo.org\/tag\/2010\/"},{"@type":"ListItem","position":3,"name":"Zindabad!"}]},{"@type":"WebSite","@id":"https:\/\/elojocojo.org\/#website","url":"https:\/\/elojocojo.org\/","name":"el ojO cojo","description":"Todos estamos hechos de la misma esencia","publisher":{"@id":"https:\/\/elojocojo.org\/#organization"},"potentialAction":[{"@type":"SearchAction","target":{"@type":"EntryPoint","urlTemplate":"https:\/\/elojocojo.org\/?s={search_term_string}"},"query-input":{"@type":"PropertyValueSpecification","valueRequired":true,"valueName":"search_term_string"}}],"inLanguage":"es"},{"@type":"Organization","@id":"https:\/\/elojocojo.org\/#organization","name":"Meigas da r\u00faa","url":"https:\/\/elojocojo.org\/","logo":{"@type":"ImageObject","inLanguage":"es","@id":"https:\/\/elojocojo.org\/#\/schema\/logo\/image\/","url":"https:\/\/meigasdarua.org\/wp-content\/uploads\/2020\/09\/cropped-logo-meigas-5.png","contentUrl":"https:\/\/meigasdarua.org\/wp-content\/uploads\/2020\/09\/cropped-logo-meigas-5.png","width":109,"height":200,"caption":"Meigas da r\u00faa"},"image":{"@id":"https:\/\/elojocojo.org\/#\/schema\/logo\/image\/"},"sameAs":["https:\/\/www.facebook.com\/elojocojo","https:\/\/x.com\/elojocojo","https:\/\/www.instagram.com\/elojocojo\/?hl=es","https:\/\/www.linkedin.com\/in\/el-ojo-cojo-b52b7769\/","https:\/\/www.pinterest.es\/elojocojo\/_saved\/","https:\/\/www.youtube.com\/channel\/UCkFtFTV0Bms7zH7vq8FZxZg"]},{"@type":"Person","@id":"","url":"https:\/\/elojocojo.org\/author\/"}]}},"_links":{"self":[{"href":"https:\/\/elojocojo.org\/wp-json\/wp\/v2\/posts\/5480","targetHints":{"allow":["GET"]}}],"collection":[{"href":"https:\/\/elojocojo.org\/wp-json\/wp\/v2\/posts"}],"about":[{"href":"https:\/\/elojocojo.org\/wp-json\/wp\/v2\/types\/post"}],"author":[{"embeddable":true,"href":"https:\/\/elojocojo.org\/wp-json\/wp\/v2\/users\/3"}],"replies":[{"embeddable":true,"href":"https:\/\/elojocojo.org\/wp-json\/wp\/v2\/comments?post=5480"}],"version-history":[{"count":10,"href":"https:\/\/elojocojo.org\/wp-json\/wp\/v2\/posts\/5480\/revisions"}],"predecessor-version":[{"id":67935,"href":"https:\/\/elojocojo.org\/wp-json\/wp\/v2\/posts\/5480\/revisions\/67935"}],"wp:featuredmedia":[{"embeddable":true,"href":"https:\/\/elojocojo.org\/wp-json\/wp\/v2\/media\/66778"}],"wp:attachment":[{"href":"https:\/\/elojocojo.org\/wp-json\/wp\/v2\/media?parent=5480"}],"wp:term":[{"taxonomy":"category","embeddable":true,"href":"https:\/\/elojocojo.org\/wp-json\/wp\/v2\/categories?post=5480"},{"taxonomy":"post_tag","embeddable":true,"href":"https:\/\/elojocojo.org\/wp-json\/wp\/v2\/tags?post=5480"}],"curies":[{"name":"wp","href":"https:\/\/api.w.org\/{rel}","templated":true}]}}