{"id":5471,"date":"2010-09-10T13:50:38","date_gmt":"2010-09-10T20:50:38","guid":{"rendered":"http:\/\/www.elojocojo.org\/blog2\/?p=5471"},"modified":"2026-02-22T21:05:12","modified_gmt":"2026-02-22T20:05:12","slug":"la-tarea","status":"publish","type":"post","link":"https:\/\/elojocojo.org\/la-tarea\/","title":{"rendered":"La tarea"},"content":{"rendered":"\n<figure class=\"wp-block-embed is-type-video is-provider-vimeo wp-block-embed-vimeo wp-embed-aspect-16-9 wp-has-aspect-ratio\"><div class=\"wp-block-embed__wrapper\">\n<iframe title=\"LA TAREA \/ THE HOMEWORK\" src=\"https:\/\/player.vimeo.com\/video\/172846820?dnt=1&amp;app_id=122963\" width=\"1140\" height=\"641\" frameborder=\"0\" allow=\"autoplay; fullscreen; picture-in-picture; clipboard-write; encrypted-media; web-share\" referrerpolicy=\"strict-origin-when-cross-origin\"><\/iframe>\n<\/div><\/figure>\n\n\n\n<p>T\u00edtulo: La tarea<\/p>\n\n\n\n<p>T\u00edtulo en espa\u00f1ol: La tarea<\/p>\n\n\n\n<p>A\u00f1o: 2009<\/p>\n\n\n\n<p>Director: Milagro Farf\u00e1n<\/p>\n\n\n\n<p>G\u00e9nero: Documental<\/p>\n\n\n\n<p>Pa\u00eds: Cuba<\/p>\n\n\n\n<p>Duraci\u00f3n: 27&#8242;<\/p>\n\n\n\n<p>Tipo: Color<\/p>\n\n\n\n<p>Idioma: Castellano<\/p>\n\n\n\n<h3 class=\"wp-block-heading\">Sinopsis<\/h3>\n\n\n\n<h2 class=\"wp-block-heading\">Un cuento familiar<\/h2>\n\n\n\n<p>El cortometraje <em>La tarea<\/em>, dirigido por Milagro Farf\u00e1n, sigue a Sayn\u00e9, una ni\u00f1a de 8 a\u00f1os. Su tarea escolar consiste en escribir un cuento sobre su familia. As\u00ed, mientras escribe, comienza a observar y redescubrir las relaciones entre su pap\u00e1, su mam\u00e1 y la novia de su mam\u00e1. Adem\u00e1s, cada detalle que nota le permite comprender mejor la din\u00e1mica familiar.<\/p>\n\n\n\n<h2 class=\"wp-block-heading\">Descubrimiento y reflexi\u00f3n<\/h2>\n\n\n\n<p>A medida que avanza la historia, Sayn\u00e9 se da cuenta de que la relaci\u00f3n de su madre con su novia lleva tiempo. Por ello, comprende que su familia es diferente a otras, aunque no desea sentirse distinta. Por lo tanto, este descubrimiento provoca en ella reflexiones sobre diversidad familiar y sobre su propia identidad. Asimismo, le ense\u00f1a a valorar la singularidad de su hogar.<\/p>\n\n\n\n<h2 class=\"wp-block-heading\">La mirada de un ni\u00f1o<\/h2>\n\n\n\n<p>La historia muestra c\u00f3mo los ni\u00f1os perciben y procesan las diferencias dentro de su entorno familiar. Mientras tanto, Sayn\u00e9 enfrenta la tarea de entender su singularidad sin sentirse excluida. As\u00ed, su perspectiva nos invita a cuestionar ideas preconcebidas sobre lo que es una familia.<\/p>\n\n\n\n<h2 class=\"wp-block-heading\">Inclusi\u00f3n y aceptaci\u00f3n<\/h2>\n\n\n\n<p>El cortometraje promueve la comprensi\u00f3n y la aceptaci\u00f3n de las distintas formas de familia. Por un lado, expone la diversidad y los desaf\u00edos que enfrentan los ni\u00f1os; por otro, muestra c\u00f3mo el amor y la confianza permiten que crezcan seguros y apoyados. De este modo, se fomenta un mensaje de inclusi\u00f3n y respeto.<\/p>\n\n\n\n<h2 class=\"wp-block-heading\">Un relato sobre amor y crecimiento<\/h2>\n\n\n\n<p>Finalmente, <em>La tarea<\/em> es una reflexi\u00f3n sobre la importancia de crear espacios seguros para todos los ni\u00f1os. Adem\u00e1s, invita a valorar la diversidad familiar y a ense\u00f1ar a los m\u00e1s peque\u00f1os a aceptar las diferencias con empat\u00eda y cari\u00f1o.<\/p>\n\n\n<div class=\"wp-block-image\">\n<figure class=\"aligncenter size-large is-resized\"><img decoding=\"async\" width=\"571\" height=\"360\" src=\"https:\/\/elojocojo.org\/wp-content\/uploads\/2010\/09\/LA-TAREA-571x360.png\" alt=\"Profesora de espalda a la clase, dibujando un \u00e1rbol con tiza sobre la pizarra. En la pizarra se pueden ver varios dibujos de animales que parecen coloreados por ni\u00f1os. La profesora viste una chaqueta vaquera sin mangas y lleva coleta y gafas.\" class=\"wp-image-74174\" style=\"object-fit:cover;width:243px;height:360px\" srcset=\"https:\/\/elojocojo.org\/wp-content\/uploads\/2010\/09\/LA-TAREA-571x360.png 571w, https:\/\/elojocojo.org\/wp-content\/uploads\/2010\/09\/LA-TAREA-400x252.png 400w, https:\/\/elojocojo.org\/wp-content\/uploads\/2010\/09\/LA-TAREA-300x189.png 300w, https:\/\/elojocojo.org\/wp-content\/uploads\/2010\/09\/LA-TAREA-768x484.png 768w, https:\/\/elojocojo.org\/wp-content\/uploads\/2010\/09\/LA-TAREA-1536x968.png 1536w, https:\/\/elojocojo.org\/wp-content\/uploads\/2010\/09\/LA-TAREA.png 1599w\" sizes=\"(max-width: 571px) 100vw, 571px\" \/><\/figure>\n<\/div>\n\n\n<p><a href=\"https:\/\/www.imdb.com\/es-es\/title\/tt2106500\/?ref_=fn_i_1\">IMDb<\/a> 7\/10<\/p>\n\n\n\n<p>El filme \u00ab<em>La tarea<\/em>\u00bb particip\u00f3 en la edici\u00f3n <span class=\"s1\"><b><a href=\"https:\/\/elojocojo.org\/category\/festival-2010\/\">2010<\/a><\/b><\/span> del <a href=\"https:\/\/elojocojo.org\/bienvenida\/festivalelojocojo\/\"><span class=\"s1\"><b>Festival de cine el ojO cojo<\/b> <\/span><\/a>en ese sentido nos sentimos honrados de haberla exhibido.<\/p>\n\n\n\n<p class=\"p1\">Visita nuestro <a href=\"https:\/\/el-ojocojo.blogspot.com\/\">blog<\/a>.<\/p>\n","protected":false},"excerpt":{"rendered":"<p>La Tarea, dirigido por Milagro Farf\u00e1n, sigue a Sayn\u00e9, de 8 a\u00f1os, mientras explora la diversidad y din\u00e1mica de su familia.<\/p>\n","protected":false},"author":3,"featured_media":17487,"comment_status":"closed","ping_status":"open","sticky":false,"template":"","format":"standard","meta":{"_monsterinsights_skip_tracking":false,"_monsterinsights_sitenote_active":false,"_monsterinsights_sitenote_note":"","_monsterinsights_sitenote_category":0,"footnotes":""},"categories":[2053,3],"tags":[1996,112,962,26,1272,997,946,995,1258,15,1981,1982,1628,1816,2147,1060,1618,948,1142,91,128,1231,150],"class_list":{"0":"post-5471","1":"post","2":"type-post","3":"status-publish","4":"format-standard","5":"has-post-thumbnail","7":"category-documental","8":"category-festival-2010","9":"tag-1996","10":"tag-amor","11":"tag-amor-filial","12":"tag-discriminacion","13":"tag-discriminacion-sexual","14":"tag-diversidad","15":"tag-diversidad-sexual","16":"tag-educacion","17":"tag-empoderamiento","18":"tag-familia","19":"tag-festival-de-cine","20":"tag-festival-el-ojo-cojo","21":"tag-ficcion","22":"tag-homosexualidad","23":"tag-identidad","24":"tag-igualdad-de-genero","25":"tag-infancia","26":"tag-lgtbi","27":"tag-machismo","28":"tag-mujer","29":"tag-ninos","30":"tag-reduccion-de-las-desigualdades","31":"tag-sexualidad","32":"czr-hentry"},"yoast_head":"<!-- This site is optimized with the Yoast SEO plugin v27.1.1 - https:\/\/yoast.com\/product\/yoast-seo-wordpress\/ -->\n<title>La tarea - el ojO cojo<\/title>\n<meta name=\"description\" content=\"La tarea, dirigido por Milagro Farf\u00e1n, sigue a Sayn\u00e9, de 8 a\u00f1os, mientras explora la diversidad y din\u00e1mica de su familia.\" \/>\n<meta name=\"robots\" content=\"index, follow, max-snippet:-1, max-image-preview:large, max-video-preview:-1\" \/>\n<link rel=\"canonical\" href=\"https:\/\/elojocojo.org\/la-tarea\/\" \/>\n<meta property=\"og:locale\" content=\"es_ES\" \/>\n<meta property=\"og:type\" content=\"article\" \/>\n<meta property=\"og:title\" content=\"La tarea - el ojO cojo\" \/>\n<meta property=\"og:description\" content=\"La tarea, dirigido por Milagro Farf\u00e1n, sigue a Sayn\u00e9, de 8 a\u00f1os, mientras explora la diversidad y din\u00e1mica de su familia.\" \/>\n<meta property=\"og:url\" content=\"https:\/\/elojocojo.org\/la-tarea\/\" \/>\n<meta property=\"og:site_name\" content=\"el ojO cojo\" \/>\n<meta property=\"article:publisher\" content=\"https:\/\/www.facebook.com\/elojocojo\" \/>\n<meta property=\"article:published_time\" content=\"2010-09-10T20:50:38+00:00\" \/>\n<meta property=\"article:modified_time\" content=\"2026-02-22T20:05:12+00:00\" \/>\n<meta property=\"og:image\" content=\"https:\/\/elojocojo.org\/wp-content\/uploads\/2010\/09\/foto2_-La-tarea.jpg\" \/>\n\t<meta property=\"og:image:width\" content=\"640\" \/>\n\t<meta property=\"og:image:height\" content=\"427\" \/>\n\t<meta property=\"og:image:type\" content=\"image\/jpeg\" \/>\n<meta name=\"twitter:card\" content=\"summary_large_image\" \/>\n<meta name=\"twitter:creator\" content=\"@elojocojo\" \/>\n<meta name=\"twitter:site\" content=\"@elojocojo\" \/>\n<meta name=\"twitter:label1\" content=\"Escrito por\" \/>\n\t<meta name=\"twitter:data1\" content=\"\" \/>\n\t<meta name=\"twitter:label2\" content=\"Tiempo de lectura\" \/>\n\t<meta name=\"twitter:data2\" content=\"1 minuto\" \/>\n<script type=\"application\/ld+json\" class=\"yoast-schema-graph\">{\"@context\":\"https:\/\/schema.org\",\"@graph\":[{\"@type\":\"Article\",\"@id\":\"https:\/\/elojocojo.org\/la-tarea\/#article\",\"isPartOf\":{\"@id\":\"https:\/\/elojocojo.org\/la-tarea\/\"},\"author\":{\"name\":\"\",\"@id\":\"\"},\"headline\":\"La tarea\",\"datePublished\":\"2010-09-10T20:50:38+00:00\",\"dateModified\":\"2026-02-22T20:05:12+00:00\",\"mainEntityOfPage\":{\"@id\":\"https:\/\/elojocojo.org\/la-tarea\/\"},\"wordCount\":370,\"publisher\":{\"@id\":\"https:\/\/elojocojo.org\/#organization\"},\"image\":{\"@id\":\"https:\/\/elojocojo.org\/la-tarea\/#primaryimage\"},\"thumbnailUrl\":\"https:\/\/elojocojo.org\/wp-content\/uploads\/2010\/09\/foto2_-La-tarea.jpg\",\"keywords\":[\"2010\",\"amor\",\"amor filial\",\"discriminaci\u00f3n\",\"discriminaci\u00f3n sexual\",\"diversidad\",\"diversidad sexual\",\"educaci\u00f3n\",\"empoderamiento\",\"familia\",\"festival de cine\",\"Festival el Ojo cojo\",\"ficci\u00f3n\",\"homosexualidad\",\"identidad\",\"igualdad de g\u00e9nero\",\"infancia\",\"LGTBI\",\"machismo\",\"mujer\",\"ni\u00f1os\",\"Reducci\u00f3n de las desigualdades\",\"sexualidad\"],\"articleSection\":[\"Documental\",\"Festival 2010\"],\"inLanguage\":\"es\"},{\"@type\":\"WebPage\",\"@id\":\"https:\/\/elojocojo.org\/la-tarea\/\",\"url\":\"https:\/\/elojocojo.org\/la-tarea\/\",\"name\":\"La tarea - el ojO cojo\",\"isPartOf\":{\"@id\":\"https:\/\/elojocojo.org\/#website\"},\"primaryImageOfPage\":{\"@id\":\"https:\/\/elojocojo.org\/la-tarea\/#primaryimage\"},\"image\":{\"@id\":\"https:\/\/elojocojo.org\/la-tarea\/#primaryimage\"},\"thumbnailUrl\":\"https:\/\/elojocojo.org\/wp-content\/uploads\/2010\/09\/foto2_-La-tarea.jpg\",\"datePublished\":\"2010-09-10T20:50:38+00:00\",\"dateModified\":\"2026-02-22T20:05:12+00:00\",\"description\":\"La tarea, dirigido por Milagro Farf\u00e1n, sigue a Sayn\u00e9, de 8 a\u00f1os, mientras explora la diversidad y din\u00e1mica de su familia.\",\"breadcrumb\":{\"@id\":\"https:\/\/elojocojo.org\/la-tarea\/#breadcrumb\"},\"inLanguage\":\"es\",\"potentialAction\":[{\"@type\":\"ReadAction\",\"target\":[\"https:\/\/elojocojo.org\/la-tarea\/\"]}]},{\"@type\":\"ImageObject\",\"inLanguage\":\"es\",\"@id\":\"https:\/\/elojocojo.org\/la-tarea\/#primaryimage\",\"url\":\"https:\/\/elojocojo.org\/wp-content\/uploads\/2010\/09\/foto2_-La-tarea.jpg\",\"contentUrl\":\"https:\/\/elojocojo.org\/wp-content\/uploads\/2010\/09\/foto2_-La-tarea.jpg\",\"width\":640,\"height\":427,\"caption\":\"Imagen de una compa\u00f1era, la protagonista y una ni\u00f1a que le est\u00e1 tapando los ojos a esta \u00faltima con un pa\u00f1uelo para hacer alg\u00fan tipo de juego. El fondo es una pared azul que parece la de un colegio. Todas van vestidas con camisetas de manga corta la protagonista lleva pulsera plateadas en ambos brazos y una diadema que le recoge el pelo afro.\"},{\"@type\":\"BreadcrumbList\",\"@id\":\"https:\/\/elojocojo.org\/la-tarea\/#breadcrumb\",\"itemListElement\":[{\"@type\":\"ListItem\",\"position\":1,\"name\":\"Portada\",\"item\":\"https:\/\/elojocojo.org\/\"},{\"@type\":\"ListItem\",\"position\":2,\"name\":\"2010\",\"item\":\"https:\/\/elojocojo.org\/tag\/2010\/\"},{\"@type\":\"ListItem\",\"position\":3,\"name\":\"La tarea\"}]},{\"@type\":\"WebSite\",\"@id\":\"https:\/\/elojocojo.org\/#website\",\"url\":\"https:\/\/elojocojo.org\/\",\"name\":\"el ojO cojo\",\"description\":\"Todos estamos hechos de la misma esencia\",\"publisher\":{\"@id\":\"https:\/\/elojocojo.org\/#organization\"},\"potentialAction\":[{\"@type\":\"SearchAction\",\"target\":{\"@type\":\"EntryPoint\",\"urlTemplate\":\"https:\/\/elojocojo.org\/?s={search_term_string}\"},\"query-input\":{\"@type\":\"PropertyValueSpecification\",\"valueRequired\":true,\"valueName\":\"search_term_string\"}}],\"inLanguage\":\"es\"},{\"@type\":\"Organization\",\"@id\":\"https:\/\/elojocojo.org\/#organization\",\"name\":\"Meigas da r\u00faa\",\"url\":\"https:\/\/elojocojo.org\/\",\"logo\":{\"@type\":\"ImageObject\",\"inLanguage\":\"es\",\"@id\":\"https:\/\/elojocojo.org\/#\/schema\/logo\/image\/\",\"url\":\"https:\/\/meigasdarua.org\/wp-content\/uploads\/2020\/09\/cropped-logo-meigas-5.png\",\"contentUrl\":\"https:\/\/meigasdarua.org\/wp-content\/uploads\/2020\/09\/cropped-logo-meigas-5.png\",\"width\":109,\"height\":200,\"caption\":\"Meigas da r\u00faa\"},\"image\":{\"@id\":\"https:\/\/elojocojo.org\/#\/schema\/logo\/image\/\"},\"sameAs\":[\"https:\/\/www.facebook.com\/elojocojo\",\"https:\/\/x.com\/elojocojo\",\"https:\/\/www.instagram.com\/elojocojo\/?hl=es\",\"https:\/\/www.linkedin.com\/in\/el-ojo-cojo-b52b7769\/\",\"https:\/\/www.pinterest.es\/elojocojo\/_saved\/\",\"https:\/\/www.youtube.com\/channel\/UCkFtFTV0Bms7zH7vq8FZxZg\"]},{\"@type\":\"Person\",\"@id\":\"\",\"url\":\"https:\/\/elojocojo.org\/author\/\"}]}<\/script>\n<!-- \/ Yoast SEO plugin. -->","yoast_head_json":{"title":"La tarea - el ojO cojo","description":"La tarea, dirigido por Milagro Farf\u00e1n, sigue a Sayn\u00e9, de 8 a\u00f1os, mientras explora la diversidad y din\u00e1mica de su familia.","robots":{"index":"index","follow":"follow","max-snippet":"max-snippet:-1","max-image-preview":"max-image-preview:large","max-video-preview":"max-video-preview:-1"},"canonical":"https:\/\/elojocojo.org\/la-tarea\/","og_locale":"es_ES","og_type":"article","og_title":"La tarea - el ojO cojo","og_description":"La tarea, dirigido por Milagro Farf\u00e1n, sigue a Sayn\u00e9, de 8 a\u00f1os, mientras explora la diversidad y din\u00e1mica de su familia.","og_url":"https:\/\/elojocojo.org\/la-tarea\/","og_site_name":"el ojO cojo","article_publisher":"https:\/\/www.facebook.com\/elojocojo","article_published_time":"2010-09-10T20:50:38+00:00","article_modified_time":"2026-02-22T20:05:12+00:00","og_image":[{"width":640,"height":427,"url":"https:\/\/elojocojo.org\/wp-content\/uploads\/2010\/09\/foto2_-La-tarea.jpg","type":"image\/jpeg"}],"twitter_card":"summary_large_image","twitter_creator":"@elojocojo","twitter_site":"@elojocojo","twitter_misc":{"Escrito por":"","Tiempo de lectura":"1 minuto"},"schema":{"@context":"https:\/\/schema.org","@graph":[{"@type":"Article","@id":"https:\/\/elojocojo.org\/la-tarea\/#article","isPartOf":{"@id":"https:\/\/elojocojo.org\/la-tarea\/"},"author":{"name":"","@id":""},"headline":"La tarea","datePublished":"2010-09-10T20:50:38+00:00","dateModified":"2026-02-22T20:05:12+00:00","mainEntityOfPage":{"@id":"https:\/\/elojocojo.org\/la-tarea\/"},"wordCount":370,"publisher":{"@id":"https:\/\/elojocojo.org\/#organization"},"image":{"@id":"https:\/\/elojocojo.org\/la-tarea\/#primaryimage"},"thumbnailUrl":"https:\/\/elojocojo.org\/wp-content\/uploads\/2010\/09\/foto2_-La-tarea.jpg","keywords":["2010","amor","amor filial","discriminaci\u00f3n","discriminaci\u00f3n sexual","diversidad","diversidad sexual","educaci\u00f3n","empoderamiento","familia","festival de cine","Festival el Ojo cojo","ficci\u00f3n","homosexualidad","identidad","igualdad de g\u00e9nero","infancia","LGTBI","machismo","mujer","ni\u00f1os","Reducci\u00f3n de las desigualdades","sexualidad"],"articleSection":["Documental","Festival 2010"],"inLanguage":"es"},{"@type":"WebPage","@id":"https:\/\/elojocojo.org\/la-tarea\/","url":"https:\/\/elojocojo.org\/la-tarea\/","name":"La tarea - el ojO cojo","isPartOf":{"@id":"https:\/\/elojocojo.org\/#website"},"primaryImageOfPage":{"@id":"https:\/\/elojocojo.org\/la-tarea\/#primaryimage"},"image":{"@id":"https:\/\/elojocojo.org\/la-tarea\/#primaryimage"},"thumbnailUrl":"https:\/\/elojocojo.org\/wp-content\/uploads\/2010\/09\/foto2_-La-tarea.jpg","datePublished":"2010-09-10T20:50:38+00:00","dateModified":"2026-02-22T20:05:12+00:00","description":"La tarea, dirigido por Milagro Farf\u00e1n, sigue a Sayn\u00e9, de 8 a\u00f1os, mientras explora la diversidad y din\u00e1mica de su familia.","breadcrumb":{"@id":"https:\/\/elojocojo.org\/la-tarea\/#breadcrumb"},"inLanguage":"es","potentialAction":[{"@type":"ReadAction","target":["https:\/\/elojocojo.org\/la-tarea\/"]}]},{"@type":"ImageObject","inLanguage":"es","@id":"https:\/\/elojocojo.org\/la-tarea\/#primaryimage","url":"https:\/\/elojocojo.org\/wp-content\/uploads\/2010\/09\/foto2_-La-tarea.jpg","contentUrl":"https:\/\/elojocojo.org\/wp-content\/uploads\/2010\/09\/foto2_-La-tarea.jpg","width":640,"height":427,"caption":"Imagen de una compa\u00f1era, la protagonista y una ni\u00f1a que le est\u00e1 tapando los ojos a esta \u00faltima con un pa\u00f1uelo para hacer alg\u00fan tipo de juego. El fondo es una pared azul que parece la de un colegio. Todas van vestidas con camisetas de manga corta la protagonista lleva pulsera plateadas en ambos brazos y una diadema que le recoge el pelo afro."},{"@type":"BreadcrumbList","@id":"https:\/\/elojocojo.org\/la-tarea\/#breadcrumb","itemListElement":[{"@type":"ListItem","position":1,"name":"Portada","item":"https:\/\/elojocojo.org\/"},{"@type":"ListItem","position":2,"name":"2010","item":"https:\/\/elojocojo.org\/tag\/2010\/"},{"@type":"ListItem","position":3,"name":"La tarea"}]},{"@type":"WebSite","@id":"https:\/\/elojocojo.org\/#website","url":"https:\/\/elojocojo.org\/","name":"el ojO cojo","description":"Todos estamos hechos de la misma esencia","publisher":{"@id":"https:\/\/elojocojo.org\/#organization"},"potentialAction":[{"@type":"SearchAction","target":{"@type":"EntryPoint","urlTemplate":"https:\/\/elojocojo.org\/?s={search_term_string}"},"query-input":{"@type":"PropertyValueSpecification","valueRequired":true,"valueName":"search_term_string"}}],"inLanguage":"es"},{"@type":"Organization","@id":"https:\/\/elojocojo.org\/#organization","name":"Meigas da r\u00faa","url":"https:\/\/elojocojo.org\/","logo":{"@type":"ImageObject","inLanguage":"es","@id":"https:\/\/elojocojo.org\/#\/schema\/logo\/image\/","url":"https:\/\/meigasdarua.org\/wp-content\/uploads\/2020\/09\/cropped-logo-meigas-5.png","contentUrl":"https:\/\/meigasdarua.org\/wp-content\/uploads\/2020\/09\/cropped-logo-meigas-5.png","width":109,"height":200,"caption":"Meigas da r\u00faa"},"image":{"@id":"https:\/\/elojocojo.org\/#\/schema\/logo\/image\/"},"sameAs":["https:\/\/www.facebook.com\/elojocojo","https:\/\/x.com\/elojocojo","https:\/\/www.instagram.com\/elojocojo\/?hl=es","https:\/\/www.linkedin.com\/in\/el-ojo-cojo-b52b7769\/","https:\/\/www.pinterest.es\/elojocojo\/_saved\/","https:\/\/www.youtube.com\/channel\/UCkFtFTV0Bms7zH7vq8FZxZg"]},{"@type":"Person","@id":"","url":"https:\/\/elojocojo.org\/author\/"}]}},"_links":{"self":[{"href":"https:\/\/elojocojo.org\/wp-json\/wp\/v2\/posts\/5471","targetHints":{"allow":["GET"]}}],"collection":[{"href":"https:\/\/elojocojo.org\/wp-json\/wp\/v2\/posts"}],"about":[{"href":"https:\/\/elojocojo.org\/wp-json\/wp\/v2\/types\/post"}],"author":[{"embeddable":true,"href":"https:\/\/elojocojo.org\/wp-json\/wp\/v2\/users\/3"}],"replies":[{"embeddable":true,"href":"https:\/\/elojocojo.org\/wp-json\/wp\/v2\/comments?post=5471"}],"version-history":[{"count":13,"href":"https:\/\/elojocojo.org\/wp-json\/wp\/v2\/posts\/5471\/revisions"}],"predecessor-version":[{"id":75633,"href":"https:\/\/elojocojo.org\/wp-json\/wp\/v2\/posts\/5471\/revisions\/75633"}],"wp:featuredmedia":[{"embeddable":true,"href":"https:\/\/elojocojo.org\/wp-json\/wp\/v2\/media\/17487"}],"wp:attachment":[{"href":"https:\/\/elojocojo.org\/wp-json\/wp\/v2\/media?parent=5471"}],"wp:term":[{"taxonomy":"category","embeddable":true,"href":"https:\/\/elojocojo.org\/wp-json\/wp\/v2\/categories?post=5471"},{"taxonomy":"post_tag","embeddable":true,"href":"https:\/\/elojocojo.org\/wp-json\/wp\/v2\/tags?post=5471"}],"curies":[{"name":"wp","href":"https:\/\/api.w.org\/{rel}","templated":true}]}}