{"id":5466,"date":"2010-09-10T13:31:31","date_gmt":"2010-09-10T20:31:31","guid":{"rendered":"http:\/\/www.elojocojo.org\/blog2\/?p=5466"},"modified":"2025-09-30T19:00:21","modified_gmt":"2025-09-30T17:00:21","slug":"la-marea","status":"publish","type":"post","link":"https:\/\/elojocojo.org\/la-marea\/","title":{"rendered":"La Marea"},"content":{"rendered":"<p><object width=\"480\" height=\"385\"><param name=\"movie\" value=\"http:\/\/www.youtube.com\/v\/UtmpsxqQAKo?fs=1&amp;hl=es_ES\" \/><param name=\"allowFullScreen\" value=\"true\" \/><param name=\"allowscriptaccess\" value=\"always\" \/><embed src=\"http:\/\/www.youtube.com\/v\/UtmpsxqQAKo?fs=1&amp;hl=es_ES\" type=\"application\/x-shockwave-flash\" allowscriptaccess=\"always\" allowfullscreen=\"allowfullscreen\" width=\"480\" height=\"385\" \/><\/object><\/p>\n<p><strong>T\u00cdTULO:<\/strong> La marea<br \/>\n<strong>T\u00cdTULO ORIGINAL:<\/strong> La marea<br \/>\n<strong>A\u00d1O:<\/strong> 2009<br \/>\n<strong>DIRECTOR:<\/strong> Armando Cap\u00f3 Ramos<br \/>\n<strong>G\u00c9NERO CINEMATOGR\u00c1FICO:<\/strong> documental<br \/>\n<strong>DURACI\u00d3N:<\/strong> 26&#8242;<br \/>\n<strong>PA\u00cdS:<\/strong> Cuba<br \/>\n<strong>IDIOMA ORIGINAL:<\/strong> espa\u00f1ol<br \/>\n<strong>PRODUCCI\u00d3N:<\/strong> Escuela Internacional de de Cine y Televisi\u00f3n &#8211; EICTV<br \/>\n<strong>GUI\u00d3N:<\/strong> Armando Cap\u00f3 Ramos<br \/>\n<strong>EDICI\u00d3N\/MONTAJE:<\/strong> Ilka Miriam Vald\u00e9s Carrillo<br \/>\n<strong>DIRECCI\u00d3N DE FOTOGRAF\u00cdA:<\/strong> Germ\u00e1n R. Peters S\u00e1nchez<br \/>\n<strong>SONIDO:<\/strong> Nicol\u00e1s Tsabertidis<\/p>\n<p><strong>SIN\u00d3PSIS:<\/strong><\/p>\n<p><span style=\"font-weight: 400;\">En la pintoresca bah\u00eda de Santiago de Cuba, un hombre marginado por la sociedad encuentra refugio en un viejo barco encallado en las orillas. En medio de la tranquilidad aparente de su vida solitaria, un acontecimiento inesperado sacude su mundo hasta sus cimientos y despierta en \u00e9l una necesidad urgente de conexi\u00f3n humana.<\/span><\/p>\n<p><span style=\"font-weight: 400;\">La historia se centra en la vida de este hombre solitario, cuyo nombre es desconocido para la mayor\u00eda de los habitantes de la ciudad. Rechazado y olvidado por la sociedad, ha encontrado consuelo y refugio en las paredes desgastadas de su humilde morada flotante.<\/span><\/p>\n<p><span style=\"font-weight: 400;\">\u00abLa Marea\u00bb es una historia conmovedora y emotiva sobre la fuerza del esp\u00edritu humano para encontrar esperanza y renovaci\u00f3n incluso en los momentos m\u00e1s oscuros y desesperados. Es un recordatorio de que, aunque podamos sentirnos solos y marginados en el mundo, siempre hay un rayo de luz que puede guiar nuestro camino hacia la redenci\u00f3n y la reconciliaci\u00f3n.<\/span><\/p>\n<p class=\"p1\">El filme La marea particip\u00f3 en la edici\u00f3n <span class=\"s1\"><b>2010<\/b><\/span> del <a href=\"https:\/\/elojocojo.org\/category\/festival-2010\/\"><span class=\"s1\"><b>Festival de cine el ojO cojo<\/b> <\/span><\/a>en ese sentido nos sentimos honrados de haberla exhibido.<\/p>\n<p class=\"p1\">Visita nuestro blog <a href=\"https:\/\/el-ojocojo.blogspot.com\/\">https:\/\/el-ojocojo.blogspot.com\/<\/a><\/p>\n","protected":false},"excerpt":{"rendered":"<p>T\u00cdTULO: La marea T\u00cdTULO ORIGINAL: La marea A\u00d1O: 2009 DIRECTOR: Armando Cap\u00f3 Ramos G\u00c9NERO CINEMATOGR\u00c1FICO: documental DURACI\u00d3N: 26&#8242; PA\u00cdS: Cuba IDIOMA ORIGINAL: espa\u00f1ol PRODUCCI\u00d3N: Escuela Internacional de de Cine y Televisi\u00f3n &#8211; EICTV GUI\u00d3N: Armando Cap\u00f3 Ramos EDICI\u00d3N\/MONTAJE: Ilka Miriam Vald\u00e9s Carrillo DIRECCI\u00d3N DE FOTOGRAF\u00cdA: Germ\u00e1n R. Peters S\u00e1nchez SONIDO: Nicol\u00e1s Tsabertidis SIN\u00d3PSIS: En la [&hellip;]<\/p>\n","protected":false},"author":3,"featured_media":20429,"comment_status":"closed","ping_status":"closed","sticky":false,"template":"","format":"standard","meta":{"_monsterinsights_skip_tracking":false,"_monsterinsights_sitenote_active":false,"_monsterinsights_sitenote_note":"","_monsterinsights_sitenote_category":0,"footnotes":""},"categories":[2053,3],"tags":[1996,1014,881,26,2119,2391,2191,1981,1982,1231,25,1075,1052,926],"class_list":{"0":"post-5466","1":"post","2":"type-post","3":"status-publish","4":"format-standard","5":"has-post-thumbnail","7":"category-documental","8":"category-festival-2010","9":"tag-1996","10":"tag-cuba","11":"tag-desplazados","12":"tag-discriminacion","13":"tag-espanol","14":"tag-espaol","15":"tag-esperanza","16":"tag-festival-de-cine","17":"tag-festival-el-ojo-cojo","18":"tag-reduccion-de-las-desigualdades","19":"tag-soledad","20":"tag-vida-de-ecosistemas-terrestres","21":"tag-vida-submarina","22":"tag-violencia-de-genero","23":"czr-hentry"},"yoast_head":"<!-- This site is optimized with the Yoast SEO plugin v27.1.1 - https:\/\/yoast.com\/product\/yoast-seo-wordpress\/ -->\n<title>La Marea - el ojO cojo<\/title>\n<meta name=\"description\" content=\"Pel\u00edcula La marea exhibida en la edici\u00f3n 2010 del Festival el ojO cojo. Pa\u00eds de origen, Cuba. Dirigido por Armando Cap\u00f3 Ramos.\" \/>\n<meta name=\"robots\" content=\"index, follow, max-snippet:-1, max-image-preview:large, max-video-preview:-1\" \/>\n<link rel=\"canonical\" href=\"https:\/\/elojocojo.org\/la-marea\/\" \/>\n<meta property=\"og:locale\" content=\"es_ES\" \/>\n<meta property=\"og:type\" content=\"article\" \/>\n<meta property=\"og:title\" content=\"La Marea - el ojO cojo\" \/>\n<meta property=\"og:description\" content=\"Pel\u00edcula La marea exhibida en la edici\u00f3n 2010 del Festival el ojO cojo. Pa\u00eds de origen, Cuba. Dirigido por Armando Cap\u00f3 Ramos.\" \/>\n<meta property=\"og:url\" content=\"https:\/\/elojocojo.org\/la-marea\/\" \/>\n<meta property=\"og:site_name\" content=\"el ojO cojo\" \/>\n<meta property=\"article:publisher\" content=\"https:\/\/www.facebook.com\/elojocojo\" \/>\n<meta property=\"article:published_time\" content=\"2010-09-10T20:31:31+00:00\" \/>\n<meta property=\"article:modified_time\" content=\"2025-09-30T17:00:21+00:00\" \/>\n<meta property=\"og:image\" content=\"https:\/\/elojocojo.org\/wp-content\/uploads\/2020\/04\/La_marea-511841982-larg7-scaled.jpg\" \/>\n\t<meta property=\"og:image:width\" content=\"640\" \/>\n\t<meta property=\"og:image:height\" content=\"275\" \/>\n\t<meta property=\"og:image:type\" content=\"image\/jpeg\" \/>\n<meta name=\"twitter:card\" content=\"summary_large_image\" \/>\n<meta name=\"twitter:creator\" content=\"@elojocojo\" \/>\n<meta name=\"twitter:site\" content=\"@elojocojo\" \/>\n<meta name=\"twitter:label1\" content=\"Escrito por\" \/>\n\t<meta name=\"twitter:data1\" content=\"\" \/>\n\t<meta name=\"twitter:label2\" content=\"Tiempo de lectura\" \/>\n\t<meta name=\"twitter:data2\" content=\"1 minuto\" \/>\n<script type=\"application\/ld+json\" class=\"yoast-schema-graph\">{\"@context\":\"https:\/\/schema.org\",\"@graph\":[{\"@type\":\"Article\",\"@id\":\"https:\/\/elojocojo.org\/la-marea\/#article\",\"isPartOf\":{\"@id\":\"https:\/\/elojocojo.org\/la-marea\/\"},\"author\":{\"name\":\"\",\"@id\":\"\"},\"headline\":\"La Marea\",\"datePublished\":\"2010-09-10T20:31:31+00:00\",\"dateModified\":\"2025-09-30T17:00:21+00:00\",\"mainEntityOfPage\":{\"@id\":\"https:\/\/elojocojo.org\/la-marea\/\"},\"wordCount\":268,\"publisher\":{\"@id\":\"https:\/\/elojocojo.org\/#organization\"},\"image\":{\"@id\":\"https:\/\/elojocojo.org\/la-marea\/#primaryimage\"},\"thumbnailUrl\":\"https:\/\/elojocojo.org\/wp-content\/uploads\/2020\/04\/La_marea-511841982-larg7-scaled.jpg\",\"keywords\":[\"2010\",\"Cuba\",\"Desplazados\",\"discriminaci\u00f3n\",\"espa\u00f1ol\",\"espa\u00b1ol\",\"esperanza\",\"festival de cine\",\"Festival el Ojo cojo\",\"Reducci\u00f3n de las desigualdades\",\"soledad\",\"Vida de ecosistemas terrestres\",\"vida submarina\",\"violencia de g\u00e9nero\"],\"articleSection\":[\"Documental\",\"Festival 2010\"],\"inLanguage\":\"es\"},{\"@type\":\"WebPage\",\"@id\":\"https:\/\/elojocojo.org\/la-marea\/\",\"url\":\"https:\/\/elojocojo.org\/la-marea\/\",\"name\":\"La Marea - el ojO cojo\",\"isPartOf\":{\"@id\":\"https:\/\/elojocojo.org\/#website\"},\"primaryImageOfPage\":{\"@id\":\"https:\/\/elojocojo.org\/la-marea\/#primaryimage\"},\"image\":{\"@id\":\"https:\/\/elojocojo.org\/la-marea\/#primaryimage\"},\"thumbnailUrl\":\"https:\/\/elojocojo.org\/wp-content\/uploads\/2020\/04\/La_marea-511841982-larg7-scaled.jpg\",\"datePublished\":\"2010-09-10T20:31:31+00:00\",\"dateModified\":\"2025-09-30T17:00:21+00:00\",\"description\":\"Pel\u00edcula La marea exhibida en la edici\u00f3n 2010 del Festival el ojO cojo. Pa\u00eds de origen, Cuba. Dirigido por Armando Cap\u00f3 Ramos.\",\"breadcrumb\":{\"@id\":\"https:\/\/elojocojo.org\/la-marea\/#breadcrumb\"},\"inLanguage\":\"es\",\"potentialAction\":[{\"@type\":\"ReadAction\",\"target\":[\"https:\/\/elojocojo.org\/la-marea\/\"]}]},{\"@type\":\"ImageObject\",\"inLanguage\":\"es\",\"@id\":\"https:\/\/elojocojo.org\/la-marea\/#primaryimage\",\"url\":\"https:\/\/elojocojo.org\/wp-content\/uploads\/2020\/04\/La_marea-511841982-larg7-scaled.jpg\",\"contentUrl\":\"https:\/\/elojocojo.org\/wp-content\/uploads\/2020\/04\/La_marea-511841982-larg7-scaled.jpg\",\"width\":640,\"height\":275},{\"@type\":\"BreadcrumbList\",\"@id\":\"https:\/\/elojocojo.org\/la-marea\/#breadcrumb\",\"itemListElement\":[{\"@type\":\"ListItem\",\"position\":1,\"name\":\"Portada\",\"item\":\"https:\/\/elojocojo.org\/\"},{\"@type\":\"ListItem\",\"position\":2,\"name\":\"2010\",\"item\":\"https:\/\/elojocojo.org\/tag\/2010\/\"},{\"@type\":\"ListItem\",\"position\":3,\"name\":\"La Marea\"}]},{\"@type\":\"WebSite\",\"@id\":\"https:\/\/elojocojo.org\/#website\",\"url\":\"https:\/\/elojocojo.org\/\",\"name\":\"el ojO cojo\",\"description\":\"Todos estamos hechos de la misma esencia\",\"publisher\":{\"@id\":\"https:\/\/elojocojo.org\/#organization\"},\"potentialAction\":[{\"@type\":\"SearchAction\",\"target\":{\"@type\":\"EntryPoint\",\"urlTemplate\":\"https:\/\/elojocojo.org\/?s={search_term_string}\"},\"query-input\":{\"@type\":\"PropertyValueSpecification\",\"valueRequired\":true,\"valueName\":\"search_term_string\"}}],\"inLanguage\":\"es\"},{\"@type\":\"Organization\",\"@id\":\"https:\/\/elojocojo.org\/#organization\",\"name\":\"Meigas da r\u00faa\",\"url\":\"https:\/\/elojocojo.org\/\",\"logo\":{\"@type\":\"ImageObject\",\"inLanguage\":\"es\",\"@id\":\"https:\/\/elojocojo.org\/#\/schema\/logo\/image\/\",\"url\":\"https:\/\/meigasdarua.org\/wp-content\/uploads\/2020\/09\/cropped-logo-meigas-5.png\",\"contentUrl\":\"https:\/\/meigasdarua.org\/wp-content\/uploads\/2020\/09\/cropped-logo-meigas-5.png\",\"width\":109,\"height\":200,\"caption\":\"Meigas da r\u00faa\"},\"image\":{\"@id\":\"https:\/\/elojocojo.org\/#\/schema\/logo\/image\/\"},\"sameAs\":[\"https:\/\/www.facebook.com\/elojocojo\",\"https:\/\/x.com\/elojocojo\",\"https:\/\/www.instagram.com\/elojocojo\/?hl=es\",\"https:\/\/www.linkedin.com\/in\/el-ojo-cojo-b52b7769\/\",\"https:\/\/www.pinterest.es\/elojocojo\/_saved\/\",\"https:\/\/www.youtube.com\/channel\/UCkFtFTV0Bms7zH7vq8FZxZg\"]},{\"@type\":\"Person\",\"@id\":\"\",\"url\":\"https:\/\/elojocojo.org\/author\/\"}]}<\/script>\n<!-- \/ Yoast SEO plugin. -->","yoast_head_json":{"title":"La Marea - el ojO cojo","description":"Pel\u00edcula La marea exhibida en la edici\u00f3n 2010 del Festival el ojO cojo. Pa\u00eds de origen, Cuba. Dirigido por Armando Cap\u00f3 Ramos.","robots":{"index":"index","follow":"follow","max-snippet":"max-snippet:-1","max-image-preview":"max-image-preview:large","max-video-preview":"max-video-preview:-1"},"canonical":"https:\/\/elojocojo.org\/la-marea\/","og_locale":"es_ES","og_type":"article","og_title":"La Marea - el ojO cojo","og_description":"Pel\u00edcula La marea exhibida en la edici\u00f3n 2010 del Festival el ojO cojo. Pa\u00eds de origen, Cuba. Dirigido por Armando Cap\u00f3 Ramos.","og_url":"https:\/\/elojocojo.org\/la-marea\/","og_site_name":"el ojO cojo","article_publisher":"https:\/\/www.facebook.com\/elojocojo","article_published_time":"2010-09-10T20:31:31+00:00","article_modified_time":"2025-09-30T17:00:21+00:00","og_image":[{"width":640,"height":275,"url":"https:\/\/elojocojo.org\/wp-content\/uploads\/2020\/04\/La_marea-511841982-larg7-scaled.jpg","type":"image\/jpeg"}],"twitter_card":"summary_large_image","twitter_creator":"@elojocojo","twitter_site":"@elojocojo","twitter_misc":{"Escrito por":"","Tiempo de lectura":"1 minuto"},"schema":{"@context":"https:\/\/schema.org","@graph":[{"@type":"Article","@id":"https:\/\/elojocojo.org\/la-marea\/#article","isPartOf":{"@id":"https:\/\/elojocojo.org\/la-marea\/"},"author":{"name":"","@id":""},"headline":"La Marea","datePublished":"2010-09-10T20:31:31+00:00","dateModified":"2025-09-30T17:00:21+00:00","mainEntityOfPage":{"@id":"https:\/\/elojocojo.org\/la-marea\/"},"wordCount":268,"publisher":{"@id":"https:\/\/elojocojo.org\/#organization"},"image":{"@id":"https:\/\/elojocojo.org\/la-marea\/#primaryimage"},"thumbnailUrl":"https:\/\/elojocojo.org\/wp-content\/uploads\/2020\/04\/La_marea-511841982-larg7-scaled.jpg","keywords":["2010","Cuba","Desplazados","discriminaci\u00f3n","espa\u00f1ol","espa\u00b1ol","esperanza","festival de cine","Festival el Ojo cojo","Reducci\u00f3n de las desigualdades","soledad","Vida de ecosistemas terrestres","vida submarina","violencia de g\u00e9nero"],"articleSection":["Documental","Festival 2010"],"inLanguage":"es"},{"@type":"WebPage","@id":"https:\/\/elojocojo.org\/la-marea\/","url":"https:\/\/elojocojo.org\/la-marea\/","name":"La Marea - el ojO cojo","isPartOf":{"@id":"https:\/\/elojocojo.org\/#website"},"primaryImageOfPage":{"@id":"https:\/\/elojocojo.org\/la-marea\/#primaryimage"},"image":{"@id":"https:\/\/elojocojo.org\/la-marea\/#primaryimage"},"thumbnailUrl":"https:\/\/elojocojo.org\/wp-content\/uploads\/2020\/04\/La_marea-511841982-larg7-scaled.jpg","datePublished":"2010-09-10T20:31:31+00:00","dateModified":"2025-09-30T17:00:21+00:00","description":"Pel\u00edcula La marea exhibida en la edici\u00f3n 2010 del Festival el ojO cojo. Pa\u00eds de origen, Cuba. Dirigido por Armando Cap\u00f3 Ramos.","breadcrumb":{"@id":"https:\/\/elojocojo.org\/la-marea\/#breadcrumb"},"inLanguage":"es","potentialAction":[{"@type":"ReadAction","target":["https:\/\/elojocojo.org\/la-marea\/"]}]},{"@type":"ImageObject","inLanguage":"es","@id":"https:\/\/elojocojo.org\/la-marea\/#primaryimage","url":"https:\/\/elojocojo.org\/wp-content\/uploads\/2020\/04\/La_marea-511841982-larg7-scaled.jpg","contentUrl":"https:\/\/elojocojo.org\/wp-content\/uploads\/2020\/04\/La_marea-511841982-larg7-scaled.jpg","width":640,"height":275},{"@type":"BreadcrumbList","@id":"https:\/\/elojocojo.org\/la-marea\/#breadcrumb","itemListElement":[{"@type":"ListItem","position":1,"name":"Portada","item":"https:\/\/elojocojo.org\/"},{"@type":"ListItem","position":2,"name":"2010","item":"https:\/\/elojocojo.org\/tag\/2010\/"},{"@type":"ListItem","position":3,"name":"La Marea"}]},{"@type":"WebSite","@id":"https:\/\/elojocojo.org\/#website","url":"https:\/\/elojocojo.org\/","name":"el ojO cojo","description":"Todos estamos hechos de la misma esencia","publisher":{"@id":"https:\/\/elojocojo.org\/#organization"},"potentialAction":[{"@type":"SearchAction","target":{"@type":"EntryPoint","urlTemplate":"https:\/\/elojocojo.org\/?s={search_term_string}"},"query-input":{"@type":"PropertyValueSpecification","valueRequired":true,"valueName":"search_term_string"}}],"inLanguage":"es"},{"@type":"Organization","@id":"https:\/\/elojocojo.org\/#organization","name":"Meigas da r\u00faa","url":"https:\/\/elojocojo.org\/","logo":{"@type":"ImageObject","inLanguage":"es","@id":"https:\/\/elojocojo.org\/#\/schema\/logo\/image\/","url":"https:\/\/meigasdarua.org\/wp-content\/uploads\/2020\/09\/cropped-logo-meigas-5.png","contentUrl":"https:\/\/meigasdarua.org\/wp-content\/uploads\/2020\/09\/cropped-logo-meigas-5.png","width":109,"height":200,"caption":"Meigas da r\u00faa"},"image":{"@id":"https:\/\/elojocojo.org\/#\/schema\/logo\/image\/"},"sameAs":["https:\/\/www.facebook.com\/elojocojo","https:\/\/x.com\/elojocojo","https:\/\/www.instagram.com\/elojocojo\/?hl=es","https:\/\/www.linkedin.com\/in\/el-ojo-cojo-b52b7769\/","https:\/\/www.pinterest.es\/elojocojo\/_saved\/","https:\/\/www.youtube.com\/channel\/UCkFtFTV0Bms7zH7vq8FZxZg"]},{"@type":"Person","@id":"","url":"https:\/\/elojocojo.org\/author\/"}]}},"_links":{"self":[{"href":"https:\/\/elojocojo.org\/wp-json\/wp\/v2\/posts\/5466","targetHints":{"allow":["GET"]}}],"collection":[{"href":"https:\/\/elojocojo.org\/wp-json\/wp\/v2\/posts"}],"about":[{"href":"https:\/\/elojocojo.org\/wp-json\/wp\/v2\/types\/post"}],"author":[{"embeddable":true,"href":"https:\/\/elojocojo.org\/wp-json\/wp\/v2\/users\/3"}],"replies":[{"embeddable":true,"href":"https:\/\/elojocojo.org\/wp-json\/wp\/v2\/comments?post=5466"}],"version-history":[{"count":3,"href":"https:\/\/elojocojo.org\/wp-json\/wp\/v2\/posts\/5466\/revisions"}],"predecessor-version":[{"id":57024,"href":"https:\/\/elojocojo.org\/wp-json\/wp\/v2\/posts\/5466\/revisions\/57024"}],"wp:featuredmedia":[{"embeddable":true,"href":"https:\/\/elojocojo.org\/wp-json\/wp\/v2\/media\/20429"}],"wp:attachment":[{"href":"https:\/\/elojocojo.org\/wp-json\/wp\/v2\/media?parent=5466"}],"wp:term":[{"taxonomy":"category","embeddable":true,"href":"https:\/\/elojocojo.org\/wp-json\/wp\/v2\/categories?post=5466"},{"taxonomy":"post_tag","embeddable":true,"href":"https:\/\/elojocojo.org\/wp-json\/wp\/v2\/tags?post=5466"}],"curies":[{"name":"wp","href":"https:\/\/api.w.org\/{rel}","templated":true}]}}