{"id":5449,"date":"2010-09-10T11:40:46","date_gmt":"2010-09-10T18:40:46","guid":{"rendered":"http:\/\/www.elojocojo.org\/blog2\/?p=5449"},"modified":"2025-09-30T19:00:26","modified_gmt":"2025-09-30T17:00:26","slug":"sin-reserva","status":"publish","type":"post","link":"https:\/\/elojocojo.org\/sin-reserva\/","title":{"rendered":"Sin reserva"},"content":{"rendered":"\n<figure class=\"wp-block-embed is-type-video is-provider-youtube wp-block-embed-youtube wp-embed-aspect-4-3 wp-has-aspect-ratio\"><div class=\"wp-block-embed__wrapper\">\n<iframe title=\"Sin Reserva: La obra de Louie Gong - TRAILER\" width=\"1140\" height=\"855\" src=\"https:\/\/www.youtube.com\/embed\/NnaRgunuTjc?feature=oembed\" frameborder=\"0\" allow=\"accelerometer; autoplay; clipboard-write; encrypted-media; gyroscope; picture-in-picture; web-share\" referrerpolicy=\"strict-origin-when-cross-origin\" allowfullscreen><\/iframe>\n<\/div><\/figure>\n\n\n\n<p>T\u00edtulo: <em>Sin reserva: la obra de Louie Gong<\/em><\/p>\n\n\n\n<p>T\u00edtulo original: <em>Unreserved: The Work of Louie Gong<\/em><\/p>\n\n\n\n<p>A\u00f1o: 2009<\/p>\n\n\n\n<p>Director: Tracy Rector<\/p>\n\n\n\n<p>G\u00e9nero: documental<\/p>\n\n\n\n<p>Duraci\u00f3n: 4&#8242;<\/p>\n\n\n\n<p>Pa\u00eds: USA<\/p>\n\n\n\n<p>Formato original: DVD NTSC<\/p>\n\n\n\n<p>Idioma original: ingl\u00e9s<\/p>\n\n\n\n<p>Subt\u00edtulos: franc\u00e9s, espa\u00f1ol<\/p>\n\n\n\n<p>Int\u00e9rprete: Louie Gong<\/p>\n\n\n\n<p>Producci\u00f3n: Longhouse Media: Tracy Rector, Annie Silverstein<\/p>\n\n\n\n<p>Gui\u00f3n: Tracy Rector<\/p>\n\n\n\n<p>Edici\u00f3n\/Montaje: Yolanda Cieters<\/p>\n\n\n\n<p>Direcci\u00f3n de fotograf\u00eda: Tracy Rector<\/p>\n\n\n\n<p>Sonido: Tracy Rector<\/p>\n\n\n\n<p>M\u00fasica: Matt Gong, Samantha Crain, Brian Frejo<\/p>\n\n\n\n<p>Sinopsis:<\/p>\n\n\n\n<h2 class=\"wp-block-heading\"><strong><sub>Un comienzo con prop\u00f3sito<\/sub><\/strong><\/h2>\n\n\n\n<p>En marzo de 2009, el artista y activista Louie Gong inici\u00f3 un proyecto que redefinir\u00eda el arte contempor\u00e1neo ind\u00edgena. Lejos de buscar solo impacto visual, su propuesta un\u00eda tradici\u00f3n y modernidad con un profundo sentido de identidad. Gong comenz\u00f3 a intervenir zapatillas Vans con motivos inspirados en el arte de los pueblos ind\u00edgenas Salish de la costa. As\u00ed, cada par se convirti\u00f3 en un lienzo port\u00e1til, cargado de historia, orgullo y resistencia.<\/p>\n\n\n\n<h2 class=\"wp-block-heading\"><strong><sub>Arte que cruza fronteras<\/sub><\/strong><\/h2>\n\n\n\n<p>A medida que sus dise\u00f1os se difund\u00edan, la gente not\u00f3 algo m\u00e1s que belleza est\u00e9tica. Por un lado, el calzado representa una cultura urbana globalizada; por otro, los patrones ind\u00edgenas evocan sabidur\u00eda ancestral. De esta manera, Gong construye un puente visual entre lo moderno y lo tradicional. En efecto, sus zapatillas hablan tanto de moda como de memoria colectiva.<\/p>\n\n\n\n<h2 class=\"wp-block-heading\"><strong><sub>Identidad en movimiento<\/sub><\/strong><\/h2>\n\n\n\n<p>No es casualidad, entonces, que Gong utilice su obra para reflexionar sobre la identidad multirracial. \u00c9l mismo, con ra\u00edces ind\u00edgenas, chinas y europeas, entiende lo que significa vivir entre culturas. Por consiguiente, su arte se vuelve una herramienta para cuestionar pertenencias y fronteras. Adem\u00e1s, el concepto de \u00abcaminar en dos mundos\u00bb sintetiza su visi\u00f3n: habitar simult\u00e1neamente la tradici\u00f3n y la innovaci\u00f3n.<\/p>\n\n\n\n<h2 class=\"wp-block-heading\"><strong><sub>Un mensaje que trasciende<\/sub><\/strong><\/h2>\n\n\n\n<p>Con el paso del tiempo, lo que empez\u00f3 como un proyecto art\u00edstico evolucion\u00f3 hacia una plataforma educativa y de empoderamiento. Por lo tanto, Gong se convirti\u00f3 tambi\u00e9n en un referente para j\u00f3venes artistas y comunidades ind\u00edgenas. De hecho, su trabajo ha sido mostrado en escuelas, museos y foros sociales.<\/p>\n\n\n\n<h2 class=\"wp-block-heading\"><strong><sub>Cultura que deja huella<\/sub><\/strong><\/h2>\n\n\n\n<p>En resumen, cada zapatilla intervenida por Gong es mucho m\u00e1s que un objeto de dise\u00f1o. En \u00faltima instancia, es una declaraci\u00f3n de identidad, una memoria que camina y un s\u00edmbolo de resistencia cultural en movimiento.<\/p>\n\n\n<div class=\"wp-block-image\">\n<figure class=\"aligncenter size-large\"><img decoding=\"async\" width=\"273\" height=\"360\" src=\"https:\/\/elojocojo.org\/wp-content\/uploads\/2010\/09\/cartel_unreserved-273x360.jpg\" alt=\"Cartel del documental Unreserved: The Work of Louie Gong. En blanco y negro, muestra a un joven sentado junto a unas v\u00edas del tren, sosteniendo una tabla con dise\u00f1o ind\u00edgena.\" class=\"wp-image-65290\" srcset=\"https:\/\/elojocojo.org\/wp-content\/uploads\/2010\/09\/cartel_unreserved-273x360.jpg 273w, https:\/\/elojocojo.org\/wp-content\/uploads\/2010\/09\/cartel_unreserved-379x500.jpg 379w, https:\/\/elojocojo.org\/wp-content\/uploads\/2010\/09\/cartel_unreserved-300x396.jpg 300w, https:\/\/elojocojo.org\/wp-content\/uploads\/2010\/09\/cartel_unreserved-150x198.jpg 150w, https:\/\/elojocojo.org\/wp-content\/uploads\/2010\/09\/cartel_unreserved.jpg 566w\" sizes=\"(max-width: 273px) 100vw, 273px\" \/><\/figure>\n<\/div>\n\n\n<p>El filme <em>Sin reserva<\/em> particip\u00f3 en la edici\u00f3n <a href=\"https:\/\/elojocojo.org\/category\/festival-2010\/\"><strong>2010<\/strong> <\/a>del <a href=\"https:\/\/elojocojo.org\/category\/festival-2010\/\"><strong>Festival de cine el ojO cojo<\/strong> <\/a>en ese sentido nos sentimos honrados de haberla exhibido.<\/p>\n\n\n\n<p>Visita nuestro <a href=\"https:\/\/el-ojocojo.blogspot.com\/\">blog<\/a><\/p>\n\n\n\n<p><a href=\"https:\/\/www.imdb.com\/es-es\/title\/tt1547022\/?ref_=fn_all_ttl_1\">IMDb<\/a><\/p>\n","protected":false},"excerpt":{"rendered":"<p>En marzo de 2009, el artista y activista Louie Gong comenz\u00f3 la fusi\u00f3n del arte de los indios Salish de la costa con la cultura pop de las zapatillas Vans para crear un icono personalizado que representa la complejidad de la identidad cultural multirracial, algo a lo que \u00e9l se refiere como, caminar en dos mundos. Dirigido por Tracy Rector.<\/p>\n","protected":false},"author":3,"featured_media":62000,"comment_status":"closed","ping_status":"closed","sticky":false,"template":"","format":"standard","meta":{"_monsterinsights_skip_tracking":false,"_monsterinsights_sitenote_active":false,"_monsterinsights_sitenote_note":"","_monsterinsights_sitenote_category":0,"footnotes":""},"categories":[1460,2053,3],"tags":[1914,19,186,936,960,1779,2117,2119,2391,1440,2378,1981,2384,1834,1782,1060,1759,2118,998,1910,1231],"class_list":{"0":"post-5449","1":"post","2":"type-post","3":"status-publish","4":"format-standard","5":"has-post-thumbnail","7":"category-cortometraje","8":"category-documental","9":"category-festival-2010","10":"tag-1914","11":"tag-activismo-cultural","12":"tag-arte","13":"tag-artista","14":"tag-creatividad","15":"tag-cultura","16":"tag-eeuu","17":"tag-espanol","18":"tag-espaol","19":"tag-estados-unidos","20":"tag-etica","21":"tag-festival-de-cine","22":"tag-frontera","23":"tag-fronteras","24":"tag-identidad-cultural","25":"tag-igualdad-de-genero","26":"tag-indigenas","27":"tag-ingles","28":"tag-interculturalidad","29":"tag-ods","30":"tag-reduccion-de-las-desigualdades","31":"czr-hentry"},"yoast_head":"<!-- This site is optimized with the Yoast SEO plugin v27.1.1 - https:\/\/yoast.com\/product\/yoast-seo-wordpress\/ -->\n<title>Sin reserva - el ojO cojo<\/title>\n<meta name=\"description\" content=\"Pel\u00edcula Sin reserva exhibida en la edici\u00f3n 2010 del Festival el ojO cojo. Pa\u00eds de origen, Estados Unidos. Dirigido por Tracy Rector.\" \/>\n<meta name=\"robots\" content=\"index, follow, max-snippet:-1, max-image-preview:large, max-video-preview:-1\" \/>\n<link rel=\"canonical\" href=\"https:\/\/elojocojo.org\/sin-reserva\/\" \/>\n<meta property=\"og:locale\" content=\"es_ES\" \/>\n<meta property=\"og:type\" content=\"article\" \/>\n<meta property=\"og:title\" content=\"Sin reserva - el ojO cojo\" \/>\n<meta property=\"og:description\" content=\"Pel\u00edcula Sin reserva exhibida en la edici\u00f3n 2010 del Festival el ojO cojo. Pa\u00eds de origen, Estados Unidos. Dirigido por Tracy Rector.\" \/>\n<meta property=\"og:url\" content=\"https:\/\/elojocojo.org\/sin-reserva\/\" \/>\n<meta property=\"og:site_name\" content=\"el ojO cojo\" \/>\n<meta property=\"article:publisher\" content=\"https:\/\/www.facebook.com\/elojocojo\" \/>\n<meta property=\"article:published_time\" content=\"2010-09-10T18:40:46+00:00\" \/>\n<meta property=\"article:modified_time\" content=\"2025-09-30T17:00:26+00:00\" \/>\n<meta property=\"og:image\" content=\"https:\/\/elojocojo.org\/wp-content\/uploads\/2010\/09\/Sin-Reserva-400x266-1.jpg\" \/>\n\t<meta property=\"og:image:width\" content=\"399\" \/>\n\t<meta property=\"og:image:height\" content=\"169\" \/>\n\t<meta property=\"og:image:type\" content=\"image\/jpeg\" \/>\n<meta name=\"twitter:card\" content=\"summary_large_image\" \/>\n<meta name=\"twitter:creator\" content=\"@elojocojo\" \/>\n<meta name=\"twitter:site\" content=\"@elojocojo\" \/>\n<meta name=\"twitter:label1\" content=\"Escrito por\" \/>\n\t<meta name=\"twitter:data1\" content=\"\" \/>\n\t<meta name=\"twitter:label2\" content=\"Tiempo de lectura\" \/>\n\t<meta name=\"twitter:data2\" content=\"1 minuto\" \/>\n<script type=\"application\/ld+json\" class=\"yoast-schema-graph\">{\"@context\":\"https:\/\/schema.org\",\"@graph\":[{\"@type\":\"Article\",\"@id\":\"https:\/\/elojocojo.org\/sin-reserva\/#article\",\"isPartOf\":{\"@id\":\"https:\/\/elojocojo.org\/sin-reserva\/\"},\"author\":{\"name\":\"\",\"@id\":\"\"},\"headline\":\"Sin reserva\",\"datePublished\":\"2010-09-10T18:40:46+00:00\",\"dateModified\":\"2025-09-30T17:00:26+00:00\",\"mainEntityOfPage\":{\"@id\":\"https:\/\/elojocojo.org\/sin-reserva\/\"},\"wordCount\":446,\"publisher\":{\"@id\":\"https:\/\/elojocojo.org\/#organization\"},\"image\":{\"@id\":\"https:\/\/elojocojo.org\/sin-reserva\/#primaryimage\"},\"thumbnailUrl\":\"https:\/\/elojocojo.org\/wp-content\/uploads\/2010\/09\/Sin-Reserva-400x266-1.jpg\",\"keywords\":[\"2009\",\"activismo cultural\",\"Arte\",\"artista\",\"creatividad\",\"cultura\",\"EEUU\",\"espa\u00f1ol\",\"espa\u00b1ol\",\"Estados Unidos\",\"\u00e9tica\",\"festival de cine\",\"frontera\",\"fronteras\",\"identidad cultural\",\"igualdad de g\u00e9nero\",\"ind\u00edgenas\",\"ingl\u00e9s\",\"interculturalidad\",\"ODS\",\"Reducci\u00f3n de las desigualdades\"],\"articleSection\":[\"Cortometraje\",\"Documental\",\"Festival 2010\"],\"inLanguage\":\"es\"},{\"@type\":\"WebPage\",\"@id\":\"https:\/\/elojocojo.org\/sin-reserva\/\",\"url\":\"https:\/\/elojocojo.org\/sin-reserva\/\",\"name\":\"Sin reserva - el ojO cojo\",\"isPartOf\":{\"@id\":\"https:\/\/elojocojo.org\/#website\"},\"primaryImageOfPage\":{\"@id\":\"https:\/\/elojocojo.org\/sin-reserva\/#primaryimage\"},\"image\":{\"@id\":\"https:\/\/elojocojo.org\/sin-reserva\/#primaryimage\"},\"thumbnailUrl\":\"https:\/\/elojocojo.org\/wp-content\/uploads\/2010\/09\/Sin-Reserva-400x266-1.jpg\",\"datePublished\":\"2010-09-10T18:40:46+00:00\",\"dateModified\":\"2025-09-30T17:00:26+00:00\",\"description\":\"Pel\u00edcula Sin reserva exhibida en la edici\u00f3n 2010 del Festival el ojO cojo. Pa\u00eds de origen, Estados Unidos. Dirigido por Tracy Rector.\",\"breadcrumb\":{\"@id\":\"https:\/\/elojocojo.org\/sin-reserva\/#breadcrumb\"},\"inLanguage\":\"es\",\"potentialAction\":[{\"@type\":\"ReadAction\",\"target\":[\"https:\/\/elojocojo.org\/sin-reserva\/\"]}]},{\"@type\":\"ImageObject\",\"inLanguage\":\"es\",\"@id\":\"https:\/\/elojocojo.org\/sin-reserva\/#primaryimage\",\"url\":\"https:\/\/elojocojo.org\/wp-content\/uploads\/2010\/09\/Sin-Reserva-400x266-1.jpg\",\"contentUrl\":\"https:\/\/elojocojo.org\/wp-content\/uploads\/2010\/09\/Sin-Reserva-400x266-1.jpg\",\"width\":399,\"height\":169,\"caption\":\"Un hombre en el centro y delante unas zapatillas apoyadas en una mesa. Detr\u00e1s, un muro lleno de grafitis. La luz es neutral.\"},{\"@type\":\"BreadcrumbList\",\"@id\":\"https:\/\/elojocojo.org\/sin-reserva\/#breadcrumb\",\"itemListElement\":[{\"@type\":\"ListItem\",\"position\":1,\"name\":\"Portada\",\"item\":\"https:\/\/elojocojo.org\/\"},{\"@type\":\"ListItem\",\"position\":2,\"name\":\"2009\",\"item\":\"https:\/\/elojocojo.org\/tag\/2009\/\"},{\"@type\":\"ListItem\",\"position\":3,\"name\":\"Sin reserva\"}]},{\"@type\":\"WebSite\",\"@id\":\"https:\/\/elojocojo.org\/#website\",\"url\":\"https:\/\/elojocojo.org\/\",\"name\":\"el ojO cojo\",\"description\":\"Todos estamos hechos de la misma esencia\",\"publisher\":{\"@id\":\"https:\/\/elojocojo.org\/#organization\"},\"potentialAction\":[{\"@type\":\"SearchAction\",\"target\":{\"@type\":\"EntryPoint\",\"urlTemplate\":\"https:\/\/elojocojo.org\/?s={search_term_string}\"},\"query-input\":{\"@type\":\"PropertyValueSpecification\",\"valueRequired\":true,\"valueName\":\"search_term_string\"}}],\"inLanguage\":\"es\"},{\"@type\":\"Organization\",\"@id\":\"https:\/\/elojocojo.org\/#organization\",\"name\":\"Meigas da r\u00faa\",\"url\":\"https:\/\/elojocojo.org\/\",\"logo\":{\"@type\":\"ImageObject\",\"inLanguage\":\"es\",\"@id\":\"https:\/\/elojocojo.org\/#\/schema\/logo\/image\/\",\"url\":\"https:\/\/meigasdarua.org\/wp-content\/uploads\/2020\/09\/cropped-logo-meigas-5.png\",\"contentUrl\":\"https:\/\/meigasdarua.org\/wp-content\/uploads\/2020\/09\/cropped-logo-meigas-5.png\",\"width\":109,\"height\":200,\"caption\":\"Meigas da r\u00faa\"},\"image\":{\"@id\":\"https:\/\/elojocojo.org\/#\/schema\/logo\/image\/\"},\"sameAs\":[\"https:\/\/www.facebook.com\/elojocojo\",\"https:\/\/x.com\/elojocojo\",\"https:\/\/www.instagram.com\/elojocojo\/?hl=es\",\"https:\/\/www.linkedin.com\/in\/el-ojo-cojo-b52b7769\/\",\"https:\/\/www.pinterest.es\/elojocojo\/_saved\/\",\"https:\/\/www.youtube.com\/channel\/UCkFtFTV0Bms7zH7vq8FZxZg\"]},{\"@type\":\"Person\",\"@id\":\"\",\"url\":\"https:\/\/elojocojo.org\/author\/\"}]}<\/script>\n<!-- \/ Yoast SEO plugin. -->","yoast_head_json":{"title":"Sin reserva - el ojO cojo","description":"Pel\u00edcula Sin reserva exhibida en la edici\u00f3n 2010 del Festival el ojO cojo. Pa\u00eds de origen, Estados Unidos. Dirigido por Tracy Rector.","robots":{"index":"index","follow":"follow","max-snippet":"max-snippet:-1","max-image-preview":"max-image-preview:large","max-video-preview":"max-video-preview:-1"},"canonical":"https:\/\/elojocojo.org\/sin-reserva\/","og_locale":"es_ES","og_type":"article","og_title":"Sin reserva - el ojO cojo","og_description":"Pel\u00edcula Sin reserva exhibida en la edici\u00f3n 2010 del Festival el ojO cojo. Pa\u00eds de origen, Estados Unidos. Dirigido por Tracy Rector.","og_url":"https:\/\/elojocojo.org\/sin-reserva\/","og_site_name":"el ojO cojo","article_publisher":"https:\/\/www.facebook.com\/elojocojo","article_published_time":"2010-09-10T18:40:46+00:00","article_modified_time":"2025-09-30T17:00:26+00:00","og_image":[{"width":399,"height":169,"url":"https:\/\/elojocojo.org\/wp-content\/uploads\/2010\/09\/Sin-Reserva-400x266-1.jpg","type":"image\/jpeg"}],"twitter_card":"summary_large_image","twitter_creator":"@elojocojo","twitter_site":"@elojocojo","twitter_misc":{"Escrito por":"","Tiempo de lectura":"1 minuto"},"schema":{"@context":"https:\/\/schema.org","@graph":[{"@type":"Article","@id":"https:\/\/elojocojo.org\/sin-reserva\/#article","isPartOf":{"@id":"https:\/\/elojocojo.org\/sin-reserva\/"},"author":{"name":"","@id":""},"headline":"Sin reserva","datePublished":"2010-09-10T18:40:46+00:00","dateModified":"2025-09-30T17:00:26+00:00","mainEntityOfPage":{"@id":"https:\/\/elojocojo.org\/sin-reserva\/"},"wordCount":446,"publisher":{"@id":"https:\/\/elojocojo.org\/#organization"},"image":{"@id":"https:\/\/elojocojo.org\/sin-reserva\/#primaryimage"},"thumbnailUrl":"https:\/\/elojocojo.org\/wp-content\/uploads\/2010\/09\/Sin-Reserva-400x266-1.jpg","keywords":["2009","activismo cultural","Arte","artista","creatividad","cultura","EEUU","espa\u00f1ol","espa\u00b1ol","Estados Unidos","\u00e9tica","festival de cine","frontera","fronteras","identidad cultural","igualdad de g\u00e9nero","ind\u00edgenas","ingl\u00e9s","interculturalidad","ODS","Reducci\u00f3n de las desigualdades"],"articleSection":["Cortometraje","Documental","Festival 2010"],"inLanguage":"es"},{"@type":"WebPage","@id":"https:\/\/elojocojo.org\/sin-reserva\/","url":"https:\/\/elojocojo.org\/sin-reserva\/","name":"Sin reserva - el ojO cojo","isPartOf":{"@id":"https:\/\/elojocojo.org\/#website"},"primaryImageOfPage":{"@id":"https:\/\/elojocojo.org\/sin-reserva\/#primaryimage"},"image":{"@id":"https:\/\/elojocojo.org\/sin-reserva\/#primaryimage"},"thumbnailUrl":"https:\/\/elojocojo.org\/wp-content\/uploads\/2010\/09\/Sin-Reserva-400x266-1.jpg","datePublished":"2010-09-10T18:40:46+00:00","dateModified":"2025-09-30T17:00:26+00:00","description":"Pel\u00edcula Sin reserva exhibida en la edici\u00f3n 2010 del Festival el ojO cojo. Pa\u00eds de origen, Estados Unidos. Dirigido por Tracy Rector.","breadcrumb":{"@id":"https:\/\/elojocojo.org\/sin-reserva\/#breadcrumb"},"inLanguage":"es","potentialAction":[{"@type":"ReadAction","target":["https:\/\/elojocojo.org\/sin-reserva\/"]}]},{"@type":"ImageObject","inLanguage":"es","@id":"https:\/\/elojocojo.org\/sin-reserva\/#primaryimage","url":"https:\/\/elojocojo.org\/wp-content\/uploads\/2010\/09\/Sin-Reserva-400x266-1.jpg","contentUrl":"https:\/\/elojocojo.org\/wp-content\/uploads\/2010\/09\/Sin-Reserva-400x266-1.jpg","width":399,"height":169,"caption":"Un hombre en el centro y delante unas zapatillas apoyadas en una mesa. Detr\u00e1s, un muro lleno de grafitis. La luz es neutral."},{"@type":"BreadcrumbList","@id":"https:\/\/elojocojo.org\/sin-reserva\/#breadcrumb","itemListElement":[{"@type":"ListItem","position":1,"name":"Portada","item":"https:\/\/elojocojo.org\/"},{"@type":"ListItem","position":2,"name":"2009","item":"https:\/\/elojocojo.org\/tag\/2009\/"},{"@type":"ListItem","position":3,"name":"Sin reserva"}]},{"@type":"WebSite","@id":"https:\/\/elojocojo.org\/#website","url":"https:\/\/elojocojo.org\/","name":"el ojO cojo","description":"Todos estamos hechos de la misma esencia","publisher":{"@id":"https:\/\/elojocojo.org\/#organization"},"potentialAction":[{"@type":"SearchAction","target":{"@type":"EntryPoint","urlTemplate":"https:\/\/elojocojo.org\/?s={search_term_string}"},"query-input":{"@type":"PropertyValueSpecification","valueRequired":true,"valueName":"search_term_string"}}],"inLanguage":"es"},{"@type":"Organization","@id":"https:\/\/elojocojo.org\/#organization","name":"Meigas da r\u00faa","url":"https:\/\/elojocojo.org\/","logo":{"@type":"ImageObject","inLanguage":"es","@id":"https:\/\/elojocojo.org\/#\/schema\/logo\/image\/","url":"https:\/\/meigasdarua.org\/wp-content\/uploads\/2020\/09\/cropped-logo-meigas-5.png","contentUrl":"https:\/\/meigasdarua.org\/wp-content\/uploads\/2020\/09\/cropped-logo-meigas-5.png","width":109,"height":200,"caption":"Meigas da r\u00faa"},"image":{"@id":"https:\/\/elojocojo.org\/#\/schema\/logo\/image\/"},"sameAs":["https:\/\/www.facebook.com\/elojocojo","https:\/\/x.com\/elojocojo","https:\/\/www.instagram.com\/elojocojo\/?hl=es","https:\/\/www.linkedin.com\/in\/el-ojo-cojo-b52b7769\/","https:\/\/www.pinterest.es\/elojocojo\/_saved\/","https:\/\/www.youtube.com\/channel\/UCkFtFTV0Bms7zH7vq8FZxZg"]},{"@type":"Person","@id":"","url":"https:\/\/elojocojo.org\/author\/"}]}},"_links":{"self":[{"href":"https:\/\/elojocojo.org\/wp-json\/wp\/v2\/posts\/5449","targetHints":{"allow":["GET"]}}],"collection":[{"href":"https:\/\/elojocojo.org\/wp-json\/wp\/v2\/posts"}],"about":[{"href":"https:\/\/elojocojo.org\/wp-json\/wp\/v2\/types\/post"}],"author":[{"embeddable":true,"href":"https:\/\/elojocojo.org\/wp-json\/wp\/v2\/users\/3"}],"replies":[{"embeddable":true,"href":"https:\/\/elojocojo.org\/wp-json\/wp\/v2\/comments?post=5449"}],"version-history":[{"count":12,"href":"https:\/\/elojocojo.org\/wp-json\/wp\/v2\/posts\/5449\/revisions"}],"predecessor-version":[{"id":70039,"href":"https:\/\/elojocojo.org\/wp-json\/wp\/v2\/posts\/5449\/revisions\/70039"}],"wp:featuredmedia":[{"embeddable":true,"href":"https:\/\/elojocojo.org\/wp-json\/wp\/v2\/media\/62000"}],"wp:attachment":[{"href":"https:\/\/elojocojo.org\/wp-json\/wp\/v2\/media?parent=5449"}],"wp:term":[{"taxonomy":"category","embeddable":true,"href":"https:\/\/elojocojo.org\/wp-json\/wp\/v2\/categories?post=5449"},{"taxonomy":"post_tag","embeddable":true,"href":"https:\/\/elojocojo.org\/wp-json\/wp\/v2\/tags?post=5449"}],"curies":[{"name":"wp","href":"https:\/\/api.w.org\/{rel}","templated":true}]}}